{"id":32838,"date":"2022-12-23T13:25:02","date_gmt":"2022-12-23T12:25:02","guid":{"rendered":"https:\/\/gabitel.net\/entrevista-pedro-prieto\/"},"modified":"2022-12-23T13:25:02","modified_gmt":"2022-12-23T12:25:02","slug":"entrevista-pedro-prieto","status":"publish","type":"post","link":"https:\/\/gabitel.net\/en\/entrevista-pedro-prieto\/","title":{"rendered":"Entrevista: Pedro Prieto"},"content":{"rendered":"<p><strong>\u00bfQu\u00e9 recuerdos tienes de tus inicios en la empresa?<\/strong><\/p>\n<p>La verdad es que cuando llegu\u00e9 a la empresa, recuerdo que me sorprendi\u00f3 mucho ver tantos puestos de trabajos, pero sin duda lo que m\u00e1s recuerdo fue lo bien que lo pasamos en la comida de Navidad en Sevilla. Yo me incorpor\u00e9 en octubre de 2017, y recuerdo que ten\u00edamos que entregar un proyecto muy importante (CRAF) que llev\u00e1bamos ya unas semanas a tope para entregarlo en fecha, y que al final pudimos entregar minutos antes de montarnos en el autob\u00fas para ir a la comida de Navidad.<\/p>\n<p>&nbsp;<\/p>\n<p><strong>Actualmente, te encuentras en el departamento de Industria Agroalimentaria, \u00bfnos podr\u00edas explicar un poco m\u00e1s sobre tu trabajo?<\/strong><\/p>\n<p>Mi trabajo consiste en dar servicio de delineaci\u00f3n a los compa\u00f1eros de mi departamento que lo necesiten, a la vez que realizo visitas a campo para tomar datos de las balsas, casetas de riegos, portales de aperos, naves, viviendas, etc. para posteriormente en oficina, hacer sus levantamientos y poder realizar sus correspondientes proyectos.<\/p>\n<p><strong>\u00a0<\/strong><\/p>\n<p><strong>Despu\u00e9s de estos a\u00f1os en Gabitel, \u00bfQu\u00e9 es lo que m\u00e1s valoras de tu d\u00eda a d\u00eda en el trabajo?<\/strong><\/p>\n<p>Lo que m\u00e1s valoro, hoy en d\u00eda, es el buen ambiente de trabajo, y sobre todo a mis compa\u00f1eros. La verdad es que tengo la suerte de pertenecer a un departamento en el que vamos todos a una.<\/p>\n<p>&nbsp;<\/p>\n<p><strong>Posiblemente sean muchas an\u00e9cdotas las que tengas para compartir, pero queremos saber qu\u00e9 pas\u00f3 con los <em>caquis<\/em>\u2026.<\/strong><\/p>\n<p>Lo cierto es que el asunto de los caquis se hizo viral entre los compa\u00f1eros del departamento de agroalimentaci\u00f3n, y viendo el inter\u00e9s de muchos de los compa\u00f1eros de otros departamentos, os resumir\u00e9 esa an\u00e9cdota como si de un cuento se tratara:<\/p>\n<p>Todo sucedi\u00f3 un d\u00eda del mes de diciembre del 2020, en el que fuimos de visita a campo mi compa\u00f1ero Alejandro y yo para tomar datos de algunas balsas de riego. De camino hacia una de las balsas, pasamos por una plantaci\u00f3n de caquis, los cuales se encontraban con mucha fruta. Decidimos parar para degustar algunos caquis ya que no hab\u00edamos desayunado, y en el campo ya no ten\u00edamos opciones de hacerlo.<\/p>\n<p>Los caquis estaban tan buenos que decidimos coger algunos para luego comerlos en casa. Dejamos los caquis en el coche y continuamos con nuestro trabajo. Sin darnos cuenta, se nos olvid\u00f3 alg\u00fan caqui en el coche, y al cabo de un tiempo, cuando una compa\u00f1era fue a coger el coche\u2026 ufff, al abrirlo, daba un olor a podrido que no sab\u00eda de donde proven\u00eda\u2026Bueno y lo dem\u00e1s os lo pod\u00e9is imaginar.<\/p>\n<p>A ra\u00edz de esta an\u00e9cdota, el caqui ya es parte de Realza, y no solo por su color.<\/p>\n<p>&nbsp;<\/p>\n<p><strong>Por conocerte un poco mejor, \u00bfCu\u00e1l podr\u00eda ser una de tus mayores aficiones?<\/strong><\/p>\n<p>Aficiones tengo muchas, solo que, con el tiempo y el paso de los a\u00f1os, vas dejando de practicar algunas y te vas centrando m\u00e1s en otras. De peque\u00f1o el baloncesto era mi pasi\u00f3n, y la verdad es que se me daba bastante bien, pero actualmente, el ping pong, la nataci\u00f3n, el ciclismo de monta\u00f1a y la caza, son sin duda unas de mis mayores aficiones.<\/p>\n<p>&nbsp;<\/p>\n<p><strong>Ah\u00ed va la pregunta enviada por Rodrigo, que hizo la entrevista el pasado mes: \u00bfCu\u00e1l es la ense\u00f1anza m\u00e1s importante que has sacado en tu vida? O, dicho de otra forma, si tuvieses que darle un \u00daNICO consejo al resto de la humanidad, \u00bfcu\u00e1l ser\u00eda?\u2026 no es una pregunta f\u00e1cil, ja, ja,\u2026 pero puede quedar como t\u00edtulo o como pr\u00f3logo para cuando escribas tus memorias.<\/strong><\/p>\n<p>&nbsp;<\/p>\n<p>Mi consejo, o mejor dicho una de las ense\u00f1anzas m\u00e1s importantes que he aprendido a lo largo de mi vida, es que <strong>\u201c<em>Los sue\u00f1os se cumplen<\/em>\u201d<\/strong>, y por eso es por lo quiero deciros que, si ten\u00e9is alg\u00fan sue\u00f1o, alguna meta u objetivo que conseguir, que no os rind\u00e1is, que luch\u00e9is por ello, que detr\u00e1s de toda esa lucha por conseguir lo que tanto dese\u00e1is, vendr\u00e1 la recompensa. Que no dej\u00e9is de creer. Resumiendo, os dir\u00eda: <strong><em>luchar por vuestros sue\u00f1os y ver\u00e9is como se cumplen<\/em><\/strong><em>.<\/em><\/p>\n<p><strong>\u00a0<\/strong><\/p>\n<p><strong>Env\u00edale una pregunta al pr\u00f3ximo compa\u00f1ero que ser\u00e1 entrevistado.<\/strong><\/p>\n<p>Ante la situaci\u00f3n econ\u00f3mica que estamos atravesando en Espa\u00f1a y resto de Europa por el asunto de la Guerra en Ucrania, \u00bfqu\u00e9 consejo dar\u00edas a los ciudadanos que peor lo est\u00e1n pasando, para afrontar los tiempos dif\u00edciles que est\u00e1n por llegar?<\/p>\n","protected":false},"excerpt":{"rendered":"<p>\u00bfQu\u00e9 recuerdos tienes de tus inicios en la empresa? La verdad es que cuando llegu\u00e9 a la empresa, recuerdo que me sorprendi\u00f3 mucho ver tantos puestos de trabajos, pero sin duda lo que m\u00e1s recuerdo fue lo bien que lo pasamos en la comida de Navidad en Sevilla. Yo me incorpor\u00e9 en octubre de 2017, [&hellip;]<\/p>\n","protected":false},"author":3,"featured_media":34761,"comment_status":"closed","ping_status":"closed","sticky":false,"template":"","format":"standard","meta":{"content-type":"","footnotes":""},"categories":[601],"tags":[],"class_list":["post-32838","post","type-post","status-publish","format-standard","has-post-thumbnail","hentry","category-off-topic-en"],"yoast_head":"<!-- This site is optimized with the Yoast SEO plugin v27.5 - https:\/\/yoast.com\/product\/yoast-seo-wordpress\/ -->\n<title>Entrevista: Pedro Prieto - Gabitel<\/title>\n<meta name=\"robots\" content=\"index, follow, max-snippet:-1, max-image-preview:large, max-video-preview:-1\" \/>\n<link rel=\"canonical\" href=\"https:\/\/gabitel.net\/en\/entrevista-pedro-prieto\/\" \/>\n<meta property=\"og:locale\" content=\"en_US\" \/>\n<meta property=\"og:type\" content=\"article\" \/>\n<meta property=\"og:title\" content=\"Entrevista: Pedro Prieto - Gabitel\" \/>\n<meta property=\"og:description\" content=\"\u00bfQu\u00e9 recuerdos tienes de tus inicios en la empresa? La verdad es que cuando llegu\u00e9 a la empresa, recuerdo que me sorprendi\u00f3 mucho ver tantos puestos de trabajos, pero sin duda lo que m\u00e1s recuerdo fue lo bien que lo pasamos en la comida de Navidad en Sevilla. Yo me incorpor\u00e9 en octubre de 2017, [&hellip;]\" \/>\n<meta property=\"og:url\" content=\"https:\/\/gabitel.net\/en\/entrevista-pedro-prieto\/\" \/>\n<meta property=\"og:site_name\" content=\"Gabitel\" \/>\n<meta property=\"article:publisher\" content=\"https:\/\/www.facebook.com\/gabitelingenieros\/\" \/>\n<meta property=\"article:published_time\" content=\"2022-12-23T12:25:02+00:00\" \/>\n<meta name=\"author\" content=\"user.autor\" \/>\n<meta name=\"twitter:card\" content=\"summary_large_image\" \/>\n<meta name=\"twitter:label1\" content=\"Written by\" \/>\n\t<meta name=\"twitter:data1\" content=\"user.autor\" \/>\n\t<meta name=\"twitter:label2\" content=\"Est. reading time\" \/>\n\t<meta name=\"twitter:data2\" content=\"4 minutes\" \/>\n<script type=\"application\/ld+json\" class=\"yoast-schema-graph\">{\"@context\":\"https:\\\/\\\/schema.org\",\"@graph\":[{\"@type\":[\"Article\",\"BlogPosting\"],\"@id\":\"https:\\\/\\\/gabitel.net\\\/en\\\/entrevista-pedro-prieto\\\/#article\",\"isPartOf\":{\"@id\":\"https:\\\/\\\/gabitel.net\\\/en\\\/entrevista-pedro-prieto\\\/\"},\"author\":{\"name\":\"user.autor\",\"@id\":\"https:\\\/\\\/gabitel.net\\\/en\\\/#\\\/schema\\\/person\\\/37ba53714c3fedb9c7d22f4bc781465c\"},\"headline\":\"Entrevista: Pedro Prieto\",\"datePublished\":\"2022-12-23T12:25:02+00:00\",\"mainEntityOfPage\":{\"@id\":\"https:\\\/\\\/gabitel.net\\\/en\\\/entrevista-pedro-prieto\\\/\"},\"wordCount\":806,\"publisher\":{\"@id\":\"https:\\\/\\\/gabitel.net\\\/en\\\/#organization\"},\"image\":{\"@id\":\"https:\\\/\\\/gabitel.net\\\/en\\\/entrevista-pedro-prieto\\\/#primaryimage\"},\"thumbnailUrl\":\"https:\\\/\\\/gabitel.net\\\/wp-content\\\/uploads\\\/2022\\\/10\\\/N5-foto-Pedro-Prieto.jpg\",\"articleSection\":[\"Off-topic\"],\"inLanguage\":\"en-US\"},{\"@type\":\"WebPage\",\"@id\":\"https:\\\/\\\/gabitel.net\\\/en\\\/entrevista-pedro-prieto\\\/\",\"url\":\"https:\\\/\\\/gabitel.net\\\/en\\\/entrevista-pedro-prieto\\\/\",\"name\":\"Entrevista: Pedro Prieto - Gabitel\",\"isPartOf\":{\"@id\":\"https:\\\/\\\/gabitel.net\\\/en\\\/#website\"},\"primaryImageOfPage\":{\"@id\":\"https:\\\/\\\/gabitel.net\\\/en\\\/entrevista-pedro-prieto\\\/#primaryimage\"},\"image\":{\"@id\":\"https:\\\/\\\/gabitel.net\\\/en\\\/entrevista-pedro-prieto\\\/#primaryimage\"},\"thumbnailUrl\":\"https:\\\/\\\/gabitel.net\\\/wp-content\\\/uploads\\\/2022\\\/10\\\/N5-foto-Pedro-Prieto.jpg\",\"datePublished\":\"2022-12-23T12:25:02+00:00\",\"breadcrumb\":{\"@id\":\"https:\\\/\\\/gabitel.net\\\/en\\\/entrevista-pedro-prieto\\\/#breadcrumb\"},\"inLanguage\":\"en-US\",\"potentialAction\":[{\"@type\":\"ReadAction\",\"target\":[\"https:\\\/\\\/gabitel.net\\\/en\\\/entrevista-pedro-prieto\\\/\"]}]},{\"@type\":\"ImageObject\",\"inLanguage\":\"en-US\",\"@id\":\"https:\\\/\\\/gabitel.net\\\/en\\\/entrevista-pedro-prieto\\\/#primaryimage\",\"url\":\"https:\\\/\\\/gabitel.net\\\/wp-content\\\/uploads\\\/2022\\\/10\\\/N5-foto-Pedro-Prieto.jpg\",\"contentUrl\":\"https:\\\/\\\/gabitel.net\\\/wp-content\\\/uploads\\\/2022\\\/10\\\/N5-foto-Pedro-Prieto.jpg\",\"width\":955,\"height\":767},{\"@type\":\"BreadcrumbList\",\"@id\":\"https:\\\/\\\/gabitel.net\\\/en\\\/entrevista-pedro-prieto\\\/#breadcrumb\",\"itemListElement\":[{\"@type\":\"ListItem\",\"position\":1,\"name\":\"Portada\",\"item\":\"https:\\\/\\\/gabitel.net\\\/en\\\/\"},{\"@type\":\"ListItem\",\"position\":2,\"name\":\"Entrevista: Pedro Prieto\"}]},{\"@type\":\"WebSite\",\"@id\":\"https:\\\/\\\/gabitel.net\\\/en\\\/#website\",\"url\":\"https:\\\/\\\/gabitel.net\\\/en\\\/\",\"name\":\"Gabitel\",\"description\":\"\",\"publisher\":{\"@id\":\"https:\\\/\\\/gabitel.net\\\/en\\\/#organization\"},\"potentialAction\":[{\"@type\":\"SearchAction\",\"target\":{\"@type\":\"EntryPoint\",\"urlTemplate\":\"https:\\\/\\\/gabitel.net\\\/en\\\/?s={search_term_string}\"},\"query-input\":{\"@type\":\"PropertyValueSpecification\",\"valueRequired\":true,\"valueName\":\"search_term_string\"}}],\"inLanguage\":\"en-US\"},{\"@type\":\"Organization\",\"@id\":\"https:\\\/\\\/gabitel.net\\\/en\\\/#organization\",\"name\":\"Gabitel\",\"url\":\"https:\\\/\\\/gabitel.net\\\/en\\\/\",\"logo\":{\"@type\":\"ImageObject\",\"inLanguage\":\"en-US\",\"@id\":\"https:\\\/\\\/gabitel.net\\\/en\\\/#\\\/schema\\\/logo\\\/image\\\/\",\"url\":\"https:\\\/\\\/gabitel.net\\\/wp-content\\\/uploads\\\/2025\\\/05\\\/logo_gabitel.jpg\",\"contentUrl\":\"https:\\\/\\\/gabitel.net\\\/wp-content\\\/uploads\\\/2025\\\/05\\\/logo_gabitel.jpg\",\"width\":2560,\"height\":1330,\"caption\":\"Gabitel\"},\"image\":{\"@id\":\"https:\\\/\\\/gabitel.net\\\/en\\\/#\\\/schema\\\/logo\\\/image\\\/\"},\"sameAs\":[\"https:\\\/\\\/www.facebook.com\\\/gabitelingenieros\\\/\",\"https:\\\/\\\/es.linkedin.com\\\/company\\\/gabitel-ingenieros\"]},{\"@type\":\"Person\",\"@id\":\"https:\\\/\\\/gabitel.net\\\/en\\\/#\\\/schema\\\/person\\\/37ba53714c3fedb9c7d22f4bc781465c\",\"name\":\"user.autor\",\"url\":\"https:\\\/\\\/gabitel.net\\\/en\\\/author\\\/user-autor\\\/\"}]}<\/script>\n<!-- \/ Yoast SEO plugin. -->","yoast_head_json":{"title":"Entrevista: Pedro Prieto - Gabitel","robots":{"index":"index","follow":"follow","max-snippet":"max-snippet:-1","max-image-preview":"max-image-preview:large","max-video-preview":"max-video-preview:-1"},"canonical":"https:\/\/gabitel.net\/en\/entrevista-pedro-prieto\/","og_locale":"en_US","og_type":"article","og_title":"Entrevista: Pedro Prieto - Gabitel","og_description":"\u00bfQu\u00e9 recuerdos tienes de tus inicios en la empresa? La verdad es que cuando llegu\u00e9 a la empresa, recuerdo que me sorprendi\u00f3 mucho ver tantos puestos de trabajos, pero sin duda lo que m\u00e1s recuerdo fue lo bien que lo pasamos en la comida de Navidad en Sevilla. Yo me incorpor\u00e9 en octubre de 2017, [&hellip;]","og_url":"https:\/\/gabitel.net\/en\/entrevista-pedro-prieto\/","og_site_name":"Gabitel","article_publisher":"https:\/\/www.facebook.com\/gabitelingenieros\/","article_published_time":"2022-12-23T12:25:02+00:00","author":"user.autor","twitter_card":"summary_large_image","twitter_misc":{"Written by":"user.autor","Est. reading time":"4 minutes"},"schema":{"@context":"https:\/\/schema.org","@graph":[{"@type":["Article","BlogPosting"],"@id":"https:\/\/gabitel.net\/en\/entrevista-pedro-prieto\/#article","isPartOf":{"@id":"https:\/\/gabitel.net\/en\/entrevista-pedro-prieto\/"},"author":{"name":"user.autor","@id":"https:\/\/gabitel.net\/en\/#\/schema\/person\/37ba53714c3fedb9c7d22f4bc781465c"},"headline":"Entrevista: Pedro Prieto","datePublished":"2022-12-23T12:25:02+00:00","mainEntityOfPage":{"@id":"https:\/\/gabitel.net\/en\/entrevista-pedro-prieto\/"},"wordCount":806,"publisher":{"@id":"https:\/\/gabitel.net\/en\/#organization"},"image":{"@id":"https:\/\/gabitel.net\/en\/entrevista-pedro-prieto\/#primaryimage"},"thumbnailUrl":"https:\/\/gabitel.net\/wp-content\/uploads\/2022\/10\/N5-foto-Pedro-Prieto.jpg","articleSection":["Off-topic"],"inLanguage":"en-US"},{"@type":"WebPage","@id":"https:\/\/gabitel.net\/en\/entrevista-pedro-prieto\/","url":"https:\/\/gabitel.net\/en\/entrevista-pedro-prieto\/","name":"Entrevista: Pedro Prieto - Gabitel","isPartOf":{"@id":"https:\/\/gabitel.net\/en\/#website"},"primaryImageOfPage":{"@id":"https:\/\/gabitel.net\/en\/entrevista-pedro-prieto\/#primaryimage"},"image":{"@id":"https:\/\/gabitel.net\/en\/entrevista-pedro-prieto\/#primaryimage"},"thumbnailUrl":"https:\/\/gabitel.net\/wp-content\/uploads\/2022\/10\/N5-foto-Pedro-Prieto.jpg","datePublished":"2022-12-23T12:25:02+00:00","breadcrumb":{"@id":"https:\/\/gabitel.net\/en\/entrevista-pedro-prieto\/#breadcrumb"},"inLanguage":"en-US","potentialAction":[{"@type":"ReadAction","target":["https:\/\/gabitel.net\/en\/entrevista-pedro-prieto\/"]}]},{"@type":"ImageObject","inLanguage":"en-US","@id":"https:\/\/gabitel.net\/en\/entrevista-pedro-prieto\/#primaryimage","url":"https:\/\/gabitel.net\/wp-content\/uploads\/2022\/10\/N5-foto-Pedro-Prieto.jpg","contentUrl":"https:\/\/gabitel.net\/wp-content\/uploads\/2022\/10\/N5-foto-Pedro-Prieto.jpg","width":955,"height":767},{"@type":"BreadcrumbList","@id":"https:\/\/gabitel.net\/en\/entrevista-pedro-prieto\/#breadcrumb","itemListElement":[{"@type":"ListItem","position":1,"name":"Portada","item":"https:\/\/gabitel.net\/en\/"},{"@type":"ListItem","position":2,"name":"Entrevista: Pedro Prieto"}]},{"@type":"WebSite","@id":"https:\/\/gabitel.net\/en\/#website","url":"https:\/\/gabitel.net\/en\/","name":"Gabitel","description":"","publisher":{"@id":"https:\/\/gabitel.net\/en\/#organization"},"potentialAction":[{"@type":"SearchAction","target":{"@type":"EntryPoint","urlTemplate":"https:\/\/gabitel.net\/en\/?s={search_term_string}"},"query-input":{"@type":"PropertyValueSpecification","valueRequired":true,"valueName":"search_term_string"}}],"inLanguage":"en-US"},{"@type":"Organization","@id":"https:\/\/gabitel.net\/en\/#organization","name":"Gabitel","url":"https:\/\/gabitel.net\/en\/","logo":{"@type":"ImageObject","inLanguage":"en-US","@id":"https:\/\/gabitel.net\/en\/#\/schema\/logo\/image\/","url":"https:\/\/gabitel.net\/wp-content\/uploads\/2025\/05\/logo_gabitel.jpg","contentUrl":"https:\/\/gabitel.net\/wp-content\/uploads\/2025\/05\/logo_gabitel.jpg","width":2560,"height":1330,"caption":"Gabitel"},"image":{"@id":"https:\/\/gabitel.net\/en\/#\/schema\/logo\/image\/"},"sameAs":["https:\/\/www.facebook.com\/gabitelingenieros\/","https:\/\/es.linkedin.com\/company\/gabitel-ingenieros"]},{"@type":"Person","@id":"https:\/\/gabitel.net\/en\/#\/schema\/person\/37ba53714c3fedb9c7d22f4bc781465c","name":"user.autor","url":"https:\/\/gabitel.net\/en\/author\/user-autor\/"}]}},"_links":{"self":[{"href":"https:\/\/gabitel.net\/en\/wp-json\/wp\/v2\/posts\/32838","targetHints":{"allow":["GET"]}}],"collection":[{"href":"https:\/\/gabitel.net\/en\/wp-json\/wp\/v2\/posts"}],"about":[{"href":"https:\/\/gabitel.net\/en\/wp-json\/wp\/v2\/types\/post"}],"author":[{"embeddable":true,"href":"https:\/\/gabitel.net\/en\/wp-json\/wp\/v2\/users\/3"}],"replies":[{"embeddable":true,"href":"https:\/\/gabitel.net\/en\/wp-json\/wp\/v2\/comments?post=32838"}],"version-history":[{"count":0,"href":"https:\/\/gabitel.net\/en\/wp-json\/wp\/v2\/posts\/32838\/revisions"}],"wp:featuredmedia":[{"embeddable":true,"href":"https:\/\/gabitel.net\/en\/wp-json\/wp\/v2\/media\/34761"}],"wp:attachment":[{"href":"https:\/\/gabitel.net\/en\/wp-json\/wp\/v2\/media?parent=32838"}],"wp:term":[{"taxonomy":"category","embeddable":true,"href":"https:\/\/gabitel.net\/en\/wp-json\/wp\/v2\/categories?post=32838"},{"taxonomy":"post_tag","embeddable":true,"href":"https:\/\/gabitel.net\/en\/wp-json\/wp\/v2\/tags?post=32838"}],"curies":[{"name":"wp","href":"https:\/\/api.w.org\/{rel}","templated":true}]}}