{"id":32848,"date":"2022-10-28T13:25:02","date_gmt":"2022-10-28T11:25:02","guid":{"rendered":"https:\/\/gabitel.net\/gabitel-gmbh-formaliza-sus-primeras-contrataciones\/"},"modified":"2022-10-28T13:25:02","modified_gmt":"2022-10-28T11:25:02","slug":"gabitel-gmbh-formaliza-sus-primeras-contrataciones","status":"publish","type":"post","link":"https:\/\/gabitel.net\/en\/gabitel-gmbh-formaliza-sus-primeras-contrataciones\/","title":{"rendered":"GABITEL GmbH formaliza sus primeras contrataciones"},"content":{"rendered":"<p>A principios de este a\u00f1o 2022 se constituy\u00f3 nuestra filial en Alemania<em>, Gabitel GmbH,<\/em> con este paso no solo conseguimos consolidar nuestra empresa en este pa\u00eds, en el cual, ya llev\u00e1bamos trabajando desde el a\u00f1o 2018 en diferentes proyectos, sino que afianzamos nuestro prop\u00f3sito de seguir creciendo e ir posicion\u00e1ndonos como empresa de referencia en el sector.<\/p>\n<p>Durante los meses de mayo y junio, inici\u00e1bamos una nueva etapa cuyo fin era proceder a las primeras contrataciones en Alemania. Los trabajos realizados all\u00ed, hasta el momento lo ven\u00edan gestionados compa\u00f1eros que temporalmente se trasladaban al pa\u00eds, pero ya est\u00e1bamos en disposici\u00f3n de contar con nuestra propia plantilla fija en la zona, y m\u00e1s, teniendo en cuenta el crecimiento experimentado con la adjudicaci\u00f3n de nuevos proyectos de UGG, tanto para replanteos de viviendas como para la gesti\u00f3n de permisos.<\/p>\n<p>En el mes de septiembre, conseguimos alcanzar nuestro objetivo con las incorporaciones de tres nuevos compa\u00f1eros a Gabitel, a trav\u00e9s de Gabitel GmbH, Silvano Siber, Ana Gutierrez y Franz Meyer. Sabemos de primera mano, que los primeros d\u00edas se hacen mas complicados y m\u00e1xime si comenzamos una nueva actividad, pero gracias al compromiso e implicaci\u00f3n mostrada por cada uno de ellos, junto con la ayuda de nuestra compa\u00f1era Marta Garrido, quien se encarg\u00f3 de formalos in situ durante su primera semana, la actividad se viene desarrollando con \u00e9xito. Confiamos plenamente que estos inicios van a ser el principio de las grandes oportunidades que el pa\u00eds alem\u00e1n nos brinda para continuar creciendo dentro del sector de las Telecomunicaciones y muchos m\u00e1s que est\u00e1n por llegar.<\/p>\n<p><strong><em>\u00a1\u00a1Bienvenidos compa\u00f1er@s!! &#8211; \u00a1\u00a1Kollegen willkommen!!<\/em><\/strong><\/p>\n","protected":false},"excerpt":{"rendered":"<p>A principios de este a\u00f1o 2022 se constituy\u00f3 nuestra filial en Alemania, Gabitel GmbH, con este paso no solo conseguimos consolidar nuestra empresa en este pa\u00eds, en el cual, ya llev\u00e1bamos trabajando desde el a\u00f1o 2018 en diferentes proyectos, sino que afianzamos nuestro prop\u00f3sito de seguir creciendo e ir posicion\u00e1ndonos como empresa de referencia en [&hellip;]<\/p>\n","protected":false},"author":3,"featured_media":34687,"comment_status":"closed","ping_status":"closed","sticky":false,"template":"","format":"standard","meta":{"content-type":"","footnotes":""},"categories":[601],"tags":[],"class_list":["post-32848","post","type-post","status-publish","format-standard","has-post-thumbnail","hentry","category-off-topic-en"],"yoast_head":"<!-- This site is optimized with the Yoast SEO plugin v27.5 - https:\/\/yoast.com\/product\/yoast-seo-wordpress\/ -->\n<title>GABITEL GmbH formaliza sus primeras contrataciones - Gabitel<\/title>\n<meta name=\"robots\" content=\"index, follow, max-snippet:-1, max-image-preview:large, max-video-preview:-1\" \/>\n<link rel=\"canonical\" href=\"https:\/\/gabitel.net\/en\/gabitel-gmbh-formaliza-sus-primeras-contrataciones\/\" \/>\n<meta property=\"og:locale\" content=\"en_US\" \/>\n<meta property=\"og:type\" content=\"article\" \/>\n<meta property=\"og:title\" content=\"GABITEL GmbH formaliza sus primeras contrataciones - Gabitel\" \/>\n<meta property=\"og:description\" content=\"A principios de este a\u00f1o 2022 se constituy\u00f3 nuestra filial en Alemania, Gabitel GmbH, con este paso no solo conseguimos consolidar nuestra empresa en este pa\u00eds, en el cual, ya llev\u00e1bamos trabajando desde el a\u00f1o 2018 en diferentes proyectos, sino que afianzamos nuestro prop\u00f3sito de seguir creciendo e ir posicion\u00e1ndonos como empresa de referencia en [&hellip;]\" \/>\n<meta property=\"og:url\" content=\"https:\/\/gabitel.net\/en\/gabitel-gmbh-formaliza-sus-primeras-contrataciones\/\" \/>\n<meta property=\"og:site_name\" content=\"Gabitel\" \/>\n<meta property=\"article:publisher\" content=\"https:\/\/www.facebook.com\/gabitelingenieros\/\" \/>\n<meta property=\"article:published_time\" content=\"2022-10-28T11:25:02+00:00\" \/>\n<meta name=\"author\" content=\"user.autor\" \/>\n<meta name=\"twitter:card\" content=\"summary_large_image\" \/>\n<meta name=\"twitter:label1\" content=\"Written by\" \/>\n\t<meta name=\"twitter:data1\" content=\"user.autor\" \/>\n\t<meta name=\"twitter:label2\" content=\"Est. reading time\" \/>\n\t<meta name=\"twitter:data2\" content=\"1 minute\" \/>\n<script type=\"application\/ld+json\" class=\"yoast-schema-graph\">{\"@context\":\"https:\\\/\\\/schema.org\",\"@graph\":[{\"@type\":[\"Article\",\"BlogPosting\"],\"@id\":\"https:\\\/\\\/gabitel.net\\\/en\\\/gabitel-gmbh-formaliza-sus-primeras-contrataciones\\\/#article\",\"isPartOf\":{\"@id\":\"https:\\\/\\\/gabitel.net\\\/en\\\/gabitel-gmbh-formaliza-sus-primeras-contrataciones\\\/\"},\"author\":{\"name\":\"user.autor\",\"@id\":\"https:\\\/\\\/gabitel.net\\\/en\\\/#\\\/schema\\\/person\\\/37ba53714c3fedb9c7d22f4bc781465c\"},\"headline\":\"GABITEL GmbH formaliza sus primeras contrataciones\",\"datePublished\":\"2022-10-28T11:25:02+00:00\",\"mainEntityOfPage\":{\"@id\":\"https:\\\/\\\/gabitel.net\\\/en\\\/gabitel-gmbh-formaliza-sus-primeras-contrataciones\\\/\"},\"wordCount\":297,\"publisher\":{\"@id\":\"https:\\\/\\\/gabitel.net\\\/en\\\/#organization\"},\"image\":{\"@id\":\"https:\\\/\\\/gabitel.net\\\/en\\\/gabitel-gmbh-formaliza-sus-primeras-contrataciones\\\/#primaryimage\"},\"thumbnailUrl\":\"https:\\\/\\\/gabitel.net\\\/wp-content\\\/uploads\\\/2022\\\/09\\\/gabitel-nuevas-contrataciones-min.png\",\"articleSection\":[\"Off-topic\"],\"inLanguage\":\"en-US\"},{\"@type\":\"WebPage\",\"@id\":\"https:\\\/\\\/gabitel.net\\\/en\\\/gabitel-gmbh-formaliza-sus-primeras-contrataciones\\\/\",\"url\":\"https:\\\/\\\/gabitel.net\\\/en\\\/gabitel-gmbh-formaliza-sus-primeras-contrataciones\\\/\",\"name\":\"GABITEL GmbH formaliza sus primeras contrataciones - Gabitel\",\"isPartOf\":{\"@id\":\"https:\\\/\\\/gabitel.net\\\/en\\\/#website\"},\"primaryImageOfPage\":{\"@id\":\"https:\\\/\\\/gabitel.net\\\/en\\\/gabitel-gmbh-formaliza-sus-primeras-contrataciones\\\/#primaryimage\"},\"image\":{\"@id\":\"https:\\\/\\\/gabitel.net\\\/en\\\/gabitel-gmbh-formaliza-sus-primeras-contrataciones\\\/#primaryimage\"},\"thumbnailUrl\":\"https:\\\/\\\/gabitel.net\\\/wp-content\\\/uploads\\\/2022\\\/09\\\/gabitel-nuevas-contrataciones-min.png\",\"datePublished\":\"2022-10-28T11:25:02+00:00\",\"breadcrumb\":{\"@id\":\"https:\\\/\\\/gabitel.net\\\/en\\\/gabitel-gmbh-formaliza-sus-primeras-contrataciones\\\/#breadcrumb\"},\"inLanguage\":\"en-US\",\"potentialAction\":[{\"@type\":\"ReadAction\",\"target\":[\"https:\\\/\\\/gabitel.net\\\/en\\\/gabitel-gmbh-formaliza-sus-primeras-contrataciones\\\/\"]}]},{\"@type\":\"ImageObject\",\"inLanguage\":\"en-US\",\"@id\":\"https:\\\/\\\/gabitel.net\\\/en\\\/gabitel-gmbh-formaliza-sus-primeras-contrataciones\\\/#primaryimage\",\"url\":\"https:\\\/\\\/gabitel.net\\\/wp-content\\\/uploads\\\/2022\\\/09\\\/gabitel-nuevas-contrataciones-min.png\",\"contentUrl\":\"https:\\\/\\\/gabitel.net\\\/wp-content\\\/uploads\\\/2022\\\/09\\\/gabitel-nuevas-contrataciones-min.png\",\"width\":636,\"height\":472},{\"@type\":\"BreadcrumbList\",\"@id\":\"https:\\\/\\\/gabitel.net\\\/en\\\/gabitel-gmbh-formaliza-sus-primeras-contrataciones\\\/#breadcrumb\",\"itemListElement\":[{\"@type\":\"ListItem\",\"position\":1,\"name\":\"Portada\",\"item\":\"https:\\\/\\\/gabitel.net\\\/en\\\/\"},{\"@type\":\"ListItem\",\"position\":2,\"name\":\"GABITEL GmbH formaliza sus primeras contrataciones\"}]},{\"@type\":\"WebSite\",\"@id\":\"https:\\\/\\\/gabitel.net\\\/en\\\/#website\",\"url\":\"https:\\\/\\\/gabitel.net\\\/en\\\/\",\"name\":\"Gabitel\",\"description\":\"\",\"publisher\":{\"@id\":\"https:\\\/\\\/gabitel.net\\\/en\\\/#organization\"},\"potentialAction\":[{\"@type\":\"SearchAction\",\"target\":{\"@type\":\"EntryPoint\",\"urlTemplate\":\"https:\\\/\\\/gabitel.net\\\/en\\\/?s={search_term_string}\"},\"query-input\":{\"@type\":\"PropertyValueSpecification\",\"valueRequired\":true,\"valueName\":\"search_term_string\"}}],\"inLanguage\":\"en-US\"},{\"@type\":\"Organization\",\"@id\":\"https:\\\/\\\/gabitel.net\\\/en\\\/#organization\",\"name\":\"Gabitel\",\"url\":\"https:\\\/\\\/gabitel.net\\\/en\\\/\",\"logo\":{\"@type\":\"ImageObject\",\"inLanguage\":\"en-US\",\"@id\":\"https:\\\/\\\/gabitel.net\\\/en\\\/#\\\/schema\\\/logo\\\/image\\\/\",\"url\":\"https:\\\/\\\/gabitel.net\\\/wp-content\\\/uploads\\\/2025\\\/05\\\/logo_gabitel.jpg\",\"contentUrl\":\"https:\\\/\\\/gabitel.net\\\/wp-content\\\/uploads\\\/2025\\\/05\\\/logo_gabitel.jpg\",\"width\":2560,\"height\":1330,\"caption\":\"Gabitel\"},\"image\":{\"@id\":\"https:\\\/\\\/gabitel.net\\\/en\\\/#\\\/schema\\\/logo\\\/image\\\/\"},\"sameAs\":[\"https:\\\/\\\/www.facebook.com\\\/gabitelingenieros\\\/\",\"https:\\\/\\\/es.linkedin.com\\\/company\\\/gabitel-ingenieros\"]},{\"@type\":\"Person\",\"@id\":\"https:\\\/\\\/gabitel.net\\\/en\\\/#\\\/schema\\\/person\\\/37ba53714c3fedb9c7d22f4bc781465c\",\"name\":\"user.autor\",\"url\":\"https:\\\/\\\/gabitel.net\\\/en\\\/author\\\/user-autor\\\/\"}]}<\/script>\n<!-- \/ Yoast SEO plugin. -->","yoast_head_json":{"title":"GABITEL GmbH formaliza sus primeras contrataciones - Gabitel","robots":{"index":"index","follow":"follow","max-snippet":"max-snippet:-1","max-image-preview":"max-image-preview:large","max-video-preview":"max-video-preview:-1"},"canonical":"https:\/\/gabitel.net\/en\/gabitel-gmbh-formaliza-sus-primeras-contrataciones\/","og_locale":"en_US","og_type":"article","og_title":"GABITEL GmbH formaliza sus primeras contrataciones - Gabitel","og_description":"A principios de este a\u00f1o 2022 se constituy\u00f3 nuestra filial en Alemania, Gabitel GmbH, con este paso no solo conseguimos consolidar nuestra empresa en este pa\u00eds, en el cual, ya llev\u00e1bamos trabajando desde el a\u00f1o 2018 en diferentes proyectos, sino que afianzamos nuestro prop\u00f3sito de seguir creciendo e ir posicion\u00e1ndonos como empresa de referencia en [&hellip;]","og_url":"https:\/\/gabitel.net\/en\/gabitel-gmbh-formaliza-sus-primeras-contrataciones\/","og_site_name":"Gabitel","article_publisher":"https:\/\/www.facebook.com\/gabitelingenieros\/","article_published_time":"2022-10-28T11:25:02+00:00","author":"user.autor","twitter_card":"summary_large_image","twitter_misc":{"Written by":"user.autor","Est. reading time":"1 minute"},"schema":{"@context":"https:\/\/schema.org","@graph":[{"@type":["Article","BlogPosting"],"@id":"https:\/\/gabitel.net\/en\/gabitel-gmbh-formaliza-sus-primeras-contrataciones\/#article","isPartOf":{"@id":"https:\/\/gabitel.net\/en\/gabitel-gmbh-formaliza-sus-primeras-contrataciones\/"},"author":{"name":"user.autor","@id":"https:\/\/gabitel.net\/en\/#\/schema\/person\/37ba53714c3fedb9c7d22f4bc781465c"},"headline":"GABITEL GmbH formaliza sus primeras contrataciones","datePublished":"2022-10-28T11:25:02+00:00","mainEntityOfPage":{"@id":"https:\/\/gabitel.net\/en\/gabitel-gmbh-formaliza-sus-primeras-contrataciones\/"},"wordCount":297,"publisher":{"@id":"https:\/\/gabitel.net\/en\/#organization"},"image":{"@id":"https:\/\/gabitel.net\/en\/gabitel-gmbh-formaliza-sus-primeras-contrataciones\/#primaryimage"},"thumbnailUrl":"https:\/\/gabitel.net\/wp-content\/uploads\/2022\/09\/gabitel-nuevas-contrataciones-min.png","articleSection":["Off-topic"],"inLanguage":"en-US"},{"@type":"WebPage","@id":"https:\/\/gabitel.net\/en\/gabitel-gmbh-formaliza-sus-primeras-contrataciones\/","url":"https:\/\/gabitel.net\/en\/gabitel-gmbh-formaliza-sus-primeras-contrataciones\/","name":"GABITEL GmbH formaliza sus primeras contrataciones - Gabitel","isPartOf":{"@id":"https:\/\/gabitel.net\/en\/#website"},"primaryImageOfPage":{"@id":"https:\/\/gabitel.net\/en\/gabitel-gmbh-formaliza-sus-primeras-contrataciones\/#primaryimage"},"image":{"@id":"https:\/\/gabitel.net\/en\/gabitel-gmbh-formaliza-sus-primeras-contrataciones\/#primaryimage"},"thumbnailUrl":"https:\/\/gabitel.net\/wp-content\/uploads\/2022\/09\/gabitel-nuevas-contrataciones-min.png","datePublished":"2022-10-28T11:25:02+00:00","breadcrumb":{"@id":"https:\/\/gabitel.net\/en\/gabitel-gmbh-formaliza-sus-primeras-contrataciones\/#breadcrumb"},"inLanguage":"en-US","potentialAction":[{"@type":"ReadAction","target":["https:\/\/gabitel.net\/en\/gabitel-gmbh-formaliza-sus-primeras-contrataciones\/"]}]},{"@type":"ImageObject","inLanguage":"en-US","@id":"https:\/\/gabitel.net\/en\/gabitel-gmbh-formaliza-sus-primeras-contrataciones\/#primaryimage","url":"https:\/\/gabitel.net\/wp-content\/uploads\/2022\/09\/gabitel-nuevas-contrataciones-min.png","contentUrl":"https:\/\/gabitel.net\/wp-content\/uploads\/2022\/09\/gabitel-nuevas-contrataciones-min.png","width":636,"height":472},{"@type":"BreadcrumbList","@id":"https:\/\/gabitel.net\/en\/gabitel-gmbh-formaliza-sus-primeras-contrataciones\/#breadcrumb","itemListElement":[{"@type":"ListItem","position":1,"name":"Portada","item":"https:\/\/gabitel.net\/en\/"},{"@type":"ListItem","position":2,"name":"GABITEL GmbH formaliza sus primeras contrataciones"}]},{"@type":"WebSite","@id":"https:\/\/gabitel.net\/en\/#website","url":"https:\/\/gabitel.net\/en\/","name":"Gabitel","description":"","publisher":{"@id":"https:\/\/gabitel.net\/en\/#organization"},"potentialAction":[{"@type":"SearchAction","target":{"@type":"EntryPoint","urlTemplate":"https:\/\/gabitel.net\/en\/?s={search_term_string}"},"query-input":{"@type":"PropertyValueSpecification","valueRequired":true,"valueName":"search_term_string"}}],"inLanguage":"en-US"},{"@type":"Organization","@id":"https:\/\/gabitel.net\/en\/#organization","name":"Gabitel","url":"https:\/\/gabitel.net\/en\/","logo":{"@type":"ImageObject","inLanguage":"en-US","@id":"https:\/\/gabitel.net\/en\/#\/schema\/logo\/image\/","url":"https:\/\/gabitel.net\/wp-content\/uploads\/2025\/05\/logo_gabitel.jpg","contentUrl":"https:\/\/gabitel.net\/wp-content\/uploads\/2025\/05\/logo_gabitel.jpg","width":2560,"height":1330,"caption":"Gabitel"},"image":{"@id":"https:\/\/gabitel.net\/en\/#\/schema\/logo\/image\/"},"sameAs":["https:\/\/www.facebook.com\/gabitelingenieros\/","https:\/\/es.linkedin.com\/company\/gabitel-ingenieros"]},{"@type":"Person","@id":"https:\/\/gabitel.net\/en\/#\/schema\/person\/37ba53714c3fedb9c7d22f4bc781465c","name":"user.autor","url":"https:\/\/gabitel.net\/en\/author\/user-autor\/"}]}},"_links":{"self":[{"href":"https:\/\/gabitel.net\/en\/wp-json\/wp\/v2\/posts\/32848","targetHints":{"allow":["GET"]}}],"collection":[{"href":"https:\/\/gabitel.net\/en\/wp-json\/wp\/v2\/posts"}],"about":[{"href":"https:\/\/gabitel.net\/en\/wp-json\/wp\/v2\/types\/post"}],"author":[{"embeddable":true,"href":"https:\/\/gabitel.net\/en\/wp-json\/wp\/v2\/users\/3"}],"replies":[{"embeddable":true,"href":"https:\/\/gabitel.net\/en\/wp-json\/wp\/v2\/comments?post=32848"}],"version-history":[{"count":0,"href":"https:\/\/gabitel.net\/en\/wp-json\/wp\/v2\/posts\/32848\/revisions"}],"wp:featuredmedia":[{"embeddable":true,"href":"https:\/\/gabitel.net\/en\/wp-json\/wp\/v2\/media\/34687"}],"wp:attachment":[{"href":"https:\/\/gabitel.net\/en\/wp-json\/wp\/v2\/media?parent=32848"}],"wp:term":[{"taxonomy":"category","embeddable":true,"href":"https:\/\/gabitel.net\/en\/wp-json\/wp\/v2\/categories?post=32848"},{"taxonomy":"post_tag","embeddable":true,"href":"https:\/\/gabitel.net\/en\/wp-json\/wp\/v2\/tags?post=32848"}],"curies":[{"name":"wp","href":"https:\/\/api.w.org\/{rel}","templated":true}]}}