{"id":32856,"date":"2022-09-21T11:55:09","date_gmt":"2022-09-21T09:55:09","guid":{"rendered":"https:\/\/gabitel.net\/nuestro-equipo-entrevista-a-pedro-fernandez\/"},"modified":"2022-09-21T11:55:09","modified_gmt":"2022-09-21T09:55:09","slug":"nuestro-equipo-entrevista-a-pedro-fernandez","status":"publish","type":"post","link":"https:\/\/gabitel.net\/en\/nuestro-equipo-entrevista-a-pedro-fernandez\/","title":{"rendered":"Nuestro equipo. Entrevista a Pedro Fern\u00e1ndez"},"content":{"rendered":"<ul>\n<li style=\"text-align: justify;\"><strong>Actualmente, eres Responsable de \u00e1rea de Tramitaciones Especiales, \u00bfnos puedes explicar en qu\u00e9 consiste tu puesto?<\/strong><\/li>\n<\/ul>\n<p style=\"text-align: justify;\">Primero, gracias por pensar en mi para ser el pr\u00f3ximo entrevistado del bolet\u00edn.<\/p>\n<p style=\"text-align: justify;\">Dentro de mis funciones, descartar\u00eda, el control y an\u00e1lisis de producci\u00f3n econ\u00f3mica del departamento. La organizaci\u00f3n, planificaci\u00f3n y distribuci\u00f3n de tareas. El seguimiento de trabajo del equipo. Revisi\u00f3n y firma de proyectos. La formaci\u00f3n de nuevos compa\u00f1eros que se incorporan a la l\u00ednea de tramitaciones especiales y de medio ambiente. Control de material necesario para la correcta ejecuci\u00f3n de los trabajos. Coordinaci\u00f3n con los dem\u00e1s departamentos\/l\u00edneas.<\/p>\n<p style=\"text-align: justify;\">\n<ul style=\"text-align: justify;\">\n<li><strong>\u00bfCu\u00e9ntanos c\u00f3mo se ha ido desarrollando tu trayectoria profesional en Gabitel desde tus inicios?<\/strong><\/li>\n<\/ul>\n<p style=\"text-align: justify;\">Dentro de Gabitel, desde que entr\u00e9 en la empresa estoy inmerso en el contrato que Gabitel tiene con Endesa, Llevo m\u00e1s de 6 a\u00f1os en este proyecto y he pasado por varios de los departamentos de la empresa.<\/p>\n<p style=\"text-align: justify;\">Comenc\u00e9, all\u00e1 por 2016, haciendo proyectos de elementos de maniobras telemandados en instalaciones el\u00e9ctricas de media tensi\u00f3n, tanto en Apoyos como en Centros de Distribuci\u00f3n. Posteriormente, estuve realizando inspecciones de RPR (Revisiones Peri\u00f3dicas Reglamentarias) en las L\u00edneas A\u00e9reas de Media tensi\u00f3n, adem\u00e1s de programas de revisiones de Endesa sobre sus instalaciones (BT Express, Plan Sedax, &#8230;). En otro momento, por el a\u00f1o 2018 pas\u00e9 a realizar estudios t\u00e9cnicos dando puntos de conexi\u00f3n de Nuevos Suministros. Por \u00faltimo, desde hace aproximadamente 4 a\u00f1os estoy en la l\u00ednea de Tramitaciones, primero como t\u00e9cnico y ahora como responsable de las Tramitaciones Especiales y de Medio Ambiente de proyectos de Endesa.<\/p>\n<p style=\"text-align: justify;\"><strong>\u00a0<\/strong><\/p>\n<ul style=\"text-align: justify;\">\n<li><strong> A nivel profesional, \u00bfcu\u00e1l ha sido tu mayor reto en todo este tiempo? <\/strong><\/li>\n<\/ul>\n<p style=\"text-align: justify;\">Podr\u00eda destacar dos, el primero y m\u00e1s importante el reorganizar a todo el personal humano que engloba el Departamento de Tramitaciones, adem\u00e1s de incorporar y tutelar a varios compa\u00f1eros a este Departamento. Y en segundo lugar, algo que me costaba bastante, antes de entrar en la empresa, era el superar el desaf\u00edo de salir a trabajar fuera de mi entorno, ya sea a otra provincia u otra comunidad aut\u00f3noma, reto que he conseguido en esta empresa.<\/p>\n<p style=\"text-align: justify;\">\n<ul style=\"text-align: justify;\">\n<li><strong>Para saber algo m\u00e1s de ti, \u00bfcu\u00e1les son algunos de tus hobbies y aficiones<\/strong>?<\/li>\n<\/ul>\n<p style=\"text-align: justify;\">Una de mis aficiones es el deporte, preferiblemente deporte en equipo, pero he de decir que en estos momentos mi practica es casi nula por diferentes circunstancias personales que me rodean. Por otro lado, compartir buenos momentos con familiares o amigos para mi es mi mayor hobby. De forma m\u00e1s general, viajar y conocer sitios nuevos me atrae bastante.<\/p>\n<p style=\"text-align: justify;\">\n<ul style=\"text-align: justify;\">\n<li><strong>Ah\u00ed va la pregunta enviada por nuestra compa\u00f1era Angela que hizo la entrevista en el mes de agosto: \u00bfCu\u00e1l es tu comida o plato favorito?<\/strong><\/li>\n<\/ul>\n<p style=\"text-align: justify;\">Dentro de que soy carn\u00edvoro, me decantar\u00eda por una presa ib\u00e9rica. Si tuviera que elegir un plato, me quedar\u00eda con un buen arroz.<\/p>\n<p style=\"text-align: justify;\">\n<ul style=\"text-align: justify;\">\n<li><strong>Env\u00edale una pregunta al pr\u00f3ximo compa\u00f1ero que ser\u00e1 entrevistado.<\/strong><\/li>\n<\/ul>\n<p style=\"text-align: justify;\">\u00bfQu\u00e9 cambios experimentaste durante la \u00e9poca de la pandemia y el confinamiento?<\/p>\n","protected":false},"excerpt":{"rendered":"<p>Actualmente, eres Responsable de \u00e1rea de Tramitaciones Especiales, \u00bfnos puedes explicar en qu\u00e9 consiste tu puesto? Primero, gracias por pensar en mi para ser el pr\u00f3ximo entrevistado del bolet\u00edn. Dentro de mis funciones, descartar\u00eda, el control y an\u00e1lisis de producci\u00f3n econ\u00f3mica del departamento. La organizaci\u00f3n, planificaci\u00f3n y distribuci\u00f3n de tareas. El seguimiento de trabajo del [&hellip;]<\/p>\n","protected":false},"author":3,"featured_media":34685,"comment_status":"closed","ping_status":"closed","sticky":false,"template":"","format":"standard","meta":{"content-type":"","footnotes":""},"categories":[601],"tags":[],"class_list":["post-32856","post","type-post","status-publish","format-standard","has-post-thumbnail","hentry","category-off-topic-en"],"yoast_head":"<!-- This site is optimized with the Yoast SEO plugin v27.5 - https:\/\/yoast.com\/product\/yoast-seo-wordpress\/ -->\n<title>Nuestro equipo. Entrevista a Pedro Fern\u00e1ndez - Gabitel<\/title>\n<meta name=\"robots\" content=\"index, follow, max-snippet:-1, max-image-preview:large, max-video-preview:-1\" \/>\n<link rel=\"canonical\" href=\"https:\/\/gabitel.net\/en\/nuestro-equipo-entrevista-a-pedro-fernandez\/\" \/>\n<meta property=\"og:locale\" content=\"en_US\" \/>\n<meta property=\"og:type\" content=\"article\" \/>\n<meta property=\"og:title\" content=\"Nuestro equipo. Entrevista a Pedro Fern\u00e1ndez - Gabitel\" \/>\n<meta property=\"og:description\" content=\"Actualmente, eres Responsable de \u00e1rea de Tramitaciones Especiales, \u00bfnos puedes explicar en qu\u00e9 consiste tu puesto? Primero, gracias por pensar en mi para ser el pr\u00f3ximo entrevistado del bolet\u00edn. Dentro de mis funciones, descartar\u00eda, el control y an\u00e1lisis de producci\u00f3n econ\u00f3mica del departamento. La organizaci\u00f3n, planificaci\u00f3n y distribuci\u00f3n de tareas. El seguimiento de trabajo del [&hellip;]\" \/>\n<meta property=\"og:url\" content=\"https:\/\/gabitel.net\/en\/nuestro-equipo-entrevista-a-pedro-fernandez\/\" \/>\n<meta property=\"og:site_name\" content=\"Gabitel\" \/>\n<meta property=\"article:publisher\" content=\"https:\/\/www.facebook.com\/gabitelingenieros\/\" \/>\n<meta property=\"article:published_time\" content=\"2022-09-21T09:55:09+00:00\" \/>\n<meta name=\"author\" content=\"user.autor\" \/>\n<meta name=\"twitter:card\" content=\"summary_large_image\" \/>\n<meta name=\"twitter:label1\" content=\"Written by\" \/>\n\t<meta name=\"twitter:data1\" content=\"user.autor\" \/>\n\t<meta name=\"twitter:label2\" content=\"Est. reading time\" \/>\n\t<meta name=\"twitter:data2\" content=\"3 minutes\" \/>\n<script type=\"application\/ld+json\" class=\"yoast-schema-graph\">{\"@context\":\"https:\\\/\\\/schema.org\",\"@graph\":[{\"@type\":[\"Article\",\"BlogPosting\"],\"@id\":\"https:\\\/\\\/gabitel.net\\\/en\\\/nuestro-equipo-entrevista-a-pedro-fernandez\\\/#article\",\"isPartOf\":{\"@id\":\"https:\\\/\\\/gabitel.net\\\/en\\\/nuestro-equipo-entrevista-a-pedro-fernandez\\\/\"},\"author\":{\"name\":\"user.autor\",\"@id\":\"https:\\\/\\\/gabitel.net\\\/en\\\/#\\\/schema\\\/person\\\/37ba53714c3fedb9c7d22f4bc781465c\"},\"headline\":\"Nuestro equipo. Entrevista a Pedro Fern\u00e1ndez\",\"datePublished\":\"2022-09-21T09:55:09+00:00\",\"mainEntityOfPage\":{\"@id\":\"https:\\\/\\\/gabitel.net\\\/en\\\/nuestro-equipo-entrevista-a-pedro-fernandez\\\/\"},\"wordCount\":542,\"publisher\":{\"@id\":\"https:\\\/\\\/gabitel.net\\\/en\\\/#organization\"},\"image\":{\"@id\":\"https:\\\/\\\/gabitel.net\\\/en\\\/nuestro-equipo-entrevista-a-pedro-fernandez\\\/#primaryimage\"},\"thumbnailUrl\":\"https:\\\/\\\/gabitel.net\\\/wp-content\\\/uploads\\\/2022\\\/09\\\/pedro-fernandez-min-scaled-1.jpg\",\"articleSection\":[\"Off-topic\"],\"inLanguage\":\"en-US\"},{\"@type\":\"WebPage\",\"@id\":\"https:\\\/\\\/gabitel.net\\\/en\\\/nuestro-equipo-entrevista-a-pedro-fernandez\\\/\",\"url\":\"https:\\\/\\\/gabitel.net\\\/en\\\/nuestro-equipo-entrevista-a-pedro-fernandez\\\/\",\"name\":\"Nuestro equipo. Entrevista a Pedro Fern\u00e1ndez - Gabitel\",\"isPartOf\":{\"@id\":\"https:\\\/\\\/gabitel.net\\\/en\\\/#website\"},\"primaryImageOfPage\":{\"@id\":\"https:\\\/\\\/gabitel.net\\\/en\\\/nuestro-equipo-entrevista-a-pedro-fernandez\\\/#primaryimage\"},\"image\":{\"@id\":\"https:\\\/\\\/gabitel.net\\\/en\\\/nuestro-equipo-entrevista-a-pedro-fernandez\\\/#primaryimage\"},\"thumbnailUrl\":\"https:\\\/\\\/gabitel.net\\\/wp-content\\\/uploads\\\/2022\\\/09\\\/pedro-fernandez-min-scaled-1.jpg\",\"datePublished\":\"2022-09-21T09:55:09+00:00\",\"breadcrumb\":{\"@id\":\"https:\\\/\\\/gabitel.net\\\/en\\\/nuestro-equipo-entrevista-a-pedro-fernandez\\\/#breadcrumb\"},\"inLanguage\":\"en-US\",\"potentialAction\":[{\"@type\":\"ReadAction\",\"target\":[\"https:\\\/\\\/gabitel.net\\\/en\\\/nuestro-equipo-entrevista-a-pedro-fernandez\\\/\"]}]},{\"@type\":\"ImageObject\",\"inLanguage\":\"en-US\",\"@id\":\"https:\\\/\\\/gabitel.net\\\/en\\\/nuestro-equipo-entrevista-a-pedro-fernandez\\\/#primaryimage\",\"url\":\"https:\\\/\\\/gabitel.net\\\/wp-content\\\/uploads\\\/2022\\\/09\\\/pedro-fernandez-min-scaled-1.jpg\",\"contentUrl\":\"https:\\\/\\\/gabitel.net\\\/wp-content\\\/uploads\\\/2022\\\/09\\\/pedro-fernandez-min-scaled-1.jpg\",\"width\":1920,\"height\":2560,\"caption\":\"pedro-fernande\"},{\"@type\":\"BreadcrumbList\",\"@id\":\"https:\\\/\\\/gabitel.net\\\/en\\\/nuestro-equipo-entrevista-a-pedro-fernandez\\\/#breadcrumb\",\"itemListElement\":[{\"@type\":\"ListItem\",\"position\":1,\"name\":\"Portada\",\"item\":\"https:\\\/\\\/gabitel.net\\\/en\\\/\"},{\"@type\":\"ListItem\",\"position\":2,\"name\":\"Nuestro equipo. Entrevista a Pedro Fern\u00e1ndez\"}]},{\"@type\":\"WebSite\",\"@id\":\"https:\\\/\\\/gabitel.net\\\/en\\\/#website\",\"url\":\"https:\\\/\\\/gabitel.net\\\/en\\\/\",\"name\":\"Gabitel\",\"description\":\"\",\"publisher\":{\"@id\":\"https:\\\/\\\/gabitel.net\\\/en\\\/#organization\"},\"potentialAction\":[{\"@type\":\"SearchAction\",\"target\":{\"@type\":\"EntryPoint\",\"urlTemplate\":\"https:\\\/\\\/gabitel.net\\\/en\\\/?s={search_term_string}\"},\"query-input\":{\"@type\":\"PropertyValueSpecification\",\"valueRequired\":true,\"valueName\":\"search_term_string\"}}],\"inLanguage\":\"en-US\"},{\"@type\":\"Organization\",\"@id\":\"https:\\\/\\\/gabitel.net\\\/en\\\/#organization\",\"name\":\"Gabitel\",\"url\":\"https:\\\/\\\/gabitel.net\\\/en\\\/\",\"logo\":{\"@type\":\"ImageObject\",\"inLanguage\":\"en-US\",\"@id\":\"https:\\\/\\\/gabitel.net\\\/en\\\/#\\\/schema\\\/logo\\\/image\\\/\",\"url\":\"https:\\\/\\\/gabitel.net\\\/wp-content\\\/uploads\\\/2025\\\/05\\\/logo_gabitel.jpg\",\"contentUrl\":\"https:\\\/\\\/gabitel.net\\\/wp-content\\\/uploads\\\/2025\\\/05\\\/logo_gabitel.jpg\",\"width\":2560,\"height\":1330,\"caption\":\"Gabitel\"},\"image\":{\"@id\":\"https:\\\/\\\/gabitel.net\\\/en\\\/#\\\/schema\\\/logo\\\/image\\\/\"},\"sameAs\":[\"https:\\\/\\\/www.facebook.com\\\/gabitelingenieros\\\/\",\"https:\\\/\\\/es.linkedin.com\\\/company\\\/gabitel-ingenieros\"]},{\"@type\":\"Person\",\"@id\":\"https:\\\/\\\/gabitel.net\\\/en\\\/#\\\/schema\\\/person\\\/37ba53714c3fedb9c7d22f4bc781465c\",\"name\":\"user.autor\",\"url\":\"https:\\\/\\\/gabitel.net\\\/en\\\/author\\\/user-autor\\\/\"}]}<\/script>\n<!-- \/ Yoast SEO plugin. -->","yoast_head_json":{"title":"Nuestro equipo. Entrevista a Pedro Fern\u00e1ndez - Gabitel","robots":{"index":"index","follow":"follow","max-snippet":"max-snippet:-1","max-image-preview":"max-image-preview:large","max-video-preview":"max-video-preview:-1"},"canonical":"https:\/\/gabitel.net\/en\/nuestro-equipo-entrevista-a-pedro-fernandez\/","og_locale":"en_US","og_type":"article","og_title":"Nuestro equipo. Entrevista a Pedro Fern\u00e1ndez - Gabitel","og_description":"Actualmente, eres Responsable de \u00e1rea de Tramitaciones Especiales, \u00bfnos puedes explicar en qu\u00e9 consiste tu puesto? Primero, gracias por pensar en mi para ser el pr\u00f3ximo entrevistado del bolet\u00edn. Dentro de mis funciones, descartar\u00eda, el control y an\u00e1lisis de producci\u00f3n econ\u00f3mica del departamento. La organizaci\u00f3n, planificaci\u00f3n y distribuci\u00f3n de tareas. El seguimiento de trabajo del [&hellip;]","og_url":"https:\/\/gabitel.net\/en\/nuestro-equipo-entrevista-a-pedro-fernandez\/","og_site_name":"Gabitel","article_publisher":"https:\/\/www.facebook.com\/gabitelingenieros\/","article_published_time":"2022-09-21T09:55:09+00:00","author":"user.autor","twitter_card":"summary_large_image","twitter_misc":{"Written by":"user.autor","Est. reading time":"3 minutes"},"schema":{"@context":"https:\/\/schema.org","@graph":[{"@type":["Article","BlogPosting"],"@id":"https:\/\/gabitel.net\/en\/nuestro-equipo-entrevista-a-pedro-fernandez\/#article","isPartOf":{"@id":"https:\/\/gabitel.net\/en\/nuestro-equipo-entrevista-a-pedro-fernandez\/"},"author":{"name":"user.autor","@id":"https:\/\/gabitel.net\/en\/#\/schema\/person\/37ba53714c3fedb9c7d22f4bc781465c"},"headline":"Nuestro equipo. Entrevista a Pedro Fern\u00e1ndez","datePublished":"2022-09-21T09:55:09+00:00","mainEntityOfPage":{"@id":"https:\/\/gabitel.net\/en\/nuestro-equipo-entrevista-a-pedro-fernandez\/"},"wordCount":542,"publisher":{"@id":"https:\/\/gabitel.net\/en\/#organization"},"image":{"@id":"https:\/\/gabitel.net\/en\/nuestro-equipo-entrevista-a-pedro-fernandez\/#primaryimage"},"thumbnailUrl":"https:\/\/gabitel.net\/wp-content\/uploads\/2022\/09\/pedro-fernandez-min-scaled-1.jpg","articleSection":["Off-topic"],"inLanguage":"en-US"},{"@type":"WebPage","@id":"https:\/\/gabitel.net\/en\/nuestro-equipo-entrevista-a-pedro-fernandez\/","url":"https:\/\/gabitel.net\/en\/nuestro-equipo-entrevista-a-pedro-fernandez\/","name":"Nuestro equipo. Entrevista a Pedro Fern\u00e1ndez - Gabitel","isPartOf":{"@id":"https:\/\/gabitel.net\/en\/#website"},"primaryImageOfPage":{"@id":"https:\/\/gabitel.net\/en\/nuestro-equipo-entrevista-a-pedro-fernandez\/#primaryimage"},"image":{"@id":"https:\/\/gabitel.net\/en\/nuestro-equipo-entrevista-a-pedro-fernandez\/#primaryimage"},"thumbnailUrl":"https:\/\/gabitel.net\/wp-content\/uploads\/2022\/09\/pedro-fernandez-min-scaled-1.jpg","datePublished":"2022-09-21T09:55:09+00:00","breadcrumb":{"@id":"https:\/\/gabitel.net\/en\/nuestro-equipo-entrevista-a-pedro-fernandez\/#breadcrumb"},"inLanguage":"en-US","potentialAction":[{"@type":"ReadAction","target":["https:\/\/gabitel.net\/en\/nuestro-equipo-entrevista-a-pedro-fernandez\/"]}]},{"@type":"ImageObject","inLanguage":"en-US","@id":"https:\/\/gabitel.net\/en\/nuestro-equipo-entrevista-a-pedro-fernandez\/#primaryimage","url":"https:\/\/gabitel.net\/wp-content\/uploads\/2022\/09\/pedro-fernandez-min-scaled-1.jpg","contentUrl":"https:\/\/gabitel.net\/wp-content\/uploads\/2022\/09\/pedro-fernandez-min-scaled-1.jpg","width":1920,"height":2560,"caption":"pedro-fernande"},{"@type":"BreadcrumbList","@id":"https:\/\/gabitel.net\/en\/nuestro-equipo-entrevista-a-pedro-fernandez\/#breadcrumb","itemListElement":[{"@type":"ListItem","position":1,"name":"Portada","item":"https:\/\/gabitel.net\/en\/"},{"@type":"ListItem","position":2,"name":"Nuestro equipo. Entrevista a Pedro Fern\u00e1ndez"}]},{"@type":"WebSite","@id":"https:\/\/gabitel.net\/en\/#website","url":"https:\/\/gabitel.net\/en\/","name":"Gabitel","description":"","publisher":{"@id":"https:\/\/gabitel.net\/en\/#organization"},"potentialAction":[{"@type":"SearchAction","target":{"@type":"EntryPoint","urlTemplate":"https:\/\/gabitel.net\/en\/?s={search_term_string}"},"query-input":{"@type":"PropertyValueSpecification","valueRequired":true,"valueName":"search_term_string"}}],"inLanguage":"en-US"},{"@type":"Organization","@id":"https:\/\/gabitel.net\/en\/#organization","name":"Gabitel","url":"https:\/\/gabitel.net\/en\/","logo":{"@type":"ImageObject","inLanguage":"en-US","@id":"https:\/\/gabitel.net\/en\/#\/schema\/logo\/image\/","url":"https:\/\/gabitel.net\/wp-content\/uploads\/2025\/05\/logo_gabitel.jpg","contentUrl":"https:\/\/gabitel.net\/wp-content\/uploads\/2025\/05\/logo_gabitel.jpg","width":2560,"height":1330,"caption":"Gabitel"},"image":{"@id":"https:\/\/gabitel.net\/en\/#\/schema\/logo\/image\/"},"sameAs":["https:\/\/www.facebook.com\/gabitelingenieros\/","https:\/\/es.linkedin.com\/company\/gabitel-ingenieros"]},{"@type":"Person","@id":"https:\/\/gabitel.net\/en\/#\/schema\/person\/37ba53714c3fedb9c7d22f4bc781465c","name":"user.autor","url":"https:\/\/gabitel.net\/en\/author\/user-autor\/"}]}},"_links":{"self":[{"href":"https:\/\/gabitel.net\/en\/wp-json\/wp\/v2\/posts\/32856","targetHints":{"allow":["GET"]}}],"collection":[{"href":"https:\/\/gabitel.net\/en\/wp-json\/wp\/v2\/posts"}],"about":[{"href":"https:\/\/gabitel.net\/en\/wp-json\/wp\/v2\/types\/post"}],"author":[{"embeddable":true,"href":"https:\/\/gabitel.net\/en\/wp-json\/wp\/v2\/users\/3"}],"replies":[{"embeddable":true,"href":"https:\/\/gabitel.net\/en\/wp-json\/wp\/v2\/comments?post=32856"}],"version-history":[{"count":0,"href":"https:\/\/gabitel.net\/en\/wp-json\/wp\/v2\/posts\/32856\/revisions"}],"wp:featuredmedia":[{"embeddable":true,"href":"https:\/\/gabitel.net\/en\/wp-json\/wp\/v2\/media\/34685"}],"wp:attachment":[{"href":"https:\/\/gabitel.net\/en\/wp-json\/wp\/v2\/media?parent=32856"}],"wp:term":[{"taxonomy":"category","embeddable":true,"href":"https:\/\/gabitel.net\/en\/wp-json\/wp\/v2\/categories?post=32856"},{"taxonomy":"post_tag","embeddable":true,"href":"https:\/\/gabitel.net\/en\/wp-json\/wp\/v2\/tags?post=32856"}],"curies":[{"name":"wp","href":"https:\/\/api.w.org\/{rel}","templated":true}]}}