{"id":32866,"date":"2022-08-11T14:33:28","date_gmt":"2022-08-11T12:33:28","guid":{"rendered":"https:\/\/gabitel.net\/nuestro-equipo-entrevista-a-angela-collado\/"},"modified":"2022-08-11T14:33:28","modified_gmt":"2022-08-11T12:33:28","slug":"nuestro-equipo-entrevista-a-angela-collado","status":"publish","type":"post","link":"https:\/\/gabitel.net\/en\/nuestro-equipo-entrevista-a-angela-collado\/","title":{"rendered":"Nuestro equipo. Entrevista a Angela Collado"},"content":{"rendered":"<ul>\n<li style=\"text-align: justify;\"><strong>Despu\u00e9s de tantos a\u00f1os en Gabitel, \u00bfcomo recuerdas tu primer d\u00eda en la empresa? <\/strong><\/li>\n<\/ul>\n<p style=\"text-align: justify;\">\n<p style=\"text-align: justify;\">Mi primer d\u00eda en Gabitel lo recuerdo con nervios, aunque conoc\u00eda a algunos compa\u00f1eros de la ingenier\u00eda anterior, pero siempre se tiene la incertidumbre de no saber qu\u00e9 te vas a encontrar, si te vas a adaptar bien, si vas a gustar como trabajas, \u2026 Pero me recibieron muy bien y desde el primer d\u00eda no tuve ning\u00fan problema.<\/p>\n<p>&nbsp;<\/p>\n<ul style=\"text-align: justify;\">\n<li><strong>\u00bfCu\u00e1l es el trabajo que actualmente te encentras realizando en el Departamento de Redes de Distribuci\u00f3n? <\/strong><\/li>\n<\/ul>\n<p style=\"text-align: justify;\">Actualmente estoy en el departamento de Tramitaciones Especiales. En \u00e9l se gestionan los expedientes de l\u00edneas a\u00e9reas de media tensi\u00f3n que Endesa pretende instalar nuevas o mejorar las existentes y que afectan a fincas r\u00fasticas particulares. En el departamento se realiza el proyecto donde se indica y calcula la afecci\u00f3n de la l\u00ednea y sus caracter\u00edsticas, se trata con los propietarios para que permitan el paso de la l\u00ednea por sus fincas, se gestiona con los organismos afectados las autorizaciones para su construcci\u00f3n, \u2026 y si no se llega a un acuerdo con los propietarios se tramita el proceso de expropiaci\u00f3n para que se pueda realizar la l\u00ednea el\u00e9ctrica. Suele ser un proceso arduo y largo, por las condiciones que ponen los organismos y los propietarios para conceder la autorizaci\u00f3n.<\/p>\n<p>&nbsp;<\/p>\n<ul style=\"text-align: justify;\">\n<li><strong>Durante toda trayectoria profesional en Gabitel, \u00bfpodr\u00edas contarnos alguna an\u00e9cdota graciosa o que recuerdes especialmente?<\/strong><\/li>\n<\/ul>\n<p style=\"text-align: justify;\">Que recuerde, una an\u00e9cdota graciosa en concreto no, pero si me he re\u00eddo y me r\u00edo mucho con los compa\u00f1eros, de los comentarios o an\u00e9cdotas que alguno siempre cuenta. El ambiente de trabajo que he tenido y tengo siempre ha sido muy bueno. En los desayunos es donde m\u00e1s nos re\u00edmos porque al ser un tiempo de descanso es donde aprovechamos para despejarnos y hablar de nuestras cosas, y si te hacen re\u00edr mejor. As\u00ed vuelves con una sonrisa y mejor talante.<\/p>\n<p>&nbsp;<\/p>\n<ul style=\"text-align: justify;\">\n<li><strong>Para saber algo m\u00e1s de ti, \u00bfQu\u00e9 cosas o tipo de actividades te gusta hacer en tu vida personal?<\/strong><\/li>\n<\/ul>\n<p style=\"text-align: justify;\">Lo \u00fanico que hago es Pilates, para hacer ejercicios de estiramientos al estar tantas horas delante del ordenador e intentar evitar malas posturas y no tener dolores por ello. En los meses de verano descansamos, aunque podr\u00eda hacer en casa por mi cuenta pero que al final no hago entre una cosa u otra. Me gustar\u00eda hacer algo m\u00e1s, como retomar la lectura, recibir clases de cocina para saber hacer platos nuevos para los ni\u00f1os (tengo 2 ni\u00f1os), pero de momento no saco el tiempo suficiente.<\/p>\n<p>&nbsp;<\/p>\n<ul style=\"text-align: justify;\">\n<li><strong>Ah\u00ed va la pregunta enviada por nuestra compa\u00f1era M.\u00aa Jos\u00e9, que hizo la entrevista en el mes de julio: \u00bfA qu\u00e9 m\u00fasico\/a o banda te gustar\u00eda ver en directo?<\/strong><\/li>\n<\/ul>\n<p style=\"text-align: justify;\">Pues me gustar\u00eda ver a Luis Miguel, nunca lo he visto en directo. Siempre que ha venido, en los \u00faltimos a\u00f1os a Sevilla, no he podido ir. Me hubiera gustado ir al concierto que dio hace poco Guns N Roses en Sevilla, pero se torci\u00f3.<\/p>\n<p>&nbsp;<\/p>\n<ul style=\"text-align: justify;\">\n<li><strong>Env\u00edale una pregunta al pr\u00f3ximo compa\u00f1ero que ser\u00e1 entrevistado.<\/strong><\/li>\n<\/ul>\n<p style=\"text-align: justify;\">\u00bfCu\u00e1l es tu comida o plato favorito?<\/p>\n","protected":false},"excerpt":{"rendered":"<p>Despu\u00e9s de tantos a\u00f1os en Gabitel, \u00bfcomo recuerdas tu primer d\u00eda en la empresa? Mi primer d\u00eda en Gabitel lo recuerdo con nervios, aunque conoc\u00eda a algunos compa\u00f1eros de la ingenier\u00eda anterior, pero siempre se tiene la incertidumbre de no saber qu\u00e9 te vas a encontrar, si te vas a adaptar bien, si vas a [&hellip;]<\/p>\n","protected":false},"author":3,"featured_media":34639,"comment_status":"closed","ping_status":"closed","sticky":false,"template":"","format":"standard","meta":{"content-type":"","footnotes":""},"categories":[601],"tags":[],"class_list":["post-32866","post","type-post","status-publish","format-standard","has-post-thumbnail","hentry","category-off-topic-en"],"yoast_head":"<!-- This site is optimized with the Yoast SEO plugin v27.5 - https:\/\/yoast.com\/product\/yoast-seo-wordpress\/ -->\n<title>Nuestro equipo. Entrevista a Angela Collado - Gabitel<\/title>\n<meta name=\"robots\" content=\"index, follow, max-snippet:-1, max-image-preview:large, max-video-preview:-1\" \/>\n<link rel=\"canonical\" href=\"https:\/\/gabitel.net\/en\/nuestro-equipo-entrevista-a-angela-collado\/\" \/>\n<meta property=\"og:locale\" content=\"en_US\" \/>\n<meta property=\"og:type\" content=\"article\" \/>\n<meta property=\"og:title\" content=\"Nuestro equipo. Entrevista a Angela Collado - Gabitel\" \/>\n<meta property=\"og:description\" content=\"Despu\u00e9s de tantos a\u00f1os en Gabitel, \u00bfcomo recuerdas tu primer d\u00eda en la empresa? Mi primer d\u00eda en Gabitel lo recuerdo con nervios, aunque conoc\u00eda a algunos compa\u00f1eros de la ingenier\u00eda anterior, pero siempre se tiene la incertidumbre de no saber qu\u00e9 te vas a encontrar, si te vas a adaptar bien, si vas a [&hellip;]\" \/>\n<meta property=\"og:url\" content=\"https:\/\/gabitel.net\/en\/nuestro-equipo-entrevista-a-angela-collado\/\" \/>\n<meta property=\"og:site_name\" content=\"Gabitel\" \/>\n<meta property=\"article:publisher\" content=\"https:\/\/www.facebook.com\/gabitelingenieros\/\" \/>\n<meta property=\"article:published_time\" content=\"2022-08-11T12:33:28+00:00\" \/>\n<meta name=\"author\" content=\"user.autor\" \/>\n<meta name=\"twitter:card\" content=\"summary_large_image\" \/>\n<meta name=\"twitter:label1\" content=\"Written by\" \/>\n\t<meta name=\"twitter:data1\" content=\"user.autor\" \/>\n\t<meta name=\"twitter:label2\" content=\"Est. reading time\" \/>\n\t<meta name=\"twitter:data2\" content=\"3 minutes\" \/>\n<script type=\"application\/ld+json\" class=\"yoast-schema-graph\">{\"@context\":\"https:\\\/\\\/schema.org\",\"@graph\":[{\"@type\":[\"Article\",\"BlogPosting\"],\"@id\":\"https:\\\/\\\/gabitel.net\\\/en\\\/nuestro-equipo-entrevista-a-angela-collado\\\/#article\",\"isPartOf\":{\"@id\":\"https:\\\/\\\/gabitel.net\\\/en\\\/nuestro-equipo-entrevista-a-angela-collado\\\/\"},\"author\":{\"name\":\"user.autor\",\"@id\":\"https:\\\/\\\/gabitel.net\\\/en\\\/#\\\/schema\\\/person\\\/37ba53714c3fedb9c7d22f4bc781465c\"},\"headline\":\"Nuestro equipo. Entrevista a Angela Collado\",\"datePublished\":\"2022-08-11T12:33:28+00:00\",\"mainEntityOfPage\":{\"@id\":\"https:\\\/\\\/gabitel.net\\\/en\\\/nuestro-equipo-entrevista-a-angela-collado\\\/\"},\"wordCount\":569,\"publisher\":{\"@id\":\"https:\\\/\\\/gabitel.net\\\/en\\\/#organization\"},\"image\":{\"@id\":\"https:\\\/\\\/gabitel.net\\\/en\\\/nuestro-equipo-entrevista-a-angela-collado\\\/#primaryimage\"},\"thumbnailUrl\":\"https:\\\/\\\/gabitel.net\\\/wp-content\\\/uploads\\\/2022\\\/08\\\/angela-collado-min-scaled-1.jpg\",\"articleSection\":[\"Off-topic\"],\"inLanguage\":\"en-US\"},{\"@type\":\"WebPage\",\"@id\":\"https:\\\/\\\/gabitel.net\\\/en\\\/nuestro-equipo-entrevista-a-angela-collado\\\/\",\"url\":\"https:\\\/\\\/gabitel.net\\\/en\\\/nuestro-equipo-entrevista-a-angela-collado\\\/\",\"name\":\"Nuestro equipo. Entrevista a Angela Collado - Gabitel\",\"isPartOf\":{\"@id\":\"https:\\\/\\\/gabitel.net\\\/en\\\/#website\"},\"primaryImageOfPage\":{\"@id\":\"https:\\\/\\\/gabitel.net\\\/en\\\/nuestro-equipo-entrevista-a-angela-collado\\\/#primaryimage\"},\"image\":{\"@id\":\"https:\\\/\\\/gabitel.net\\\/en\\\/nuestro-equipo-entrevista-a-angela-collado\\\/#primaryimage\"},\"thumbnailUrl\":\"https:\\\/\\\/gabitel.net\\\/wp-content\\\/uploads\\\/2022\\\/08\\\/angela-collado-min-scaled-1.jpg\",\"datePublished\":\"2022-08-11T12:33:28+00:00\",\"breadcrumb\":{\"@id\":\"https:\\\/\\\/gabitel.net\\\/en\\\/nuestro-equipo-entrevista-a-angela-collado\\\/#breadcrumb\"},\"inLanguage\":\"en-US\",\"potentialAction\":[{\"@type\":\"ReadAction\",\"target\":[\"https:\\\/\\\/gabitel.net\\\/en\\\/nuestro-equipo-entrevista-a-angela-collado\\\/\"]}]},{\"@type\":\"ImageObject\",\"inLanguage\":\"en-US\",\"@id\":\"https:\\\/\\\/gabitel.net\\\/en\\\/nuestro-equipo-entrevista-a-angela-collado\\\/#primaryimage\",\"url\":\"https:\\\/\\\/gabitel.net\\\/wp-content\\\/uploads\\\/2022\\\/08\\\/angela-collado-min-scaled-1.jpg\",\"contentUrl\":\"https:\\\/\\\/gabitel.net\\\/wp-content\\\/uploads\\\/2022\\\/08\\\/angela-collado-min-scaled-1.jpg\",\"width\":1441,\"height\":2560,\"caption\":\"angela-collado\"},{\"@type\":\"BreadcrumbList\",\"@id\":\"https:\\\/\\\/gabitel.net\\\/en\\\/nuestro-equipo-entrevista-a-angela-collado\\\/#breadcrumb\",\"itemListElement\":[{\"@type\":\"ListItem\",\"position\":1,\"name\":\"Portada\",\"item\":\"https:\\\/\\\/gabitel.net\\\/en\\\/\"},{\"@type\":\"ListItem\",\"position\":2,\"name\":\"Nuestro equipo. Entrevista a Angela Collado\"}]},{\"@type\":\"WebSite\",\"@id\":\"https:\\\/\\\/gabitel.net\\\/en\\\/#website\",\"url\":\"https:\\\/\\\/gabitel.net\\\/en\\\/\",\"name\":\"Gabitel\",\"description\":\"\",\"publisher\":{\"@id\":\"https:\\\/\\\/gabitel.net\\\/en\\\/#organization\"},\"potentialAction\":[{\"@type\":\"SearchAction\",\"target\":{\"@type\":\"EntryPoint\",\"urlTemplate\":\"https:\\\/\\\/gabitel.net\\\/en\\\/?s={search_term_string}\"},\"query-input\":{\"@type\":\"PropertyValueSpecification\",\"valueRequired\":true,\"valueName\":\"search_term_string\"}}],\"inLanguage\":\"en-US\"},{\"@type\":\"Organization\",\"@id\":\"https:\\\/\\\/gabitel.net\\\/en\\\/#organization\",\"name\":\"Gabitel\",\"url\":\"https:\\\/\\\/gabitel.net\\\/en\\\/\",\"logo\":{\"@type\":\"ImageObject\",\"inLanguage\":\"en-US\",\"@id\":\"https:\\\/\\\/gabitel.net\\\/en\\\/#\\\/schema\\\/logo\\\/image\\\/\",\"url\":\"https:\\\/\\\/gabitel.net\\\/wp-content\\\/uploads\\\/2025\\\/05\\\/logo_gabitel.jpg\",\"contentUrl\":\"https:\\\/\\\/gabitel.net\\\/wp-content\\\/uploads\\\/2025\\\/05\\\/logo_gabitel.jpg\",\"width\":2560,\"height\":1330,\"caption\":\"Gabitel\"},\"image\":{\"@id\":\"https:\\\/\\\/gabitel.net\\\/en\\\/#\\\/schema\\\/logo\\\/image\\\/\"},\"sameAs\":[\"https:\\\/\\\/www.facebook.com\\\/gabitelingenieros\\\/\",\"https:\\\/\\\/es.linkedin.com\\\/company\\\/gabitel-ingenieros\"]},{\"@type\":\"Person\",\"@id\":\"https:\\\/\\\/gabitel.net\\\/en\\\/#\\\/schema\\\/person\\\/37ba53714c3fedb9c7d22f4bc781465c\",\"name\":\"user.autor\",\"url\":\"https:\\\/\\\/gabitel.net\\\/en\\\/author\\\/user-autor\\\/\"}]}<\/script>\n<!-- \/ Yoast SEO plugin. -->","yoast_head_json":{"title":"Nuestro equipo. Entrevista a Angela Collado - Gabitel","robots":{"index":"index","follow":"follow","max-snippet":"max-snippet:-1","max-image-preview":"max-image-preview:large","max-video-preview":"max-video-preview:-1"},"canonical":"https:\/\/gabitel.net\/en\/nuestro-equipo-entrevista-a-angela-collado\/","og_locale":"en_US","og_type":"article","og_title":"Nuestro equipo. Entrevista a Angela Collado - Gabitel","og_description":"Despu\u00e9s de tantos a\u00f1os en Gabitel, \u00bfcomo recuerdas tu primer d\u00eda en la empresa? Mi primer d\u00eda en Gabitel lo recuerdo con nervios, aunque conoc\u00eda a algunos compa\u00f1eros de la ingenier\u00eda anterior, pero siempre se tiene la incertidumbre de no saber qu\u00e9 te vas a encontrar, si te vas a adaptar bien, si vas a [&hellip;]","og_url":"https:\/\/gabitel.net\/en\/nuestro-equipo-entrevista-a-angela-collado\/","og_site_name":"Gabitel","article_publisher":"https:\/\/www.facebook.com\/gabitelingenieros\/","article_published_time":"2022-08-11T12:33:28+00:00","author":"user.autor","twitter_card":"summary_large_image","twitter_misc":{"Written by":"user.autor","Est. reading time":"3 minutes"},"schema":{"@context":"https:\/\/schema.org","@graph":[{"@type":["Article","BlogPosting"],"@id":"https:\/\/gabitel.net\/en\/nuestro-equipo-entrevista-a-angela-collado\/#article","isPartOf":{"@id":"https:\/\/gabitel.net\/en\/nuestro-equipo-entrevista-a-angela-collado\/"},"author":{"name":"user.autor","@id":"https:\/\/gabitel.net\/en\/#\/schema\/person\/37ba53714c3fedb9c7d22f4bc781465c"},"headline":"Nuestro equipo. Entrevista a Angela Collado","datePublished":"2022-08-11T12:33:28+00:00","mainEntityOfPage":{"@id":"https:\/\/gabitel.net\/en\/nuestro-equipo-entrevista-a-angela-collado\/"},"wordCount":569,"publisher":{"@id":"https:\/\/gabitel.net\/en\/#organization"},"image":{"@id":"https:\/\/gabitel.net\/en\/nuestro-equipo-entrevista-a-angela-collado\/#primaryimage"},"thumbnailUrl":"https:\/\/gabitel.net\/wp-content\/uploads\/2022\/08\/angela-collado-min-scaled-1.jpg","articleSection":["Off-topic"],"inLanguage":"en-US"},{"@type":"WebPage","@id":"https:\/\/gabitel.net\/en\/nuestro-equipo-entrevista-a-angela-collado\/","url":"https:\/\/gabitel.net\/en\/nuestro-equipo-entrevista-a-angela-collado\/","name":"Nuestro equipo. Entrevista a Angela Collado - Gabitel","isPartOf":{"@id":"https:\/\/gabitel.net\/en\/#website"},"primaryImageOfPage":{"@id":"https:\/\/gabitel.net\/en\/nuestro-equipo-entrevista-a-angela-collado\/#primaryimage"},"image":{"@id":"https:\/\/gabitel.net\/en\/nuestro-equipo-entrevista-a-angela-collado\/#primaryimage"},"thumbnailUrl":"https:\/\/gabitel.net\/wp-content\/uploads\/2022\/08\/angela-collado-min-scaled-1.jpg","datePublished":"2022-08-11T12:33:28+00:00","breadcrumb":{"@id":"https:\/\/gabitel.net\/en\/nuestro-equipo-entrevista-a-angela-collado\/#breadcrumb"},"inLanguage":"en-US","potentialAction":[{"@type":"ReadAction","target":["https:\/\/gabitel.net\/en\/nuestro-equipo-entrevista-a-angela-collado\/"]}]},{"@type":"ImageObject","inLanguage":"en-US","@id":"https:\/\/gabitel.net\/en\/nuestro-equipo-entrevista-a-angela-collado\/#primaryimage","url":"https:\/\/gabitel.net\/wp-content\/uploads\/2022\/08\/angela-collado-min-scaled-1.jpg","contentUrl":"https:\/\/gabitel.net\/wp-content\/uploads\/2022\/08\/angela-collado-min-scaled-1.jpg","width":1441,"height":2560,"caption":"angela-collado"},{"@type":"BreadcrumbList","@id":"https:\/\/gabitel.net\/en\/nuestro-equipo-entrevista-a-angela-collado\/#breadcrumb","itemListElement":[{"@type":"ListItem","position":1,"name":"Portada","item":"https:\/\/gabitel.net\/en\/"},{"@type":"ListItem","position":2,"name":"Nuestro equipo. Entrevista a Angela Collado"}]},{"@type":"WebSite","@id":"https:\/\/gabitel.net\/en\/#website","url":"https:\/\/gabitel.net\/en\/","name":"Gabitel","description":"","publisher":{"@id":"https:\/\/gabitel.net\/en\/#organization"},"potentialAction":[{"@type":"SearchAction","target":{"@type":"EntryPoint","urlTemplate":"https:\/\/gabitel.net\/en\/?s={search_term_string}"},"query-input":{"@type":"PropertyValueSpecification","valueRequired":true,"valueName":"search_term_string"}}],"inLanguage":"en-US"},{"@type":"Organization","@id":"https:\/\/gabitel.net\/en\/#organization","name":"Gabitel","url":"https:\/\/gabitel.net\/en\/","logo":{"@type":"ImageObject","inLanguage":"en-US","@id":"https:\/\/gabitel.net\/en\/#\/schema\/logo\/image\/","url":"https:\/\/gabitel.net\/wp-content\/uploads\/2025\/05\/logo_gabitel.jpg","contentUrl":"https:\/\/gabitel.net\/wp-content\/uploads\/2025\/05\/logo_gabitel.jpg","width":2560,"height":1330,"caption":"Gabitel"},"image":{"@id":"https:\/\/gabitel.net\/en\/#\/schema\/logo\/image\/"},"sameAs":["https:\/\/www.facebook.com\/gabitelingenieros\/","https:\/\/es.linkedin.com\/company\/gabitel-ingenieros"]},{"@type":"Person","@id":"https:\/\/gabitel.net\/en\/#\/schema\/person\/37ba53714c3fedb9c7d22f4bc781465c","name":"user.autor","url":"https:\/\/gabitel.net\/en\/author\/user-autor\/"}]}},"_links":{"self":[{"href":"https:\/\/gabitel.net\/en\/wp-json\/wp\/v2\/posts\/32866","targetHints":{"allow":["GET"]}}],"collection":[{"href":"https:\/\/gabitel.net\/en\/wp-json\/wp\/v2\/posts"}],"about":[{"href":"https:\/\/gabitel.net\/en\/wp-json\/wp\/v2\/types\/post"}],"author":[{"embeddable":true,"href":"https:\/\/gabitel.net\/en\/wp-json\/wp\/v2\/users\/3"}],"replies":[{"embeddable":true,"href":"https:\/\/gabitel.net\/en\/wp-json\/wp\/v2\/comments?post=32866"}],"version-history":[{"count":0,"href":"https:\/\/gabitel.net\/en\/wp-json\/wp\/v2\/posts\/32866\/revisions"}],"wp:featuredmedia":[{"embeddable":true,"href":"https:\/\/gabitel.net\/en\/wp-json\/wp\/v2\/media\/34639"}],"wp:attachment":[{"href":"https:\/\/gabitel.net\/en\/wp-json\/wp\/v2\/media?parent=32866"}],"wp:term":[{"taxonomy":"category","embeddable":true,"href":"https:\/\/gabitel.net\/en\/wp-json\/wp\/v2\/categories?post=32866"},{"taxonomy":"post_tag","embeddable":true,"href":"https:\/\/gabitel.net\/en\/wp-json\/wp\/v2\/tags?post=32866"}],"curies":[{"name":"wp","href":"https:\/\/api.w.org\/{rel}","templated":true}]}}