{"id":32878,"date":"2022-07-11T10:07:07","date_gmt":"2022-07-11T08:07:07","guid":{"rendered":"https:\/\/gabitel.net\/nuestro-equipo-entrevista-a-maria-jose-barroso\/"},"modified":"2022-07-11T10:07:07","modified_gmt":"2022-07-11T08:07:07","slug":"nuestro-equipo-entrevista-a-maria-jose-barroso","status":"publish","type":"post","link":"https:\/\/gabitel.net\/en\/nuestro-equipo-entrevista-a-maria-jose-barroso\/","title":{"rendered":"Nuestro equipo. Entrevista a Maria Jose Barroso"},"content":{"rendered":"<ul>\n<li style=\"text-align: justify;\"><strong>\u00bfNos podr\u00edas contar c\u00f3mo fueron tus inicios en Gabitel?<\/strong><\/li>\n<\/ul>\n<p style=\"text-align: justify;\">\n<p style=\"text-align: justify;\">Recuerdo que entr\u00e9 un martes, 8 de septiembre y hab\u00edan pocos compa\u00f1eros en la oficina porque la mayor\u00eda estaba teletrabajando, pero ah\u00ed estaban Laura y Alejandro, para darme la bienvenida y hacer que mis nervios se evaporasen poco a poco &#x1f603;. De eso hace dos a\u00f1os y les sigo estando agradecida.<\/p>\n<p style=\"text-align: justify;\">\n<ul style=\"text-align: justify;\">\n<li><strong>Como parte del Equipo del Departamento de Agroalimentaria, \u00bfqu\u00e9 tipo de proyectos llev\u00e1is a cabo y cu\u00e1l es tu especialidad?<\/strong><\/li>\n<\/ul>\n<p style=\"text-align: justify;\">\n<p style=\"text-align: justify;\">En el departamento de Agroalimentaria realizamos proyectos y direcciones de obra, coordinaciones de seguridad y salud, informes t\u00e9cnicos y medioambientales; c\u00e1lculos de estructuras y de instalaciones tanto de obras hidr\u00e1ulicas y civiles como de edificaciones, agroalimentarias, industriales y de otro tipo. \u00daltimamente, tambi\u00e9n realizamos proyectos de plantas fotovoltaicas. Yo, en concreto, redacto los documentos y hago los c\u00e1lculos que comprenden los proyectos de obras hidr\u00e1ulicas y civiles.<\/p>\n<p style=\"text-align: justify;\">\n<ul style=\"text-align: justify;\">\n<li><strong>A nivel profesional, \u00bfcu\u00e1l ha sido tu mayor reto en Gabitel?<\/strong><\/li>\n<\/ul>\n<p style=\"text-align: justify;\">\n<p style=\"text-align: justify;\">Uno de mis retos ha sido saber qui\u00e9n es qui\u00e9n en la oficina, ya que por el COVID no relacionaba nombre con caras \u00a0. Trabajar con mis compa\u00f1eros sin apenas conocerlos m\u00e1s que por v\u00eda telef\u00f3nica fue complicado al principio, aunque siempre tuve a compa\u00f1eros en la oficina que me explicaban qui\u00e9n era qui\u00e9n y su funci\u00f3n en la empresa &#x1f60a;<\/p>\n<p style=\"text-align: justify;\">\n<ul style=\"text-align: justify;\">\n<li><strong>\u00bfQu\u00e9 es lo que m\u00e1s valoras de estar trabajando en Gabitel?<\/strong><\/li>\n<\/ul>\n<p style=\"text-align: justify;\">\n<p style=\"text-align: justify;\">El equipo de personas con las que trabajo. \u00a1Son un equipazo!.<\/p>\n<p style=\"text-align: justify;\">\n<ul style=\"text-align: justify;\">\n<li><strong>Para conocerte un poco mejor, \u00bfpodr\u00edas compartir con nosotros algunas de tus aficiones o hobbies?<\/strong><\/li>\n<\/ul>\n<p style=\"text-align: justify;\">\n<p style=\"text-align: justify;\">Me encanta escuchar m\u00fasica, especialmente m\u00fasica indie, aunque \u00faltimamente escucho mucho Bad Bunny. Tambi\u00e9n me encanta cantar, aunque no se me da muy bien\u00a0 \u00a0. Me gusta mucho salir y disfrutar de la compa\u00f1\u00eda y del ambiente, sobre todo en los meses de primavera y verano<\/p>\n<p style=\"text-align: justify;\">\n<ul style=\"text-align: justify;\">\n<li><strong>Ah\u00ed va la pregunta enviada por nuestro compa\u00f1ero Fernando, que hizo la entrevista en el mes de junio: \u00bfAhora que llega el verano, podr\u00edas recomendar un buen lugar para hacer una escapada?<\/strong><\/li>\n<\/ul>\n<p style=\"text-align: justify;\">\n<p style=\"text-align: justify;\">Para una escapada en la sierra \u00a0recomiendo Cazorla. \u00a1Fuimos el a\u00f1o pasado y nos lo pasamos genial! Hicimos senderismo y rafting en un entorno natural incre\u00edble, paseamos por el pueblo (desde el castillo hay unas vistas preciosas), se pueden hacer excursiones para ver animales en medio de la naturaleza, hay muchos miradores donde disfrutar de las vistas y perder la noci\u00f3n del tiempo\u2026 Para una escapa de playa \u00a0recomiendo cualquier playa del Algarve de Portugal, hay unas playas con calas preciosas, aunque ojo con el agua \u00a1est\u00e1 congelada! \u00a0<\/p>\n<p style=\"text-align: justify;\"><strong>\u00a0<\/strong><\/p>\n<ul style=\"text-align: justify;\">\n<li><strong>Env\u00edale una pregunta al pr\u00f3ximo compa\u00f1ero que ser\u00e1 entrevistado.<\/strong><\/li>\n<\/ul>\n<p style=\"text-align: justify;\">\n<p style=\"text-align: justify;\">\u00bfA qu\u00e9 m\u00fasico\/a o banda te gustar\u00eda ver en directo?<\/p>\n<p style=\"text-align: justify;\">\n","protected":false},"excerpt":{"rendered":"<p>\u00bfNos podr\u00edas contar c\u00f3mo fueron tus inicios en Gabitel? Recuerdo que entr\u00e9 un martes, 8 de septiembre y hab\u00edan pocos compa\u00f1eros en la oficina porque la mayor\u00eda estaba teletrabajando, pero ah\u00ed estaban Laura y Alejandro, para darme la bienvenida y hacer que mis nervios se evaporasen poco a poco &#x1f603;. De eso hace dos a\u00f1os [&hellip;]<\/p>\n","protected":false},"author":3,"featured_media":34611,"comment_status":"closed","ping_status":"closed","sticky":false,"template":"","format":"standard","meta":{"content-type":"","footnotes":""},"categories":[601],"tags":[],"class_list":["post-32878","post","type-post","status-publish","format-standard","has-post-thumbnail","hentry","category-off-topic-en"],"yoast_head":"<!-- This site is optimized with the Yoast SEO plugin v27.5 - https:\/\/yoast.com\/product\/yoast-seo-wordpress\/ -->\n<title>Nuestro equipo. Entrevista a Maria Jose Barroso - Gabitel<\/title>\n<meta name=\"robots\" content=\"index, follow, max-snippet:-1, max-image-preview:large, max-video-preview:-1\" \/>\n<link rel=\"canonical\" href=\"https:\/\/gabitel.net\/en\/nuestro-equipo-entrevista-a-maria-jose-barroso\/\" \/>\n<meta property=\"og:locale\" content=\"en_US\" \/>\n<meta property=\"og:type\" content=\"article\" \/>\n<meta property=\"og:title\" content=\"Nuestro equipo. Entrevista a Maria Jose Barroso - Gabitel\" \/>\n<meta property=\"og:description\" content=\"\u00bfNos podr\u00edas contar c\u00f3mo fueron tus inicios en Gabitel? Recuerdo que entr\u00e9 un martes, 8 de septiembre y hab\u00edan pocos compa\u00f1eros en la oficina porque la mayor\u00eda estaba teletrabajando, pero ah\u00ed estaban Laura y Alejandro, para darme la bienvenida y hacer que mis nervios se evaporasen poco a poco &#x1f603;. De eso hace dos a\u00f1os [&hellip;]\" \/>\n<meta property=\"og:url\" content=\"https:\/\/gabitel.net\/en\/nuestro-equipo-entrevista-a-maria-jose-barroso\/\" \/>\n<meta property=\"og:site_name\" content=\"Gabitel\" \/>\n<meta property=\"article:publisher\" content=\"https:\/\/www.facebook.com\/gabitelingenieros\/\" \/>\n<meta property=\"article:published_time\" content=\"2022-07-11T08:07:07+00:00\" \/>\n<meta name=\"author\" content=\"user.autor\" \/>\n<meta name=\"twitter:card\" content=\"summary_large_image\" \/>\n<meta name=\"twitter:label1\" content=\"Written by\" \/>\n\t<meta name=\"twitter:data1\" content=\"user.autor\" \/>\n\t<meta name=\"twitter:label2\" content=\"Est. reading time\" \/>\n\t<meta name=\"twitter:data2\" content=\"2 minutes\" \/>\n<script type=\"application\/ld+json\" class=\"yoast-schema-graph\">{\"@context\":\"https:\\\/\\\/schema.org\",\"@graph\":[{\"@type\":[\"Article\",\"BlogPosting\"],\"@id\":\"https:\\\/\\\/gabitel.net\\\/en\\\/nuestro-equipo-entrevista-a-maria-jose-barroso\\\/#article\",\"isPartOf\":{\"@id\":\"https:\\\/\\\/gabitel.net\\\/en\\\/nuestro-equipo-entrevista-a-maria-jose-barroso\\\/\"},\"author\":{\"name\":\"user.autor\",\"@id\":\"https:\\\/\\\/gabitel.net\\\/en\\\/#\\\/schema\\\/person\\\/37ba53714c3fedb9c7d22f4bc781465c\"},\"headline\":\"Nuestro equipo. Entrevista a Maria Jose Barroso\",\"datePublished\":\"2022-07-11T08:07:07+00:00\",\"mainEntityOfPage\":{\"@id\":\"https:\\\/\\\/gabitel.net\\\/en\\\/nuestro-equipo-entrevista-a-maria-jose-barroso\\\/\"},\"wordCount\":490,\"publisher\":{\"@id\":\"https:\\\/\\\/gabitel.net\\\/en\\\/#organization\"},\"image\":{\"@id\":\"https:\\\/\\\/gabitel.net\\\/en\\\/nuestro-equipo-entrevista-a-maria-jose-barroso\\\/#primaryimage\"},\"thumbnailUrl\":\"https:\\\/\\\/gabitel.net\\\/wp-content\\\/uploads\\\/2022\\\/07\\\/maria-barroso-min.jpg\",\"articleSection\":[\"Off-topic\"],\"inLanguage\":\"en-US\"},{\"@type\":\"WebPage\",\"@id\":\"https:\\\/\\\/gabitel.net\\\/en\\\/nuestro-equipo-entrevista-a-maria-jose-barroso\\\/\",\"url\":\"https:\\\/\\\/gabitel.net\\\/en\\\/nuestro-equipo-entrevista-a-maria-jose-barroso\\\/\",\"name\":\"Nuestro equipo. Entrevista a Maria Jose Barroso - Gabitel\",\"isPartOf\":{\"@id\":\"https:\\\/\\\/gabitel.net\\\/en\\\/#website\"},\"primaryImageOfPage\":{\"@id\":\"https:\\\/\\\/gabitel.net\\\/en\\\/nuestro-equipo-entrevista-a-maria-jose-barroso\\\/#primaryimage\"},\"image\":{\"@id\":\"https:\\\/\\\/gabitel.net\\\/en\\\/nuestro-equipo-entrevista-a-maria-jose-barroso\\\/#primaryimage\"},\"thumbnailUrl\":\"https:\\\/\\\/gabitel.net\\\/wp-content\\\/uploads\\\/2022\\\/07\\\/maria-barroso-min.jpg\",\"datePublished\":\"2022-07-11T08:07:07+00:00\",\"breadcrumb\":{\"@id\":\"https:\\\/\\\/gabitel.net\\\/en\\\/nuestro-equipo-entrevista-a-maria-jose-barroso\\\/#breadcrumb\"},\"inLanguage\":\"en-US\",\"potentialAction\":[{\"@type\":\"ReadAction\",\"target\":[\"https:\\\/\\\/gabitel.net\\\/en\\\/nuestro-equipo-entrevista-a-maria-jose-barroso\\\/\"]}]},{\"@type\":\"ImageObject\",\"inLanguage\":\"en-US\",\"@id\":\"https:\\\/\\\/gabitel.net\\\/en\\\/nuestro-equipo-entrevista-a-maria-jose-barroso\\\/#primaryimage\",\"url\":\"https:\\\/\\\/gabitel.net\\\/wp-content\\\/uploads\\\/2022\\\/07\\\/maria-barroso-min.jpg\",\"contentUrl\":\"https:\\\/\\\/gabitel.net\\\/wp-content\\\/uploads\\\/2022\\\/07\\\/maria-barroso-min.jpg\",\"width\":980,\"height\":768,\"caption\":\"maria-barroso\"},{\"@type\":\"BreadcrumbList\",\"@id\":\"https:\\\/\\\/gabitel.net\\\/en\\\/nuestro-equipo-entrevista-a-maria-jose-barroso\\\/#breadcrumb\",\"itemListElement\":[{\"@type\":\"ListItem\",\"position\":1,\"name\":\"Portada\",\"item\":\"https:\\\/\\\/gabitel.net\\\/en\\\/\"},{\"@type\":\"ListItem\",\"position\":2,\"name\":\"Nuestro equipo. Entrevista a Maria Jose Barroso\"}]},{\"@type\":\"WebSite\",\"@id\":\"https:\\\/\\\/gabitel.net\\\/en\\\/#website\",\"url\":\"https:\\\/\\\/gabitel.net\\\/en\\\/\",\"name\":\"Gabitel\",\"description\":\"\",\"publisher\":{\"@id\":\"https:\\\/\\\/gabitel.net\\\/en\\\/#organization\"},\"potentialAction\":[{\"@type\":\"SearchAction\",\"target\":{\"@type\":\"EntryPoint\",\"urlTemplate\":\"https:\\\/\\\/gabitel.net\\\/en\\\/?s={search_term_string}\"},\"query-input\":{\"@type\":\"PropertyValueSpecification\",\"valueRequired\":true,\"valueName\":\"search_term_string\"}}],\"inLanguage\":\"en-US\"},{\"@type\":\"Organization\",\"@id\":\"https:\\\/\\\/gabitel.net\\\/en\\\/#organization\",\"name\":\"Gabitel\",\"url\":\"https:\\\/\\\/gabitel.net\\\/en\\\/\",\"logo\":{\"@type\":\"ImageObject\",\"inLanguage\":\"en-US\",\"@id\":\"https:\\\/\\\/gabitel.net\\\/en\\\/#\\\/schema\\\/logo\\\/image\\\/\",\"url\":\"https:\\\/\\\/gabitel.net\\\/wp-content\\\/uploads\\\/2025\\\/05\\\/logo_gabitel.jpg\",\"contentUrl\":\"https:\\\/\\\/gabitel.net\\\/wp-content\\\/uploads\\\/2025\\\/05\\\/logo_gabitel.jpg\",\"width\":2560,\"height\":1330,\"caption\":\"Gabitel\"},\"image\":{\"@id\":\"https:\\\/\\\/gabitel.net\\\/en\\\/#\\\/schema\\\/logo\\\/image\\\/\"},\"sameAs\":[\"https:\\\/\\\/www.facebook.com\\\/gabitelingenieros\\\/\",\"https:\\\/\\\/es.linkedin.com\\\/company\\\/gabitel-ingenieros\"]},{\"@type\":\"Person\",\"@id\":\"https:\\\/\\\/gabitel.net\\\/en\\\/#\\\/schema\\\/person\\\/37ba53714c3fedb9c7d22f4bc781465c\",\"name\":\"user.autor\",\"url\":\"https:\\\/\\\/gabitel.net\\\/en\\\/author\\\/user-autor\\\/\"}]}<\/script>\n<!-- \/ Yoast SEO plugin. -->","yoast_head_json":{"title":"Nuestro equipo. Entrevista a Maria Jose Barroso - Gabitel","robots":{"index":"index","follow":"follow","max-snippet":"max-snippet:-1","max-image-preview":"max-image-preview:large","max-video-preview":"max-video-preview:-1"},"canonical":"https:\/\/gabitel.net\/en\/nuestro-equipo-entrevista-a-maria-jose-barroso\/","og_locale":"en_US","og_type":"article","og_title":"Nuestro equipo. Entrevista a Maria Jose Barroso - Gabitel","og_description":"\u00bfNos podr\u00edas contar c\u00f3mo fueron tus inicios en Gabitel? Recuerdo que entr\u00e9 un martes, 8 de septiembre y hab\u00edan pocos compa\u00f1eros en la oficina porque la mayor\u00eda estaba teletrabajando, pero ah\u00ed estaban Laura y Alejandro, para darme la bienvenida y hacer que mis nervios se evaporasen poco a poco &#x1f603;. De eso hace dos a\u00f1os [&hellip;]","og_url":"https:\/\/gabitel.net\/en\/nuestro-equipo-entrevista-a-maria-jose-barroso\/","og_site_name":"Gabitel","article_publisher":"https:\/\/www.facebook.com\/gabitelingenieros\/","article_published_time":"2022-07-11T08:07:07+00:00","author":"user.autor","twitter_card":"summary_large_image","twitter_misc":{"Written by":"user.autor","Est. reading time":"2 minutes"},"schema":{"@context":"https:\/\/schema.org","@graph":[{"@type":["Article","BlogPosting"],"@id":"https:\/\/gabitel.net\/en\/nuestro-equipo-entrevista-a-maria-jose-barroso\/#article","isPartOf":{"@id":"https:\/\/gabitel.net\/en\/nuestro-equipo-entrevista-a-maria-jose-barroso\/"},"author":{"name":"user.autor","@id":"https:\/\/gabitel.net\/en\/#\/schema\/person\/37ba53714c3fedb9c7d22f4bc781465c"},"headline":"Nuestro equipo. Entrevista a Maria Jose Barroso","datePublished":"2022-07-11T08:07:07+00:00","mainEntityOfPage":{"@id":"https:\/\/gabitel.net\/en\/nuestro-equipo-entrevista-a-maria-jose-barroso\/"},"wordCount":490,"publisher":{"@id":"https:\/\/gabitel.net\/en\/#organization"},"image":{"@id":"https:\/\/gabitel.net\/en\/nuestro-equipo-entrevista-a-maria-jose-barroso\/#primaryimage"},"thumbnailUrl":"https:\/\/gabitel.net\/wp-content\/uploads\/2022\/07\/maria-barroso-min.jpg","articleSection":["Off-topic"],"inLanguage":"en-US"},{"@type":"WebPage","@id":"https:\/\/gabitel.net\/en\/nuestro-equipo-entrevista-a-maria-jose-barroso\/","url":"https:\/\/gabitel.net\/en\/nuestro-equipo-entrevista-a-maria-jose-barroso\/","name":"Nuestro equipo. Entrevista a Maria Jose Barroso - Gabitel","isPartOf":{"@id":"https:\/\/gabitel.net\/en\/#website"},"primaryImageOfPage":{"@id":"https:\/\/gabitel.net\/en\/nuestro-equipo-entrevista-a-maria-jose-barroso\/#primaryimage"},"image":{"@id":"https:\/\/gabitel.net\/en\/nuestro-equipo-entrevista-a-maria-jose-barroso\/#primaryimage"},"thumbnailUrl":"https:\/\/gabitel.net\/wp-content\/uploads\/2022\/07\/maria-barroso-min.jpg","datePublished":"2022-07-11T08:07:07+00:00","breadcrumb":{"@id":"https:\/\/gabitel.net\/en\/nuestro-equipo-entrevista-a-maria-jose-barroso\/#breadcrumb"},"inLanguage":"en-US","potentialAction":[{"@type":"ReadAction","target":["https:\/\/gabitel.net\/en\/nuestro-equipo-entrevista-a-maria-jose-barroso\/"]}]},{"@type":"ImageObject","inLanguage":"en-US","@id":"https:\/\/gabitel.net\/en\/nuestro-equipo-entrevista-a-maria-jose-barroso\/#primaryimage","url":"https:\/\/gabitel.net\/wp-content\/uploads\/2022\/07\/maria-barroso-min.jpg","contentUrl":"https:\/\/gabitel.net\/wp-content\/uploads\/2022\/07\/maria-barroso-min.jpg","width":980,"height":768,"caption":"maria-barroso"},{"@type":"BreadcrumbList","@id":"https:\/\/gabitel.net\/en\/nuestro-equipo-entrevista-a-maria-jose-barroso\/#breadcrumb","itemListElement":[{"@type":"ListItem","position":1,"name":"Portada","item":"https:\/\/gabitel.net\/en\/"},{"@type":"ListItem","position":2,"name":"Nuestro equipo. Entrevista a Maria Jose Barroso"}]},{"@type":"WebSite","@id":"https:\/\/gabitel.net\/en\/#website","url":"https:\/\/gabitel.net\/en\/","name":"Gabitel","description":"","publisher":{"@id":"https:\/\/gabitel.net\/en\/#organization"},"potentialAction":[{"@type":"SearchAction","target":{"@type":"EntryPoint","urlTemplate":"https:\/\/gabitel.net\/en\/?s={search_term_string}"},"query-input":{"@type":"PropertyValueSpecification","valueRequired":true,"valueName":"search_term_string"}}],"inLanguage":"en-US"},{"@type":"Organization","@id":"https:\/\/gabitel.net\/en\/#organization","name":"Gabitel","url":"https:\/\/gabitel.net\/en\/","logo":{"@type":"ImageObject","inLanguage":"en-US","@id":"https:\/\/gabitel.net\/en\/#\/schema\/logo\/image\/","url":"https:\/\/gabitel.net\/wp-content\/uploads\/2025\/05\/logo_gabitel.jpg","contentUrl":"https:\/\/gabitel.net\/wp-content\/uploads\/2025\/05\/logo_gabitel.jpg","width":2560,"height":1330,"caption":"Gabitel"},"image":{"@id":"https:\/\/gabitel.net\/en\/#\/schema\/logo\/image\/"},"sameAs":["https:\/\/www.facebook.com\/gabitelingenieros\/","https:\/\/es.linkedin.com\/company\/gabitel-ingenieros"]},{"@type":"Person","@id":"https:\/\/gabitel.net\/en\/#\/schema\/person\/37ba53714c3fedb9c7d22f4bc781465c","name":"user.autor","url":"https:\/\/gabitel.net\/en\/author\/user-autor\/"}]}},"_links":{"self":[{"href":"https:\/\/gabitel.net\/en\/wp-json\/wp\/v2\/posts\/32878","targetHints":{"allow":["GET"]}}],"collection":[{"href":"https:\/\/gabitel.net\/en\/wp-json\/wp\/v2\/posts"}],"about":[{"href":"https:\/\/gabitel.net\/en\/wp-json\/wp\/v2\/types\/post"}],"author":[{"embeddable":true,"href":"https:\/\/gabitel.net\/en\/wp-json\/wp\/v2\/users\/3"}],"replies":[{"embeddable":true,"href":"https:\/\/gabitel.net\/en\/wp-json\/wp\/v2\/comments?post=32878"}],"version-history":[{"count":0,"href":"https:\/\/gabitel.net\/en\/wp-json\/wp\/v2\/posts\/32878\/revisions"}],"wp:featuredmedia":[{"embeddable":true,"href":"https:\/\/gabitel.net\/en\/wp-json\/wp\/v2\/media\/34611"}],"wp:attachment":[{"href":"https:\/\/gabitel.net\/en\/wp-json\/wp\/v2\/media?parent=32878"}],"wp:term":[{"taxonomy":"category","embeddable":true,"href":"https:\/\/gabitel.net\/en\/wp-json\/wp\/v2\/categories?post=32878"},{"taxonomy":"post_tag","embeddable":true,"href":"https:\/\/gabitel.net\/en\/wp-json\/wp\/v2\/tags?post=32878"}],"curies":[{"name":"wp","href":"https:\/\/api.w.org\/{rel}","templated":true}]}}