{"id":32882,"date":"2022-07-07T09:11:54","date_gmt":"2022-07-07T07:11:54","guid":{"rendered":"https:\/\/gabitel.net\/reto-quien-sera-6\/"},"modified":"2022-07-07T09:11:54","modified_gmt":"2022-07-07T07:11:54","slug":"reto-quien-sera-6","status":"publish","type":"post","link":"https:\/\/gabitel.net\/en\/reto-quien-sera-6\/","title":{"rendered":"Reto: \u00bfQui\u00e9n ser\u00e1? 6"},"content":{"rendered":"<p style=\"text-align: justify;\">\u00bfC\u00f3mo habr\u00e1 resultado el reto del mes pasado?, \u00bfhabr\u00e1n sido muchos de los acertantes?, pues vamos a averiguarlo, \u00a1un total de 4 han acertado!<\/p>\n<p style=\"text-align: justify;\">Seguro que la \u00faltima pista os ayud\u00f3 para acertar de qui\u00e9n se trataba. EL ni\u00f1o de la foto del reto del mes pasado era nuestro compa\u00f1ero Daniel Mu\u00f1oz, t\u00e9cnico del Departamento de Redes de Distribuci\u00f3n.<\/p>\n<p style=\"text-align: justify;\">\u00a1Muchas gracias, Daniel, por tu participaci\u00f3n!<\/p>\n<p style=\"text-align: justify;\">\n<p style=\"text-align: justify;\">Y para este mes de Julio, tenemos a esta preciosa ni\u00f1a de cabellos dorados\u2026<\/p>\n<p><img decoding=\"async\" src=\"https:\/\/gabitelingenieros.com\/wp-content\/uploads\/2022\/07\/reto6-min.png\" alt=\"Reto: \u00bfQui\u00e9n ser\u00e1? | Gabitel Ingenieros\" \/><\/p>\n<p style=\"text-align: justify;\">A lo mejor estas pistas pueden ayudarte:<\/p>\n<ul>\n<li style=\"text-align: justify;\">Entre caminos, canales y puertos se desenvuelve por la oficina de Huelva<\/li>\n<li style=\"text-align: justify;\">Un derroche de arte del cual muchos de nosotros hemos sido testigos<\/li>\n<li style=\"text-align: justify;\">Pincha en el siguiente enlace, y ya seguro que con esta acierta&#x1f609;<\/li>\n<\/ul>\n<p><a href=\"https:\/\/www.youtube.com\/watch?v=DMQP4Gz8PGo\">https:\/\/www.youtube.com\/watch?v=DMQP4Gz8PGo<\/a><\/p>\n[qsm quiz=13]\n","protected":false},"excerpt":{"rendered":"<p>\u00bfC\u00f3mo habr\u00e1 resultado el reto del mes pasado?, \u00bfhabr\u00e1n sido muchos de los acertantes?, pues vamos a averiguarlo, \u00a1un total de 4 han acertado! Seguro que la \u00faltima pista os ayud\u00f3 para acertar de qui\u00e9n se trataba. EL ni\u00f1o de la foto del reto del mes pasado era nuestro compa\u00f1ero Daniel Mu\u00f1oz, t\u00e9cnico del Departamento [&hellip;]<\/p>\n","protected":false},"author":3,"featured_media":0,"comment_status":"closed","ping_status":"closed","sticky":false,"template":"","format":"standard","meta":{"content-type":"","footnotes":""},"categories":[601],"tags":[],"class_list":["post-32882","post","type-post","status-publish","format-standard","hentry","category-off-topic-en"],"yoast_head":"<!-- This site is optimized with the Yoast SEO plugin v27.5 - https:\/\/yoast.com\/product\/yoast-seo-wordpress\/ -->\n<title>Reto: \u00bfQui\u00e9n ser\u00e1? 6 - Gabitel<\/title>\n<meta name=\"robots\" content=\"index, follow, max-snippet:-1, max-image-preview:large, max-video-preview:-1\" \/>\n<link rel=\"canonical\" href=\"https:\/\/gabitel.net\/en\/reto-quien-sera-6\/\" \/>\n<meta property=\"og:locale\" content=\"en_US\" \/>\n<meta property=\"og:type\" content=\"article\" \/>\n<meta property=\"og:title\" content=\"Reto: \u00bfQui\u00e9n ser\u00e1? 6 - Gabitel\" \/>\n<meta property=\"og:description\" content=\"\u00bfC\u00f3mo habr\u00e1 resultado el reto del mes pasado?, \u00bfhabr\u00e1n sido muchos de los acertantes?, pues vamos a averiguarlo, \u00a1un total de 4 han acertado! Seguro que la \u00faltima pista os ayud\u00f3 para acertar de qui\u00e9n se trataba. EL ni\u00f1o de la foto del reto del mes pasado era nuestro compa\u00f1ero Daniel Mu\u00f1oz, t\u00e9cnico del Departamento [&hellip;]\" \/>\n<meta property=\"og:url\" content=\"https:\/\/gabitel.net\/en\/reto-quien-sera-6\/\" \/>\n<meta property=\"og:site_name\" content=\"Gabitel\" \/>\n<meta property=\"article:publisher\" content=\"https:\/\/www.facebook.com\/gabitelingenieros\/\" \/>\n<meta property=\"article:published_time\" content=\"2022-07-07T07:11:54+00:00\" \/>\n<meta property=\"og:image\" content=\"https:\/\/gabitelingenieros.com\/wp-content\/uploads\/2022\/07\/reto6-min.png\" \/>\n<meta name=\"author\" content=\"user.autor\" \/>\n<meta name=\"twitter:card\" content=\"summary_large_image\" \/>\n<meta name=\"twitter:label1\" content=\"Written by\" \/>\n\t<meta name=\"twitter:data1\" content=\"user.autor\" \/>\n\t<meta name=\"twitter:label2\" content=\"Est. reading time\" \/>\n\t<meta name=\"twitter:data2\" content=\"1 minute\" \/>\n<script type=\"application\/ld+json\" class=\"yoast-schema-graph\">{\"@context\":\"https:\\\/\\\/schema.org\",\"@graph\":[{\"@type\":[\"Article\",\"BlogPosting\"],\"@id\":\"https:\\\/\\\/gabitel.net\\\/en\\\/reto-quien-sera-6\\\/#article\",\"isPartOf\":{\"@id\":\"https:\\\/\\\/gabitel.net\\\/en\\\/reto-quien-sera-6\\\/\"},\"author\":{\"name\":\"user.autor\",\"@id\":\"https:\\\/\\\/gabitel.net\\\/en\\\/#\\\/schema\\\/person\\\/37ba53714c3fedb9c7d22f4bc781465c\"},\"headline\":\"Reto: \u00bfQui\u00e9n ser\u00e1? 6\",\"datePublished\":\"2022-07-07T07:11:54+00:00\",\"mainEntityOfPage\":{\"@id\":\"https:\\\/\\\/gabitel.net\\\/en\\\/reto-quien-sera-6\\\/\"},\"wordCount\":148,\"publisher\":{\"@id\":\"https:\\\/\\\/gabitel.net\\\/en\\\/#organization\"},\"image\":{\"@id\":\"https:\\\/\\\/gabitel.net\\\/en\\\/reto-quien-sera-6\\\/#primaryimage\"},\"thumbnailUrl\":\"https:\\\/\\\/gabitelingenieros.com\\\/wp-content\\\/uploads\\\/2022\\\/07\\\/reto6-min.png\",\"articleSection\":[\"Off-topic\"],\"inLanguage\":\"en-US\"},{\"@type\":\"WebPage\",\"@id\":\"https:\\\/\\\/gabitel.net\\\/en\\\/reto-quien-sera-6\\\/\",\"url\":\"https:\\\/\\\/gabitel.net\\\/en\\\/reto-quien-sera-6\\\/\",\"name\":\"Reto: \u00bfQui\u00e9n ser\u00e1? 6 - Gabitel\",\"isPartOf\":{\"@id\":\"https:\\\/\\\/gabitel.net\\\/en\\\/#website\"},\"primaryImageOfPage\":{\"@id\":\"https:\\\/\\\/gabitel.net\\\/en\\\/reto-quien-sera-6\\\/#primaryimage\"},\"image\":{\"@id\":\"https:\\\/\\\/gabitel.net\\\/en\\\/reto-quien-sera-6\\\/#primaryimage\"},\"thumbnailUrl\":\"https:\\\/\\\/gabitelingenieros.com\\\/wp-content\\\/uploads\\\/2022\\\/07\\\/reto6-min.png\",\"datePublished\":\"2022-07-07T07:11:54+00:00\",\"breadcrumb\":{\"@id\":\"https:\\\/\\\/gabitel.net\\\/en\\\/reto-quien-sera-6\\\/#breadcrumb\"},\"inLanguage\":\"en-US\",\"potentialAction\":[{\"@type\":\"ReadAction\",\"target\":[\"https:\\\/\\\/gabitel.net\\\/en\\\/reto-quien-sera-6\\\/\"]}]},{\"@type\":\"ImageObject\",\"inLanguage\":\"en-US\",\"@id\":\"https:\\\/\\\/gabitel.net\\\/en\\\/reto-quien-sera-6\\\/#primaryimage\",\"url\":\"https:\\\/\\\/gabitelingenieros.com\\\/wp-content\\\/uploads\\\/2022\\\/07\\\/reto6-min.png\",\"contentUrl\":\"https:\\\/\\\/gabitelingenieros.com\\\/wp-content\\\/uploads\\\/2022\\\/07\\\/reto6-min.png\"},{\"@type\":\"BreadcrumbList\",\"@id\":\"https:\\\/\\\/gabitel.net\\\/en\\\/reto-quien-sera-6\\\/#breadcrumb\",\"itemListElement\":[{\"@type\":\"ListItem\",\"position\":1,\"name\":\"Portada\",\"item\":\"https:\\\/\\\/gabitel.net\\\/en\\\/\"},{\"@type\":\"ListItem\",\"position\":2,\"name\":\"Reto: \u00bfQui\u00e9n ser\u00e1? 6\"}]},{\"@type\":\"WebSite\",\"@id\":\"https:\\\/\\\/gabitel.net\\\/en\\\/#website\",\"url\":\"https:\\\/\\\/gabitel.net\\\/en\\\/\",\"name\":\"Gabitel\",\"description\":\"\",\"publisher\":{\"@id\":\"https:\\\/\\\/gabitel.net\\\/en\\\/#organization\"},\"potentialAction\":[{\"@type\":\"SearchAction\",\"target\":{\"@type\":\"EntryPoint\",\"urlTemplate\":\"https:\\\/\\\/gabitel.net\\\/en\\\/?s={search_term_string}\"},\"query-input\":{\"@type\":\"PropertyValueSpecification\",\"valueRequired\":true,\"valueName\":\"search_term_string\"}}],\"inLanguage\":\"en-US\"},{\"@type\":\"Organization\",\"@id\":\"https:\\\/\\\/gabitel.net\\\/en\\\/#organization\",\"name\":\"Gabitel\",\"url\":\"https:\\\/\\\/gabitel.net\\\/en\\\/\",\"logo\":{\"@type\":\"ImageObject\",\"inLanguage\":\"en-US\",\"@id\":\"https:\\\/\\\/gabitel.net\\\/en\\\/#\\\/schema\\\/logo\\\/image\\\/\",\"url\":\"https:\\\/\\\/gabitel.net\\\/wp-content\\\/uploads\\\/2025\\\/05\\\/logo_gabitel.jpg\",\"contentUrl\":\"https:\\\/\\\/gabitel.net\\\/wp-content\\\/uploads\\\/2025\\\/05\\\/logo_gabitel.jpg\",\"width\":2560,\"height\":1330,\"caption\":\"Gabitel\"},\"image\":{\"@id\":\"https:\\\/\\\/gabitel.net\\\/en\\\/#\\\/schema\\\/logo\\\/image\\\/\"},\"sameAs\":[\"https:\\\/\\\/www.facebook.com\\\/gabitelingenieros\\\/\",\"https:\\\/\\\/es.linkedin.com\\\/company\\\/gabitel-ingenieros\"]},{\"@type\":\"Person\",\"@id\":\"https:\\\/\\\/gabitel.net\\\/en\\\/#\\\/schema\\\/person\\\/37ba53714c3fedb9c7d22f4bc781465c\",\"name\":\"user.autor\",\"url\":\"https:\\\/\\\/gabitel.net\\\/en\\\/author\\\/user-autor\\\/\"}]}<\/script>\n<!-- \/ Yoast SEO plugin. -->","yoast_head_json":{"title":"Reto: \u00bfQui\u00e9n ser\u00e1? 6 - Gabitel","robots":{"index":"index","follow":"follow","max-snippet":"max-snippet:-1","max-image-preview":"max-image-preview:large","max-video-preview":"max-video-preview:-1"},"canonical":"https:\/\/gabitel.net\/en\/reto-quien-sera-6\/","og_locale":"en_US","og_type":"article","og_title":"Reto: \u00bfQui\u00e9n ser\u00e1? 6 - Gabitel","og_description":"\u00bfC\u00f3mo habr\u00e1 resultado el reto del mes pasado?, \u00bfhabr\u00e1n sido muchos de los acertantes?, pues vamos a averiguarlo, \u00a1un total de 4 han acertado! Seguro que la \u00faltima pista os ayud\u00f3 para acertar de qui\u00e9n se trataba. EL ni\u00f1o de la foto del reto del mes pasado era nuestro compa\u00f1ero Daniel Mu\u00f1oz, t\u00e9cnico del Departamento [&hellip;]","og_url":"https:\/\/gabitel.net\/en\/reto-quien-sera-6\/","og_site_name":"Gabitel","article_publisher":"https:\/\/www.facebook.com\/gabitelingenieros\/","article_published_time":"2022-07-07T07:11:54+00:00","og_image":[{"url":"https:\/\/gabitelingenieros.com\/wp-content\/uploads\/2022\/07\/reto6-min.png","type":"","width":"","height":""}],"author":"user.autor","twitter_card":"summary_large_image","twitter_misc":{"Written by":"user.autor","Est. reading time":"1 minute"},"schema":{"@context":"https:\/\/schema.org","@graph":[{"@type":["Article","BlogPosting"],"@id":"https:\/\/gabitel.net\/en\/reto-quien-sera-6\/#article","isPartOf":{"@id":"https:\/\/gabitel.net\/en\/reto-quien-sera-6\/"},"author":{"name":"user.autor","@id":"https:\/\/gabitel.net\/en\/#\/schema\/person\/37ba53714c3fedb9c7d22f4bc781465c"},"headline":"Reto: \u00bfQui\u00e9n ser\u00e1? 6","datePublished":"2022-07-07T07:11:54+00:00","mainEntityOfPage":{"@id":"https:\/\/gabitel.net\/en\/reto-quien-sera-6\/"},"wordCount":148,"publisher":{"@id":"https:\/\/gabitel.net\/en\/#organization"},"image":{"@id":"https:\/\/gabitel.net\/en\/reto-quien-sera-6\/#primaryimage"},"thumbnailUrl":"https:\/\/gabitelingenieros.com\/wp-content\/uploads\/2022\/07\/reto6-min.png","articleSection":["Off-topic"],"inLanguage":"en-US"},{"@type":"WebPage","@id":"https:\/\/gabitel.net\/en\/reto-quien-sera-6\/","url":"https:\/\/gabitel.net\/en\/reto-quien-sera-6\/","name":"Reto: \u00bfQui\u00e9n ser\u00e1? 6 - Gabitel","isPartOf":{"@id":"https:\/\/gabitel.net\/en\/#website"},"primaryImageOfPage":{"@id":"https:\/\/gabitel.net\/en\/reto-quien-sera-6\/#primaryimage"},"image":{"@id":"https:\/\/gabitel.net\/en\/reto-quien-sera-6\/#primaryimage"},"thumbnailUrl":"https:\/\/gabitelingenieros.com\/wp-content\/uploads\/2022\/07\/reto6-min.png","datePublished":"2022-07-07T07:11:54+00:00","breadcrumb":{"@id":"https:\/\/gabitel.net\/en\/reto-quien-sera-6\/#breadcrumb"},"inLanguage":"en-US","potentialAction":[{"@type":"ReadAction","target":["https:\/\/gabitel.net\/en\/reto-quien-sera-6\/"]}]},{"@type":"ImageObject","inLanguage":"en-US","@id":"https:\/\/gabitel.net\/en\/reto-quien-sera-6\/#primaryimage","url":"https:\/\/gabitelingenieros.com\/wp-content\/uploads\/2022\/07\/reto6-min.png","contentUrl":"https:\/\/gabitelingenieros.com\/wp-content\/uploads\/2022\/07\/reto6-min.png"},{"@type":"BreadcrumbList","@id":"https:\/\/gabitel.net\/en\/reto-quien-sera-6\/#breadcrumb","itemListElement":[{"@type":"ListItem","position":1,"name":"Portada","item":"https:\/\/gabitel.net\/en\/"},{"@type":"ListItem","position":2,"name":"Reto: \u00bfQui\u00e9n ser\u00e1? 6"}]},{"@type":"WebSite","@id":"https:\/\/gabitel.net\/en\/#website","url":"https:\/\/gabitel.net\/en\/","name":"Gabitel","description":"","publisher":{"@id":"https:\/\/gabitel.net\/en\/#organization"},"potentialAction":[{"@type":"SearchAction","target":{"@type":"EntryPoint","urlTemplate":"https:\/\/gabitel.net\/en\/?s={search_term_string}"},"query-input":{"@type":"PropertyValueSpecification","valueRequired":true,"valueName":"search_term_string"}}],"inLanguage":"en-US"},{"@type":"Organization","@id":"https:\/\/gabitel.net\/en\/#organization","name":"Gabitel","url":"https:\/\/gabitel.net\/en\/","logo":{"@type":"ImageObject","inLanguage":"en-US","@id":"https:\/\/gabitel.net\/en\/#\/schema\/logo\/image\/","url":"https:\/\/gabitel.net\/wp-content\/uploads\/2025\/05\/logo_gabitel.jpg","contentUrl":"https:\/\/gabitel.net\/wp-content\/uploads\/2025\/05\/logo_gabitel.jpg","width":2560,"height":1330,"caption":"Gabitel"},"image":{"@id":"https:\/\/gabitel.net\/en\/#\/schema\/logo\/image\/"},"sameAs":["https:\/\/www.facebook.com\/gabitelingenieros\/","https:\/\/es.linkedin.com\/company\/gabitel-ingenieros"]},{"@type":"Person","@id":"https:\/\/gabitel.net\/en\/#\/schema\/person\/37ba53714c3fedb9c7d22f4bc781465c","name":"user.autor","url":"https:\/\/gabitel.net\/en\/author\/user-autor\/"}]}},"_links":{"self":[{"href":"https:\/\/gabitel.net\/en\/wp-json\/wp\/v2\/posts\/32882","targetHints":{"allow":["GET"]}}],"collection":[{"href":"https:\/\/gabitel.net\/en\/wp-json\/wp\/v2\/posts"}],"about":[{"href":"https:\/\/gabitel.net\/en\/wp-json\/wp\/v2\/types\/post"}],"author":[{"embeddable":true,"href":"https:\/\/gabitel.net\/en\/wp-json\/wp\/v2\/users\/3"}],"replies":[{"embeddable":true,"href":"https:\/\/gabitel.net\/en\/wp-json\/wp\/v2\/comments?post=32882"}],"version-history":[{"count":0,"href":"https:\/\/gabitel.net\/en\/wp-json\/wp\/v2\/posts\/32882\/revisions"}],"wp:attachment":[{"href":"https:\/\/gabitel.net\/en\/wp-json\/wp\/v2\/media?parent=32882"}],"wp:term":[{"taxonomy":"category","embeddable":true,"href":"https:\/\/gabitel.net\/en\/wp-json\/wp\/v2\/categories?post=32882"},{"taxonomy":"post_tag","embeddable":true,"href":"https:\/\/gabitel.net\/en\/wp-json\/wp\/v2\/tags?post=32882"}],"curies":[{"name":"wp","href":"https:\/\/api.w.org\/{rel}","templated":true}]}}