{"id":32884,"date":"2022-06-30T09:29:45","date_gmt":"2022-06-30T07:29:45","guid":{"rendered":"https:\/\/gabitel.net\/cumpleanos-del-mes-de-julio\/"},"modified":"2022-06-30T09:29:45","modified_gmt":"2022-06-30T07:29:45","slug":"cumpleanos-del-mes-de-julio","status":"publish","type":"post","link":"https:\/\/gabitel.net\/en\/cumpleanos-del-mes-de-julio\/","title":{"rendered":"Cumplea\u00f1os del mes de Julio"},"content":{"rendered":"<p style=\"text-align: justify;\">Muchas felicidades a todos l@s compa\u00f1er@s que en este mes de junio suman un a\u00f1o m\u00e1s a sus vidas. Os deseamos que pod\u00e1is disfrutar de vuestro d\u00eda y se cumplan todos vuestros prop\u00f3sitos e ilusiones puestas en este nuevo a\u00f1o que os llega &#x1f60a;.<\/p>\n<p><img decoding=\"async\" src=\"https:\/\/gabitelingenieros.com\/wp-content\/uploads\/2021\/05\/miguel-angel-caro-min.jpg\" alt=\"Cumplea\u00f1os del mes | Gabitel Ingenieros\" \/><\/p>\n<p style=\"text-align: center;\">Miguel \u00c1ngel Caro<\/p>\n<p style=\"text-align: center;\"><strong>1 de julio<\/strong><\/p>\n<p><img decoding=\"async\" src=\"https:\/\/gabitelingenieros.com\/wp-content\/uploads\/2021\/05\/jose-ignacio-velasco-min.jpg\" alt=\"Cumplea\u00f1os del mes | Gabitel Ingenieros\" \/><\/p>\n<p style=\"text-align: center;\">Jos\u00e9 Ignacio Velasco<\/p>\n<p style=\"text-align: center;\"><strong>1 de julio<\/strong><\/p>\n<p><img decoding=\"async\" src=\"https:\/\/gabitelingenieros.com\/wp-content\/uploads\/2021\/11\/federico-forero-min.jpg\" alt=\"Cumplea\u00f1os del mes | Gabitel Ingenieros\" \/><\/p>\n<p style=\"text-align: center;\">Federico Forero<\/p>\n<p style=\"text-align: center;\"><strong>4 de julio<\/strong><\/p>\n<p><img decoding=\"async\" src=\"https:\/\/gabitelingenieros.com\/wp-content\/uploads\/2021\/07\/carmen-cerro-min.jpg\" alt=\"Cumplea\u00f1os del mes | Gabitel Ingenieros\" \/><\/p>\n<p style=\"text-align: center;\">Carmen Cerro<\/p>\n<p style=\"text-align: center;\"><strong>7 de julio<\/strong><\/p>\n<p><img decoding=\"async\" src=\"https:\/\/gabitelingenieros.com\/wp-content\/uploads\/2022\/05\/ana-campos-min.jpg\" alt=\"Cumplea\u00f1os del mes | Gabitel Ingenieros\" \/><\/p>\n<p style=\"text-align: center;\">Ana Campos<\/p>\n<p style=\"text-align: center;\"><strong>7 de julio<\/strong><\/p>\n<p><img decoding=\"async\" src=\"https:\/\/gabitelingenieros.com\/wp-content\/uploads\/2021\/07\/marta-gomez-min.png\" alt=\"Cumplea\u00f1os del mes | Gabitel Ingenieros\" \/><\/p>\n<p style=\"text-align: center;\">Marta G\u00f3mez<\/p>\n<p style=\"text-align: center;\"><strong>7 de jul<\/strong><strong>io<\/strong><\/p>\n<p><img decoding=\"async\" src=\"https:\/\/gabitelingenieros.com\/wp-content\/uploads\/2021\/05\/daniel-munoz-min.jpg\" alt=\"Cumplea\u00f1os del mes | Gabitel Ingenieros\" \/><\/p>\n<p style=\"text-align: center;\">Daniel Mu\u00f1oz<\/p>\n<p style=\"text-align: center;\"><strong>7 de julio<\/strong><\/p>\n<p><img decoding=\"async\" src=\"https:\/\/gabitelingenieros.com\/wp-content\/uploads\/2021\/11\/marta-caceres-min.jpg\" alt=\"Cumplea\u00f1os del mes | Gabitel Ingenieros\" \/><\/p>\n<p style=\"text-align: center;\">Marta C\u00e1ceres<\/p>\n<p style=\"text-align: center;\"><strong>8 de julio<\/strong><\/p>\n<p><img decoding=\"async\" src=\"https:\/\/gabitelingenieros.com\/wp-content\/uploads\/2021\/05\/maria-gavira-min.jpg\" alt=\"Cumplea\u00f1os del mes | Gabitel Ingenieros\" \/><\/p>\n<p style=\"text-align: center;\">Mar\u00eda del Carmen Gavira<\/p>\n<p style=\"text-align: center;\"><strong>10 de julio<\/strong><\/p>\n<p><img decoding=\"async\" src=\"https:\/\/gabitelingenieros.com\/wp-content\/uploads\/2021\/05\/raul-cruz-min.png\" alt=\"Cumplea\u00f1os del mes | Gabitel Ingenieros\" \/><\/p>\n<p style=\"text-align: center;\">Ra\u00fal Cruz<\/p>\n<p style=\"text-align: center;\"><strong>13 de julio<\/strong><\/p>\n<p><img decoding=\"async\" src=\"https:\/\/gabitelingenieros.com\/wp-content\/uploads\/2021\/05\/teresa-vazquez-min.jpg\" alt=\"Cumplea\u00f1os del mes | Gabitel Ingenieros\" \/><\/p>\n<p style=\"text-align: center;\">Teresa V\u00e1zquez<\/p>\n<p style=\"text-align: center;\"><strong>17 de julio<\/strong><\/p>\n<p><img decoding=\"async\" src=\"https:\/\/gabitelingenieros.com\/wp-content\/uploads\/2021\/10\/ADRIAN-SANCHEZ-min.png\" alt=\"Cumplea\u00f1os del mes | Gabitel Ingenieros\" \/><\/p>\n<p style=\"text-align: center;\">Adri\u00e1n S\u00e1nchez<\/p>\n<p style=\"text-align: center;\"><strong>18 de julio<\/strong><\/p>\n<p><img decoding=\"async\" src=\"https:\/\/gabitelingenieros.com\/wp-content\/uploads\/2021\/05\/ricardo-ferrer-min.jpg\" alt=\"Cumplea\u00f1os del mes | Gabitel Ingenieros\" \/><\/p>\n<p style=\"text-align: center;\">Ricardo Ferrer<\/p>\n<p style=\"text-align: center;\"><strong>18 de julio<\/strong><\/p>\n<p><img decoding=\"async\" src=\"https:\/\/gabitelingenieros.com\/wp-content\/uploads\/2021\/05\/jose-maria-romero-min.jpg\" alt=\"Cumplea\u00f1os del mes | Gabitel Ingenieros\" \/><\/p>\n<p style=\"text-align: center;\">Jos\u00e9 Mar\u00eda Romero<\/p>\n<p style=\"text-align: center;\"><strong>26 de julio<\/strong><\/p>\n<p><img decoding=\"async\" src=\"https:\/\/gabitelingenieros.com\/wp-content\/uploads\/2021\/07\/isaias-brito-min.jpg\" alt=\"Cumplea\u00f1os del mes | Gabitel Ingenieros\" \/><\/p>\n<p style=\"text-align: center;\">Isa\u00edas Garc\u00eda<\/p>\n<p style=\"text-align: center;\"><strong>31 de julio<\/strong><\/p>\n<p><img decoding=\"async\" src=\"https:\/\/gabitelingenieros.com\/wp-content\/uploads\/2021\/06\/11_Adrian-Rodriguez.jpg\" alt=\"Cumplea\u00f1os del mes | Gabitel Ingenieros\" \/><\/p>\n<p style=\"text-align: center;\">Adri\u00e1n Rodr\u00edguez<\/p>\n<p style=\"text-align: center;\"><strong>29 de junio<\/strong><\/p>\n<p><img decoding=\"async\" src=\"https:\/\/gabitelingenieros.com\/wp-content\/uploads\/2021\/06\/12_Paco-Camero.png\" alt=\"Cumplea\u00f1os del mes | Gabitel Ingenieros\" \/><\/p>\n<p style=\"text-align: center;\">Paco Camero<\/p>\n<p style=\"text-align: center;\"><strong>30 de junio<\/strong><\/p>\n<p><strong>Celebremos seguir compartiendo con nosotros grandes momentos de vuestras vidas y crucemos los dedos para que todos vuestros deseos puestos en este nuevo a\u00f1o que cumpl\u00eds se hagan realidad <\/strong><strong>&#x1f60a;<\/strong>.<\/p>\n<p><strong>Jos\u00e9 Ignacio Velasco:<\/strong><em> \u201cDeseo que sigamos teniendo este buen ambiente que tenemos de trabajo y la amistad que hemos cosechado\u201d<\/em><\/p>\n<p><strong>Ana Campos:<\/strong><em> \u201cMi deseo es poder disfrutar de los m\u00edos todo el tiempo posible.\u201d<\/em><\/p>\n<p><strong>Daniel Mu\u00f1oz:<\/strong><em> \u201cMi deseo es seguir creciendo en el trabajo y en la vida y nunca rendirme ante nada.\u201d<\/em><\/p>\n<p><strong>Mar\u00eda del Carmen Gavira:<\/strong><em> \u201cMe gustar\u00eda tener un a\u00f1o donde no falte la salud, el trabajo y el amor de mi familia\u201d<\/em><\/p>\n<p><strong>Jos\u00e9 Mar\u00eda Romero:<\/strong><em> \u201cMucha salud para todo el equipo Gabitel\u201d<\/em><\/p>\n<p><strong>Isa\u00edas Garc\u00eda:<\/strong><em> \u201cVolver a disfrutar de las peque\u00f1as cosas que nos da la vida y volver a retomar mi Hobby\u201d<\/em><\/p>\n","protected":false},"excerpt":{"rendered":"<p>Muchas felicidades a todos l@s compa\u00f1er@s que en este mes de junio suman un a\u00f1o m\u00e1s a sus vidas. Os deseamos que pod\u00e1is disfrutar de vuestro d\u00eda y se cumplan todos vuestros prop\u00f3sitos e ilusiones puestas en este nuevo a\u00f1o que os llega &#x1f60a;. Miguel \u00c1ngel Caro 1 de julio Jos\u00e9 Ignacio Velasco 1 de [&hellip;]<\/p>\n","protected":false},"author":3,"featured_media":34025,"comment_status":"closed","ping_status":"closed","sticky":false,"template":"","format":"standard","meta":{"content-type":"","footnotes":""},"categories":[601],"tags":[],"class_list":["post-32884","post","type-post","status-publish","format-standard","has-post-thumbnail","hentry","category-off-topic-en"],"yoast_head":"<!-- This site is optimized with the Yoast SEO plugin v27.5 - https:\/\/yoast.com\/product\/yoast-seo-wordpress\/ -->\n<title>Cumplea\u00f1os del mes de Julio - Gabitel<\/title>\n<meta name=\"robots\" content=\"index, follow, max-snippet:-1, max-image-preview:large, max-video-preview:-1\" \/>\n<link rel=\"canonical\" href=\"https:\/\/gabitel.net\/en\/cumpleanos-del-mes-de-julio\/\" \/>\n<meta property=\"og:locale\" content=\"en_US\" \/>\n<meta property=\"og:type\" content=\"article\" \/>\n<meta property=\"og:title\" content=\"Cumplea\u00f1os del mes de Julio - Gabitel\" \/>\n<meta property=\"og:description\" content=\"Muchas felicidades a todos l@s compa\u00f1er@s que en este mes de junio suman un a\u00f1o m\u00e1s a sus vidas. Os deseamos que pod\u00e1is disfrutar de vuestro d\u00eda y se cumplan todos vuestros prop\u00f3sitos e ilusiones puestas en este nuevo a\u00f1o que os llega &#x1f60a;. Miguel \u00c1ngel Caro 1 de julio Jos\u00e9 Ignacio Velasco 1 de [&hellip;]\" \/>\n<meta property=\"og:url\" content=\"https:\/\/gabitel.net\/en\/cumpleanos-del-mes-de-julio\/\" \/>\n<meta property=\"og:site_name\" content=\"Gabitel\" \/>\n<meta property=\"article:publisher\" content=\"https:\/\/www.facebook.com\/gabitelingenieros\/\" \/>\n<meta property=\"article:published_time\" content=\"2022-06-30T07:29:45+00:00\" \/>\n<meta property=\"og:image\" content=\"https:\/\/gabitelingenieros.com\/wp-content\/uploads\/2021\/05\/miguel-angel-caro-min.jpg\" \/>\n<meta name=\"author\" content=\"user.autor\" \/>\n<meta name=\"twitter:card\" content=\"summary_large_image\" \/>\n<meta name=\"twitter:label1\" content=\"Written by\" \/>\n\t<meta name=\"twitter:data1\" content=\"user.autor\" \/>\n\t<meta name=\"twitter:label2\" content=\"Est. reading time\" \/>\n\t<meta name=\"twitter:data2\" content=\"1 minute\" \/>\n<script type=\"application\/ld+json\" class=\"yoast-schema-graph\">{\"@context\":\"https:\\\/\\\/schema.org\",\"@graph\":[{\"@type\":[\"Article\",\"BlogPosting\"],\"@id\":\"https:\\\/\\\/gabitel.net\\\/en\\\/cumpleanos-del-mes-de-julio\\\/#article\",\"isPartOf\":{\"@id\":\"https:\\\/\\\/gabitel.net\\\/en\\\/cumpleanos-del-mes-de-julio\\\/\"},\"author\":{\"name\":\"user.autor\",\"@id\":\"https:\\\/\\\/gabitel.net\\\/en\\\/#\\\/schema\\\/person\\\/37ba53714c3fedb9c7d22f4bc781465c\"},\"headline\":\"Cumplea\u00f1os del mes de Julio\",\"datePublished\":\"2022-06-30T07:29:45+00:00\",\"mainEntityOfPage\":{\"@id\":\"https:\\\/\\\/gabitel.net\\\/en\\\/cumpleanos-del-mes-de-julio\\\/\"},\"wordCount\":296,\"publisher\":{\"@id\":\"https:\\\/\\\/gabitel.net\\\/en\\\/#organization\"},\"image\":{\"@id\":\"https:\\\/\\\/gabitel.net\\\/en\\\/cumpleanos-del-mes-de-julio\\\/#primaryimage\"},\"thumbnailUrl\":\"https:\\\/\\\/gabitel.net\\\/wp-content\\\/uploads\\\/2021\\\/07\\\/FELIZ-CUMPLEANOS-min.jpg\",\"articleSection\":[\"Off-topic\"],\"inLanguage\":\"en-US\"},{\"@type\":\"WebPage\",\"@id\":\"https:\\\/\\\/gabitel.net\\\/en\\\/cumpleanos-del-mes-de-julio\\\/\",\"url\":\"https:\\\/\\\/gabitel.net\\\/en\\\/cumpleanos-del-mes-de-julio\\\/\",\"name\":\"Cumplea\u00f1os del mes de Julio - Gabitel\",\"isPartOf\":{\"@id\":\"https:\\\/\\\/gabitel.net\\\/en\\\/#website\"},\"primaryImageOfPage\":{\"@id\":\"https:\\\/\\\/gabitel.net\\\/en\\\/cumpleanos-del-mes-de-julio\\\/#primaryimage\"},\"image\":{\"@id\":\"https:\\\/\\\/gabitel.net\\\/en\\\/cumpleanos-del-mes-de-julio\\\/#primaryimage\"},\"thumbnailUrl\":\"https:\\\/\\\/gabitel.net\\\/wp-content\\\/uploads\\\/2021\\\/07\\\/FELIZ-CUMPLEANOS-min.jpg\",\"datePublished\":\"2022-06-30T07:29:45+00:00\",\"breadcrumb\":{\"@id\":\"https:\\\/\\\/gabitel.net\\\/en\\\/cumpleanos-del-mes-de-julio\\\/#breadcrumb\"},\"inLanguage\":\"en-US\",\"potentialAction\":[{\"@type\":\"ReadAction\",\"target\":[\"https:\\\/\\\/gabitel.net\\\/en\\\/cumpleanos-del-mes-de-julio\\\/\"]}]},{\"@type\":\"ImageObject\",\"inLanguage\":\"en-US\",\"@id\":\"https:\\\/\\\/gabitel.net\\\/en\\\/cumpleanos-del-mes-de-julio\\\/#primaryimage\",\"url\":\"https:\\\/\\\/gabitel.net\\\/wp-content\\\/uploads\\\/2021\\\/07\\\/FELIZ-CUMPLEANOS-min.jpg\",\"contentUrl\":\"https:\\\/\\\/gabitel.net\\\/wp-content\\\/uploads\\\/2021\\\/07\\\/FELIZ-CUMPLEANOS-min.jpg\",\"width\":980,\"height\":653,\"caption\":\"FELIZ_CUMPLEA\u00d1OS_JULIO\"},{\"@type\":\"BreadcrumbList\",\"@id\":\"https:\\\/\\\/gabitel.net\\\/en\\\/cumpleanos-del-mes-de-julio\\\/#breadcrumb\",\"itemListElement\":[{\"@type\":\"ListItem\",\"position\":1,\"name\":\"Portada\",\"item\":\"https:\\\/\\\/gabitel.net\\\/en\\\/\"},{\"@type\":\"ListItem\",\"position\":2,\"name\":\"Cumplea\u00f1os del mes de Julio\"}]},{\"@type\":\"WebSite\",\"@id\":\"https:\\\/\\\/gabitel.net\\\/en\\\/#website\",\"url\":\"https:\\\/\\\/gabitel.net\\\/en\\\/\",\"name\":\"Gabitel\",\"description\":\"\",\"publisher\":{\"@id\":\"https:\\\/\\\/gabitel.net\\\/en\\\/#organization\"},\"potentialAction\":[{\"@type\":\"SearchAction\",\"target\":{\"@type\":\"EntryPoint\",\"urlTemplate\":\"https:\\\/\\\/gabitel.net\\\/en\\\/?s={search_term_string}\"},\"query-input\":{\"@type\":\"PropertyValueSpecification\",\"valueRequired\":true,\"valueName\":\"search_term_string\"}}],\"inLanguage\":\"en-US\"},{\"@type\":\"Organization\",\"@id\":\"https:\\\/\\\/gabitel.net\\\/en\\\/#organization\",\"name\":\"Gabitel\",\"url\":\"https:\\\/\\\/gabitel.net\\\/en\\\/\",\"logo\":{\"@type\":\"ImageObject\",\"inLanguage\":\"en-US\",\"@id\":\"https:\\\/\\\/gabitel.net\\\/en\\\/#\\\/schema\\\/logo\\\/image\\\/\",\"url\":\"https:\\\/\\\/gabitel.net\\\/wp-content\\\/uploads\\\/2025\\\/05\\\/logo_gabitel.jpg\",\"contentUrl\":\"https:\\\/\\\/gabitel.net\\\/wp-content\\\/uploads\\\/2025\\\/05\\\/logo_gabitel.jpg\",\"width\":2560,\"height\":1330,\"caption\":\"Gabitel\"},\"image\":{\"@id\":\"https:\\\/\\\/gabitel.net\\\/en\\\/#\\\/schema\\\/logo\\\/image\\\/\"},\"sameAs\":[\"https:\\\/\\\/www.facebook.com\\\/gabitelingenieros\\\/\",\"https:\\\/\\\/es.linkedin.com\\\/company\\\/gabitel-ingenieros\"]},{\"@type\":\"Person\",\"@id\":\"https:\\\/\\\/gabitel.net\\\/en\\\/#\\\/schema\\\/person\\\/37ba53714c3fedb9c7d22f4bc781465c\",\"name\":\"user.autor\",\"url\":\"https:\\\/\\\/gabitel.net\\\/en\\\/author\\\/user-autor\\\/\"}]}<\/script>\n<!-- \/ Yoast SEO plugin. -->","yoast_head_json":{"title":"Cumplea\u00f1os del mes de Julio - Gabitel","robots":{"index":"index","follow":"follow","max-snippet":"max-snippet:-1","max-image-preview":"max-image-preview:large","max-video-preview":"max-video-preview:-1"},"canonical":"https:\/\/gabitel.net\/en\/cumpleanos-del-mes-de-julio\/","og_locale":"en_US","og_type":"article","og_title":"Cumplea\u00f1os del mes de Julio - Gabitel","og_description":"Muchas felicidades a todos l@s compa\u00f1er@s que en este mes de junio suman un a\u00f1o m\u00e1s a sus vidas. Os deseamos que pod\u00e1is disfrutar de vuestro d\u00eda y se cumplan todos vuestros prop\u00f3sitos e ilusiones puestas en este nuevo a\u00f1o que os llega &#x1f60a;. Miguel \u00c1ngel Caro 1 de julio Jos\u00e9 Ignacio Velasco 1 de [&hellip;]","og_url":"https:\/\/gabitel.net\/en\/cumpleanos-del-mes-de-julio\/","og_site_name":"Gabitel","article_publisher":"https:\/\/www.facebook.com\/gabitelingenieros\/","article_published_time":"2022-06-30T07:29:45+00:00","og_image":[{"url":"https:\/\/gabitelingenieros.com\/wp-content\/uploads\/2021\/05\/miguel-angel-caro-min.jpg","type":"","width":"","height":""}],"author":"user.autor","twitter_card":"summary_large_image","twitter_misc":{"Written by":"user.autor","Est. reading time":"1 minute"},"schema":{"@context":"https:\/\/schema.org","@graph":[{"@type":["Article","BlogPosting"],"@id":"https:\/\/gabitel.net\/en\/cumpleanos-del-mes-de-julio\/#article","isPartOf":{"@id":"https:\/\/gabitel.net\/en\/cumpleanos-del-mes-de-julio\/"},"author":{"name":"user.autor","@id":"https:\/\/gabitel.net\/en\/#\/schema\/person\/37ba53714c3fedb9c7d22f4bc781465c"},"headline":"Cumplea\u00f1os del mes de Julio","datePublished":"2022-06-30T07:29:45+00:00","mainEntityOfPage":{"@id":"https:\/\/gabitel.net\/en\/cumpleanos-del-mes-de-julio\/"},"wordCount":296,"publisher":{"@id":"https:\/\/gabitel.net\/en\/#organization"},"image":{"@id":"https:\/\/gabitel.net\/en\/cumpleanos-del-mes-de-julio\/#primaryimage"},"thumbnailUrl":"https:\/\/gabitel.net\/wp-content\/uploads\/2021\/07\/FELIZ-CUMPLEANOS-min.jpg","articleSection":["Off-topic"],"inLanguage":"en-US"},{"@type":"WebPage","@id":"https:\/\/gabitel.net\/en\/cumpleanos-del-mes-de-julio\/","url":"https:\/\/gabitel.net\/en\/cumpleanos-del-mes-de-julio\/","name":"Cumplea\u00f1os del mes de Julio - Gabitel","isPartOf":{"@id":"https:\/\/gabitel.net\/en\/#website"},"primaryImageOfPage":{"@id":"https:\/\/gabitel.net\/en\/cumpleanos-del-mes-de-julio\/#primaryimage"},"image":{"@id":"https:\/\/gabitel.net\/en\/cumpleanos-del-mes-de-julio\/#primaryimage"},"thumbnailUrl":"https:\/\/gabitel.net\/wp-content\/uploads\/2021\/07\/FELIZ-CUMPLEANOS-min.jpg","datePublished":"2022-06-30T07:29:45+00:00","breadcrumb":{"@id":"https:\/\/gabitel.net\/en\/cumpleanos-del-mes-de-julio\/#breadcrumb"},"inLanguage":"en-US","potentialAction":[{"@type":"ReadAction","target":["https:\/\/gabitel.net\/en\/cumpleanos-del-mes-de-julio\/"]}]},{"@type":"ImageObject","inLanguage":"en-US","@id":"https:\/\/gabitel.net\/en\/cumpleanos-del-mes-de-julio\/#primaryimage","url":"https:\/\/gabitel.net\/wp-content\/uploads\/2021\/07\/FELIZ-CUMPLEANOS-min.jpg","contentUrl":"https:\/\/gabitel.net\/wp-content\/uploads\/2021\/07\/FELIZ-CUMPLEANOS-min.jpg","width":980,"height":653,"caption":"FELIZ_CUMPLEA\u00d1OS_JULIO"},{"@type":"BreadcrumbList","@id":"https:\/\/gabitel.net\/en\/cumpleanos-del-mes-de-julio\/#breadcrumb","itemListElement":[{"@type":"ListItem","position":1,"name":"Portada","item":"https:\/\/gabitel.net\/en\/"},{"@type":"ListItem","position":2,"name":"Cumplea\u00f1os del mes de Julio"}]},{"@type":"WebSite","@id":"https:\/\/gabitel.net\/en\/#website","url":"https:\/\/gabitel.net\/en\/","name":"Gabitel","description":"","publisher":{"@id":"https:\/\/gabitel.net\/en\/#organization"},"potentialAction":[{"@type":"SearchAction","target":{"@type":"EntryPoint","urlTemplate":"https:\/\/gabitel.net\/en\/?s={search_term_string}"},"query-input":{"@type":"PropertyValueSpecification","valueRequired":true,"valueName":"search_term_string"}}],"inLanguage":"en-US"},{"@type":"Organization","@id":"https:\/\/gabitel.net\/en\/#organization","name":"Gabitel","url":"https:\/\/gabitel.net\/en\/","logo":{"@type":"ImageObject","inLanguage":"en-US","@id":"https:\/\/gabitel.net\/en\/#\/schema\/logo\/image\/","url":"https:\/\/gabitel.net\/wp-content\/uploads\/2025\/05\/logo_gabitel.jpg","contentUrl":"https:\/\/gabitel.net\/wp-content\/uploads\/2025\/05\/logo_gabitel.jpg","width":2560,"height":1330,"caption":"Gabitel"},"image":{"@id":"https:\/\/gabitel.net\/en\/#\/schema\/logo\/image\/"},"sameAs":["https:\/\/www.facebook.com\/gabitelingenieros\/","https:\/\/es.linkedin.com\/company\/gabitel-ingenieros"]},{"@type":"Person","@id":"https:\/\/gabitel.net\/en\/#\/schema\/person\/37ba53714c3fedb9c7d22f4bc781465c","name":"user.autor","url":"https:\/\/gabitel.net\/en\/author\/user-autor\/"}]}},"_links":{"self":[{"href":"https:\/\/gabitel.net\/en\/wp-json\/wp\/v2\/posts\/32884","targetHints":{"allow":["GET"]}}],"collection":[{"href":"https:\/\/gabitel.net\/en\/wp-json\/wp\/v2\/posts"}],"about":[{"href":"https:\/\/gabitel.net\/en\/wp-json\/wp\/v2\/types\/post"}],"author":[{"embeddable":true,"href":"https:\/\/gabitel.net\/en\/wp-json\/wp\/v2\/users\/3"}],"replies":[{"embeddable":true,"href":"https:\/\/gabitel.net\/en\/wp-json\/wp\/v2\/comments?post=32884"}],"version-history":[{"count":0,"href":"https:\/\/gabitel.net\/en\/wp-json\/wp\/v2\/posts\/32884\/revisions"}],"wp:featuredmedia":[{"embeddable":true,"href":"https:\/\/gabitel.net\/en\/wp-json\/wp\/v2\/media\/34025"}],"wp:attachment":[{"href":"https:\/\/gabitel.net\/en\/wp-json\/wp\/v2\/media?parent=32884"}],"wp:term":[{"taxonomy":"category","embeddable":true,"href":"https:\/\/gabitel.net\/en\/wp-json\/wp\/v2\/categories?post=32884"},{"taxonomy":"post_tag","embeddable":true,"href":"https:\/\/gabitel.net\/en\/wp-json\/wp\/v2\/tags?post=32884"}],"curies":[{"name":"wp","href":"https:\/\/api.w.org\/{rel}","templated":true}]}}