{"id":32892,"date":"2022-05-31T08:47:07","date_gmt":"2022-05-31T06:47:07","guid":{"rendered":"https:\/\/gabitel.net\/cumpleanos-del-mes-de-junio-2\/"},"modified":"2022-05-31T08:47:07","modified_gmt":"2022-05-31T06:47:07","slug":"cumpleanos-del-mes-de-junio-2","status":"publish","type":"post","link":"https:\/\/gabitel.net\/en\/cumpleanos-del-mes-de-junio-2\/","title":{"rendered":"Cumplea\u00f1os del mes de Junio"},"content":{"rendered":"<p style=\"text-align: justify;\">Queremos felicitar a todos nuestros compa\u00f1eros que cumplen un a\u00f1o m\u00e1s en sus vidas en este mes de mayo.<\/p>\n<p style=\"text-align: justify;\">\u00a0\u00a1<strong><em>Muchas felicidades<\/em><\/strong>!, os deseamos que disfrut\u00e9is de vuestro d\u00eda al m\u00e1ximo y se cumplan todos vuestros prop\u00f3sitos e ilusiones.<\/p>\n<p><img decoding=\"async\" src=\"https:\/\/gabitelingenieros.com\/wp-content\/uploads\/2021\/06\/1_Oscar_exojo-standard-scale-4_00x-gigapixel.jpg\" alt=\"Cumplea\u00f1os del mes | Gabitel Ingenieros\" \/><\/p>\n<p style=\"text-align: center;\">Oscar Exojo<\/p>\n<p style=\"text-align: center;\"><strong>1 de Junio<\/strong><\/p>\n<p><img decoding=\"async\" src=\"https:\/\/gabitelingenieros.com\/wp-content\/uploads\/2022\/05\/Antonio-camacho-min.jpg\" alt=\"Cumplea\u00f1os del mes | Gabitel Ingenieros\" \/><\/p>\n<p style=\"text-align: center;\">Antonio Camacho<\/p>\n<p style=\"text-align: center;\"><strong>7 de Junio<\/strong><\/p>\n<p><img decoding=\"async\" src=\"https:\/\/gabitelingenieros.com\/wp-content\/uploads\/2021\/05\/mario_diaz.jpg\" alt=\"Cumplea\u00f1os del mes | Gabitel Ingenieros\" \/><\/p>\n<p style=\"text-align: center;\">Mario D\u00edaz<\/p>\n<p style=\"text-align: center;\"><strong>11 de Junio<\/strong><\/p>\n<p><img decoding=\"async\" src=\"https:\/\/gabitelingenieros.com\/wp-content\/uploads\/2021\/06\/5_Silvia-Sanchez.jpg\" alt=\"Cumplea\u00f1os del mes | Gabitel Ingenieros\" \/><\/p>\n<p style=\"text-align: center;\">Silvia S\u00e1nchez<\/p>\n<p style=\"text-align: center;\"><strong>19 de Junio<\/strong><\/p>\n<p><img decoding=\"async\" src=\"https:\/\/gabitelingenieros.com\/wp-content\/uploads\/2021\/06\/6_Fran-Hueso.jpg\" alt=\"Cumplea\u00f1os del mes | Gabitel Ingenieros\" \/><\/p>\n<p style=\"text-align: center;\">Francisco Hueso<\/p>\n<p style=\"text-align: center;\"><strong>20 de Junio<\/strong><\/p>\n<p><img decoding=\"async\" src=\"https:\/\/gabitelingenieros.com\/wp-content\/uploads\/2022\/05\/jose-Carlos-Monblan-min-1.jpg\" alt=\"Cumplea\u00f1os del mes | Gabitel Ingenieros\" \/><\/p>\n<p style=\"text-align: center;\">Jos\u00e9 Carlos Mombl\u00e1n<\/p>\n<p style=\"text-align: center;\"><strong>20 de Junio<\/strong><\/p>\n<p><img decoding=\"async\" src=\"https:\/\/gabitelingenieros.com\/wp-content\/uploads\/2021\/05\/jose_tejero.jpg\" alt=\"Cumplea\u00f1os del mes | Gabitel Ingenieros\" \/><\/p>\n<p style=\"text-align: center;\">Jos\u00e9 Tejero<\/p>\n<p style=\"text-align: center;\"><strong>21 de Junio<\/strong><\/p>\n<p><img decoding=\"async\" src=\"https:\/\/gabitelingenieros.com\/wp-content\/uploads\/2021\/06\/7_Jose-Luis-Campos.png\" alt=\"Cumplea\u00f1os del mes | Gabitel Ingenieros\" \/><\/p>\n<p style=\"text-align: center;\">Jos\u00e9 Luis Campos<\/p>\n<p style=\"text-align: center;\"><strong>21 de Junio<\/strong><\/p>\n<p><img decoding=\"async\" src=\"https:\/\/gabitelingenieros.com\/wp-content\/uploads\/2022\/05\/cesar-alvarez-min.jpg\" alt=\"Cumplea\u00f1os del mes | Gabitel Ingenieros\" \/><\/p>\n<p style=\"text-align: center;\">Cesar \u00c1lvarez<\/p>\n<p style=\"text-align: center;\"><strong>24 de Junio<\/strong><\/p>\n<p><img decoding=\"async\" src=\"https:\/\/gabitelingenieros.com\/wp-content\/uploads\/2021\/06\/8_Noelia-Ruiz.jpg\" alt=\"Cumplea\u00f1os del mes | Gabitel Ingenieros\" \/><\/p>\n<p style=\"text-align: center;\">Noelia Ru\u00edz<\/p>\n<p style=\"text-align: center;\"><strong>28 de Junio<\/strong><\/p>\n<p><img decoding=\"async\" src=\"https:\/\/gabitelingenieros.com\/wp-content\/uploads\/2021\/06\/9_Marta-perera.png\" alt=\"Cumplea\u00f1os del mes | Gabitel Ingenieros\" \/><\/p>\n<p style=\"text-align: center;\">Marta Perera<\/p>\n<p style=\"text-align: center;\"><strong>28 de Junio<\/strong><\/p>\n<p><img decoding=\"async\" src=\"https:\/\/gabitelingenieros.com\/wp-content\/uploads\/2021\/06\/12_Paco-Camero.png\" alt=\"Cumplea\u00f1os del mes | Gabitel Ingenieros\" \/><\/p>\n<p style=\"text-align: center;\">Francisco Luis Camero<\/p>\n<p style=\"text-align: center;\"><strong>30 de Junio<\/strong><\/p>\n<p><img decoding=\"async\" src=\"https:\/\/gabitelingenieros.com\/wp-content\/uploads\/2022\/05\/alfonso-delgado-min.jpg\" alt=\"Cumplea\u00f1os del mes | Gabitel Ingenieros\" \/><\/p>\n<p style=\"text-align: center;\">Alfonso Delgado<\/p>\n<p style=\"text-align: center;\"><strong>30 de Junio<\/strong><\/p>\n<p style=\"text-align: justify;\"><strong>Celebremos seguir compartiendo con nosotros grandes momentos de vuestras vidas y crucemos los dedos para que todos vuestros deseos puestos en este nuevo a\u00f1o que cumpl\u00eds se hagan realidad <\/strong><strong>&#x1f60a;<\/strong>.<\/p>\n<p style=\"text-align: justify;\">\n<p style=\"text-align: justify;\"><strong>Alfonso<\/strong>: \u201c<em>En lo profesional\/acad\u00e9mico, conf\u00edo en el que sea el a\u00f1o en el que acabe mi M\u00e1ster en Ingenier\u00eda Industrial y cierre definitivamente mi etapa universitaria para poder as\u00ed seguir creciendo profesionalmente. En lo personal, aunque suene un poco t\u00edpico, solo pido salud para poder disfrutar con mi familia y amigos.\u201d<\/em><\/p>\n<p style=\"text-align: justify;\"><strong>Francisco<\/strong><em>: \u201cMis deseos es poder terminar unos cursos pendientes para este verano\u2026 de navegaci\u00f3n (Captan. de yate y telefon\u00eda de drones) que los tengo pendientes, aunque ya le he puesto fechas&#8230;\u201d<\/em><\/p>\n<p style=\"text-align: justify;\"><strong>Antonio<\/strong><em>: \u201cMi deseo: que se celebren muchos m\u00e1s eventos como los del viernes jejeje\u201d<\/em><\/p>\n<p style=\"text-align: justify;\"><strong>Mario<\/strong><em>: \u201cSeguir creciendo personal y laboralmente junto a vosotr@s\u201d<\/em><\/p>\n<p style=\"text-align: justify;\"><strong>Fran<\/strong><em>: \u201cQue la felicidad y pasi\u00f3n este presente en cada m\u00e1s m\u00ednimo detalle de tu vida.\u201d<\/em><\/p>\n<p style=\"text-align: justify;\"><strong>\u00d3scar<\/strong><em>: \u201cDeseos, muchos&#8230; ahora mismo salud para todos, despu\u00e9s de estos \u00faltimos a\u00f1os es lo m\u00e1s importante, seguir creciendo profesionalmente y porque no, algo de ocio, me gustar\u00eda ir al WORLD DUCATI WEEK en\u00a0 el Misano World Circuit Marco Simoncelli.\u201d<\/em><\/p>\n<p style=\"text-align: justify;\"><strong>C\u00e9sar<\/strong><em>: \u201cComo deseo para este a\u00f1o nuevo me gustar\u00eda poder sacarme el B1 de Franc\u00e9s en la EOI.\u201d<\/em><\/p>\n<p style=\"text-align: justify;\"><strong>Marta<\/strong><em>: \u201cEspero que este a\u00f1o que suma, traiga muchas cosas positivas y me ayude a crecer m\u00e1s tanto en mi vida personal como en la profesional\u201d<\/em><\/p>\n<p style=\"text-align: justify;\"><strong>Jos\u00e9 Carlos<\/strong><em>: \u201cQue se repitan esos momentos que vivimos el viernes de paella y que nunca perdamos la sonrisa.\u201d<\/em><\/p>\n<p style=\"text-align: justify;\"><strong>Jos\u00e9<\/strong><em>: \u201cDeseo que todos nos sumemos a celebrar la vida tal y como la conocemos y que sepamos vivirla y disfrutarla en toda su plenitud, que tras los a\u00f1os vividos todos hemos aprendido que lo importante es sumar momentos. \u00a1\u00a1Viva la vida!! Quien est\u00e9 en la oficina de Sevilla que se acerque a la zona de Endesa, que\u2026\u00a1\u00a1\u00a1 habr\u00e1 donuts para todos!!!\u201d<\/em><\/p>\n","protected":false},"excerpt":{"rendered":"<p>Queremos felicitar a todos nuestros compa\u00f1eros que cumplen un a\u00f1o m\u00e1s en sus vidas en este mes de mayo. \u00a0\u00a1Muchas felicidades!, os deseamos que disfrut\u00e9is de vuestro d\u00eda al m\u00e1ximo y se cumplan todos vuestros prop\u00f3sitos e ilusiones. Oscar Exojo 1 de Junio Antonio Camacho 7 de Junio Mario D\u00edaz 11 de Junio Silvia S\u00e1nchez [&hellip;]<\/p>\n","protected":false},"author":3,"featured_media":34561,"comment_status":"closed","ping_status":"closed","sticky":false,"template":"","format":"standard","meta":{"content-type":"","footnotes":""},"categories":[601],"tags":[],"class_list":["post-32892","post","type-post","status-publish","format-standard","has-post-thumbnail","hentry","category-off-topic-en"],"yoast_head":"<!-- This site is optimized with the Yoast SEO plugin v27.5 - https:\/\/yoast.com\/product\/yoast-seo-wordpress\/ -->\n<title>Cumplea\u00f1os del mes de Junio - Gabitel<\/title>\n<meta name=\"robots\" content=\"index, follow, max-snippet:-1, max-image-preview:large, max-video-preview:-1\" \/>\n<link rel=\"canonical\" href=\"https:\/\/gabitel.net\/en\/cumpleanos-del-mes-de-junio-2\/\" \/>\n<meta property=\"og:locale\" content=\"en_US\" \/>\n<meta property=\"og:type\" content=\"article\" \/>\n<meta property=\"og:title\" content=\"Cumplea\u00f1os del mes de Junio - Gabitel\" \/>\n<meta property=\"og:description\" content=\"Queremos felicitar a todos nuestros compa\u00f1eros que cumplen un a\u00f1o m\u00e1s en sus vidas en este mes de mayo. \u00a0\u00a1Muchas felicidades!, os deseamos que disfrut\u00e9is de vuestro d\u00eda al m\u00e1ximo y se cumplan todos vuestros prop\u00f3sitos e ilusiones. Oscar Exojo 1 de Junio Antonio Camacho 7 de Junio Mario D\u00edaz 11 de Junio Silvia S\u00e1nchez [&hellip;]\" \/>\n<meta property=\"og:url\" content=\"https:\/\/gabitel.net\/en\/cumpleanos-del-mes-de-junio-2\/\" \/>\n<meta property=\"og:site_name\" content=\"Gabitel\" \/>\n<meta property=\"article:publisher\" content=\"https:\/\/www.facebook.com\/gabitelingenieros\/\" \/>\n<meta property=\"article:published_time\" content=\"2022-05-31T06:47:07+00:00\" \/>\n<meta property=\"og:image\" content=\"https:\/\/gabitelingenieros.com\/wp-content\/uploads\/2021\/06\/1_Oscar_exojo-standard-scale-4_00x-gigapixel.jpg\" \/>\n<meta name=\"author\" content=\"user.autor\" \/>\n<meta name=\"twitter:card\" content=\"summary_large_image\" \/>\n<meta name=\"twitter:label1\" content=\"Written by\" \/>\n\t<meta name=\"twitter:data1\" content=\"user.autor\" \/>\n\t<meta name=\"twitter:label2\" content=\"Est. reading time\" \/>\n\t<meta name=\"twitter:data2\" content=\"2 minutes\" \/>\n<script type=\"application\/ld+json\" class=\"yoast-schema-graph\">{\"@context\":\"https:\\\/\\\/schema.org\",\"@graph\":[{\"@type\":[\"Article\",\"BlogPosting\"],\"@id\":\"https:\\\/\\\/gabitel.net\\\/en\\\/cumpleanos-del-mes-de-junio-2\\\/#article\",\"isPartOf\":{\"@id\":\"https:\\\/\\\/gabitel.net\\\/en\\\/cumpleanos-del-mes-de-junio-2\\\/\"},\"author\":{\"name\":\"user.autor\",\"@id\":\"https:\\\/\\\/gabitel.net\\\/en\\\/#\\\/schema\\\/person\\\/37ba53714c3fedb9c7d22f4bc781465c\"},\"headline\":\"Cumplea\u00f1os del mes de Junio\",\"datePublished\":\"2022-05-31T06:47:07+00:00\",\"mainEntityOfPage\":{\"@id\":\"https:\\\/\\\/gabitel.net\\\/en\\\/cumpleanos-del-mes-de-junio-2\\\/\"},\"wordCount\":455,\"publisher\":{\"@id\":\"https:\\\/\\\/gabitel.net\\\/en\\\/#organization\"},\"image\":{\"@id\":\"https:\\\/\\\/gabitel.net\\\/en\\\/cumpleanos-del-mes-de-junio-2\\\/#primaryimage\"},\"thumbnailUrl\":\"https:\\\/\\\/gabitel.net\\\/wp-content\\\/uploads\\\/2022\\\/05\\\/JUNIO-min.jpg\",\"articleSection\":[\"Off-topic\"],\"inLanguage\":\"en-US\"},{\"@type\":\"WebPage\",\"@id\":\"https:\\\/\\\/gabitel.net\\\/en\\\/cumpleanos-del-mes-de-junio-2\\\/\",\"url\":\"https:\\\/\\\/gabitel.net\\\/en\\\/cumpleanos-del-mes-de-junio-2\\\/\",\"name\":\"Cumplea\u00f1os del mes de Junio - Gabitel\",\"isPartOf\":{\"@id\":\"https:\\\/\\\/gabitel.net\\\/en\\\/#website\"},\"primaryImageOfPage\":{\"@id\":\"https:\\\/\\\/gabitel.net\\\/en\\\/cumpleanos-del-mes-de-junio-2\\\/#primaryimage\"},\"image\":{\"@id\":\"https:\\\/\\\/gabitel.net\\\/en\\\/cumpleanos-del-mes-de-junio-2\\\/#primaryimage\"},\"thumbnailUrl\":\"https:\\\/\\\/gabitel.net\\\/wp-content\\\/uploads\\\/2022\\\/05\\\/JUNIO-min.jpg\",\"datePublished\":\"2022-05-31T06:47:07+00:00\",\"breadcrumb\":{\"@id\":\"https:\\\/\\\/gabitel.net\\\/en\\\/cumpleanos-del-mes-de-junio-2\\\/#breadcrumb\"},\"inLanguage\":\"en-US\",\"potentialAction\":[{\"@type\":\"ReadAction\",\"target\":[\"https:\\\/\\\/gabitel.net\\\/en\\\/cumpleanos-del-mes-de-junio-2\\\/\"]}]},{\"@type\":\"ImageObject\",\"inLanguage\":\"en-US\",\"@id\":\"https:\\\/\\\/gabitel.net\\\/en\\\/cumpleanos-del-mes-de-junio-2\\\/#primaryimage\",\"url\":\"https:\\\/\\\/gabitel.net\\\/wp-content\\\/uploads\\\/2022\\\/05\\\/JUNIO-min.jpg\",\"contentUrl\":\"https:\\\/\\\/gabitel.net\\\/wp-content\\\/uploads\\\/2022\\\/05\\\/JUNIO-min.jpg\",\"width\":980,\"height\":653,\"caption\":\"JUNIO\"},{\"@type\":\"BreadcrumbList\",\"@id\":\"https:\\\/\\\/gabitel.net\\\/en\\\/cumpleanos-del-mes-de-junio-2\\\/#breadcrumb\",\"itemListElement\":[{\"@type\":\"ListItem\",\"position\":1,\"name\":\"Portada\",\"item\":\"https:\\\/\\\/gabitel.net\\\/en\\\/\"},{\"@type\":\"ListItem\",\"position\":2,\"name\":\"Cumplea\u00f1os del mes de Junio\"}]},{\"@type\":\"WebSite\",\"@id\":\"https:\\\/\\\/gabitel.net\\\/en\\\/#website\",\"url\":\"https:\\\/\\\/gabitel.net\\\/en\\\/\",\"name\":\"Gabitel\",\"description\":\"\",\"publisher\":{\"@id\":\"https:\\\/\\\/gabitel.net\\\/en\\\/#organization\"},\"potentialAction\":[{\"@type\":\"SearchAction\",\"target\":{\"@type\":\"EntryPoint\",\"urlTemplate\":\"https:\\\/\\\/gabitel.net\\\/en\\\/?s={search_term_string}\"},\"query-input\":{\"@type\":\"PropertyValueSpecification\",\"valueRequired\":true,\"valueName\":\"search_term_string\"}}],\"inLanguage\":\"en-US\"},{\"@type\":\"Organization\",\"@id\":\"https:\\\/\\\/gabitel.net\\\/en\\\/#organization\",\"name\":\"Gabitel\",\"url\":\"https:\\\/\\\/gabitel.net\\\/en\\\/\",\"logo\":{\"@type\":\"ImageObject\",\"inLanguage\":\"en-US\",\"@id\":\"https:\\\/\\\/gabitel.net\\\/en\\\/#\\\/schema\\\/logo\\\/image\\\/\",\"url\":\"https:\\\/\\\/gabitel.net\\\/wp-content\\\/uploads\\\/2025\\\/05\\\/logo_gabitel.jpg\",\"contentUrl\":\"https:\\\/\\\/gabitel.net\\\/wp-content\\\/uploads\\\/2025\\\/05\\\/logo_gabitel.jpg\",\"width\":2560,\"height\":1330,\"caption\":\"Gabitel\"},\"image\":{\"@id\":\"https:\\\/\\\/gabitel.net\\\/en\\\/#\\\/schema\\\/logo\\\/image\\\/\"},\"sameAs\":[\"https:\\\/\\\/www.facebook.com\\\/gabitelingenieros\\\/\",\"https:\\\/\\\/es.linkedin.com\\\/company\\\/gabitel-ingenieros\"]},{\"@type\":\"Person\",\"@id\":\"https:\\\/\\\/gabitel.net\\\/en\\\/#\\\/schema\\\/person\\\/37ba53714c3fedb9c7d22f4bc781465c\",\"name\":\"user.autor\",\"url\":\"https:\\\/\\\/gabitel.net\\\/en\\\/author\\\/user-autor\\\/\"}]}<\/script>\n<!-- \/ Yoast SEO plugin. -->","yoast_head_json":{"title":"Cumplea\u00f1os del mes de Junio - Gabitel","robots":{"index":"index","follow":"follow","max-snippet":"max-snippet:-1","max-image-preview":"max-image-preview:large","max-video-preview":"max-video-preview:-1"},"canonical":"https:\/\/gabitel.net\/en\/cumpleanos-del-mes-de-junio-2\/","og_locale":"en_US","og_type":"article","og_title":"Cumplea\u00f1os del mes de Junio - Gabitel","og_description":"Queremos felicitar a todos nuestros compa\u00f1eros que cumplen un a\u00f1o m\u00e1s en sus vidas en este mes de mayo. \u00a0\u00a1Muchas felicidades!, os deseamos que disfrut\u00e9is de vuestro d\u00eda al m\u00e1ximo y se cumplan todos vuestros prop\u00f3sitos e ilusiones. Oscar Exojo 1 de Junio Antonio Camacho 7 de Junio Mario D\u00edaz 11 de Junio Silvia S\u00e1nchez [&hellip;]","og_url":"https:\/\/gabitel.net\/en\/cumpleanos-del-mes-de-junio-2\/","og_site_name":"Gabitel","article_publisher":"https:\/\/www.facebook.com\/gabitelingenieros\/","article_published_time":"2022-05-31T06:47:07+00:00","og_image":[{"url":"https:\/\/gabitelingenieros.com\/wp-content\/uploads\/2021\/06\/1_Oscar_exojo-standard-scale-4_00x-gigapixel.jpg","type":"","width":"","height":""}],"author":"user.autor","twitter_card":"summary_large_image","twitter_misc":{"Written by":"user.autor","Est. reading time":"2 minutes"},"schema":{"@context":"https:\/\/schema.org","@graph":[{"@type":["Article","BlogPosting"],"@id":"https:\/\/gabitel.net\/en\/cumpleanos-del-mes-de-junio-2\/#article","isPartOf":{"@id":"https:\/\/gabitel.net\/en\/cumpleanos-del-mes-de-junio-2\/"},"author":{"name":"user.autor","@id":"https:\/\/gabitel.net\/en\/#\/schema\/person\/37ba53714c3fedb9c7d22f4bc781465c"},"headline":"Cumplea\u00f1os del mes de Junio","datePublished":"2022-05-31T06:47:07+00:00","mainEntityOfPage":{"@id":"https:\/\/gabitel.net\/en\/cumpleanos-del-mes-de-junio-2\/"},"wordCount":455,"publisher":{"@id":"https:\/\/gabitel.net\/en\/#organization"},"image":{"@id":"https:\/\/gabitel.net\/en\/cumpleanos-del-mes-de-junio-2\/#primaryimage"},"thumbnailUrl":"https:\/\/gabitel.net\/wp-content\/uploads\/2022\/05\/JUNIO-min.jpg","articleSection":["Off-topic"],"inLanguage":"en-US"},{"@type":"WebPage","@id":"https:\/\/gabitel.net\/en\/cumpleanos-del-mes-de-junio-2\/","url":"https:\/\/gabitel.net\/en\/cumpleanos-del-mes-de-junio-2\/","name":"Cumplea\u00f1os del mes de Junio - Gabitel","isPartOf":{"@id":"https:\/\/gabitel.net\/en\/#website"},"primaryImageOfPage":{"@id":"https:\/\/gabitel.net\/en\/cumpleanos-del-mes-de-junio-2\/#primaryimage"},"image":{"@id":"https:\/\/gabitel.net\/en\/cumpleanos-del-mes-de-junio-2\/#primaryimage"},"thumbnailUrl":"https:\/\/gabitel.net\/wp-content\/uploads\/2022\/05\/JUNIO-min.jpg","datePublished":"2022-05-31T06:47:07+00:00","breadcrumb":{"@id":"https:\/\/gabitel.net\/en\/cumpleanos-del-mes-de-junio-2\/#breadcrumb"},"inLanguage":"en-US","potentialAction":[{"@type":"ReadAction","target":["https:\/\/gabitel.net\/en\/cumpleanos-del-mes-de-junio-2\/"]}]},{"@type":"ImageObject","inLanguage":"en-US","@id":"https:\/\/gabitel.net\/en\/cumpleanos-del-mes-de-junio-2\/#primaryimage","url":"https:\/\/gabitel.net\/wp-content\/uploads\/2022\/05\/JUNIO-min.jpg","contentUrl":"https:\/\/gabitel.net\/wp-content\/uploads\/2022\/05\/JUNIO-min.jpg","width":980,"height":653,"caption":"JUNIO"},{"@type":"BreadcrumbList","@id":"https:\/\/gabitel.net\/en\/cumpleanos-del-mes-de-junio-2\/#breadcrumb","itemListElement":[{"@type":"ListItem","position":1,"name":"Portada","item":"https:\/\/gabitel.net\/en\/"},{"@type":"ListItem","position":2,"name":"Cumplea\u00f1os del mes de Junio"}]},{"@type":"WebSite","@id":"https:\/\/gabitel.net\/en\/#website","url":"https:\/\/gabitel.net\/en\/","name":"Gabitel","description":"","publisher":{"@id":"https:\/\/gabitel.net\/en\/#organization"},"potentialAction":[{"@type":"SearchAction","target":{"@type":"EntryPoint","urlTemplate":"https:\/\/gabitel.net\/en\/?s={search_term_string}"},"query-input":{"@type":"PropertyValueSpecification","valueRequired":true,"valueName":"search_term_string"}}],"inLanguage":"en-US"},{"@type":"Organization","@id":"https:\/\/gabitel.net\/en\/#organization","name":"Gabitel","url":"https:\/\/gabitel.net\/en\/","logo":{"@type":"ImageObject","inLanguage":"en-US","@id":"https:\/\/gabitel.net\/en\/#\/schema\/logo\/image\/","url":"https:\/\/gabitel.net\/wp-content\/uploads\/2025\/05\/logo_gabitel.jpg","contentUrl":"https:\/\/gabitel.net\/wp-content\/uploads\/2025\/05\/logo_gabitel.jpg","width":2560,"height":1330,"caption":"Gabitel"},"image":{"@id":"https:\/\/gabitel.net\/en\/#\/schema\/logo\/image\/"},"sameAs":["https:\/\/www.facebook.com\/gabitelingenieros\/","https:\/\/es.linkedin.com\/company\/gabitel-ingenieros"]},{"@type":"Person","@id":"https:\/\/gabitel.net\/en\/#\/schema\/person\/37ba53714c3fedb9c7d22f4bc781465c","name":"user.autor","url":"https:\/\/gabitel.net\/en\/author\/user-autor\/"}]}},"_links":{"self":[{"href":"https:\/\/gabitel.net\/en\/wp-json\/wp\/v2\/posts\/32892","targetHints":{"allow":["GET"]}}],"collection":[{"href":"https:\/\/gabitel.net\/en\/wp-json\/wp\/v2\/posts"}],"about":[{"href":"https:\/\/gabitel.net\/en\/wp-json\/wp\/v2\/types\/post"}],"author":[{"embeddable":true,"href":"https:\/\/gabitel.net\/en\/wp-json\/wp\/v2\/users\/3"}],"replies":[{"embeddable":true,"href":"https:\/\/gabitel.net\/en\/wp-json\/wp\/v2\/comments?post=32892"}],"version-history":[{"count":0,"href":"https:\/\/gabitel.net\/en\/wp-json\/wp\/v2\/posts\/32892\/revisions"}],"wp:featuredmedia":[{"embeddable":true,"href":"https:\/\/gabitel.net\/en\/wp-json\/wp\/v2\/media\/34561"}],"wp:attachment":[{"href":"https:\/\/gabitel.net\/en\/wp-json\/wp\/v2\/media?parent=32892"}],"wp:term":[{"taxonomy":"category","embeddable":true,"href":"https:\/\/gabitel.net\/en\/wp-json\/wp\/v2\/categories?post=32892"},{"taxonomy":"post_tag","embeddable":true,"href":"https:\/\/gabitel.net\/en\/wp-json\/wp\/v2\/tags?post=32892"}],"curies":[{"name":"wp","href":"https:\/\/api.w.org\/{rel}","templated":true}]}}