{"id":32904,"date":"2022-05-05T09:50:30","date_gmt":"2022-05-05T07:50:30","guid":{"rendered":"https:\/\/gabitel.net\/nuestro-equipo-entrevista-a-ana-campos\/"},"modified":"2022-05-05T09:50:30","modified_gmt":"2022-05-05T07:50:30","slug":"nuestro-equipo-entrevista-a-ana-campos","status":"publish","type":"post","link":"https:\/\/gabitel.net\/en\/nuestro-equipo-entrevista-a-ana-campos\/","title":{"rendered":"Nuestro equipo. Entrevista a Ana Campos"},"content":{"rendered":"<ul>\n<li><strong>Para situarnos, \u00bfnos podr\u00edas contar como fueron tus comienzos en Gabitel?<\/strong><\/li>\n<\/ul>\n<p>&nbsp;<\/p>\n<p>Empec\u00e9 como becaria en el departamento de Telecomunicaciones el 1 de abril de 2014 (\u00a18 a\u00f1os ya!), m\u00e1s concretamente en el proyecto de Ingenier\u00eda de Despliegue de la red FTTH de Jazztel-Telef\u00f3nica, en Sevilla.<\/p>\n<p>&nbsp;<\/p>\n<ul>\n<li><strong>\u00bfDe los proyectos en los que has participado, o partes de los proyectos que se te han encomendado, cual ha supuesto un mayor reto para ti?<\/strong><\/li>\n<\/ul>\n<p>&nbsp;<\/p>\n<p>El que me supuso mayor reto fue el primero cuando entr\u00e9, nunca hab\u00eda trabajado en proyectos de redes de fibra, lo que pude ampliar mi perfil profesional m\u00e1s all\u00e1 de la especialidad de Mec\u00e1nica y Dise\u00f1o Industrial. Aunque, si te digo la verdad, para m\u00ed es un reto cada vez que entro en un proyecto nuevo y eso me encanta porque implica aprender algo nuevo y diferente, y cambiar de rutina.<\/p>\n<p>&nbsp;<\/p>\n<ul>\n<li><strong>No hace mucho, has sido mam\u00e1, y aprovechando que en este mes de mayo hemos celebrado el d\u00eda de la madre, \u00bfqu\u00e9 ha supuesto para ti la maternidad?<\/strong><\/li>\n<\/ul>\n<p>&nbsp;<\/p>\n<p>La maternidad es, para m\u00ed, el acto m\u00e1s desinteresado, ya que los hijos son lo primero. Adem\u00e1s, me est\u00e1 ense\u00f1ando a observar todo desde otra perspectiva, a disfrutar de cada momento y etapa porque el tiempo pasa volando y no vuelve.<\/p>\n<p>&nbsp;<\/p>\n<ul>\n<li><strong>\u00bfC\u00f3mo madre trabajadora, cu\u00e1les son los mayores desaf\u00edos a los que tienes que hacer frente en tu d\u00eda a d\u00eda?<\/strong><\/li>\n<\/ul>\n<p>&nbsp;<\/p>\n<p>Levantarme temprano jajaja. Bromas aparte, lo que m\u00e1s me \u201ccuesta\u201d es el tener que multiplicarme por mil para poder organizar, atender, cumplir y recordar todas y cada una de las tareas.<\/p>\n<p>&nbsp;<\/p>\n<ul>\n<li><strong>Por seguir conoci\u00e9ndote un poco mejor, \u00bfcu\u00e1l ser\u00eda tu mayor \u201cvicio\u201d o afici\u00f3n?\u00a0<\/strong><\/li>\n<\/ul>\n<p>&nbsp;<\/p>\n<p>Tengo varias aficiones pero lo que m\u00e1s me encanta es ir a mi campo, pasar los fines de semana y vacaciones all\u00ed, ya que puedo hacer mil cosas como podar, plantar, recoger frutas\u2026, por algo me apellido Campos jajaja .<\/p>\n<p>&nbsp;<\/p>\n<p>&nbsp;<\/p>\n<ul>\n<li><strong>Ah\u00ed va la pregunta enviada por nuestro compa\u00f1ero Diego, que hizo la entrevista en el mes de abril: <\/strong>\u00bfCu\u00e1l fue tu primera impresi\u00f3n al entrar a trabajar en esta empresa?<\/li>\n<\/ul>\n<p>&nbsp;<\/p>\n<p>Mi primera impresi\u00f3n fue ver tanta gente buena, joven y trabajadora en un mismo sitio.<\/p>\n<p>&nbsp;<\/p>\n<p>&nbsp;<\/p>\n<ul>\n<li><strong>Env\u00edale una pregunta al pr\u00f3ximo compa\u00f1ero que ser\u00e1 entrevistado.<\/strong><\/li>\n<\/ul>\n<p>&nbsp;<\/p>\n<p>\u00bfQu\u00e9 es lo mejor de tu d\u00eda a d\u00eda?<\/p>\n","protected":false},"excerpt":{"rendered":"<p>Para situarnos, \u00bfnos podr\u00edas contar como fueron tus comienzos en Gabitel? &nbsp; Empec\u00e9 como becaria en el departamento de Telecomunicaciones el 1 de abril de 2014 (\u00a18 a\u00f1os ya!), m\u00e1s concretamente en el proyecto de Ingenier\u00eda de Despliegue de la red FTTH de Jazztel-Telef\u00f3nica, en Sevilla. &nbsp; \u00bfDe los proyectos en los que has participado, [&hellip;]<\/p>\n","protected":false},"author":3,"featured_media":34527,"comment_status":"closed","ping_status":"closed","sticky":false,"template":"","format":"standard","meta":{"content-type":"","footnotes":""},"categories":[601],"tags":[],"class_list":["post-32904","post","type-post","status-publish","format-standard","has-post-thumbnail","hentry","category-off-topic-en"],"yoast_head":"<!-- This site is optimized with the Yoast SEO plugin v27.5 - https:\/\/yoast.com\/product\/yoast-seo-wordpress\/ -->\n<title>Nuestro equipo. Entrevista a Ana Campos - Gabitel<\/title>\n<meta name=\"robots\" content=\"index, follow, max-snippet:-1, max-image-preview:large, max-video-preview:-1\" \/>\n<link rel=\"canonical\" href=\"https:\/\/gabitel.net\/en\/nuestro-equipo-entrevista-a-ana-campos\/\" \/>\n<meta property=\"og:locale\" content=\"en_US\" \/>\n<meta property=\"og:type\" content=\"article\" \/>\n<meta property=\"og:title\" content=\"Nuestro equipo. Entrevista a Ana Campos - Gabitel\" \/>\n<meta property=\"og:description\" content=\"Para situarnos, \u00bfnos podr\u00edas contar como fueron tus comienzos en Gabitel? &nbsp; Empec\u00e9 como becaria en el departamento de Telecomunicaciones el 1 de abril de 2014 (\u00a18 a\u00f1os ya!), m\u00e1s concretamente en el proyecto de Ingenier\u00eda de Despliegue de la red FTTH de Jazztel-Telef\u00f3nica, en Sevilla. &nbsp; \u00bfDe los proyectos en los que has participado, [&hellip;]\" \/>\n<meta property=\"og:url\" content=\"https:\/\/gabitel.net\/en\/nuestro-equipo-entrevista-a-ana-campos\/\" \/>\n<meta property=\"og:site_name\" content=\"Gabitel\" \/>\n<meta property=\"article:publisher\" content=\"https:\/\/www.facebook.com\/gabitelingenieros\/\" \/>\n<meta property=\"article:published_time\" content=\"2022-05-05T07:50:30+00:00\" \/>\n<meta name=\"author\" content=\"user.autor\" \/>\n<meta name=\"twitter:card\" content=\"summary_large_image\" \/>\n<meta name=\"twitter:label1\" content=\"Written by\" \/>\n\t<meta name=\"twitter:data1\" content=\"user.autor\" \/>\n\t<meta name=\"twitter:label2\" content=\"Est. reading time\" \/>\n\t<meta name=\"twitter:data2\" content=\"2 minutes\" \/>\n<script type=\"application\/ld+json\" class=\"yoast-schema-graph\">{\"@context\":\"https:\\\/\\\/schema.org\",\"@graph\":[{\"@type\":[\"Article\",\"BlogPosting\"],\"@id\":\"https:\\\/\\\/gabitel.net\\\/en\\\/nuestro-equipo-entrevista-a-ana-campos\\\/#article\",\"isPartOf\":{\"@id\":\"https:\\\/\\\/gabitel.net\\\/en\\\/nuestro-equipo-entrevista-a-ana-campos\\\/\"},\"author\":{\"name\":\"user.autor\",\"@id\":\"https:\\\/\\\/gabitel.net\\\/en\\\/#\\\/schema\\\/person\\\/37ba53714c3fedb9c7d22f4bc781465c\"},\"headline\":\"Nuestro equipo. Entrevista a Ana Campos\",\"datePublished\":\"2022-05-05T07:50:30+00:00\",\"mainEntityOfPage\":{\"@id\":\"https:\\\/\\\/gabitel.net\\\/en\\\/nuestro-equipo-entrevista-a-ana-campos\\\/\"},\"wordCount\":428,\"publisher\":{\"@id\":\"https:\\\/\\\/gabitel.net\\\/en\\\/#organization\"},\"image\":{\"@id\":\"https:\\\/\\\/gabitel.net\\\/en\\\/nuestro-equipo-entrevista-a-ana-campos\\\/#primaryimage\"},\"thumbnailUrl\":\"https:\\\/\\\/gabitel.net\\\/wp-content\\\/uploads\\\/2022\\\/05\\\/ana-campos-min.jpg\",\"articleSection\":[\"Off-topic\"],\"inLanguage\":\"en-US\"},{\"@type\":\"WebPage\",\"@id\":\"https:\\\/\\\/gabitel.net\\\/en\\\/nuestro-equipo-entrevista-a-ana-campos\\\/\",\"url\":\"https:\\\/\\\/gabitel.net\\\/en\\\/nuestro-equipo-entrevista-a-ana-campos\\\/\",\"name\":\"Nuestro equipo. Entrevista a Ana Campos - Gabitel\",\"isPartOf\":{\"@id\":\"https:\\\/\\\/gabitel.net\\\/en\\\/#website\"},\"primaryImageOfPage\":{\"@id\":\"https:\\\/\\\/gabitel.net\\\/en\\\/nuestro-equipo-entrevista-a-ana-campos\\\/#primaryimage\"},\"image\":{\"@id\":\"https:\\\/\\\/gabitel.net\\\/en\\\/nuestro-equipo-entrevista-a-ana-campos\\\/#primaryimage\"},\"thumbnailUrl\":\"https:\\\/\\\/gabitel.net\\\/wp-content\\\/uploads\\\/2022\\\/05\\\/ana-campos-min.jpg\",\"datePublished\":\"2022-05-05T07:50:30+00:00\",\"breadcrumb\":{\"@id\":\"https:\\\/\\\/gabitel.net\\\/en\\\/nuestro-equipo-entrevista-a-ana-campos\\\/#breadcrumb\"},\"inLanguage\":\"en-US\",\"potentialAction\":[{\"@type\":\"ReadAction\",\"target\":[\"https:\\\/\\\/gabitel.net\\\/en\\\/nuestro-equipo-entrevista-a-ana-campos\\\/\"]}]},{\"@type\":\"ImageObject\",\"inLanguage\":\"en-US\",\"@id\":\"https:\\\/\\\/gabitel.net\\\/en\\\/nuestro-equipo-entrevista-a-ana-campos\\\/#primaryimage\",\"url\":\"https:\\\/\\\/gabitel.net\\\/wp-content\\\/uploads\\\/2022\\\/05\\\/ana-campos-min.jpg\",\"contentUrl\":\"https:\\\/\\\/gabitel.net\\\/wp-content\\\/uploads\\\/2022\\\/05\\\/ana-campos-min.jpg\",\"width\":880,\"height\":704,\"caption\":\"ana-campos\"},{\"@type\":\"BreadcrumbList\",\"@id\":\"https:\\\/\\\/gabitel.net\\\/en\\\/nuestro-equipo-entrevista-a-ana-campos\\\/#breadcrumb\",\"itemListElement\":[{\"@type\":\"ListItem\",\"position\":1,\"name\":\"Portada\",\"item\":\"https:\\\/\\\/gabitel.net\\\/en\\\/\"},{\"@type\":\"ListItem\",\"position\":2,\"name\":\"Nuestro equipo. Entrevista a Ana Campos\"}]},{\"@type\":\"WebSite\",\"@id\":\"https:\\\/\\\/gabitel.net\\\/en\\\/#website\",\"url\":\"https:\\\/\\\/gabitel.net\\\/en\\\/\",\"name\":\"Gabitel\",\"description\":\"\",\"publisher\":{\"@id\":\"https:\\\/\\\/gabitel.net\\\/en\\\/#organization\"},\"potentialAction\":[{\"@type\":\"SearchAction\",\"target\":{\"@type\":\"EntryPoint\",\"urlTemplate\":\"https:\\\/\\\/gabitel.net\\\/en\\\/?s={search_term_string}\"},\"query-input\":{\"@type\":\"PropertyValueSpecification\",\"valueRequired\":true,\"valueName\":\"search_term_string\"}}],\"inLanguage\":\"en-US\"},{\"@type\":\"Organization\",\"@id\":\"https:\\\/\\\/gabitel.net\\\/en\\\/#organization\",\"name\":\"Gabitel\",\"url\":\"https:\\\/\\\/gabitel.net\\\/en\\\/\",\"logo\":{\"@type\":\"ImageObject\",\"inLanguage\":\"en-US\",\"@id\":\"https:\\\/\\\/gabitel.net\\\/en\\\/#\\\/schema\\\/logo\\\/image\\\/\",\"url\":\"https:\\\/\\\/gabitel.net\\\/wp-content\\\/uploads\\\/2025\\\/05\\\/logo_gabitel.jpg\",\"contentUrl\":\"https:\\\/\\\/gabitel.net\\\/wp-content\\\/uploads\\\/2025\\\/05\\\/logo_gabitel.jpg\",\"width\":2560,\"height\":1330,\"caption\":\"Gabitel\"},\"image\":{\"@id\":\"https:\\\/\\\/gabitel.net\\\/en\\\/#\\\/schema\\\/logo\\\/image\\\/\"},\"sameAs\":[\"https:\\\/\\\/www.facebook.com\\\/gabitelingenieros\\\/\",\"https:\\\/\\\/es.linkedin.com\\\/company\\\/gabitel-ingenieros\"]},{\"@type\":\"Person\",\"@id\":\"https:\\\/\\\/gabitel.net\\\/en\\\/#\\\/schema\\\/person\\\/37ba53714c3fedb9c7d22f4bc781465c\",\"name\":\"user.autor\",\"url\":\"https:\\\/\\\/gabitel.net\\\/en\\\/author\\\/user-autor\\\/\"}]}<\/script>\n<!-- \/ Yoast SEO plugin. -->","yoast_head_json":{"title":"Nuestro equipo. Entrevista a Ana Campos - Gabitel","robots":{"index":"index","follow":"follow","max-snippet":"max-snippet:-1","max-image-preview":"max-image-preview:large","max-video-preview":"max-video-preview:-1"},"canonical":"https:\/\/gabitel.net\/en\/nuestro-equipo-entrevista-a-ana-campos\/","og_locale":"en_US","og_type":"article","og_title":"Nuestro equipo. Entrevista a Ana Campos - Gabitel","og_description":"Para situarnos, \u00bfnos podr\u00edas contar como fueron tus comienzos en Gabitel? &nbsp; Empec\u00e9 como becaria en el departamento de Telecomunicaciones el 1 de abril de 2014 (\u00a18 a\u00f1os ya!), m\u00e1s concretamente en el proyecto de Ingenier\u00eda de Despliegue de la red FTTH de Jazztel-Telef\u00f3nica, en Sevilla. &nbsp; \u00bfDe los proyectos en los que has participado, [&hellip;]","og_url":"https:\/\/gabitel.net\/en\/nuestro-equipo-entrevista-a-ana-campos\/","og_site_name":"Gabitel","article_publisher":"https:\/\/www.facebook.com\/gabitelingenieros\/","article_published_time":"2022-05-05T07:50:30+00:00","author":"user.autor","twitter_card":"summary_large_image","twitter_misc":{"Written by":"user.autor","Est. reading time":"2 minutes"},"schema":{"@context":"https:\/\/schema.org","@graph":[{"@type":["Article","BlogPosting"],"@id":"https:\/\/gabitel.net\/en\/nuestro-equipo-entrevista-a-ana-campos\/#article","isPartOf":{"@id":"https:\/\/gabitel.net\/en\/nuestro-equipo-entrevista-a-ana-campos\/"},"author":{"name":"user.autor","@id":"https:\/\/gabitel.net\/en\/#\/schema\/person\/37ba53714c3fedb9c7d22f4bc781465c"},"headline":"Nuestro equipo. Entrevista a Ana Campos","datePublished":"2022-05-05T07:50:30+00:00","mainEntityOfPage":{"@id":"https:\/\/gabitel.net\/en\/nuestro-equipo-entrevista-a-ana-campos\/"},"wordCount":428,"publisher":{"@id":"https:\/\/gabitel.net\/en\/#organization"},"image":{"@id":"https:\/\/gabitel.net\/en\/nuestro-equipo-entrevista-a-ana-campos\/#primaryimage"},"thumbnailUrl":"https:\/\/gabitel.net\/wp-content\/uploads\/2022\/05\/ana-campos-min.jpg","articleSection":["Off-topic"],"inLanguage":"en-US"},{"@type":"WebPage","@id":"https:\/\/gabitel.net\/en\/nuestro-equipo-entrevista-a-ana-campos\/","url":"https:\/\/gabitel.net\/en\/nuestro-equipo-entrevista-a-ana-campos\/","name":"Nuestro equipo. Entrevista a Ana Campos - Gabitel","isPartOf":{"@id":"https:\/\/gabitel.net\/en\/#website"},"primaryImageOfPage":{"@id":"https:\/\/gabitel.net\/en\/nuestro-equipo-entrevista-a-ana-campos\/#primaryimage"},"image":{"@id":"https:\/\/gabitel.net\/en\/nuestro-equipo-entrevista-a-ana-campos\/#primaryimage"},"thumbnailUrl":"https:\/\/gabitel.net\/wp-content\/uploads\/2022\/05\/ana-campos-min.jpg","datePublished":"2022-05-05T07:50:30+00:00","breadcrumb":{"@id":"https:\/\/gabitel.net\/en\/nuestro-equipo-entrevista-a-ana-campos\/#breadcrumb"},"inLanguage":"en-US","potentialAction":[{"@type":"ReadAction","target":["https:\/\/gabitel.net\/en\/nuestro-equipo-entrevista-a-ana-campos\/"]}]},{"@type":"ImageObject","inLanguage":"en-US","@id":"https:\/\/gabitel.net\/en\/nuestro-equipo-entrevista-a-ana-campos\/#primaryimage","url":"https:\/\/gabitel.net\/wp-content\/uploads\/2022\/05\/ana-campos-min.jpg","contentUrl":"https:\/\/gabitel.net\/wp-content\/uploads\/2022\/05\/ana-campos-min.jpg","width":880,"height":704,"caption":"ana-campos"},{"@type":"BreadcrumbList","@id":"https:\/\/gabitel.net\/en\/nuestro-equipo-entrevista-a-ana-campos\/#breadcrumb","itemListElement":[{"@type":"ListItem","position":1,"name":"Portada","item":"https:\/\/gabitel.net\/en\/"},{"@type":"ListItem","position":2,"name":"Nuestro equipo. Entrevista a Ana Campos"}]},{"@type":"WebSite","@id":"https:\/\/gabitel.net\/en\/#website","url":"https:\/\/gabitel.net\/en\/","name":"Gabitel","description":"","publisher":{"@id":"https:\/\/gabitel.net\/en\/#organization"},"potentialAction":[{"@type":"SearchAction","target":{"@type":"EntryPoint","urlTemplate":"https:\/\/gabitel.net\/en\/?s={search_term_string}"},"query-input":{"@type":"PropertyValueSpecification","valueRequired":true,"valueName":"search_term_string"}}],"inLanguage":"en-US"},{"@type":"Organization","@id":"https:\/\/gabitel.net\/en\/#organization","name":"Gabitel","url":"https:\/\/gabitel.net\/en\/","logo":{"@type":"ImageObject","inLanguage":"en-US","@id":"https:\/\/gabitel.net\/en\/#\/schema\/logo\/image\/","url":"https:\/\/gabitel.net\/wp-content\/uploads\/2025\/05\/logo_gabitel.jpg","contentUrl":"https:\/\/gabitel.net\/wp-content\/uploads\/2025\/05\/logo_gabitel.jpg","width":2560,"height":1330,"caption":"Gabitel"},"image":{"@id":"https:\/\/gabitel.net\/en\/#\/schema\/logo\/image\/"},"sameAs":["https:\/\/www.facebook.com\/gabitelingenieros\/","https:\/\/es.linkedin.com\/company\/gabitel-ingenieros"]},{"@type":"Person","@id":"https:\/\/gabitel.net\/en\/#\/schema\/person\/37ba53714c3fedb9c7d22f4bc781465c","name":"user.autor","url":"https:\/\/gabitel.net\/en\/author\/user-autor\/"}]}},"_links":{"self":[{"href":"https:\/\/gabitel.net\/en\/wp-json\/wp\/v2\/posts\/32904","targetHints":{"allow":["GET"]}}],"collection":[{"href":"https:\/\/gabitel.net\/en\/wp-json\/wp\/v2\/posts"}],"about":[{"href":"https:\/\/gabitel.net\/en\/wp-json\/wp\/v2\/types\/post"}],"author":[{"embeddable":true,"href":"https:\/\/gabitel.net\/en\/wp-json\/wp\/v2\/users\/3"}],"replies":[{"embeddable":true,"href":"https:\/\/gabitel.net\/en\/wp-json\/wp\/v2\/comments?post=32904"}],"version-history":[{"count":0,"href":"https:\/\/gabitel.net\/en\/wp-json\/wp\/v2\/posts\/32904\/revisions"}],"wp:featuredmedia":[{"embeddable":true,"href":"https:\/\/gabitel.net\/en\/wp-json\/wp\/v2\/media\/34527"}],"wp:attachment":[{"href":"https:\/\/gabitel.net\/en\/wp-json\/wp\/v2\/media?parent=32904"}],"wp:term":[{"taxonomy":"category","embeddable":true,"href":"https:\/\/gabitel.net\/en\/wp-json\/wp\/v2\/categories?post=32904"},{"taxonomy":"post_tag","embeddable":true,"href":"https:\/\/gabitel.net\/en\/wp-json\/wp\/v2\/tags?post=32904"}],"curies":[{"name":"wp","href":"https:\/\/api.w.org\/{rel}","templated":true}]}}