{"id":32906,"date":"2022-05-04T13:42:06","date_gmt":"2022-05-04T11:42:06","guid":{"rendered":"https:\/\/gabitel.net\/calendario-laboral-gabitel-2022\/"},"modified":"2022-05-04T13:42:06","modified_gmt":"2022-05-04T11:42:06","slug":"calendario-laboral-gabitel-2022","status":"publish","type":"post","link":"https:\/\/gabitel.net\/en\/calendario-laboral-gabitel-2022\/","title":{"rendered":"Calendario Laboral Gabitel 2022"},"content":{"rendered":"<p style=\"text-align: justify;\">Atendiendo a la pol\u00edtica de la empresa y siguiendo lo establecido en nuestras <em>Normas Internas<\/em>, se ha realizado una modificaci\u00f3n en el calendario laboral de este a\u00f1o 2022. Estas correcciones corresponden a d\u00edas previos a festivos nacionales y al periodo de jornada reducida de 8 horas en meses de veranos.<\/p>\n<p style=\"text-align: justify;\">Os detallamos a continuaci\u00f3n las modificaciones realizadas:<\/p>\n<ul>\n<li style=\"text-align: justify;\">Del <strong>1 de junio al 9 de junio<\/strong> la jornada ser\u00e1 de <strong>8.5 horas<\/strong> (a excepci\u00f3n del viernes, 3 de junio, que se mantiene a 7 horas).<\/li>\n<li style=\"text-align: justify;\">Del <strong>13 de junio al 15 de septiembre,<\/strong> a excepci\u00f3n de los viernes que se mantiene la jornada de 7 horas, de lunes a jueves la jornada se reduce a <strong>8 horas<\/strong>.<\/li>\n<li style=\"text-align: justify;\"><strong>31 de octubre<\/strong> (previo al festivo 1 de noviembre), pasa a jornada de <strong>7 horas.<\/strong><\/li>\n<li style=\"text-align: justify;\"><strong>5 de diciembre <\/strong>(previo al festivo 6 de diciembre), pasa a jornada de <strong>7 horas.<\/strong><\/li>\n<li style=\"text-align: justify;\"><strong>7 de diciembre <\/strong>(previo al festivo 8 de diciembre), pasa a jornada de <strong>7 horas<\/strong><\/li>\n<li style=\"text-align: justify;\"><strong>15 de diciembre<\/strong> se reduce la jornada a <strong>8 horas.<\/strong><\/li>\n<\/ul>\n<p><img decoding=\"async\" src=\"https:\/\/gabitelingenieros.com\/wp-content\/uploads\/2022\/05\/CALENDARIO-2022-ANDALUCIA-modifcado-min.jpg\" alt=\"Calendario Laboral Gabitel | Gabitel Ingenieros\" \/><\/p>\n","protected":false},"excerpt":{"rendered":"<p>Atendiendo a la pol\u00edtica de la empresa y siguiendo lo establecido en nuestras Normas Internas, se ha realizado una modificaci\u00f3n en el calendario laboral de este a\u00f1o 2022. Estas correcciones corresponden a d\u00edas previos a festivos nacionales y al periodo de jornada reducida de 8 horas en meses de veranos. Os detallamos a continuaci\u00f3n las [&hellip;]<\/p>\n","protected":false},"author":3,"featured_media":34531,"comment_status":"closed","ping_status":"closed","sticky":false,"template":"","format":"standard","meta":{"content-type":"","footnotes":""},"categories":[601],"tags":[],"class_list":["post-32906","post","type-post","status-publish","format-standard","has-post-thumbnail","hentry","category-off-topic-en"],"yoast_head":"<!-- This site is optimized with the Yoast SEO plugin v27.5 - https:\/\/yoast.com\/product\/yoast-seo-wordpress\/ -->\n<title>Calendario Laboral Gabitel 2022 - Gabitel<\/title>\n<meta name=\"robots\" content=\"index, follow, max-snippet:-1, max-image-preview:large, max-video-preview:-1\" \/>\n<link rel=\"canonical\" href=\"https:\/\/gabitel.net\/en\/calendario-laboral-gabitel-2022\/\" \/>\n<meta property=\"og:locale\" content=\"en_US\" \/>\n<meta property=\"og:type\" content=\"article\" \/>\n<meta property=\"og:title\" content=\"Calendario Laboral Gabitel 2022 - Gabitel\" \/>\n<meta property=\"og:description\" content=\"Atendiendo a la pol\u00edtica de la empresa y siguiendo lo establecido en nuestras Normas Internas, se ha realizado una modificaci\u00f3n en el calendario laboral de este a\u00f1o 2022. Estas correcciones corresponden a d\u00edas previos a festivos nacionales y al periodo de jornada reducida de 8 horas en meses de veranos. Os detallamos a continuaci\u00f3n las [&hellip;]\" \/>\n<meta property=\"og:url\" content=\"https:\/\/gabitel.net\/en\/calendario-laboral-gabitel-2022\/\" \/>\n<meta property=\"og:site_name\" content=\"Gabitel\" \/>\n<meta property=\"article:publisher\" content=\"https:\/\/www.facebook.com\/gabitelingenieros\/\" \/>\n<meta property=\"article:published_time\" content=\"2022-05-04T11:42:06+00:00\" \/>\n<meta property=\"og:image\" content=\"https:\/\/gabitelingenieros.com\/wp-content\/uploads\/2022\/05\/CALENDARIO-2022-ANDALUCIA-modifcado-min.jpg\" \/>\n<meta name=\"author\" content=\"user.autor\" \/>\n<meta name=\"twitter:card\" content=\"summary_large_image\" \/>\n<meta name=\"twitter:label1\" content=\"Written by\" \/>\n\t<meta name=\"twitter:data1\" content=\"user.autor\" \/>\n\t<meta name=\"twitter:label2\" content=\"Est. reading time\" \/>\n\t<meta name=\"twitter:data2\" content=\"1 minute\" \/>\n<script type=\"application\/ld+json\" class=\"yoast-schema-graph\">{\"@context\":\"https:\\\/\\\/schema.org\",\"@graph\":[{\"@type\":[\"Article\",\"BlogPosting\"],\"@id\":\"https:\\\/\\\/gabitel.net\\\/en\\\/calendario-laboral-gabitel-2022\\\/#article\",\"isPartOf\":{\"@id\":\"https:\\\/\\\/gabitel.net\\\/en\\\/calendario-laboral-gabitel-2022\\\/\"},\"author\":{\"name\":\"user.autor\",\"@id\":\"https:\\\/\\\/gabitel.net\\\/en\\\/#\\\/schema\\\/person\\\/37ba53714c3fedb9c7d22f4bc781465c\"},\"headline\":\"Calendario Laboral Gabitel 2022\",\"datePublished\":\"2022-05-04T11:42:06+00:00\",\"mainEntityOfPage\":{\"@id\":\"https:\\\/\\\/gabitel.net\\\/en\\\/calendario-laboral-gabitel-2022\\\/\"},\"wordCount\":159,\"publisher\":{\"@id\":\"https:\\\/\\\/gabitel.net\\\/en\\\/#organization\"},\"image\":{\"@id\":\"https:\\\/\\\/gabitel.net\\\/en\\\/calendario-laboral-gabitel-2022\\\/#primaryimage\"},\"thumbnailUrl\":\"https:\\\/\\\/gabitel.net\\\/wp-content\\\/uploads\\\/2022\\\/05\\\/calendario-laboral-min.jpg\",\"articleSection\":[\"Off-topic\"],\"inLanguage\":\"en-US\"},{\"@type\":\"WebPage\",\"@id\":\"https:\\\/\\\/gabitel.net\\\/en\\\/calendario-laboral-gabitel-2022\\\/\",\"url\":\"https:\\\/\\\/gabitel.net\\\/en\\\/calendario-laboral-gabitel-2022\\\/\",\"name\":\"Calendario Laboral Gabitel 2022 - Gabitel\",\"isPartOf\":{\"@id\":\"https:\\\/\\\/gabitel.net\\\/en\\\/#website\"},\"primaryImageOfPage\":{\"@id\":\"https:\\\/\\\/gabitel.net\\\/en\\\/calendario-laboral-gabitel-2022\\\/#primaryimage\"},\"image\":{\"@id\":\"https:\\\/\\\/gabitel.net\\\/en\\\/calendario-laboral-gabitel-2022\\\/#primaryimage\"},\"thumbnailUrl\":\"https:\\\/\\\/gabitel.net\\\/wp-content\\\/uploads\\\/2022\\\/05\\\/calendario-laboral-min.jpg\",\"datePublished\":\"2022-05-04T11:42:06+00:00\",\"breadcrumb\":{\"@id\":\"https:\\\/\\\/gabitel.net\\\/en\\\/calendario-laboral-gabitel-2022\\\/#breadcrumb\"},\"inLanguage\":\"en-US\",\"potentialAction\":[{\"@type\":\"ReadAction\",\"target\":[\"https:\\\/\\\/gabitel.net\\\/en\\\/calendario-laboral-gabitel-2022\\\/\"]}]},{\"@type\":\"ImageObject\",\"inLanguage\":\"en-US\",\"@id\":\"https:\\\/\\\/gabitel.net\\\/en\\\/calendario-laboral-gabitel-2022\\\/#primaryimage\",\"url\":\"https:\\\/\\\/gabitel.net\\\/wp-content\\\/uploads\\\/2022\\\/05\\\/calendario-laboral-min.jpg\",\"contentUrl\":\"https:\\\/\\\/gabitel.net\\\/wp-content\\\/uploads\\\/2022\\\/05\\\/calendario-laboral-min.jpg\",\"width\":1000,\"height\":584,\"caption\":\"calendario-laboral\"},{\"@type\":\"BreadcrumbList\",\"@id\":\"https:\\\/\\\/gabitel.net\\\/en\\\/calendario-laboral-gabitel-2022\\\/#breadcrumb\",\"itemListElement\":[{\"@type\":\"ListItem\",\"position\":1,\"name\":\"Portada\",\"item\":\"https:\\\/\\\/gabitel.net\\\/en\\\/\"},{\"@type\":\"ListItem\",\"position\":2,\"name\":\"Calendario Laboral Gabitel 2022\"}]},{\"@type\":\"WebSite\",\"@id\":\"https:\\\/\\\/gabitel.net\\\/en\\\/#website\",\"url\":\"https:\\\/\\\/gabitel.net\\\/en\\\/\",\"name\":\"Gabitel\",\"description\":\"\",\"publisher\":{\"@id\":\"https:\\\/\\\/gabitel.net\\\/en\\\/#organization\"},\"potentialAction\":[{\"@type\":\"SearchAction\",\"target\":{\"@type\":\"EntryPoint\",\"urlTemplate\":\"https:\\\/\\\/gabitel.net\\\/en\\\/?s={search_term_string}\"},\"query-input\":{\"@type\":\"PropertyValueSpecification\",\"valueRequired\":true,\"valueName\":\"search_term_string\"}}],\"inLanguage\":\"en-US\"},{\"@type\":\"Organization\",\"@id\":\"https:\\\/\\\/gabitel.net\\\/en\\\/#organization\",\"name\":\"Gabitel\",\"url\":\"https:\\\/\\\/gabitel.net\\\/en\\\/\",\"logo\":{\"@type\":\"ImageObject\",\"inLanguage\":\"en-US\",\"@id\":\"https:\\\/\\\/gabitel.net\\\/en\\\/#\\\/schema\\\/logo\\\/image\\\/\",\"url\":\"https:\\\/\\\/gabitel.net\\\/wp-content\\\/uploads\\\/2025\\\/05\\\/logo_gabitel.jpg\",\"contentUrl\":\"https:\\\/\\\/gabitel.net\\\/wp-content\\\/uploads\\\/2025\\\/05\\\/logo_gabitel.jpg\",\"width\":2560,\"height\":1330,\"caption\":\"Gabitel\"},\"image\":{\"@id\":\"https:\\\/\\\/gabitel.net\\\/en\\\/#\\\/schema\\\/logo\\\/image\\\/\"},\"sameAs\":[\"https:\\\/\\\/www.facebook.com\\\/gabitelingenieros\\\/\",\"https:\\\/\\\/es.linkedin.com\\\/company\\\/gabitel-ingenieros\"]},{\"@type\":\"Person\",\"@id\":\"https:\\\/\\\/gabitel.net\\\/en\\\/#\\\/schema\\\/person\\\/37ba53714c3fedb9c7d22f4bc781465c\",\"name\":\"user.autor\",\"url\":\"https:\\\/\\\/gabitel.net\\\/en\\\/author\\\/user-autor\\\/\"}]}<\/script>\n<!-- \/ Yoast SEO plugin. -->","yoast_head_json":{"title":"Calendario Laboral Gabitel 2022 - Gabitel","robots":{"index":"index","follow":"follow","max-snippet":"max-snippet:-1","max-image-preview":"max-image-preview:large","max-video-preview":"max-video-preview:-1"},"canonical":"https:\/\/gabitel.net\/en\/calendario-laboral-gabitel-2022\/","og_locale":"en_US","og_type":"article","og_title":"Calendario Laboral Gabitel 2022 - Gabitel","og_description":"Atendiendo a la pol\u00edtica de la empresa y siguiendo lo establecido en nuestras Normas Internas, se ha realizado una modificaci\u00f3n en el calendario laboral de este a\u00f1o 2022. Estas correcciones corresponden a d\u00edas previos a festivos nacionales y al periodo de jornada reducida de 8 horas en meses de veranos. Os detallamos a continuaci\u00f3n las [&hellip;]","og_url":"https:\/\/gabitel.net\/en\/calendario-laboral-gabitel-2022\/","og_site_name":"Gabitel","article_publisher":"https:\/\/www.facebook.com\/gabitelingenieros\/","article_published_time":"2022-05-04T11:42:06+00:00","og_image":[{"url":"https:\/\/gabitelingenieros.com\/wp-content\/uploads\/2022\/05\/CALENDARIO-2022-ANDALUCIA-modifcado-min.jpg","type":"","width":"","height":""}],"author":"user.autor","twitter_card":"summary_large_image","twitter_misc":{"Written by":"user.autor","Est. reading time":"1 minute"},"schema":{"@context":"https:\/\/schema.org","@graph":[{"@type":["Article","BlogPosting"],"@id":"https:\/\/gabitel.net\/en\/calendario-laboral-gabitel-2022\/#article","isPartOf":{"@id":"https:\/\/gabitel.net\/en\/calendario-laboral-gabitel-2022\/"},"author":{"name":"user.autor","@id":"https:\/\/gabitel.net\/en\/#\/schema\/person\/37ba53714c3fedb9c7d22f4bc781465c"},"headline":"Calendario Laboral Gabitel 2022","datePublished":"2022-05-04T11:42:06+00:00","mainEntityOfPage":{"@id":"https:\/\/gabitel.net\/en\/calendario-laboral-gabitel-2022\/"},"wordCount":159,"publisher":{"@id":"https:\/\/gabitel.net\/en\/#organization"},"image":{"@id":"https:\/\/gabitel.net\/en\/calendario-laboral-gabitel-2022\/#primaryimage"},"thumbnailUrl":"https:\/\/gabitel.net\/wp-content\/uploads\/2022\/05\/calendario-laboral-min.jpg","articleSection":["Off-topic"],"inLanguage":"en-US"},{"@type":"WebPage","@id":"https:\/\/gabitel.net\/en\/calendario-laboral-gabitel-2022\/","url":"https:\/\/gabitel.net\/en\/calendario-laboral-gabitel-2022\/","name":"Calendario Laboral Gabitel 2022 - Gabitel","isPartOf":{"@id":"https:\/\/gabitel.net\/en\/#website"},"primaryImageOfPage":{"@id":"https:\/\/gabitel.net\/en\/calendario-laboral-gabitel-2022\/#primaryimage"},"image":{"@id":"https:\/\/gabitel.net\/en\/calendario-laboral-gabitel-2022\/#primaryimage"},"thumbnailUrl":"https:\/\/gabitel.net\/wp-content\/uploads\/2022\/05\/calendario-laboral-min.jpg","datePublished":"2022-05-04T11:42:06+00:00","breadcrumb":{"@id":"https:\/\/gabitel.net\/en\/calendario-laboral-gabitel-2022\/#breadcrumb"},"inLanguage":"en-US","potentialAction":[{"@type":"ReadAction","target":["https:\/\/gabitel.net\/en\/calendario-laboral-gabitel-2022\/"]}]},{"@type":"ImageObject","inLanguage":"en-US","@id":"https:\/\/gabitel.net\/en\/calendario-laboral-gabitel-2022\/#primaryimage","url":"https:\/\/gabitel.net\/wp-content\/uploads\/2022\/05\/calendario-laboral-min.jpg","contentUrl":"https:\/\/gabitel.net\/wp-content\/uploads\/2022\/05\/calendario-laboral-min.jpg","width":1000,"height":584,"caption":"calendario-laboral"},{"@type":"BreadcrumbList","@id":"https:\/\/gabitel.net\/en\/calendario-laboral-gabitel-2022\/#breadcrumb","itemListElement":[{"@type":"ListItem","position":1,"name":"Portada","item":"https:\/\/gabitel.net\/en\/"},{"@type":"ListItem","position":2,"name":"Calendario Laboral Gabitel 2022"}]},{"@type":"WebSite","@id":"https:\/\/gabitel.net\/en\/#website","url":"https:\/\/gabitel.net\/en\/","name":"Gabitel","description":"","publisher":{"@id":"https:\/\/gabitel.net\/en\/#organization"},"potentialAction":[{"@type":"SearchAction","target":{"@type":"EntryPoint","urlTemplate":"https:\/\/gabitel.net\/en\/?s={search_term_string}"},"query-input":{"@type":"PropertyValueSpecification","valueRequired":true,"valueName":"search_term_string"}}],"inLanguage":"en-US"},{"@type":"Organization","@id":"https:\/\/gabitel.net\/en\/#organization","name":"Gabitel","url":"https:\/\/gabitel.net\/en\/","logo":{"@type":"ImageObject","inLanguage":"en-US","@id":"https:\/\/gabitel.net\/en\/#\/schema\/logo\/image\/","url":"https:\/\/gabitel.net\/wp-content\/uploads\/2025\/05\/logo_gabitel.jpg","contentUrl":"https:\/\/gabitel.net\/wp-content\/uploads\/2025\/05\/logo_gabitel.jpg","width":2560,"height":1330,"caption":"Gabitel"},"image":{"@id":"https:\/\/gabitel.net\/en\/#\/schema\/logo\/image\/"},"sameAs":["https:\/\/www.facebook.com\/gabitelingenieros\/","https:\/\/es.linkedin.com\/company\/gabitel-ingenieros"]},{"@type":"Person","@id":"https:\/\/gabitel.net\/en\/#\/schema\/person\/37ba53714c3fedb9c7d22f4bc781465c","name":"user.autor","url":"https:\/\/gabitel.net\/en\/author\/user-autor\/"}]}},"_links":{"self":[{"href":"https:\/\/gabitel.net\/en\/wp-json\/wp\/v2\/posts\/32906","targetHints":{"allow":["GET"]}}],"collection":[{"href":"https:\/\/gabitel.net\/en\/wp-json\/wp\/v2\/posts"}],"about":[{"href":"https:\/\/gabitel.net\/en\/wp-json\/wp\/v2\/types\/post"}],"author":[{"embeddable":true,"href":"https:\/\/gabitel.net\/en\/wp-json\/wp\/v2\/users\/3"}],"replies":[{"embeddable":true,"href":"https:\/\/gabitel.net\/en\/wp-json\/wp\/v2\/comments?post=32906"}],"version-history":[{"count":0,"href":"https:\/\/gabitel.net\/en\/wp-json\/wp\/v2\/posts\/32906\/revisions"}],"wp:featuredmedia":[{"embeddable":true,"href":"https:\/\/gabitel.net\/en\/wp-json\/wp\/v2\/media\/34531"}],"wp:attachment":[{"href":"https:\/\/gabitel.net\/en\/wp-json\/wp\/v2\/media?parent=32906"}],"wp:term":[{"taxonomy":"category","embeddable":true,"href":"https:\/\/gabitel.net\/en\/wp-json\/wp\/v2\/categories?post=32906"},{"taxonomy":"post_tag","embeddable":true,"href":"https:\/\/gabitel.net\/en\/wp-json\/wp\/v2\/tags?post=32906"}],"curies":[{"name":"wp","href":"https:\/\/api.w.org\/{rel}","templated":true}]}}