{"id":32908,"date":"2022-05-04T13:21:44","date_gmt":"2022-05-04T11:21:44","guid":{"rendered":"https:\/\/gabitel.net\/feliz-dia-de-la-madre-2\/"},"modified":"2022-05-04T13:21:44","modified_gmt":"2022-05-04T11:21:44","slug":"feliz-dia-de-la-madre-2","status":"publish","type":"post","link":"https:\/\/gabitel.net\/en\/feliz-dia-de-la-madre-2\/","title":{"rendered":"Feliz d\u00eda de la Madre"},"content":{"rendered":"<p style=\"text-align: justify;\">Madres\u2026 Guerreras incondicionales, m\u00e1quinas de dar abrazos y sacar sonrisas, expertas en curar corazones y secar l\u00e1grimas, siempre presentes e incondicionales.<\/p>\n<p style=\"text-align: justify;\">Nuestras madres son muy importantes, tanto que tienen su propio d\u00eda para celebrar y disfrutar de su amor y compa\u00f1\u00eda desde los antiguos griegos. En aquellos tiempos, se rend\u00eda culto a las divinidades femeninas de la fertilidad para dejar atr\u00e1s los \u00faltimos d\u00edas de la primavera y dar paso al luminoso verano. Se celebraba la feminidad como el origen de algo mucho m\u00e1s profundo, la maternidad de las mujeres de la \u00e9poca y la fertilidad de la tierra y los animales.<\/p>\n<p style=\"text-align: justify;\">En la actualidad, este d\u00eda nos recuerda todo lo que nuestras madres han tenido que luchar por nosotros y el amor que siempre est\u00e1n dispuestas a dar sin importar lo que hubiera pasado antes. Por eso, desde Gabitel, planteamos nuestro propio concurso de dibujo para los m\u00e1s peque\u00f1os de la casa donde se reflejase el significado de su madre o simplemente, c\u00f3mo ellos la ven para celebrar el <em>D\u00eda de la Madre<\/em> este 1 de mayo.<\/p>\n<p style=\"text-align: justify;\">Tras una complicada y larga deliberaci\u00f3n, se ha decidido que no sea solo uno el ganador del concurso sino dos, as\u00ed, los ganadores de este a\u00f1o son:<\/p>\n<p style=\"text-align: justify;\"><em>Laura Beltr\u00e1n Delgado<\/em>, de 5 a\u00f1os, hija de nuestra compa\u00f1era Vanessa Delgado Hidalgo.<\/p>\n<p><img decoding=\"async\" src=\"https:\/\/gabitelingenieros.com\/wp-content\/uploads\/2022\/05\/laura-beltran-min.png\" alt=\"Feliz d\u00eda de | Gabitel Ingenieros\" \/><\/p>\n<p>Y <em>Paula Bellido Carrasco<\/em>, de 14 a\u00f1os, hija de nuestra compa\u00f1era Elena Carrasco G\u00f3mez.<\/p>\n<p><img decoding=\"async\" src=\"https:\/\/gabitelingenieros.com\/wp-content\/uploads\/2022\/05\/paula-bellido-min.png\" alt=\"Feliz d\u00eda de | Gabitel Ingenieros\" \/><\/p>\n<p style=\"text-align: justify;\"><strong>Enhorabuena a las dos!!<\/strong><\/p>\n<p style=\"text-align: justify;\">Queremos hacer una menci\u00f3n especial y agradecer a aquellos dibujos que, aunque no hayan ganado, son dignos de ser admirados por todos:<\/p>\n<p style=\"text-align: justify;\"><em>Marta Bellido Carrasco<\/em> (8 a\u00f1os), hija de nuestra compa\u00f1era Elena Carrasco G\u00f3mez.<\/p>\n<p><img decoding=\"async\" src=\"https:\/\/gabitelingenieros.com\/wp-content\/uploads\/2022\/05\/marta-bellido-min.png\" alt=\"Feliz d\u00eda de | Gabitel Ingenieros\" \/><\/p>\n<p style=\"text-align: justify;\"><em>Alba Gonz\u00e1lez Rodr\u00edguez<\/em> (5 a\u00f1os), hija de nuestro compa\u00f1ero Juan Miguel Gonz\u00e1lez.<\/p>\n<p><img decoding=\"async\" src=\"https:\/\/gabitelingenieros.com\/wp-content\/uploads\/2022\/05\/alba-gonzalez-min.jpg\" alt=\"Feliz d\u00eda de | Gabitel Ingenieros\" \/><\/p>\n<p><strong><em>\u00a1Muchas gracias a todos por participar! \u00a1Y Feliz D\u00eda de la Madre!\u00a0 <\/em><\/strong><\/p>\n","protected":false},"excerpt":{"rendered":"<p>Madres\u2026 Guerreras incondicionales, m\u00e1quinas de dar abrazos y sacar sonrisas, expertas en curar corazones y secar l\u00e1grimas, siempre presentes e incondicionales. Nuestras madres son muy importantes, tanto que tienen su propio d\u00eda para celebrar y disfrutar de su amor y compa\u00f1\u00eda desde los antiguos griegos. En aquellos tiempos, se rend\u00eda culto a las divinidades femeninas [&hellip;]<\/p>\n","protected":false},"author":3,"featured_media":34513,"comment_status":"closed","ping_status":"closed","sticky":false,"template":"","format":"standard","meta":{"content-type":"","footnotes":""},"categories":[601],"tags":[],"class_list":["post-32908","post","type-post","status-publish","format-standard","has-post-thumbnail","hentry","category-off-topic-en"],"yoast_head":"<!-- This site is optimized with the Yoast SEO plugin v27.5 - https:\/\/yoast.com\/product\/yoast-seo-wordpress\/ -->\n<title>Feliz d\u00eda de la Madre - Gabitel<\/title>\n<meta name=\"robots\" content=\"index, follow, max-snippet:-1, max-image-preview:large, max-video-preview:-1\" \/>\n<link rel=\"canonical\" href=\"https:\/\/gabitel.net\/en\/feliz-dia-de-la-madre-2\/\" \/>\n<meta property=\"og:locale\" content=\"en_US\" \/>\n<meta property=\"og:type\" content=\"article\" \/>\n<meta property=\"og:title\" content=\"Feliz d\u00eda de la Madre - Gabitel\" \/>\n<meta property=\"og:description\" content=\"Madres\u2026 Guerreras incondicionales, m\u00e1quinas de dar abrazos y sacar sonrisas, expertas en curar corazones y secar l\u00e1grimas, siempre presentes e incondicionales. Nuestras madres son muy importantes, tanto que tienen su propio d\u00eda para celebrar y disfrutar de su amor y compa\u00f1\u00eda desde los antiguos griegos. En aquellos tiempos, se rend\u00eda culto a las divinidades femeninas [&hellip;]\" \/>\n<meta property=\"og:url\" content=\"https:\/\/gabitel.net\/en\/feliz-dia-de-la-madre-2\/\" \/>\n<meta property=\"og:site_name\" content=\"Gabitel\" \/>\n<meta property=\"article:publisher\" content=\"https:\/\/www.facebook.com\/gabitelingenieros\/\" \/>\n<meta property=\"article:published_time\" content=\"2022-05-04T11:21:44+00:00\" \/>\n<meta property=\"og:image\" content=\"https:\/\/gabitelingenieros.com\/wp-content\/uploads\/2022\/05\/laura-beltran-min.png\" \/>\n<meta name=\"author\" content=\"user.autor\" \/>\n<meta name=\"twitter:card\" content=\"summary_large_image\" \/>\n<meta name=\"twitter:label1\" content=\"Written by\" \/>\n\t<meta name=\"twitter:data1\" content=\"user.autor\" \/>\n\t<meta name=\"twitter:label2\" content=\"Est. reading time\" \/>\n\t<meta name=\"twitter:data2\" content=\"2 minutes\" \/>\n<script type=\"application\/ld+json\" class=\"yoast-schema-graph\">{\"@context\":\"https:\\\/\\\/schema.org\",\"@graph\":[{\"@type\":[\"Article\",\"BlogPosting\"],\"@id\":\"https:\\\/\\\/gabitel.net\\\/en\\\/feliz-dia-de-la-madre-2\\\/#article\",\"isPartOf\":{\"@id\":\"https:\\\/\\\/gabitel.net\\\/en\\\/feliz-dia-de-la-madre-2\\\/\"},\"author\":{\"name\":\"user.autor\",\"@id\":\"https:\\\/\\\/gabitel.net\\\/en\\\/#\\\/schema\\\/person\\\/37ba53714c3fedb9c7d22f4bc781465c\"},\"headline\":\"Feliz d\u00eda de la Madre\",\"datePublished\":\"2022-05-04T11:21:44+00:00\",\"mainEntityOfPage\":{\"@id\":\"https:\\\/\\\/gabitel.net\\\/en\\\/feliz-dia-de-la-madre-2\\\/\"},\"wordCount\":327,\"publisher\":{\"@id\":\"https:\\\/\\\/gabitel.net\\\/en\\\/#organization\"},\"image\":{\"@id\":\"https:\\\/\\\/gabitel.net\\\/en\\\/feliz-dia-de-la-madre-2\\\/#primaryimage\"},\"thumbnailUrl\":\"https:\\\/\\\/gabitel.net\\\/wp-content\\\/uploads\\\/2022\\\/05\\\/diadelamadre-min.jpg\",\"articleSection\":[\"Off-topic\"],\"inLanguage\":\"en-US\"},{\"@type\":\"WebPage\",\"@id\":\"https:\\\/\\\/gabitel.net\\\/en\\\/feliz-dia-de-la-madre-2\\\/\",\"url\":\"https:\\\/\\\/gabitel.net\\\/en\\\/feliz-dia-de-la-madre-2\\\/\",\"name\":\"Feliz d\u00eda de la Madre - Gabitel\",\"isPartOf\":{\"@id\":\"https:\\\/\\\/gabitel.net\\\/en\\\/#website\"},\"primaryImageOfPage\":{\"@id\":\"https:\\\/\\\/gabitel.net\\\/en\\\/feliz-dia-de-la-madre-2\\\/#primaryimage\"},\"image\":{\"@id\":\"https:\\\/\\\/gabitel.net\\\/en\\\/feliz-dia-de-la-madre-2\\\/#primaryimage\"},\"thumbnailUrl\":\"https:\\\/\\\/gabitel.net\\\/wp-content\\\/uploads\\\/2022\\\/05\\\/diadelamadre-min.jpg\",\"datePublished\":\"2022-05-04T11:21:44+00:00\",\"breadcrumb\":{\"@id\":\"https:\\\/\\\/gabitel.net\\\/en\\\/feliz-dia-de-la-madre-2\\\/#breadcrumb\"},\"inLanguage\":\"en-US\",\"potentialAction\":[{\"@type\":\"ReadAction\",\"target\":[\"https:\\\/\\\/gabitel.net\\\/en\\\/feliz-dia-de-la-madre-2\\\/\"]}]},{\"@type\":\"ImageObject\",\"inLanguage\":\"en-US\",\"@id\":\"https:\\\/\\\/gabitel.net\\\/en\\\/feliz-dia-de-la-madre-2\\\/#primaryimage\",\"url\":\"https:\\\/\\\/gabitel.net\\\/wp-content\\\/uploads\\\/2022\\\/05\\\/diadelamadre-min.jpg\",\"contentUrl\":\"https:\\\/\\\/gabitel.net\\\/wp-content\\\/uploads\\\/2022\\\/05\\\/diadelamadre-min.jpg\",\"width\":1600,\"height\":850,\"caption\":\"diadelamadre\"},{\"@type\":\"BreadcrumbList\",\"@id\":\"https:\\\/\\\/gabitel.net\\\/en\\\/feliz-dia-de-la-madre-2\\\/#breadcrumb\",\"itemListElement\":[{\"@type\":\"ListItem\",\"position\":1,\"name\":\"Portada\",\"item\":\"https:\\\/\\\/gabitel.net\\\/en\\\/\"},{\"@type\":\"ListItem\",\"position\":2,\"name\":\"Feliz d\u00eda de la Madre\"}]},{\"@type\":\"WebSite\",\"@id\":\"https:\\\/\\\/gabitel.net\\\/en\\\/#website\",\"url\":\"https:\\\/\\\/gabitel.net\\\/en\\\/\",\"name\":\"Gabitel\",\"description\":\"\",\"publisher\":{\"@id\":\"https:\\\/\\\/gabitel.net\\\/en\\\/#organization\"},\"potentialAction\":[{\"@type\":\"SearchAction\",\"target\":{\"@type\":\"EntryPoint\",\"urlTemplate\":\"https:\\\/\\\/gabitel.net\\\/en\\\/?s={search_term_string}\"},\"query-input\":{\"@type\":\"PropertyValueSpecification\",\"valueRequired\":true,\"valueName\":\"search_term_string\"}}],\"inLanguage\":\"en-US\"},{\"@type\":\"Organization\",\"@id\":\"https:\\\/\\\/gabitel.net\\\/en\\\/#organization\",\"name\":\"Gabitel\",\"url\":\"https:\\\/\\\/gabitel.net\\\/en\\\/\",\"logo\":{\"@type\":\"ImageObject\",\"inLanguage\":\"en-US\",\"@id\":\"https:\\\/\\\/gabitel.net\\\/en\\\/#\\\/schema\\\/logo\\\/image\\\/\",\"url\":\"https:\\\/\\\/gabitel.net\\\/wp-content\\\/uploads\\\/2025\\\/05\\\/logo_gabitel.jpg\",\"contentUrl\":\"https:\\\/\\\/gabitel.net\\\/wp-content\\\/uploads\\\/2025\\\/05\\\/logo_gabitel.jpg\",\"width\":2560,\"height\":1330,\"caption\":\"Gabitel\"},\"image\":{\"@id\":\"https:\\\/\\\/gabitel.net\\\/en\\\/#\\\/schema\\\/logo\\\/image\\\/\"},\"sameAs\":[\"https:\\\/\\\/www.facebook.com\\\/gabitelingenieros\\\/\",\"https:\\\/\\\/es.linkedin.com\\\/company\\\/gabitel-ingenieros\"]},{\"@type\":\"Person\",\"@id\":\"https:\\\/\\\/gabitel.net\\\/en\\\/#\\\/schema\\\/person\\\/37ba53714c3fedb9c7d22f4bc781465c\",\"name\":\"user.autor\",\"url\":\"https:\\\/\\\/gabitel.net\\\/en\\\/author\\\/user-autor\\\/\"}]}<\/script>\n<!-- \/ Yoast SEO plugin. -->","yoast_head_json":{"title":"Feliz d\u00eda de la Madre - Gabitel","robots":{"index":"index","follow":"follow","max-snippet":"max-snippet:-1","max-image-preview":"max-image-preview:large","max-video-preview":"max-video-preview:-1"},"canonical":"https:\/\/gabitel.net\/en\/feliz-dia-de-la-madre-2\/","og_locale":"en_US","og_type":"article","og_title":"Feliz d\u00eda de la Madre - Gabitel","og_description":"Madres\u2026 Guerreras incondicionales, m\u00e1quinas de dar abrazos y sacar sonrisas, expertas en curar corazones y secar l\u00e1grimas, siempre presentes e incondicionales. Nuestras madres son muy importantes, tanto que tienen su propio d\u00eda para celebrar y disfrutar de su amor y compa\u00f1\u00eda desde los antiguos griegos. En aquellos tiempos, se rend\u00eda culto a las divinidades femeninas [&hellip;]","og_url":"https:\/\/gabitel.net\/en\/feliz-dia-de-la-madre-2\/","og_site_name":"Gabitel","article_publisher":"https:\/\/www.facebook.com\/gabitelingenieros\/","article_published_time":"2022-05-04T11:21:44+00:00","og_image":[{"url":"https:\/\/gabitelingenieros.com\/wp-content\/uploads\/2022\/05\/laura-beltran-min.png","type":"","width":"","height":""}],"author":"user.autor","twitter_card":"summary_large_image","twitter_misc":{"Written by":"user.autor","Est. reading time":"2 minutes"},"schema":{"@context":"https:\/\/schema.org","@graph":[{"@type":["Article","BlogPosting"],"@id":"https:\/\/gabitel.net\/en\/feliz-dia-de-la-madre-2\/#article","isPartOf":{"@id":"https:\/\/gabitel.net\/en\/feliz-dia-de-la-madre-2\/"},"author":{"name":"user.autor","@id":"https:\/\/gabitel.net\/en\/#\/schema\/person\/37ba53714c3fedb9c7d22f4bc781465c"},"headline":"Feliz d\u00eda de la Madre","datePublished":"2022-05-04T11:21:44+00:00","mainEntityOfPage":{"@id":"https:\/\/gabitel.net\/en\/feliz-dia-de-la-madre-2\/"},"wordCount":327,"publisher":{"@id":"https:\/\/gabitel.net\/en\/#organization"},"image":{"@id":"https:\/\/gabitel.net\/en\/feliz-dia-de-la-madre-2\/#primaryimage"},"thumbnailUrl":"https:\/\/gabitel.net\/wp-content\/uploads\/2022\/05\/diadelamadre-min.jpg","articleSection":["Off-topic"],"inLanguage":"en-US"},{"@type":"WebPage","@id":"https:\/\/gabitel.net\/en\/feliz-dia-de-la-madre-2\/","url":"https:\/\/gabitel.net\/en\/feliz-dia-de-la-madre-2\/","name":"Feliz d\u00eda de la Madre - Gabitel","isPartOf":{"@id":"https:\/\/gabitel.net\/en\/#website"},"primaryImageOfPage":{"@id":"https:\/\/gabitel.net\/en\/feliz-dia-de-la-madre-2\/#primaryimage"},"image":{"@id":"https:\/\/gabitel.net\/en\/feliz-dia-de-la-madre-2\/#primaryimage"},"thumbnailUrl":"https:\/\/gabitel.net\/wp-content\/uploads\/2022\/05\/diadelamadre-min.jpg","datePublished":"2022-05-04T11:21:44+00:00","breadcrumb":{"@id":"https:\/\/gabitel.net\/en\/feliz-dia-de-la-madre-2\/#breadcrumb"},"inLanguage":"en-US","potentialAction":[{"@type":"ReadAction","target":["https:\/\/gabitel.net\/en\/feliz-dia-de-la-madre-2\/"]}]},{"@type":"ImageObject","inLanguage":"en-US","@id":"https:\/\/gabitel.net\/en\/feliz-dia-de-la-madre-2\/#primaryimage","url":"https:\/\/gabitel.net\/wp-content\/uploads\/2022\/05\/diadelamadre-min.jpg","contentUrl":"https:\/\/gabitel.net\/wp-content\/uploads\/2022\/05\/diadelamadre-min.jpg","width":1600,"height":850,"caption":"diadelamadre"},{"@type":"BreadcrumbList","@id":"https:\/\/gabitel.net\/en\/feliz-dia-de-la-madre-2\/#breadcrumb","itemListElement":[{"@type":"ListItem","position":1,"name":"Portada","item":"https:\/\/gabitel.net\/en\/"},{"@type":"ListItem","position":2,"name":"Feliz d\u00eda de la Madre"}]},{"@type":"WebSite","@id":"https:\/\/gabitel.net\/en\/#website","url":"https:\/\/gabitel.net\/en\/","name":"Gabitel","description":"","publisher":{"@id":"https:\/\/gabitel.net\/en\/#organization"},"potentialAction":[{"@type":"SearchAction","target":{"@type":"EntryPoint","urlTemplate":"https:\/\/gabitel.net\/en\/?s={search_term_string}"},"query-input":{"@type":"PropertyValueSpecification","valueRequired":true,"valueName":"search_term_string"}}],"inLanguage":"en-US"},{"@type":"Organization","@id":"https:\/\/gabitel.net\/en\/#organization","name":"Gabitel","url":"https:\/\/gabitel.net\/en\/","logo":{"@type":"ImageObject","inLanguage":"en-US","@id":"https:\/\/gabitel.net\/en\/#\/schema\/logo\/image\/","url":"https:\/\/gabitel.net\/wp-content\/uploads\/2025\/05\/logo_gabitel.jpg","contentUrl":"https:\/\/gabitel.net\/wp-content\/uploads\/2025\/05\/logo_gabitel.jpg","width":2560,"height":1330,"caption":"Gabitel"},"image":{"@id":"https:\/\/gabitel.net\/en\/#\/schema\/logo\/image\/"},"sameAs":["https:\/\/www.facebook.com\/gabitelingenieros\/","https:\/\/es.linkedin.com\/company\/gabitel-ingenieros"]},{"@type":"Person","@id":"https:\/\/gabitel.net\/en\/#\/schema\/person\/37ba53714c3fedb9c7d22f4bc781465c","name":"user.autor","url":"https:\/\/gabitel.net\/en\/author\/user-autor\/"}]}},"_links":{"self":[{"href":"https:\/\/gabitel.net\/en\/wp-json\/wp\/v2\/posts\/32908","targetHints":{"allow":["GET"]}}],"collection":[{"href":"https:\/\/gabitel.net\/en\/wp-json\/wp\/v2\/posts"}],"about":[{"href":"https:\/\/gabitel.net\/en\/wp-json\/wp\/v2\/types\/post"}],"author":[{"embeddable":true,"href":"https:\/\/gabitel.net\/en\/wp-json\/wp\/v2\/users\/3"}],"replies":[{"embeddable":true,"href":"https:\/\/gabitel.net\/en\/wp-json\/wp\/v2\/comments?post=32908"}],"version-history":[{"count":0,"href":"https:\/\/gabitel.net\/en\/wp-json\/wp\/v2\/posts\/32908\/revisions"}],"wp:featuredmedia":[{"embeddable":true,"href":"https:\/\/gabitel.net\/en\/wp-json\/wp\/v2\/media\/34513"}],"wp:attachment":[{"href":"https:\/\/gabitel.net\/en\/wp-json\/wp\/v2\/media?parent=32908"}],"wp:term":[{"taxonomy":"category","embeddable":true,"href":"https:\/\/gabitel.net\/en\/wp-json\/wp\/v2\/categories?post=32908"},{"taxonomy":"post_tag","embeddable":true,"href":"https:\/\/gabitel.net\/en\/wp-json\/wp\/v2\/tags?post=32908"}],"curies":[{"name":"wp","href":"https:\/\/api.w.org\/{rel}","templated":true}]}}