{"id":32914,"date":"2022-03-30T12:25:38","date_gmt":"2022-03-30T10:25:38","guid":{"rendered":"https:\/\/gabitel.net\/nuestro-equipo-entrevista-a-diego-abel-elena\/"},"modified":"2022-03-30T12:25:38","modified_gmt":"2022-03-30T10:25:38","slug":"nuestro-equipo-entrevista-a-diego-abel-elena","status":"publish","type":"post","link":"https:\/\/gabitel.net\/en\/nuestro-equipo-entrevista-a-diego-abel-elena\/","title":{"rendered":"Nuestro equipo. Entrevista a Diego Abel Elena"},"content":{"rendered":"<ul>\n<li style=\"text-align: justify;\"><strong>Se podr\u00eda decir, que eres ya un referente de Gabitel, especialmente en la oficina de Sevilla, qui\u00e9n no te conoce\u2026 pero \u00bfc\u00f3mo fueron tus inicios en la empresa?<\/strong><\/li>\n<\/ul>\n<p>&nbsp;<\/p>\n<p style=\"text-align: justify;\">Fue en mayo de 2014, por cierto caluroso, ya que en aquel primer momento en la empresa empec\u00e9 realizando un proyecto de la mano de \u00c1ngel Franco, localizando viviendas (UUII) que se hab\u00edan quedado fuera del despliegue de Jazztel. Me toco recorrer parte la capital sevillana, unas zonas buenas y otras no tanto. Tal que as\u00ed, paso mes y medio y ese proyecto finaliz\u00f3. Posteriormente un mes m\u00e1s tarde volvieron a contar conmigo, esta vez para trabajar en oficina en un proyecto que estaba iniciando por aquel entonces (SUC).<\/p>\n<p style=\"text-align: justify;\">\n<p>&nbsp;<\/p>\n<ul style=\"text-align: justify;\">\n<li><strong>Durante todos estos a\u00f1os, \u00bfCu\u00e1l ha sido el proyecto que te ha supuesto un mayor reto profesional?<\/strong><\/li>\n<\/ul>\n<p>&nbsp;<\/p>\n<p style=\"text-align: justify;\">Entiendo que todos los proyectos en los que he participado han supuesto un reto, unos m\u00e1s que otros, pero ninguno se puede decir que fue llegar y conocerlo. Todos suponen tener que aprender y adquirir los conocimientos necesarios, form\u00e1ndote un compa\u00f1ero o teniendo que realizar un autoaprendizaje. Salirte de tu zona de confort donde conoces todos los entresijos del proyecto e iniciar uno nuevo, con una nueva forma de trabajar. \u00c9sto creo que es lo que se puede decir, un reto profesional.<\/p>\n<p style=\"text-align: justify;\">\n<p>&nbsp;<\/p>\n<ul style=\"text-align: justify;\">\n<li><strong>Cu\u00e9ntanos, a groso modo, como es un d\u00eda a d\u00eda tuyo de trabajo.<\/strong><\/li>\n<\/ul>\n<p>&nbsp;<\/p>\n<p style=\"text-align: justify;\">Ahora mismo estoy dentro del grupo de IT, por lo que cualquier problema inform\u00e1tico en la oficina de Sevilla acuden a m\u00ed. Tanto es que hay d\u00edas que entro por la puerta y vienen a buscarme, casi sin poder iniciar la jornada en gabiplan. Pero es sencillamente trabajar, para que otros puedan seguir trabajando. Intentar adelantarnos a los pr\u00f3ximos problemas que puedan llegar, y claro est\u00e1, solucionarlos ya sea por conocimientos adquiridos o localizando en sitios especializados. Tambi\u00e9n al pertenecer al WWT, estamos para dar la bienvenida a los nuevos compa\u00f1eros que se van incorporando y ayudarles en todo lo necesario para que se sientan uno m\u00e1s de esta empresa.<\/p>\n<p style=\"text-align: justify;\">\n<p>&nbsp;<\/p>\n<ul style=\"text-align: justify;\">\n<li><strong>\u00bfQu\u00e9 es lo que m\u00e1s te gusta hacer cuando termina tu jornada laboral, en tu tiempo libre?<\/strong><\/li>\n<\/ul>\n<p>&nbsp;<\/p>\n<p style=\"text-align: justify;\">Puede parecer t\u00f3pico, pero me gusta leer noticias, para saber c\u00f3mo est\u00e1 este mundo tan agitado en todos los sentidos. No puedo ser experto en volcanes, guerras, covid, pero quitando todo lo malo que parece que se ha instalado a nuestro alrededor, me gusta salir de sendero junto con mi pareja y nuestro perro.<\/p>\n<p style=\"text-align: justify;\">\n<p>&nbsp;<\/p>\n<ul style=\"text-align: justify;\">\n<li><strong>Por conocerte mejor, a nivel personal, \u00bfCu\u00e1l dir\u00edas t\u00fa qu\u00e9 es tu mayor caracter\u00edstica personal?<\/strong><\/li>\n<\/ul>\n<p>&nbsp;<\/p>\n<p style=\"text-align: justify;\">Sinceramente, creo que esta pregunta habr\u00eda que hacerla a quien me conoce, ya que uno mismo puede pecar de soberbio, pero si puedo decir, que siempre estoy dispuesto a ayudar, una sonrisa cuando hace falta o quiz\u00e1s saber escuchar. Pero todo esto, repito, lo deber\u00edan de decir de m\u00ed, m\u00e1s que decirlo yo mismo.<\/p>\n<p style=\"text-align: justify;\">\n<p>&nbsp;<\/p>\n<ul style=\"text-align: justify;\">\n<li><strong>Ah\u00ed va la pregunta enviada por nuestra compa\u00f1era Michely, que hizo la entrevista en el mes de marzo: \u00bfCu\u00e1les son tus sue\u00f1os y metas m\u00e1s importantes?<\/strong><\/li>\n<\/ul>\n<p>&nbsp;<\/p>\n<p style=\"text-align: justify;\">Ser feliz, en todos los sentidos en todos los sentidos de la palabra. Significa que cada instante de la vida, ha sido lo suficientemente bueno como para merecer esa palabra, que cada acci\u00f3n que haya realizado, lo he intentado con todas mis ganas y estar con las personas a las que yo aporte como me aporten. As\u00ed como ser cada d\u00eda mejor persona e ir trabajando poco a poco, para conseguir todo aquello que nos proponemos.<\/p>\n<p style=\"text-align: justify;\">\n<p>&nbsp;<\/p>\n<ul style=\"text-align: justify;\">\n<li><strong>Env\u00edale una pregunta al pr\u00f3ximo compa\u00f1ero que ser\u00e1 entrevistado.<\/strong><\/li>\n<\/ul>\n<p style=\"text-align: justify;\">\u00bfCu\u00e1l fue tu primera impresi\u00f3n al entrar a trabajar en esta empresa?<\/p>\n","protected":false},"excerpt":{"rendered":"<p>Se podr\u00eda decir, que eres ya un referente de Gabitel, especialmente en la oficina de Sevilla, qui\u00e9n no te conoce\u2026 pero \u00bfc\u00f3mo fueron tus inicios en la empresa? &nbsp; Fue en mayo de 2014, por cierto caluroso, ya que en aquel primer momento en la empresa empec\u00e9 realizando un proyecto de la mano de \u00c1ngel [&hellip;]<\/p>\n","protected":false},"author":3,"featured_media":34451,"comment_status":"closed","ping_status":"closed","sticky":false,"template":"","format":"standard","meta":{"content-type":"","footnotes":""},"categories":[601],"tags":[],"class_list":["post-32914","post","type-post","status-publish","format-standard","has-post-thumbnail","hentry","category-off-topic-en"],"yoast_head":"<!-- This site is optimized with the Yoast SEO plugin v27.5 - https:\/\/yoast.com\/product\/yoast-seo-wordpress\/ -->\n<title>Nuestro equipo. Entrevista a Diego Abel Elena - Gabitel<\/title>\n<meta name=\"robots\" content=\"index, follow, max-snippet:-1, max-image-preview:large, max-video-preview:-1\" \/>\n<link rel=\"canonical\" href=\"https:\/\/gabitel.net\/en\/nuestro-equipo-entrevista-a-diego-abel-elena\/\" \/>\n<meta property=\"og:locale\" content=\"en_US\" \/>\n<meta property=\"og:type\" content=\"article\" \/>\n<meta property=\"og:title\" content=\"Nuestro equipo. Entrevista a Diego Abel Elena - Gabitel\" \/>\n<meta property=\"og:description\" content=\"Se podr\u00eda decir, que eres ya un referente de Gabitel, especialmente en la oficina de Sevilla, qui\u00e9n no te conoce\u2026 pero \u00bfc\u00f3mo fueron tus inicios en la empresa? &nbsp; Fue en mayo de 2014, por cierto caluroso, ya que en aquel primer momento en la empresa empec\u00e9 realizando un proyecto de la mano de \u00c1ngel [&hellip;]\" \/>\n<meta property=\"og:url\" content=\"https:\/\/gabitel.net\/en\/nuestro-equipo-entrevista-a-diego-abel-elena\/\" \/>\n<meta property=\"og:site_name\" content=\"Gabitel\" \/>\n<meta property=\"article:publisher\" content=\"https:\/\/www.facebook.com\/gabitelingenieros\/\" \/>\n<meta property=\"article:published_time\" content=\"2022-03-30T10:25:38+00:00\" \/>\n<meta name=\"author\" content=\"user.autor\" \/>\n<meta name=\"twitter:card\" content=\"summary_large_image\" \/>\n<meta name=\"twitter:label1\" content=\"Written by\" \/>\n\t<meta name=\"twitter:data1\" content=\"user.autor\" \/>\n\t<meta name=\"twitter:label2\" content=\"Est. reading time\" \/>\n\t<meta name=\"twitter:data2\" content=\"3 minutes\" \/>\n<script type=\"application\/ld+json\" class=\"yoast-schema-graph\">{\"@context\":\"https:\\\/\\\/schema.org\",\"@graph\":[{\"@type\":[\"Article\",\"BlogPosting\"],\"@id\":\"https:\\\/\\\/gabitel.net\\\/en\\\/nuestro-equipo-entrevista-a-diego-abel-elena\\\/#article\",\"isPartOf\":{\"@id\":\"https:\\\/\\\/gabitel.net\\\/en\\\/nuestro-equipo-entrevista-a-diego-abel-elena\\\/\"},\"author\":{\"name\":\"user.autor\",\"@id\":\"https:\\\/\\\/gabitel.net\\\/en\\\/#\\\/schema\\\/person\\\/37ba53714c3fedb9c7d22f4bc781465c\"},\"headline\":\"Nuestro equipo. Entrevista a Diego Abel Elena\",\"datePublished\":\"2022-03-30T10:25:38+00:00\",\"mainEntityOfPage\":{\"@id\":\"https:\\\/\\\/gabitel.net\\\/en\\\/nuestro-equipo-entrevista-a-diego-abel-elena\\\/\"},\"wordCount\":660,\"publisher\":{\"@id\":\"https:\\\/\\\/gabitel.net\\\/en\\\/#organization\"},\"image\":{\"@id\":\"https:\\\/\\\/gabitel.net\\\/en\\\/nuestro-equipo-entrevista-a-diego-abel-elena\\\/#primaryimage\"},\"thumbnailUrl\":\"https:\\\/\\\/gabitel.net\\\/wp-content\\\/uploads\\\/2022\\\/03\\\/diegoelena.jpg\",\"articleSection\":[\"Off-topic\"],\"inLanguage\":\"en-US\"},{\"@type\":\"WebPage\",\"@id\":\"https:\\\/\\\/gabitel.net\\\/en\\\/nuestro-equipo-entrevista-a-diego-abel-elena\\\/\",\"url\":\"https:\\\/\\\/gabitel.net\\\/en\\\/nuestro-equipo-entrevista-a-diego-abel-elena\\\/\",\"name\":\"Nuestro equipo. Entrevista a Diego Abel Elena - Gabitel\",\"isPartOf\":{\"@id\":\"https:\\\/\\\/gabitel.net\\\/en\\\/#website\"},\"primaryImageOfPage\":{\"@id\":\"https:\\\/\\\/gabitel.net\\\/en\\\/nuestro-equipo-entrevista-a-diego-abel-elena\\\/#primaryimage\"},\"image\":{\"@id\":\"https:\\\/\\\/gabitel.net\\\/en\\\/nuestro-equipo-entrevista-a-diego-abel-elena\\\/#primaryimage\"},\"thumbnailUrl\":\"https:\\\/\\\/gabitel.net\\\/wp-content\\\/uploads\\\/2022\\\/03\\\/diegoelena.jpg\",\"datePublished\":\"2022-03-30T10:25:38+00:00\",\"breadcrumb\":{\"@id\":\"https:\\\/\\\/gabitel.net\\\/en\\\/nuestro-equipo-entrevista-a-diego-abel-elena\\\/#breadcrumb\"},\"inLanguage\":\"en-US\",\"potentialAction\":[{\"@type\":\"ReadAction\",\"target\":[\"https:\\\/\\\/gabitel.net\\\/en\\\/nuestro-equipo-entrevista-a-diego-abel-elena\\\/\"]}]},{\"@type\":\"ImageObject\",\"inLanguage\":\"en-US\",\"@id\":\"https:\\\/\\\/gabitel.net\\\/en\\\/nuestro-equipo-entrevista-a-diego-abel-elena\\\/#primaryimage\",\"url\":\"https:\\\/\\\/gabitel.net\\\/wp-content\\\/uploads\\\/2022\\\/03\\\/diegoelena.jpg\",\"contentUrl\":\"https:\\\/\\\/gabitel.net\\\/wp-content\\\/uploads\\\/2022\\\/03\\\/diegoelena.jpg\",\"width\":200,\"height\":200,\"caption\":\"diego-abel-elena\"},{\"@type\":\"BreadcrumbList\",\"@id\":\"https:\\\/\\\/gabitel.net\\\/en\\\/nuestro-equipo-entrevista-a-diego-abel-elena\\\/#breadcrumb\",\"itemListElement\":[{\"@type\":\"ListItem\",\"position\":1,\"name\":\"Portada\",\"item\":\"https:\\\/\\\/gabitel.net\\\/en\\\/\"},{\"@type\":\"ListItem\",\"position\":2,\"name\":\"Nuestro equipo. Entrevista a Diego Abel Elena\"}]},{\"@type\":\"WebSite\",\"@id\":\"https:\\\/\\\/gabitel.net\\\/en\\\/#website\",\"url\":\"https:\\\/\\\/gabitel.net\\\/en\\\/\",\"name\":\"Gabitel\",\"description\":\"\",\"publisher\":{\"@id\":\"https:\\\/\\\/gabitel.net\\\/en\\\/#organization\"},\"potentialAction\":[{\"@type\":\"SearchAction\",\"target\":{\"@type\":\"EntryPoint\",\"urlTemplate\":\"https:\\\/\\\/gabitel.net\\\/en\\\/?s={search_term_string}\"},\"query-input\":{\"@type\":\"PropertyValueSpecification\",\"valueRequired\":true,\"valueName\":\"search_term_string\"}}],\"inLanguage\":\"en-US\"},{\"@type\":\"Organization\",\"@id\":\"https:\\\/\\\/gabitel.net\\\/en\\\/#organization\",\"name\":\"Gabitel\",\"url\":\"https:\\\/\\\/gabitel.net\\\/en\\\/\",\"logo\":{\"@type\":\"ImageObject\",\"inLanguage\":\"en-US\",\"@id\":\"https:\\\/\\\/gabitel.net\\\/en\\\/#\\\/schema\\\/logo\\\/image\\\/\",\"url\":\"https:\\\/\\\/gabitel.net\\\/wp-content\\\/uploads\\\/2025\\\/05\\\/logo_gabitel.jpg\",\"contentUrl\":\"https:\\\/\\\/gabitel.net\\\/wp-content\\\/uploads\\\/2025\\\/05\\\/logo_gabitel.jpg\",\"width\":2560,\"height\":1330,\"caption\":\"Gabitel\"},\"image\":{\"@id\":\"https:\\\/\\\/gabitel.net\\\/en\\\/#\\\/schema\\\/logo\\\/image\\\/\"},\"sameAs\":[\"https:\\\/\\\/www.facebook.com\\\/gabitelingenieros\\\/\",\"https:\\\/\\\/es.linkedin.com\\\/company\\\/gabitel-ingenieros\"]},{\"@type\":\"Person\",\"@id\":\"https:\\\/\\\/gabitel.net\\\/en\\\/#\\\/schema\\\/person\\\/37ba53714c3fedb9c7d22f4bc781465c\",\"name\":\"user.autor\",\"url\":\"https:\\\/\\\/gabitel.net\\\/en\\\/author\\\/user-autor\\\/\"}]}<\/script>\n<!-- \/ Yoast SEO plugin. -->","yoast_head_json":{"title":"Nuestro equipo. Entrevista a Diego Abel Elena - Gabitel","robots":{"index":"index","follow":"follow","max-snippet":"max-snippet:-1","max-image-preview":"max-image-preview:large","max-video-preview":"max-video-preview:-1"},"canonical":"https:\/\/gabitel.net\/en\/nuestro-equipo-entrevista-a-diego-abel-elena\/","og_locale":"en_US","og_type":"article","og_title":"Nuestro equipo. Entrevista a Diego Abel Elena - Gabitel","og_description":"Se podr\u00eda decir, que eres ya un referente de Gabitel, especialmente en la oficina de Sevilla, qui\u00e9n no te conoce\u2026 pero \u00bfc\u00f3mo fueron tus inicios en la empresa? &nbsp; Fue en mayo de 2014, por cierto caluroso, ya que en aquel primer momento en la empresa empec\u00e9 realizando un proyecto de la mano de \u00c1ngel [&hellip;]","og_url":"https:\/\/gabitel.net\/en\/nuestro-equipo-entrevista-a-diego-abel-elena\/","og_site_name":"Gabitel","article_publisher":"https:\/\/www.facebook.com\/gabitelingenieros\/","article_published_time":"2022-03-30T10:25:38+00:00","author":"user.autor","twitter_card":"summary_large_image","twitter_misc":{"Written by":"user.autor","Est. reading time":"3 minutes"},"schema":{"@context":"https:\/\/schema.org","@graph":[{"@type":["Article","BlogPosting"],"@id":"https:\/\/gabitel.net\/en\/nuestro-equipo-entrevista-a-diego-abel-elena\/#article","isPartOf":{"@id":"https:\/\/gabitel.net\/en\/nuestro-equipo-entrevista-a-diego-abel-elena\/"},"author":{"name":"user.autor","@id":"https:\/\/gabitel.net\/en\/#\/schema\/person\/37ba53714c3fedb9c7d22f4bc781465c"},"headline":"Nuestro equipo. Entrevista a Diego Abel Elena","datePublished":"2022-03-30T10:25:38+00:00","mainEntityOfPage":{"@id":"https:\/\/gabitel.net\/en\/nuestro-equipo-entrevista-a-diego-abel-elena\/"},"wordCount":660,"publisher":{"@id":"https:\/\/gabitel.net\/en\/#organization"},"image":{"@id":"https:\/\/gabitel.net\/en\/nuestro-equipo-entrevista-a-diego-abel-elena\/#primaryimage"},"thumbnailUrl":"https:\/\/gabitel.net\/wp-content\/uploads\/2022\/03\/diegoelena.jpg","articleSection":["Off-topic"],"inLanguage":"en-US"},{"@type":"WebPage","@id":"https:\/\/gabitel.net\/en\/nuestro-equipo-entrevista-a-diego-abel-elena\/","url":"https:\/\/gabitel.net\/en\/nuestro-equipo-entrevista-a-diego-abel-elena\/","name":"Nuestro equipo. Entrevista a Diego Abel Elena - Gabitel","isPartOf":{"@id":"https:\/\/gabitel.net\/en\/#website"},"primaryImageOfPage":{"@id":"https:\/\/gabitel.net\/en\/nuestro-equipo-entrevista-a-diego-abel-elena\/#primaryimage"},"image":{"@id":"https:\/\/gabitel.net\/en\/nuestro-equipo-entrevista-a-diego-abel-elena\/#primaryimage"},"thumbnailUrl":"https:\/\/gabitel.net\/wp-content\/uploads\/2022\/03\/diegoelena.jpg","datePublished":"2022-03-30T10:25:38+00:00","breadcrumb":{"@id":"https:\/\/gabitel.net\/en\/nuestro-equipo-entrevista-a-diego-abel-elena\/#breadcrumb"},"inLanguage":"en-US","potentialAction":[{"@type":"ReadAction","target":["https:\/\/gabitel.net\/en\/nuestro-equipo-entrevista-a-diego-abel-elena\/"]}]},{"@type":"ImageObject","inLanguage":"en-US","@id":"https:\/\/gabitel.net\/en\/nuestro-equipo-entrevista-a-diego-abel-elena\/#primaryimage","url":"https:\/\/gabitel.net\/wp-content\/uploads\/2022\/03\/diegoelena.jpg","contentUrl":"https:\/\/gabitel.net\/wp-content\/uploads\/2022\/03\/diegoelena.jpg","width":200,"height":200,"caption":"diego-abel-elena"},{"@type":"BreadcrumbList","@id":"https:\/\/gabitel.net\/en\/nuestro-equipo-entrevista-a-diego-abel-elena\/#breadcrumb","itemListElement":[{"@type":"ListItem","position":1,"name":"Portada","item":"https:\/\/gabitel.net\/en\/"},{"@type":"ListItem","position":2,"name":"Nuestro equipo. Entrevista a Diego Abel Elena"}]},{"@type":"WebSite","@id":"https:\/\/gabitel.net\/en\/#website","url":"https:\/\/gabitel.net\/en\/","name":"Gabitel","description":"","publisher":{"@id":"https:\/\/gabitel.net\/en\/#organization"},"potentialAction":[{"@type":"SearchAction","target":{"@type":"EntryPoint","urlTemplate":"https:\/\/gabitel.net\/en\/?s={search_term_string}"},"query-input":{"@type":"PropertyValueSpecification","valueRequired":true,"valueName":"search_term_string"}}],"inLanguage":"en-US"},{"@type":"Organization","@id":"https:\/\/gabitel.net\/en\/#organization","name":"Gabitel","url":"https:\/\/gabitel.net\/en\/","logo":{"@type":"ImageObject","inLanguage":"en-US","@id":"https:\/\/gabitel.net\/en\/#\/schema\/logo\/image\/","url":"https:\/\/gabitel.net\/wp-content\/uploads\/2025\/05\/logo_gabitel.jpg","contentUrl":"https:\/\/gabitel.net\/wp-content\/uploads\/2025\/05\/logo_gabitel.jpg","width":2560,"height":1330,"caption":"Gabitel"},"image":{"@id":"https:\/\/gabitel.net\/en\/#\/schema\/logo\/image\/"},"sameAs":["https:\/\/www.facebook.com\/gabitelingenieros\/","https:\/\/es.linkedin.com\/company\/gabitel-ingenieros"]},{"@type":"Person","@id":"https:\/\/gabitel.net\/en\/#\/schema\/person\/37ba53714c3fedb9c7d22f4bc781465c","name":"user.autor","url":"https:\/\/gabitel.net\/en\/author\/user-autor\/"}]}},"_links":{"self":[{"href":"https:\/\/gabitel.net\/en\/wp-json\/wp\/v2\/posts\/32914","targetHints":{"allow":["GET"]}}],"collection":[{"href":"https:\/\/gabitel.net\/en\/wp-json\/wp\/v2\/posts"}],"about":[{"href":"https:\/\/gabitel.net\/en\/wp-json\/wp\/v2\/types\/post"}],"author":[{"embeddable":true,"href":"https:\/\/gabitel.net\/en\/wp-json\/wp\/v2\/users\/3"}],"replies":[{"embeddable":true,"href":"https:\/\/gabitel.net\/en\/wp-json\/wp\/v2\/comments?post=32914"}],"version-history":[{"count":0,"href":"https:\/\/gabitel.net\/en\/wp-json\/wp\/v2\/posts\/32914\/revisions"}],"wp:featuredmedia":[{"embeddable":true,"href":"https:\/\/gabitel.net\/en\/wp-json\/wp\/v2\/media\/34451"}],"wp:attachment":[{"href":"https:\/\/gabitel.net\/en\/wp-json\/wp\/v2\/media?parent=32914"}],"wp:term":[{"taxonomy":"category","embeddable":true,"href":"https:\/\/gabitel.net\/en\/wp-json\/wp\/v2\/categories?post=32914"},{"taxonomy":"post_tag","embeddable":true,"href":"https:\/\/gabitel.net\/en\/wp-json\/wp\/v2\/tags?post=32914"}],"curies":[{"name":"wp","href":"https:\/\/api.w.org\/{rel}","templated":true}]}}