{"id":32916,"date":"2022-03-30T09:00:07","date_gmt":"2022-03-30T07:00:07","guid":{"rendered":"https:\/\/gabitel.net\/cumpleanos-del-mes-de-abril\/"},"modified":"2022-03-30T09:00:07","modified_gmt":"2022-03-30T07:00:07","slug":"cumpleanos-del-mes-de-abril","status":"publish","type":"post","link":"https:\/\/gabitel.net\/en\/cumpleanos-del-mes-de-abril\/","title":{"rendered":"Cumplea\u00f1os mes de Abril"},"content":{"rendered":"<p style=\"text-align: justify;\">Queremos felicitar a todos nuestros compa\u00f1eros que cumplen un a\u00f1o m\u00e1s en sus vidas en este mes de abril.<\/p>\n<p style=\"text-align: justify;\">\u00a0\u00a1<strong><em>Muchas felicidades<\/em><\/strong>!, os deseamos que disfrut\u00e9is de vuestro d\u00eda al m\u00e1ximo y se cumplan todos vuestros prop\u00f3sitos e ilusiones.<\/p>\n<p><img decoding=\"async\" src=\"https:\/\/gabitelingenieros.com\/wp-content\/uploads\/2022\/03\/victor-munoz-min.png\" alt=\"Cumplea\u00f1os mes de en Gabitel Ingenieros\" \/><\/p>\n<p style=\"text-align: center;\">V\u00edctor Mu\u00f1oz<\/p>\n<p style=\"text-align: center;\"><strong>3 de abril<\/strong><\/p>\n<p><img decoding=\"async\" src=\"https:\/\/gabitelingenieros.com\/wp-content\/uploads\/2022\/03\/oscar-gonzalez-min.jpg\" alt=\"Cumplea\u00f1os mes de en Gabitel Ingenieros\" \/><\/p>\n<p style=\"text-align: center;\">Oscar Gonz\u00e1lez<\/p>\n<p style=\"text-align: center;\"><strong>3 de abril<\/strong><\/p>\n<p><img decoding=\"async\" src=\"https:\/\/gabitelingenieros.com\/wp-content\/uploads\/2022\/03\/cinta-borrero-min.jpg\" alt=\"Cumplea\u00f1os mes de en Gabitel Ingenieros\" \/><\/p>\n<p style=\"text-align: center;\">Cinta Borrero<\/p>\n<p style=\"text-align: center;\"><strong>7 de abril<\/strong><\/p>\n<p><img decoding=\"async\" src=\"https:\/\/gabitelingenieros.com\/wp-content\/uploads\/2022\/03\/miguel-angel-romero-min.jpg\" alt=\"Cumplea\u00f1os mes de en Gabitel Ingenieros\" \/><\/p>\n<p style=\"text-align: center;\">Miguel \u00c1ngel Romero<\/p>\n<p style=\"text-align: center;\"><strong>14 de abril<\/strong><\/p>\n<p><img decoding=\"async\" src=\"https:\/\/gabitelingenieros.com\/wp-content\/uploads\/2022\/03\/patricia-vazquez-min.jpg\" alt=\"Cumplea\u00f1os mes de en Gabitel Ingenieros\" \/><\/p>\n<p style=\"text-align: center;\">Patricia V\u00e1zquez<\/p>\n<p style=\"text-align: center;\"><strong>14 de abril<\/strong><\/p>\n<p><img decoding=\"async\" src=\"https:\/\/gabitelingenieros.com\/wp-content\/uploads\/2022\/03\/miguel-martinez-min.jpg\" alt=\"Cumplea\u00f1os mes de en Gabitel Ingenieros\" \/><\/p>\n<p style=\"text-align: center;\">Miguel Mart\u00ednez<\/p>\n<p style=\"text-align: center;\"><strong>18 de abril<\/strong><\/p>\n<p><img decoding=\"async\" src=\"https:\/\/gabitelingenieros.com\/wp-content\/uploads\/2022\/03\/david-barragan-min.png\" alt=\"Cumplea\u00f1os mes de en Gabitel Ingenieros\" \/><\/p>\n<p style=\"text-align: center;\">David Barrag\u00e1n<\/p>\n<p style=\"text-align: center;\"><strong>18 de abril<\/strong><\/p>\n<p><img decoding=\"async\" src=\"https:\/\/gabitelingenieros.com\/wp-content\/uploads\/2022\/03\/ana-vazquez-min.png\" alt=\"Cumplea\u00f1os mes de en Gabitel Ingenieros\" \/><\/p>\n<p style=\"text-align: center;\">Ana V\u00e1zquez<\/p>\n<p style=\"text-align: center;\"><strong>21 de abril<\/strong><\/p>\n<p><img decoding=\"async\" src=\"https:\/\/gabitelingenieros.com\/wp-content\/uploads\/2022\/03\/guillermo-alvarez-min.png\" alt=\"Cumplea\u00f1os mes de en Gabitel Ingenieros\" \/><\/p>\n<p style=\"text-align: center;\">Guillermo \u00c1lvarez<\/p>\n<p style=\"text-align: center;\"><strong>21 de abril<\/strong><\/p>\n<p><img decoding=\"async\" src=\"https:\/\/gabitelingenieros.com\/wp-content\/uploads\/2022\/03\/alejandro-manzano-min.jpg\" alt=\"Cumplea\u00f1os mes de en Gabitel Ingenieros\" \/><\/p>\n<p style=\"text-align: center;\">Alejandro Manzano<\/p>\n<p style=\"text-align: center;\"><strong>29 de abril<\/strong><\/p>\n<p style=\"text-align: justify;\"><strong>Gracias por seguir compartiendo con nosotros grandes momentos de vuestras vidas y crucemos los dedos para que todos vuestros deseos puestos en este nuevo a\u00f1o se hagan realidad <\/strong><strong>&#x1f60a;.<\/strong><\/p>\n<p style=\"text-align: justify;\"><strong><em>Ana:<\/em> <\/strong>\u201cComo deseo pedir\u00eda Cantar sobre un tablao\u201d.<\/p>\n<p style=\"text-align: justify;\"><strong><em>Oscar:<\/em> <\/strong>\u201cPara este a\u00f1o que comienzo deseo poder pasarlo como los anteriores (o un poco mejor), con la familia, amigos y compa\u00f1eros\u201d.<\/p>\n<p style=\"text-align: justify;\"><strong><em>Alejandro<\/em><\/strong>: Pues como ilusi\u00f3n o deseo, desde hace un par de a\u00f1os estoy estudiando portugu\u00e9s en la escuela de idiomas, y ya que parece que vamos volviendo a la \u201cnormalidad\u201d, me gustar\u00eda hacer un viajecito a Brasil un par de semanas.<\/p>\n<p style=\"text-align: justify;\"><strong><em>Miguel Mart\u00ednez:<\/em><\/strong> \u201cMi deseo para este a\u00f1o es tras 2 a\u00f1os de pandemia donde los desplazamientos han estado bastante restringidos, me gustar\u00eda poder hacer alg\u00fan viaje a alg\u00fan pa\u00eds que no haya visitado&#8221;.<\/p>\n<p style=\"text-align: justify;\"><strong><em>Guillermo<\/em><\/strong>: \u201cEspero que este 2022 sea el a\u00f1o que vuelva definitivamente la normalidad y podamos volver a reunirnos todos los compa\u00f1eros, tanto los que estamos fuera como los de la oficina.\u201d<\/p>\n","protected":false},"excerpt":{"rendered":"<p>Queremos felicitar a todos nuestros compa\u00f1eros que cumplen un a\u00f1o m\u00e1s en sus vidas en este mes de abril. \u00a0\u00a1Muchas felicidades!, os deseamos que disfrut\u00e9is de vuestro d\u00eda al m\u00e1ximo y se cumplan todos vuestros prop\u00f3sitos e ilusiones. V\u00edctor Mu\u00f1oz 3 de abril Oscar Gonz\u00e1lez 3 de abril Cinta Borrero 7 de abril Miguel \u00c1ngel [&hellip;]<\/p>\n","protected":false},"author":3,"featured_media":34449,"comment_status":"closed","ping_status":"closed","sticky":false,"template":"","format":"standard","meta":{"content-type":"","footnotes":""},"categories":[601],"tags":[],"class_list":["post-32916","post","type-post","status-publish","format-standard","has-post-thumbnail","hentry","category-off-topic-en"],"yoast_head":"<!-- This site is optimized with the Yoast SEO plugin v27.5 - https:\/\/yoast.com\/product\/yoast-seo-wordpress\/ -->\n<title>Cumplea\u00f1os mes de Abril - Gabitel<\/title>\n<meta name=\"robots\" content=\"index, follow, max-snippet:-1, max-image-preview:large, max-video-preview:-1\" \/>\n<link rel=\"canonical\" href=\"https:\/\/gabitel.net\/en\/cumpleanos-del-mes-de-abril\/\" \/>\n<meta property=\"og:locale\" content=\"en_US\" \/>\n<meta property=\"og:type\" content=\"article\" \/>\n<meta property=\"og:title\" content=\"Cumplea\u00f1os mes de Abril - Gabitel\" \/>\n<meta property=\"og:description\" content=\"Queremos felicitar a todos nuestros compa\u00f1eros que cumplen un a\u00f1o m\u00e1s en sus vidas en este mes de abril. \u00a0\u00a1Muchas felicidades!, os deseamos que disfrut\u00e9is de vuestro d\u00eda al m\u00e1ximo y se cumplan todos vuestros prop\u00f3sitos e ilusiones. V\u00edctor Mu\u00f1oz 3 de abril Oscar Gonz\u00e1lez 3 de abril Cinta Borrero 7 de abril Miguel \u00c1ngel [&hellip;]\" \/>\n<meta property=\"og:url\" content=\"https:\/\/gabitel.net\/en\/cumpleanos-del-mes-de-abril\/\" \/>\n<meta property=\"og:site_name\" content=\"Gabitel\" \/>\n<meta property=\"article:publisher\" content=\"https:\/\/www.facebook.com\/gabitelingenieros\/\" \/>\n<meta property=\"article:published_time\" content=\"2022-03-30T07:00:07+00:00\" \/>\n<meta property=\"og:image\" content=\"https:\/\/gabitelingenieros.com\/wp-content\/uploads\/2022\/03\/victor-munoz-min.png\" \/>\n<meta name=\"author\" content=\"user.autor\" \/>\n<meta name=\"twitter:card\" content=\"summary_large_image\" \/>\n<meta name=\"twitter:label1\" content=\"Written by\" \/>\n\t<meta name=\"twitter:data1\" content=\"user.autor\" \/>\n\t<meta name=\"twitter:label2\" content=\"Est. reading time\" \/>\n\t<meta name=\"twitter:data2\" content=\"1 minute\" \/>\n<script type=\"application\/ld+json\" class=\"yoast-schema-graph\">{\"@context\":\"https:\\\/\\\/schema.org\",\"@graph\":[{\"@type\":[\"Article\",\"BlogPosting\"],\"@id\":\"https:\\\/\\\/gabitel.net\\\/en\\\/cumpleanos-del-mes-de-abril\\\/#article\",\"isPartOf\":{\"@id\":\"https:\\\/\\\/gabitel.net\\\/en\\\/cumpleanos-del-mes-de-abril\\\/\"},\"author\":{\"name\":\"user.autor\",\"@id\":\"https:\\\/\\\/gabitel.net\\\/en\\\/#\\\/schema\\\/person\\\/37ba53714c3fedb9c7d22f4bc781465c\"},\"headline\":\"Cumplea\u00f1os mes de Abril\",\"datePublished\":\"2022-03-30T07:00:07+00:00\",\"mainEntityOfPage\":{\"@id\":\"https:\\\/\\\/gabitel.net\\\/en\\\/cumpleanos-del-mes-de-abril\\\/\"},\"wordCount\":279,\"publisher\":{\"@id\":\"https:\\\/\\\/gabitel.net\\\/en\\\/#organization\"},\"image\":{\"@id\":\"https:\\\/\\\/gabitel.net\\\/en\\\/cumpleanos-del-mes-de-abril\\\/#primaryimage\"},\"thumbnailUrl\":\"https:\\\/\\\/gabitel.net\\\/wp-content\\\/uploads\\\/2022\\\/03\\\/abril-min.jpg\",\"articleSection\":[\"Off-topic\"],\"inLanguage\":\"en-US\"},{\"@type\":\"WebPage\",\"@id\":\"https:\\\/\\\/gabitel.net\\\/en\\\/cumpleanos-del-mes-de-abril\\\/\",\"url\":\"https:\\\/\\\/gabitel.net\\\/en\\\/cumpleanos-del-mes-de-abril\\\/\",\"name\":\"Cumplea\u00f1os mes de Abril - Gabitel\",\"isPartOf\":{\"@id\":\"https:\\\/\\\/gabitel.net\\\/en\\\/#website\"},\"primaryImageOfPage\":{\"@id\":\"https:\\\/\\\/gabitel.net\\\/en\\\/cumpleanos-del-mes-de-abril\\\/#primaryimage\"},\"image\":{\"@id\":\"https:\\\/\\\/gabitel.net\\\/en\\\/cumpleanos-del-mes-de-abril\\\/#primaryimage\"},\"thumbnailUrl\":\"https:\\\/\\\/gabitel.net\\\/wp-content\\\/uploads\\\/2022\\\/03\\\/abril-min.jpg\",\"datePublished\":\"2022-03-30T07:00:07+00:00\",\"breadcrumb\":{\"@id\":\"https:\\\/\\\/gabitel.net\\\/en\\\/cumpleanos-del-mes-de-abril\\\/#breadcrumb\"},\"inLanguage\":\"en-US\",\"potentialAction\":[{\"@type\":\"ReadAction\",\"target\":[\"https:\\\/\\\/gabitel.net\\\/en\\\/cumpleanos-del-mes-de-abril\\\/\"]}]},{\"@type\":\"ImageObject\",\"inLanguage\":\"en-US\",\"@id\":\"https:\\\/\\\/gabitel.net\\\/en\\\/cumpleanos-del-mes-de-abril\\\/#primaryimage\",\"url\":\"https:\\\/\\\/gabitel.net\\\/wp-content\\\/uploads\\\/2022\\\/03\\\/abril-min.jpg\",\"contentUrl\":\"https:\\\/\\\/gabitel.net\\\/wp-content\\\/uploads\\\/2022\\\/03\\\/abril-min.jpg\",\"width\":980,\"height\":653,\"caption\":\"abril\"},{\"@type\":\"BreadcrumbList\",\"@id\":\"https:\\\/\\\/gabitel.net\\\/en\\\/cumpleanos-del-mes-de-abril\\\/#breadcrumb\",\"itemListElement\":[{\"@type\":\"ListItem\",\"position\":1,\"name\":\"Portada\",\"item\":\"https:\\\/\\\/gabitel.net\\\/en\\\/\"},{\"@type\":\"ListItem\",\"position\":2,\"name\":\"Cumplea\u00f1os mes de Abril\"}]},{\"@type\":\"WebSite\",\"@id\":\"https:\\\/\\\/gabitel.net\\\/en\\\/#website\",\"url\":\"https:\\\/\\\/gabitel.net\\\/en\\\/\",\"name\":\"Gabitel\",\"description\":\"\",\"publisher\":{\"@id\":\"https:\\\/\\\/gabitel.net\\\/en\\\/#organization\"},\"potentialAction\":[{\"@type\":\"SearchAction\",\"target\":{\"@type\":\"EntryPoint\",\"urlTemplate\":\"https:\\\/\\\/gabitel.net\\\/en\\\/?s={search_term_string}\"},\"query-input\":{\"@type\":\"PropertyValueSpecification\",\"valueRequired\":true,\"valueName\":\"search_term_string\"}}],\"inLanguage\":\"en-US\"},{\"@type\":\"Organization\",\"@id\":\"https:\\\/\\\/gabitel.net\\\/en\\\/#organization\",\"name\":\"Gabitel\",\"url\":\"https:\\\/\\\/gabitel.net\\\/en\\\/\",\"logo\":{\"@type\":\"ImageObject\",\"inLanguage\":\"en-US\",\"@id\":\"https:\\\/\\\/gabitel.net\\\/en\\\/#\\\/schema\\\/logo\\\/image\\\/\",\"url\":\"https:\\\/\\\/gabitel.net\\\/wp-content\\\/uploads\\\/2025\\\/05\\\/logo_gabitel.jpg\",\"contentUrl\":\"https:\\\/\\\/gabitel.net\\\/wp-content\\\/uploads\\\/2025\\\/05\\\/logo_gabitel.jpg\",\"width\":2560,\"height\":1330,\"caption\":\"Gabitel\"},\"image\":{\"@id\":\"https:\\\/\\\/gabitel.net\\\/en\\\/#\\\/schema\\\/logo\\\/image\\\/\"},\"sameAs\":[\"https:\\\/\\\/www.facebook.com\\\/gabitelingenieros\\\/\",\"https:\\\/\\\/es.linkedin.com\\\/company\\\/gabitel-ingenieros\"]},{\"@type\":\"Person\",\"@id\":\"https:\\\/\\\/gabitel.net\\\/en\\\/#\\\/schema\\\/person\\\/37ba53714c3fedb9c7d22f4bc781465c\",\"name\":\"user.autor\",\"url\":\"https:\\\/\\\/gabitel.net\\\/en\\\/author\\\/user-autor\\\/\"}]}<\/script>\n<!-- \/ Yoast SEO plugin. -->","yoast_head_json":{"title":"Cumplea\u00f1os mes de Abril - Gabitel","robots":{"index":"index","follow":"follow","max-snippet":"max-snippet:-1","max-image-preview":"max-image-preview:large","max-video-preview":"max-video-preview:-1"},"canonical":"https:\/\/gabitel.net\/en\/cumpleanos-del-mes-de-abril\/","og_locale":"en_US","og_type":"article","og_title":"Cumplea\u00f1os mes de Abril - Gabitel","og_description":"Queremos felicitar a todos nuestros compa\u00f1eros que cumplen un a\u00f1o m\u00e1s en sus vidas en este mes de abril. \u00a0\u00a1Muchas felicidades!, os deseamos que disfrut\u00e9is de vuestro d\u00eda al m\u00e1ximo y se cumplan todos vuestros prop\u00f3sitos e ilusiones. V\u00edctor Mu\u00f1oz 3 de abril Oscar Gonz\u00e1lez 3 de abril Cinta Borrero 7 de abril Miguel \u00c1ngel [&hellip;]","og_url":"https:\/\/gabitel.net\/en\/cumpleanos-del-mes-de-abril\/","og_site_name":"Gabitel","article_publisher":"https:\/\/www.facebook.com\/gabitelingenieros\/","article_published_time":"2022-03-30T07:00:07+00:00","og_image":[{"url":"https:\/\/gabitelingenieros.com\/wp-content\/uploads\/2022\/03\/victor-munoz-min.png","type":"","width":"","height":""}],"author":"user.autor","twitter_card":"summary_large_image","twitter_misc":{"Written by":"user.autor","Est. reading time":"1 minute"},"schema":{"@context":"https:\/\/schema.org","@graph":[{"@type":["Article","BlogPosting"],"@id":"https:\/\/gabitel.net\/en\/cumpleanos-del-mes-de-abril\/#article","isPartOf":{"@id":"https:\/\/gabitel.net\/en\/cumpleanos-del-mes-de-abril\/"},"author":{"name":"user.autor","@id":"https:\/\/gabitel.net\/en\/#\/schema\/person\/37ba53714c3fedb9c7d22f4bc781465c"},"headline":"Cumplea\u00f1os mes de Abril","datePublished":"2022-03-30T07:00:07+00:00","mainEntityOfPage":{"@id":"https:\/\/gabitel.net\/en\/cumpleanos-del-mes-de-abril\/"},"wordCount":279,"publisher":{"@id":"https:\/\/gabitel.net\/en\/#organization"},"image":{"@id":"https:\/\/gabitel.net\/en\/cumpleanos-del-mes-de-abril\/#primaryimage"},"thumbnailUrl":"https:\/\/gabitel.net\/wp-content\/uploads\/2022\/03\/abril-min.jpg","articleSection":["Off-topic"],"inLanguage":"en-US"},{"@type":"WebPage","@id":"https:\/\/gabitel.net\/en\/cumpleanos-del-mes-de-abril\/","url":"https:\/\/gabitel.net\/en\/cumpleanos-del-mes-de-abril\/","name":"Cumplea\u00f1os mes de Abril - Gabitel","isPartOf":{"@id":"https:\/\/gabitel.net\/en\/#website"},"primaryImageOfPage":{"@id":"https:\/\/gabitel.net\/en\/cumpleanos-del-mes-de-abril\/#primaryimage"},"image":{"@id":"https:\/\/gabitel.net\/en\/cumpleanos-del-mes-de-abril\/#primaryimage"},"thumbnailUrl":"https:\/\/gabitel.net\/wp-content\/uploads\/2022\/03\/abril-min.jpg","datePublished":"2022-03-30T07:00:07+00:00","breadcrumb":{"@id":"https:\/\/gabitel.net\/en\/cumpleanos-del-mes-de-abril\/#breadcrumb"},"inLanguage":"en-US","potentialAction":[{"@type":"ReadAction","target":["https:\/\/gabitel.net\/en\/cumpleanos-del-mes-de-abril\/"]}]},{"@type":"ImageObject","inLanguage":"en-US","@id":"https:\/\/gabitel.net\/en\/cumpleanos-del-mes-de-abril\/#primaryimage","url":"https:\/\/gabitel.net\/wp-content\/uploads\/2022\/03\/abril-min.jpg","contentUrl":"https:\/\/gabitel.net\/wp-content\/uploads\/2022\/03\/abril-min.jpg","width":980,"height":653,"caption":"abril"},{"@type":"BreadcrumbList","@id":"https:\/\/gabitel.net\/en\/cumpleanos-del-mes-de-abril\/#breadcrumb","itemListElement":[{"@type":"ListItem","position":1,"name":"Portada","item":"https:\/\/gabitel.net\/en\/"},{"@type":"ListItem","position":2,"name":"Cumplea\u00f1os mes de Abril"}]},{"@type":"WebSite","@id":"https:\/\/gabitel.net\/en\/#website","url":"https:\/\/gabitel.net\/en\/","name":"Gabitel","description":"","publisher":{"@id":"https:\/\/gabitel.net\/en\/#organization"},"potentialAction":[{"@type":"SearchAction","target":{"@type":"EntryPoint","urlTemplate":"https:\/\/gabitel.net\/en\/?s={search_term_string}"},"query-input":{"@type":"PropertyValueSpecification","valueRequired":true,"valueName":"search_term_string"}}],"inLanguage":"en-US"},{"@type":"Organization","@id":"https:\/\/gabitel.net\/en\/#organization","name":"Gabitel","url":"https:\/\/gabitel.net\/en\/","logo":{"@type":"ImageObject","inLanguage":"en-US","@id":"https:\/\/gabitel.net\/en\/#\/schema\/logo\/image\/","url":"https:\/\/gabitel.net\/wp-content\/uploads\/2025\/05\/logo_gabitel.jpg","contentUrl":"https:\/\/gabitel.net\/wp-content\/uploads\/2025\/05\/logo_gabitel.jpg","width":2560,"height":1330,"caption":"Gabitel"},"image":{"@id":"https:\/\/gabitel.net\/en\/#\/schema\/logo\/image\/"},"sameAs":["https:\/\/www.facebook.com\/gabitelingenieros\/","https:\/\/es.linkedin.com\/company\/gabitel-ingenieros"]},{"@type":"Person","@id":"https:\/\/gabitel.net\/en\/#\/schema\/person\/37ba53714c3fedb9c7d22f4bc781465c","name":"user.autor","url":"https:\/\/gabitel.net\/en\/author\/user-autor\/"}]}},"_links":{"self":[{"href":"https:\/\/gabitel.net\/en\/wp-json\/wp\/v2\/posts\/32916","targetHints":{"allow":["GET"]}}],"collection":[{"href":"https:\/\/gabitel.net\/en\/wp-json\/wp\/v2\/posts"}],"about":[{"href":"https:\/\/gabitel.net\/en\/wp-json\/wp\/v2\/types\/post"}],"author":[{"embeddable":true,"href":"https:\/\/gabitel.net\/en\/wp-json\/wp\/v2\/users\/3"}],"replies":[{"embeddable":true,"href":"https:\/\/gabitel.net\/en\/wp-json\/wp\/v2\/comments?post=32916"}],"version-history":[{"count":0,"href":"https:\/\/gabitel.net\/en\/wp-json\/wp\/v2\/posts\/32916\/revisions"}],"wp:featuredmedia":[{"embeddable":true,"href":"https:\/\/gabitel.net\/en\/wp-json\/wp\/v2\/media\/34449"}],"wp:attachment":[{"href":"https:\/\/gabitel.net\/en\/wp-json\/wp\/v2\/media?parent=32916"}],"wp:term":[{"taxonomy":"category","embeddable":true,"href":"https:\/\/gabitel.net\/en\/wp-json\/wp\/v2\/categories?post=32916"},{"taxonomy":"post_tag","embeddable":true,"href":"https:\/\/gabitel.net\/en\/wp-json\/wp\/v2\/tags?post=32916"}],"curies":[{"name":"wp","href":"https:\/\/api.w.org\/{rel}","templated":true}]}}