{"id":32920,"date":"2022-03-29T14:36:55","date_gmt":"2022-03-29T12:36:55","guid":{"rendered":"https:\/\/gabitel.net\/y-no-todo-es-trabajar\/"},"modified":"2022-03-29T14:36:55","modified_gmt":"2022-03-29T12:36:55","slug":"y-no-todo-es-trabajar","status":"publish","type":"post","link":"https:\/\/gabitel.net\/en\/y-no-todo-es-trabajar\/","title":{"rendered":"Y no todo es trabajar&#8230;"},"content":{"rendered":"<p style=\"text-align: justify;\">Que suerte poder retomar las buenas costumbres, especialmente con los compa\u00f1eros. Son muchas las horas dedicadas a nuestro trabajo, estr\u00e9s y tensi\u00f3n para liberar\u2026 Qu\u00e9 mejor manera de compartir buenos momentos despu\u00e9s de una dura jornada de trabajo con un partidillo un que pone el list\u00f3n muy alto.<\/p>\n<p style=\"text-align: justify;\">Mejor que nos lo cuenten algunos de sus protagonistas:<\/p>\n<p style=\"text-align: justify;\"><strong>\u00bf@Ana.Rodirguez, qu\u00e9 te pareci\u00f3 la propuesta de los partidillos de los jueves?<\/strong><\/p>\n<p style=\"text-align: justify;\">\u201cCuando mis compa\u00f1eros propusieron jugar al f\u00fatbol, dije que s\u00ed (aunque llevaba sin jugar unos cuantos a\u00f1os&#8230;), porque la verdad que lo realmente importante, adem\u00e1s de hacer un poco de deporte, es divertirnos y hacer con los compa\u00f1eros una pi\u00f1a cada vez m\u00e1s unida\u201d.<\/p>\n<p style=\"text-align: justify;\">\n<p style=\"text-align: justify;\"><strong>@Teresa.V\u00e1zquez, \u00bfAlgo que comentar?, creo que @sebastian. Eugenio, quiere matizar algunos aspectos <\/strong><\/p>\n<p style=\"text-align: justify;\">El primer partido no tuvo desperdicio, empiezo y vais completando:<\/p>\n<p style=\"text-align: justify;\"><a href=\"mailto:oscar.linares@gabitel.net\">@\u00d3scar Linares <\/a>, antes de empezar ya la lio pegando alg\u00fan que otro pelotazo \u201csin querer\u201d, por supuesto.<\/p>\n<p style=\"text-align: justify;\">Esto era para cuadrar la producci\u00f3n con Jos\u00e9 Ra\u00fal (<em>se\u00f1ala Sebasti\u00e1n)<\/em><\/p>\n<p style=\"text-align: justify;\"><a href=\"mailto:isaias.garcia@gabitel.net\">@Isa\u00edas Garc\u00eda<\/a> tuvo la genial idea de llevar al partido botas de tacos. Como parte del departamento de prevenci\u00f3n me vi en la obligaci\u00f3n de advertirle que no era buena idea, era de esperar que eso no acabar\u00eda bien. <a href=\"mailto:gabriel.gonzalez@gabitel.net\">@Gabriel Gonz\u00e1lez<\/a> tendr\u00e1 algo que decir.<\/p>\n<p style=\"text-align: justify;\">Seg\u00fan la versi\u00f3n de<em> Sebasti\u00e1n<\/em> hay que objetar que, en el primer partido encaj\u00f3 todos los golpes, incluido un pisot\u00f3n de uno de su propio equipo, y un pelotazo en sus partes nobles. En el segundo ni \u00e9l mismo se cre\u00eda los goles que marc\u00f3.<\/p>\n<p style=\"text-align: justify;\"><a href=\"mailto:guillermo.orozco@gabitel.net\">@Guillermo Orozco<\/a> buen jugador, mejor portero. Alguien comentara algo.<\/p>\n<p style=\"text-align: justify;\">Obviamente no podemos olvidarnos de las ca\u00eddas de <a href=\"mailto:alfonso.delgado@gabitel.net\">@Alfonso Delgado<\/a>, las botas resbalaban bastante. Tambi\u00e9n hay que decir que meti\u00f3 un pedazo de gol, no vamos a quitarle m\u00e9rito.<\/p>\n<p style=\"text-align: justify;\"><em>Sebasti\u00e1n<\/em> matiza, hizo uso de sus galones haciendo que Guille se dejara un gol, y levant\u00f3 metro y medio a nuestra estrella <a href=\"mailto:angel.blanco@gabitel.net\">@\u00c1ngel Blanco<\/a> con una entrada que necesit\u00f3 de revisi\u00f3n en el BAR<\/p>\n<p style=\"text-align: justify;\"><a href=\"mailto:alejandro.monge@gabitel.net\">@Alejandro Monge<\/a> tendr\u00e1 que contar algo sobre aquel gol que meti\u00f3 en el primer partido por pura suerte, y como se lesiono en el segundo partido antes de empezar a jugar.<\/p>\n<p style=\"text-align: justify;\">Desde el parecer de Sebasti\u00e1n \u00bfparece que hubo \u201ctongo\u201d? ya que @Alejandro.Monge sigue sin creerse que metiera un gol de cabeza con el portero (Guillle) al lado. Desde ese d\u00eda no hace m\u00e1s que repetir que <a href=\"mailto:guillermo.orozco@gabitel.net\">@Guillermo Orozco<\/a> es el mejor de la oficina como persona. Ambos del Sevilla, hay algo que no huele bien.<\/p>\n<p style=\"text-align: justify;\"><a href=\"mailto:ana.fernandez@gabitel.net\">@Ana Rodriguez Fern\u00e1ndez<\/a> hizo unos buenos regates <a href=\"mailto:sebastian.eugenio@gabitel.net\">@Sebasti\u00e1n Eugenio<\/a> se sorprendi\u00f3, adem\u00e1s de unas buenas paradas en la porter\u00eda.<\/p>\n<p style=\"text-align: justify;\"><em>\u00bfqu\u00e9 tienes que decir a esto @Sebastian.Eugenio?<\/em> seg\u00fan palabras suyas, tuvimos suerte porque se contuvo a la hora de pegar patadas\u2026me lo creo, porque jugando al p\u00e1del le pega a la bola que dan miedito.<\/p>\n<p style=\"text-align: justify;\"><a href=\"mailto:gabriel.gonzalez@gabitel.net\">@Gabriel Gonz\u00e1lez<\/a> adem\u00e1s de salir mal parado con los tacos alg\u00fan que otro golpe se llev\u00f3, aparte de los goles que meti\u00f3 que eso lo comentar\u00e1 sin dudarlo. La pelota estaba m\u00e1s tiempo fuera del campo que dentro, a m\u00e1s de uno le toco ir a buscarla.<\/p>\n<p style=\"text-align: justify;\">Yo he de decir que mi aportaci\u00f3n al partido fue indispensable, el lateral izquierdo del campo de mi equipo no pod\u00eda estar mejor defendido sorprend\u00ed a todos con mis habilidades jugando al futbol. Solo <a href=\"mailto:joseraul.tejero@gabitel.net\">@Jos\u00e9 Ra\u00fal Tejero<\/a> \u00a0pudo pasar y porque llevaba en m\u00f3vil en la mano para hacer unas fotos, si no hubiese recibido un duro placaje, seguro.<\/p>\n<p><img decoding=\"async\" src=\"https:\/\/gabitelingenieros.com\/wp-content\/uploads\/2022\/03\/futbol-gabitel-min-scaled.jpg\" alt=\"Y no todo en Gabitel Ingenieros\" \/><\/p>\n<p style=\"text-align: justify;\"><strong>@Sebastian. Eugenio, \u00bfqu\u00e9 tienes que tienes que opinar sobre @Teresa.V\u00e1zquez?<\/strong>, <strong>\u00bfalg\u00fan otro momento a recordar?<\/strong><\/p>\n<p style=\"text-align: justify;\">Jugadora posicional, la banda derecha no entraba en sus planes, y soltar la banda izquierda a\u00fan menos.<\/p>\n<p style=\"text-align: justify;\">No hay que olvidar que nuestro responsable absoluto <a href=\"mailto:joseraul.tejero@gabitel.net\">@Jos\u00e9 Ra\u00fal Tejero<\/a> enganch\u00f3 una bolea que dio en el palo de la porter\u00eda, llega a entrar, y no lo aguantan ni en su casa.<\/p>\n<p style=\"text-align: justify;\"><a href=\"mailto:federico.forero@gabitel.net\">@Federico Forero<\/a> criado en la escuela italiana del calcio, no dejaba pasar ni dios, un muro infranqueable. Su frase m\u00e1s recordada como portero \u201cshavales, no pueden llegar andando a la porter\u00eda, es que no hay derecho\u201d<\/p>\n<p style=\"text-align: justify;\"><a href=\"mailto:angel.blanco@gabitel.net\">@\u00c1ngel Blanco<\/a> hizo gala de su forma f\u00edsica, y abus\u00f3 bastante de los chavales. Llegaba a todas, las remataba si hac\u00eda falta hasta de cabeza, pichichi del primer partido, no quiso estropearlo en el segundo y dec\u00eda que estaba lesionado. A\u00fan se pasea por la planta de arriba solo para ningunear a los que humill\u00f3, sin dar los buenos d\u00edas siquiera.<\/p>\n<p style=\"text-align: justify;\">Sin duda encuentros \u00fanicos que seguir\u00e1n llenando de an\u00e9cdotas para comentar en las horas del desayuno y algunas m\u00e1s. Pero creo que no son los \u00fanicos que tienen por contar\u2026 <strong><em>\u00bfQu\u00e9 tal esos partidillos de p\u00e1del @David Garc\u00eda G\u00f3mez?, ya nos contareis en el pr\u00f3ximo bolet\u00edn <\/em><\/strong><\/p>\n","protected":false},"excerpt":{"rendered":"<p>Que suerte poder retomar las buenas costumbres, especialmente con los compa\u00f1eros. Son muchas las horas dedicadas a nuestro trabajo, estr\u00e9s y tensi\u00f3n para liberar\u2026 Qu\u00e9 mejor manera de compartir buenos momentos despu\u00e9s de una dura jornada de trabajo con un partidillo un que pone el list\u00f3n muy alto. Mejor que nos lo cuenten algunos de [&hellip;]<\/p>\n","protected":false},"author":3,"featured_media":34427,"comment_status":"closed","ping_status":"closed","sticky":false,"template":"","format":"standard","meta":{"content-type":"","footnotes":""},"categories":[601],"tags":[],"class_list":["post-32920","post","type-post","status-publish","format-standard","has-post-thumbnail","hentry","category-off-topic-en"],"yoast_head":"<!-- This site is optimized with the Yoast SEO plugin v27.5 - https:\/\/yoast.com\/product\/yoast-seo-wordpress\/ -->\n<title>Y no todo es trabajar... - Gabitel<\/title>\n<meta name=\"robots\" content=\"index, follow, max-snippet:-1, max-image-preview:large, max-video-preview:-1\" \/>\n<link rel=\"canonical\" href=\"https:\/\/gabitel.net\/en\/y-no-todo-es-trabajar\/\" \/>\n<meta property=\"og:locale\" content=\"en_US\" \/>\n<meta property=\"og:type\" content=\"article\" \/>\n<meta property=\"og:title\" content=\"Y no todo es trabajar... - Gabitel\" \/>\n<meta property=\"og:description\" content=\"Que suerte poder retomar las buenas costumbres, especialmente con los compa\u00f1eros. Son muchas las horas dedicadas a nuestro trabajo, estr\u00e9s y tensi\u00f3n para liberar\u2026 Qu\u00e9 mejor manera de compartir buenos momentos despu\u00e9s de una dura jornada de trabajo con un partidillo un que pone el list\u00f3n muy alto. Mejor que nos lo cuenten algunos de [&hellip;]\" \/>\n<meta property=\"og:url\" content=\"https:\/\/gabitel.net\/en\/y-no-todo-es-trabajar\/\" \/>\n<meta property=\"og:site_name\" content=\"Gabitel\" \/>\n<meta property=\"article:publisher\" content=\"https:\/\/www.facebook.com\/gabitelingenieros\/\" \/>\n<meta property=\"article:published_time\" content=\"2022-03-29T12:36:55+00:00\" \/>\n<meta property=\"og:image\" content=\"https:\/\/gabitelingenieros.com\/wp-content\/uploads\/2022\/03\/futbol-gabitel-min-scaled.jpg\" \/>\n<meta name=\"author\" content=\"user.autor\" \/>\n<meta name=\"twitter:card\" content=\"summary_large_image\" \/>\n<meta name=\"twitter:label1\" content=\"Written by\" \/>\n\t<meta name=\"twitter:data1\" content=\"user.autor\" \/>\n\t<meta name=\"twitter:label2\" content=\"Est. reading time\" \/>\n\t<meta name=\"twitter:data2\" content=\"4 minutes\" \/>\n<script type=\"application\/ld+json\" class=\"yoast-schema-graph\">{\"@context\":\"https:\\\/\\\/schema.org\",\"@graph\":[{\"@type\":[\"Article\",\"BlogPosting\"],\"@id\":\"https:\\\/\\\/gabitel.net\\\/en\\\/y-no-todo-es-trabajar\\\/#article\",\"isPartOf\":{\"@id\":\"https:\\\/\\\/gabitel.net\\\/en\\\/y-no-todo-es-trabajar\\\/\"},\"author\":{\"name\":\"user.autor\",\"@id\":\"https:\\\/\\\/gabitel.net\\\/en\\\/#\\\/schema\\\/person\\\/37ba53714c3fedb9c7d22f4bc781465c\"},\"headline\":\"Y no todo es trabajar&#8230;\",\"datePublished\":\"2022-03-29T12:36:55+00:00\",\"mainEntityOfPage\":{\"@id\":\"https:\\\/\\\/gabitel.net\\\/en\\\/y-no-todo-es-trabajar\\\/\"},\"wordCount\":862,\"publisher\":{\"@id\":\"https:\\\/\\\/gabitel.net\\\/en\\\/#organization\"},\"image\":{\"@id\":\"https:\\\/\\\/gabitel.net\\\/en\\\/y-no-todo-es-trabajar\\\/#primaryimage\"},\"thumbnailUrl\":\"https:\\\/\\\/gabitel.net\\\/wp-content\\\/uploads\\\/2022\\\/03\\\/partido-min.jpg\",\"articleSection\":[\"Off-topic\"],\"inLanguage\":\"en-US\"},{\"@type\":\"WebPage\",\"@id\":\"https:\\\/\\\/gabitel.net\\\/en\\\/y-no-todo-es-trabajar\\\/\",\"url\":\"https:\\\/\\\/gabitel.net\\\/en\\\/y-no-todo-es-trabajar\\\/\",\"name\":\"Y no todo es trabajar... - Gabitel\",\"isPartOf\":{\"@id\":\"https:\\\/\\\/gabitel.net\\\/en\\\/#website\"},\"primaryImageOfPage\":{\"@id\":\"https:\\\/\\\/gabitel.net\\\/en\\\/y-no-todo-es-trabajar\\\/#primaryimage\"},\"image\":{\"@id\":\"https:\\\/\\\/gabitel.net\\\/en\\\/y-no-todo-es-trabajar\\\/#primaryimage\"},\"thumbnailUrl\":\"https:\\\/\\\/gabitel.net\\\/wp-content\\\/uploads\\\/2022\\\/03\\\/partido-min.jpg\",\"datePublished\":\"2022-03-29T12:36:55+00:00\",\"breadcrumb\":{\"@id\":\"https:\\\/\\\/gabitel.net\\\/en\\\/y-no-todo-es-trabajar\\\/#breadcrumb\"},\"inLanguage\":\"en-US\",\"potentialAction\":[{\"@type\":\"ReadAction\",\"target\":[\"https:\\\/\\\/gabitel.net\\\/en\\\/y-no-todo-es-trabajar\\\/\"]}]},{\"@type\":\"ImageObject\",\"inLanguage\":\"en-US\",\"@id\":\"https:\\\/\\\/gabitel.net\\\/en\\\/y-no-todo-es-trabajar\\\/#primaryimage\",\"url\":\"https:\\\/\\\/gabitel.net\\\/wp-content\\\/uploads\\\/2022\\\/03\\\/partido-min.jpg\",\"contentUrl\":\"https:\\\/\\\/gabitel.net\\\/wp-content\\\/uploads\\\/2022\\\/03\\\/partido-min.jpg\",\"width\":1632,\"height\":1180,\"caption\":\"partido-gabitel\"},{\"@type\":\"BreadcrumbList\",\"@id\":\"https:\\\/\\\/gabitel.net\\\/en\\\/y-no-todo-es-trabajar\\\/#breadcrumb\",\"itemListElement\":[{\"@type\":\"ListItem\",\"position\":1,\"name\":\"Portada\",\"item\":\"https:\\\/\\\/gabitel.net\\\/en\\\/\"},{\"@type\":\"ListItem\",\"position\":2,\"name\":\"Y no todo es trabajar&#8230;\"}]},{\"@type\":\"WebSite\",\"@id\":\"https:\\\/\\\/gabitel.net\\\/en\\\/#website\",\"url\":\"https:\\\/\\\/gabitel.net\\\/en\\\/\",\"name\":\"Gabitel\",\"description\":\"\",\"publisher\":{\"@id\":\"https:\\\/\\\/gabitel.net\\\/en\\\/#organization\"},\"potentialAction\":[{\"@type\":\"SearchAction\",\"target\":{\"@type\":\"EntryPoint\",\"urlTemplate\":\"https:\\\/\\\/gabitel.net\\\/en\\\/?s={search_term_string}\"},\"query-input\":{\"@type\":\"PropertyValueSpecification\",\"valueRequired\":true,\"valueName\":\"search_term_string\"}}],\"inLanguage\":\"en-US\"},{\"@type\":\"Organization\",\"@id\":\"https:\\\/\\\/gabitel.net\\\/en\\\/#organization\",\"name\":\"Gabitel\",\"url\":\"https:\\\/\\\/gabitel.net\\\/en\\\/\",\"logo\":{\"@type\":\"ImageObject\",\"inLanguage\":\"en-US\",\"@id\":\"https:\\\/\\\/gabitel.net\\\/en\\\/#\\\/schema\\\/logo\\\/image\\\/\",\"url\":\"https:\\\/\\\/gabitel.net\\\/wp-content\\\/uploads\\\/2025\\\/05\\\/logo_gabitel.jpg\",\"contentUrl\":\"https:\\\/\\\/gabitel.net\\\/wp-content\\\/uploads\\\/2025\\\/05\\\/logo_gabitel.jpg\",\"width\":2560,\"height\":1330,\"caption\":\"Gabitel\"},\"image\":{\"@id\":\"https:\\\/\\\/gabitel.net\\\/en\\\/#\\\/schema\\\/logo\\\/image\\\/\"},\"sameAs\":[\"https:\\\/\\\/www.facebook.com\\\/gabitelingenieros\\\/\",\"https:\\\/\\\/es.linkedin.com\\\/company\\\/gabitel-ingenieros\"]},{\"@type\":\"Person\",\"@id\":\"https:\\\/\\\/gabitel.net\\\/en\\\/#\\\/schema\\\/person\\\/37ba53714c3fedb9c7d22f4bc781465c\",\"name\":\"user.autor\",\"url\":\"https:\\\/\\\/gabitel.net\\\/en\\\/author\\\/user-autor\\\/\"}]}<\/script>\n<!-- \/ Yoast SEO plugin. -->","yoast_head_json":{"title":"Y no todo es trabajar... - Gabitel","robots":{"index":"index","follow":"follow","max-snippet":"max-snippet:-1","max-image-preview":"max-image-preview:large","max-video-preview":"max-video-preview:-1"},"canonical":"https:\/\/gabitel.net\/en\/y-no-todo-es-trabajar\/","og_locale":"en_US","og_type":"article","og_title":"Y no todo es trabajar... - Gabitel","og_description":"Que suerte poder retomar las buenas costumbres, especialmente con los compa\u00f1eros. Son muchas las horas dedicadas a nuestro trabajo, estr\u00e9s y tensi\u00f3n para liberar\u2026 Qu\u00e9 mejor manera de compartir buenos momentos despu\u00e9s de una dura jornada de trabajo con un partidillo un que pone el list\u00f3n muy alto. Mejor que nos lo cuenten algunos de [&hellip;]","og_url":"https:\/\/gabitel.net\/en\/y-no-todo-es-trabajar\/","og_site_name":"Gabitel","article_publisher":"https:\/\/www.facebook.com\/gabitelingenieros\/","article_published_time":"2022-03-29T12:36:55+00:00","og_image":[{"url":"https:\/\/gabitelingenieros.com\/wp-content\/uploads\/2022\/03\/futbol-gabitel-min-scaled.jpg","type":"","width":"","height":""}],"author":"user.autor","twitter_card":"summary_large_image","twitter_misc":{"Written by":"user.autor","Est. reading time":"4 minutes"},"schema":{"@context":"https:\/\/schema.org","@graph":[{"@type":["Article","BlogPosting"],"@id":"https:\/\/gabitel.net\/en\/y-no-todo-es-trabajar\/#article","isPartOf":{"@id":"https:\/\/gabitel.net\/en\/y-no-todo-es-trabajar\/"},"author":{"name":"user.autor","@id":"https:\/\/gabitel.net\/en\/#\/schema\/person\/37ba53714c3fedb9c7d22f4bc781465c"},"headline":"Y no todo es trabajar&#8230;","datePublished":"2022-03-29T12:36:55+00:00","mainEntityOfPage":{"@id":"https:\/\/gabitel.net\/en\/y-no-todo-es-trabajar\/"},"wordCount":862,"publisher":{"@id":"https:\/\/gabitel.net\/en\/#organization"},"image":{"@id":"https:\/\/gabitel.net\/en\/y-no-todo-es-trabajar\/#primaryimage"},"thumbnailUrl":"https:\/\/gabitel.net\/wp-content\/uploads\/2022\/03\/partido-min.jpg","articleSection":["Off-topic"],"inLanguage":"en-US"},{"@type":"WebPage","@id":"https:\/\/gabitel.net\/en\/y-no-todo-es-trabajar\/","url":"https:\/\/gabitel.net\/en\/y-no-todo-es-trabajar\/","name":"Y no todo es trabajar... - Gabitel","isPartOf":{"@id":"https:\/\/gabitel.net\/en\/#website"},"primaryImageOfPage":{"@id":"https:\/\/gabitel.net\/en\/y-no-todo-es-trabajar\/#primaryimage"},"image":{"@id":"https:\/\/gabitel.net\/en\/y-no-todo-es-trabajar\/#primaryimage"},"thumbnailUrl":"https:\/\/gabitel.net\/wp-content\/uploads\/2022\/03\/partido-min.jpg","datePublished":"2022-03-29T12:36:55+00:00","breadcrumb":{"@id":"https:\/\/gabitel.net\/en\/y-no-todo-es-trabajar\/#breadcrumb"},"inLanguage":"en-US","potentialAction":[{"@type":"ReadAction","target":["https:\/\/gabitel.net\/en\/y-no-todo-es-trabajar\/"]}]},{"@type":"ImageObject","inLanguage":"en-US","@id":"https:\/\/gabitel.net\/en\/y-no-todo-es-trabajar\/#primaryimage","url":"https:\/\/gabitel.net\/wp-content\/uploads\/2022\/03\/partido-min.jpg","contentUrl":"https:\/\/gabitel.net\/wp-content\/uploads\/2022\/03\/partido-min.jpg","width":1632,"height":1180,"caption":"partido-gabitel"},{"@type":"BreadcrumbList","@id":"https:\/\/gabitel.net\/en\/y-no-todo-es-trabajar\/#breadcrumb","itemListElement":[{"@type":"ListItem","position":1,"name":"Portada","item":"https:\/\/gabitel.net\/en\/"},{"@type":"ListItem","position":2,"name":"Y no todo es trabajar&#8230;"}]},{"@type":"WebSite","@id":"https:\/\/gabitel.net\/en\/#website","url":"https:\/\/gabitel.net\/en\/","name":"Gabitel","description":"","publisher":{"@id":"https:\/\/gabitel.net\/en\/#organization"},"potentialAction":[{"@type":"SearchAction","target":{"@type":"EntryPoint","urlTemplate":"https:\/\/gabitel.net\/en\/?s={search_term_string}"},"query-input":{"@type":"PropertyValueSpecification","valueRequired":true,"valueName":"search_term_string"}}],"inLanguage":"en-US"},{"@type":"Organization","@id":"https:\/\/gabitel.net\/en\/#organization","name":"Gabitel","url":"https:\/\/gabitel.net\/en\/","logo":{"@type":"ImageObject","inLanguage":"en-US","@id":"https:\/\/gabitel.net\/en\/#\/schema\/logo\/image\/","url":"https:\/\/gabitel.net\/wp-content\/uploads\/2025\/05\/logo_gabitel.jpg","contentUrl":"https:\/\/gabitel.net\/wp-content\/uploads\/2025\/05\/logo_gabitel.jpg","width":2560,"height":1330,"caption":"Gabitel"},"image":{"@id":"https:\/\/gabitel.net\/en\/#\/schema\/logo\/image\/"},"sameAs":["https:\/\/www.facebook.com\/gabitelingenieros\/","https:\/\/es.linkedin.com\/company\/gabitel-ingenieros"]},{"@type":"Person","@id":"https:\/\/gabitel.net\/en\/#\/schema\/person\/37ba53714c3fedb9c7d22f4bc781465c","name":"user.autor","url":"https:\/\/gabitel.net\/en\/author\/user-autor\/"}]}},"_links":{"self":[{"href":"https:\/\/gabitel.net\/en\/wp-json\/wp\/v2\/posts\/32920","targetHints":{"allow":["GET"]}}],"collection":[{"href":"https:\/\/gabitel.net\/en\/wp-json\/wp\/v2\/posts"}],"about":[{"href":"https:\/\/gabitel.net\/en\/wp-json\/wp\/v2\/types\/post"}],"author":[{"embeddable":true,"href":"https:\/\/gabitel.net\/en\/wp-json\/wp\/v2\/users\/3"}],"replies":[{"embeddable":true,"href":"https:\/\/gabitel.net\/en\/wp-json\/wp\/v2\/comments?post=32920"}],"version-history":[{"count":0,"href":"https:\/\/gabitel.net\/en\/wp-json\/wp\/v2\/posts\/32920\/revisions"}],"wp:featuredmedia":[{"embeddable":true,"href":"https:\/\/gabitel.net\/en\/wp-json\/wp\/v2\/media\/34427"}],"wp:attachment":[{"href":"https:\/\/gabitel.net\/en\/wp-json\/wp\/v2\/media?parent=32920"}],"wp:term":[{"taxonomy":"category","embeddable":true,"href":"https:\/\/gabitel.net\/en\/wp-json\/wp\/v2\/categories?post=32920"},{"taxonomy":"post_tag","embeddable":true,"href":"https:\/\/gabitel.net\/en\/wp-json\/wp\/v2\/tags?post=32920"}],"curies":[{"name":"wp","href":"https:\/\/api.w.org\/{rel}","templated":true}]}}