{"id":32924,"date":"2022-03-04T12:20:07","date_gmt":"2022-03-04T11:20:07","guid":{"rendered":"https:\/\/gabitel.net\/feliz-dia-del-padre\/"},"modified":"2022-03-04T12:20:07","modified_gmt":"2022-03-04T11:20:07","slug":"feliz-dia-del-padre","status":"publish","type":"post","link":"https:\/\/gabitel.net\/en\/feliz-dia-del-padre\/","title":{"rendered":"Feliz D\u00eda del Padre"},"content":{"rendered":"<p style=\"text-align: justify;\">En este mes de marzo, hay una fecha muy se\u00f1alada y especial, el 19 de marzo celebramos el <strong><em>D\u00eda del Padre. <\/em><\/strong><\/p>\n<p style=\"text-align: justify;\">Desde muy peque\u00f1os hemos felicitado a nuestros padres y posiblemente muchos de vosotros se\u00e1is ahora los orgullosos pap\u00e1s que os emociona ver como vuestros hijos e hijas os felicitan en este d\u00eda que ha cobrado un significado a\u00fan mayor en vuestra vida. Pero, \u00bfconoc\u00e9is el origen del <em>D\u00eda del Padre<\/em>?, os lo contamos.<\/p>\n<p style=\"text-align: justify;\">El origen de esta celebraci\u00f3n naci\u00f3 en Estados Unidos cuando Sonora Smart Dodd, hija de un veterano de la guerra civil estadounidense quiso agradecer a su padre, toda la dedicaci\u00f3n y entrega que su padre hab\u00eda tenido con ella y sus hermanos al fallecer su madre con el nacimiento del menor de los hermanos. Su padre cuid\u00f3 y educ\u00f3 a sus hijos de forma ejemplar sin ayuda de nadie de manera incondicional, renunciando a todo por sus hijos. Inicialmente la fecha en la que Sonora Smart decidi\u00f3 celebrar el d\u00eda dl padre fue el 5 de junio, coincidiendo con la fecha de cumplea\u00f1os de su padre. Aunque esta fecha no prosper\u00f3, si lo hizo la idea de instituir este homenaje a todos los padres, siendo apoyada por los presidentes Calvin Coolidge y Lyndon Johnson, este \u00faltimo proclam\u00f3 oficialmente como D\u00eda del Padre el tercer Domingo de mes de junio. Esta celebraci\u00f3n se extendi\u00f3 a pa\u00edses de Am\u00e9rica Latina, Asia, \u00c1frica y Europa. Homenajeando as\u00ed a los padres por su papel en la crianza y educaci\u00f3n de los hijos.<\/p>\n<p style=\"text-align: justify;\">Desde Gabitel, queremos felicitar a todos los padres que integran est\u00e1 Gran Familia, porque sin duda parte de lo que sois es gracias a ellos, vuestros hijos e hijas. Con este video tan emotivo que hemos rescatado de redes, queremos haceros nuestro peque\u00f1o homenaje:<\/p>\n<h1 style=\"text-align: center;\"><strong>\u00a1\u00a1FELICIDADES PAP\u00c1!!<\/strong><\/h1>\n","protected":false},"excerpt":{"rendered":"<p>En este mes de marzo, hay una fecha muy se\u00f1alada y especial, el 19 de marzo celebramos el D\u00eda del Padre. Desde muy peque\u00f1os hemos felicitado a nuestros padres y posiblemente muchos de vosotros se\u00e1is ahora los orgullosos pap\u00e1s que os emociona ver como vuestros hijos e hijas os felicitan en este d\u00eda que ha [&hellip;]<\/p>\n","protected":false},"author":3,"featured_media":34413,"comment_status":"closed","ping_status":"closed","sticky":false,"template":"","format":"standard","meta":{"content-type":"","footnotes":""},"categories":[601],"tags":[],"class_list":["post-32924","post","type-post","status-publish","format-standard","has-post-thumbnail","hentry","category-off-topic-en"],"yoast_head":"<!-- This site is optimized with the Yoast SEO plugin v27.5 - https:\/\/yoast.com\/product\/yoast-seo-wordpress\/ -->\n<title>Feliz D\u00eda del Padre - Gabitel<\/title>\n<meta name=\"robots\" content=\"index, follow, max-snippet:-1, max-image-preview:large, max-video-preview:-1\" \/>\n<link rel=\"canonical\" href=\"https:\/\/gabitel.net\/en\/feliz-dia-del-padre\/\" \/>\n<meta property=\"og:locale\" content=\"en_US\" \/>\n<meta property=\"og:type\" content=\"article\" \/>\n<meta property=\"og:title\" content=\"Feliz D\u00eda del Padre - Gabitel\" \/>\n<meta property=\"og:description\" content=\"En este mes de marzo, hay una fecha muy se\u00f1alada y especial, el 19 de marzo celebramos el D\u00eda del Padre. Desde muy peque\u00f1os hemos felicitado a nuestros padres y posiblemente muchos de vosotros se\u00e1is ahora los orgullosos pap\u00e1s que os emociona ver como vuestros hijos e hijas os felicitan en este d\u00eda que ha [&hellip;]\" \/>\n<meta property=\"og:url\" content=\"https:\/\/gabitel.net\/en\/feliz-dia-del-padre\/\" \/>\n<meta property=\"og:site_name\" content=\"Gabitel\" \/>\n<meta property=\"article:publisher\" content=\"https:\/\/www.facebook.com\/gabitelingenieros\/\" \/>\n<meta property=\"article:published_time\" content=\"2022-03-04T11:20:07+00:00\" \/>\n<meta name=\"author\" content=\"user.autor\" \/>\n<meta name=\"twitter:card\" content=\"summary_large_image\" \/>\n<meta name=\"twitter:label1\" content=\"Written by\" \/>\n\t<meta name=\"twitter:data1\" content=\"user.autor\" \/>\n\t<meta name=\"twitter:label2\" content=\"Est. reading time\" \/>\n\t<meta name=\"twitter:data2\" content=\"2 minutes\" \/>\n<script type=\"application\/ld+json\" class=\"yoast-schema-graph\">{\"@context\":\"https:\\\/\\\/schema.org\",\"@graph\":[{\"@type\":[\"Article\",\"BlogPosting\"],\"@id\":\"https:\\\/\\\/gabitel.net\\\/en\\\/feliz-dia-del-padre\\\/#article\",\"isPartOf\":{\"@id\":\"https:\\\/\\\/gabitel.net\\\/en\\\/feliz-dia-del-padre\\\/\"},\"author\":{\"name\":\"user.autor\",\"@id\":\"https:\\\/\\\/gabitel.net\\\/en\\\/#\\\/schema\\\/person\\\/37ba53714c3fedb9c7d22f4bc781465c\"},\"headline\":\"Feliz D\u00eda del Padre\",\"datePublished\":\"2022-03-04T11:20:07+00:00\",\"mainEntityOfPage\":{\"@id\":\"https:\\\/\\\/gabitel.net\\\/en\\\/feliz-dia-del-padre\\\/\"},\"wordCount\":321,\"publisher\":{\"@id\":\"https:\\\/\\\/gabitel.net\\\/en\\\/#organization\"},\"image\":{\"@id\":\"https:\\\/\\\/gabitel.net\\\/en\\\/feliz-dia-del-padre\\\/#primaryimage\"},\"thumbnailUrl\":\"https:\\\/\\\/gabitel.net\\\/wp-content\\\/uploads\\\/2022\\\/03\\\/dia-del-padre-2020_-por-que-se-celebra-el-19-de-marzo-en-espana-655x368-1.jpg\",\"articleSection\":[\"Off-topic\"],\"inLanguage\":\"en-US\"},{\"@type\":\"WebPage\",\"@id\":\"https:\\\/\\\/gabitel.net\\\/en\\\/feliz-dia-del-padre\\\/\",\"url\":\"https:\\\/\\\/gabitel.net\\\/en\\\/feliz-dia-del-padre\\\/\",\"name\":\"Feliz D\u00eda del Padre - Gabitel\",\"isPartOf\":{\"@id\":\"https:\\\/\\\/gabitel.net\\\/en\\\/#website\"},\"primaryImageOfPage\":{\"@id\":\"https:\\\/\\\/gabitel.net\\\/en\\\/feliz-dia-del-padre\\\/#primaryimage\"},\"image\":{\"@id\":\"https:\\\/\\\/gabitel.net\\\/en\\\/feliz-dia-del-padre\\\/#primaryimage\"},\"thumbnailUrl\":\"https:\\\/\\\/gabitel.net\\\/wp-content\\\/uploads\\\/2022\\\/03\\\/dia-del-padre-2020_-por-que-se-celebra-el-19-de-marzo-en-espana-655x368-1.jpg\",\"datePublished\":\"2022-03-04T11:20:07+00:00\",\"breadcrumb\":{\"@id\":\"https:\\\/\\\/gabitel.net\\\/en\\\/feliz-dia-del-padre\\\/#breadcrumb\"},\"inLanguage\":\"en-US\",\"potentialAction\":[{\"@type\":\"ReadAction\",\"target\":[\"https:\\\/\\\/gabitel.net\\\/en\\\/feliz-dia-del-padre\\\/\"]}]},{\"@type\":\"ImageObject\",\"inLanguage\":\"en-US\",\"@id\":\"https:\\\/\\\/gabitel.net\\\/en\\\/feliz-dia-del-padre\\\/#primaryimage\",\"url\":\"https:\\\/\\\/gabitel.net\\\/wp-content\\\/uploads\\\/2022\\\/03\\\/dia-del-padre-2020_-por-que-se-celebra-el-19-de-marzo-en-espana-655x368-1.jpg\",\"contentUrl\":\"https:\\\/\\\/gabitel.net\\\/wp-content\\\/uploads\\\/2022\\\/03\\\/dia-del-padre-2020_-por-que-se-celebra-el-19-de-marzo-en-espana-655x368-1.jpg\",\"width\":655,\"height\":368,\"caption\":\"dia-del-padre\"},{\"@type\":\"BreadcrumbList\",\"@id\":\"https:\\\/\\\/gabitel.net\\\/en\\\/feliz-dia-del-padre\\\/#breadcrumb\",\"itemListElement\":[{\"@type\":\"ListItem\",\"position\":1,\"name\":\"Portada\",\"item\":\"https:\\\/\\\/gabitel.net\\\/en\\\/\"},{\"@type\":\"ListItem\",\"position\":2,\"name\":\"Feliz D\u00eda del Padre\"}]},{\"@type\":\"WebSite\",\"@id\":\"https:\\\/\\\/gabitel.net\\\/en\\\/#website\",\"url\":\"https:\\\/\\\/gabitel.net\\\/en\\\/\",\"name\":\"Gabitel\",\"description\":\"\",\"publisher\":{\"@id\":\"https:\\\/\\\/gabitel.net\\\/en\\\/#organization\"},\"potentialAction\":[{\"@type\":\"SearchAction\",\"target\":{\"@type\":\"EntryPoint\",\"urlTemplate\":\"https:\\\/\\\/gabitel.net\\\/en\\\/?s={search_term_string}\"},\"query-input\":{\"@type\":\"PropertyValueSpecification\",\"valueRequired\":true,\"valueName\":\"search_term_string\"}}],\"inLanguage\":\"en-US\"},{\"@type\":\"Organization\",\"@id\":\"https:\\\/\\\/gabitel.net\\\/en\\\/#organization\",\"name\":\"Gabitel\",\"url\":\"https:\\\/\\\/gabitel.net\\\/en\\\/\",\"logo\":{\"@type\":\"ImageObject\",\"inLanguage\":\"en-US\",\"@id\":\"https:\\\/\\\/gabitel.net\\\/en\\\/#\\\/schema\\\/logo\\\/image\\\/\",\"url\":\"https:\\\/\\\/gabitel.net\\\/wp-content\\\/uploads\\\/2025\\\/05\\\/logo_gabitel.jpg\",\"contentUrl\":\"https:\\\/\\\/gabitel.net\\\/wp-content\\\/uploads\\\/2025\\\/05\\\/logo_gabitel.jpg\",\"width\":2560,\"height\":1330,\"caption\":\"Gabitel\"},\"image\":{\"@id\":\"https:\\\/\\\/gabitel.net\\\/en\\\/#\\\/schema\\\/logo\\\/image\\\/\"},\"sameAs\":[\"https:\\\/\\\/www.facebook.com\\\/gabitelingenieros\\\/\",\"https:\\\/\\\/es.linkedin.com\\\/company\\\/gabitel-ingenieros\"]},{\"@type\":\"Person\",\"@id\":\"https:\\\/\\\/gabitel.net\\\/en\\\/#\\\/schema\\\/person\\\/37ba53714c3fedb9c7d22f4bc781465c\",\"name\":\"user.autor\",\"url\":\"https:\\\/\\\/gabitel.net\\\/en\\\/author\\\/user-autor\\\/\"}]}<\/script>\n<!-- \/ Yoast SEO plugin. -->","yoast_head_json":{"title":"Feliz D\u00eda del Padre - Gabitel","robots":{"index":"index","follow":"follow","max-snippet":"max-snippet:-1","max-image-preview":"max-image-preview:large","max-video-preview":"max-video-preview:-1"},"canonical":"https:\/\/gabitel.net\/en\/feliz-dia-del-padre\/","og_locale":"en_US","og_type":"article","og_title":"Feliz D\u00eda del Padre - Gabitel","og_description":"En este mes de marzo, hay una fecha muy se\u00f1alada y especial, el 19 de marzo celebramos el D\u00eda del Padre. Desde muy peque\u00f1os hemos felicitado a nuestros padres y posiblemente muchos de vosotros se\u00e1is ahora los orgullosos pap\u00e1s que os emociona ver como vuestros hijos e hijas os felicitan en este d\u00eda que ha [&hellip;]","og_url":"https:\/\/gabitel.net\/en\/feliz-dia-del-padre\/","og_site_name":"Gabitel","article_publisher":"https:\/\/www.facebook.com\/gabitelingenieros\/","article_published_time":"2022-03-04T11:20:07+00:00","author":"user.autor","twitter_card":"summary_large_image","twitter_misc":{"Written by":"user.autor","Est. reading time":"2 minutes"},"schema":{"@context":"https:\/\/schema.org","@graph":[{"@type":["Article","BlogPosting"],"@id":"https:\/\/gabitel.net\/en\/feliz-dia-del-padre\/#article","isPartOf":{"@id":"https:\/\/gabitel.net\/en\/feliz-dia-del-padre\/"},"author":{"name":"user.autor","@id":"https:\/\/gabitel.net\/en\/#\/schema\/person\/37ba53714c3fedb9c7d22f4bc781465c"},"headline":"Feliz D\u00eda del Padre","datePublished":"2022-03-04T11:20:07+00:00","mainEntityOfPage":{"@id":"https:\/\/gabitel.net\/en\/feliz-dia-del-padre\/"},"wordCount":321,"publisher":{"@id":"https:\/\/gabitel.net\/en\/#organization"},"image":{"@id":"https:\/\/gabitel.net\/en\/feliz-dia-del-padre\/#primaryimage"},"thumbnailUrl":"https:\/\/gabitel.net\/wp-content\/uploads\/2022\/03\/dia-del-padre-2020_-por-que-se-celebra-el-19-de-marzo-en-espana-655x368-1.jpg","articleSection":["Off-topic"],"inLanguage":"en-US"},{"@type":"WebPage","@id":"https:\/\/gabitel.net\/en\/feliz-dia-del-padre\/","url":"https:\/\/gabitel.net\/en\/feliz-dia-del-padre\/","name":"Feliz D\u00eda del Padre - Gabitel","isPartOf":{"@id":"https:\/\/gabitel.net\/en\/#website"},"primaryImageOfPage":{"@id":"https:\/\/gabitel.net\/en\/feliz-dia-del-padre\/#primaryimage"},"image":{"@id":"https:\/\/gabitel.net\/en\/feliz-dia-del-padre\/#primaryimage"},"thumbnailUrl":"https:\/\/gabitel.net\/wp-content\/uploads\/2022\/03\/dia-del-padre-2020_-por-que-se-celebra-el-19-de-marzo-en-espana-655x368-1.jpg","datePublished":"2022-03-04T11:20:07+00:00","breadcrumb":{"@id":"https:\/\/gabitel.net\/en\/feliz-dia-del-padre\/#breadcrumb"},"inLanguage":"en-US","potentialAction":[{"@type":"ReadAction","target":["https:\/\/gabitel.net\/en\/feliz-dia-del-padre\/"]}]},{"@type":"ImageObject","inLanguage":"en-US","@id":"https:\/\/gabitel.net\/en\/feliz-dia-del-padre\/#primaryimage","url":"https:\/\/gabitel.net\/wp-content\/uploads\/2022\/03\/dia-del-padre-2020_-por-que-se-celebra-el-19-de-marzo-en-espana-655x368-1.jpg","contentUrl":"https:\/\/gabitel.net\/wp-content\/uploads\/2022\/03\/dia-del-padre-2020_-por-que-se-celebra-el-19-de-marzo-en-espana-655x368-1.jpg","width":655,"height":368,"caption":"dia-del-padre"},{"@type":"BreadcrumbList","@id":"https:\/\/gabitel.net\/en\/feliz-dia-del-padre\/#breadcrumb","itemListElement":[{"@type":"ListItem","position":1,"name":"Portada","item":"https:\/\/gabitel.net\/en\/"},{"@type":"ListItem","position":2,"name":"Feliz D\u00eda del Padre"}]},{"@type":"WebSite","@id":"https:\/\/gabitel.net\/en\/#website","url":"https:\/\/gabitel.net\/en\/","name":"Gabitel","description":"","publisher":{"@id":"https:\/\/gabitel.net\/en\/#organization"},"potentialAction":[{"@type":"SearchAction","target":{"@type":"EntryPoint","urlTemplate":"https:\/\/gabitel.net\/en\/?s={search_term_string}"},"query-input":{"@type":"PropertyValueSpecification","valueRequired":true,"valueName":"search_term_string"}}],"inLanguage":"en-US"},{"@type":"Organization","@id":"https:\/\/gabitel.net\/en\/#organization","name":"Gabitel","url":"https:\/\/gabitel.net\/en\/","logo":{"@type":"ImageObject","inLanguage":"en-US","@id":"https:\/\/gabitel.net\/en\/#\/schema\/logo\/image\/","url":"https:\/\/gabitel.net\/wp-content\/uploads\/2025\/05\/logo_gabitel.jpg","contentUrl":"https:\/\/gabitel.net\/wp-content\/uploads\/2025\/05\/logo_gabitel.jpg","width":2560,"height":1330,"caption":"Gabitel"},"image":{"@id":"https:\/\/gabitel.net\/en\/#\/schema\/logo\/image\/"},"sameAs":["https:\/\/www.facebook.com\/gabitelingenieros\/","https:\/\/es.linkedin.com\/company\/gabitel-ingenieros"]},{"@type":"Person","@id":"https:\/\/gabitel.net\/en\/#\/schema\/person\/37ba53714c3fedb9c7d22f4bc781465c","name":"user.autor","url":"https:\/\/gabitel.net\/en\/author\/user-autor\/"}]}},"_links":{"self":[{"href":"https:\/\/gabitel.net\/en\/wp-json\/wp\/v2\/posts\/32924","targetHints":{"allow":["GET"]}}],"collection":[{"href":"https:\/\/gabitel.net\/en\/wp-json\/wp\/v2\/posts"}],"about":[{"href":"https:\/\/gabitel.net\/en\/wp-json\/wp\/v2\/types\/post"}],"author":[{"embeddable":true,"href":"https:\/\/gabitel.net\/en\/wp-json\/wp\/v2\/users\/3"}],"replies":[{"embeddable":true,"href":"https:\/\/gabitel.net\/en\/wp-json\/wp\/v2\/comments?post=32924"}],"version-history":[{"count":0,"href":"https:\/\/gabitel.net\/en\/wp-json\/wp\/v2\/posts\/32924\/revisions"}],"wp:featuredmedia":[{"embeddable":true,"href":"https:\/\/gabitel.net\/en\/wp-json\/wp\/v2\/media\/34413"}],"wp:attachment":[{"href":"https:\/\/gabitel.net\/en\/wp-json\/wp\/v2\/media?parent=32924"}],"wp:term":[{"taxonomy":"category","embeddable":true,"href":"https:\/\/gabitel.net\/en\/wp-json\/wp\/v2\/categories?post=32924"},{"taxonomy":"post_tag","embeddable":true,"href":"https:\/\/gabitel.net\/en\/wp-json\/wp\/v2\/tags?post=32924"}],"curies":[{"name":"wp","href":"https:\/\/api.w.org\/{rel}","templated":true}]}}