{"id":32926,"date":"2022-03-04T09:21:58","date_gmt":"2022-03-04T08:21:58","guid":{"rendered":"https:\/\/gabitel.net\/gabitel-se-une-a-la-campana-tu-salud-es-lo-primero\/"},"modified":"2022-03-04T09:21:58","modified_gmt":"2022-03-04T08:21:58","slug":"gabitel-se-une-a-la-campana-tu-salud-es-lo-primero","status":"publish","type":"post","link":"https:\/\/gabitel.net\/en\/gabitel-se-une-a-la-campana-tu-salud-es-lo-primero\/","title":{"rendered":"Gabitel se une a la Campa\u00f1a \u201cTu Salud es lo primero\u201d"},"content":{"rendered":"<p style=\"text-align: justify;\"><strong><em>Porque lo m\u00e1s importante es nuestra salud,<\/em><\/strong> nuestra empresa, Gabitel va a colaborar en una iniciativa promovida por la Asociaci\u00f3n Espa\u00f1ola contra el C\u00e1ncer, que ya desde este mes pasado de febrero se ha hecho efectiva.<\/p>\n<p style=\"text-align: justify;\">\n<p style=\"text-align: justify;\">El objetivo de esta campa\u00f1a es informar a nuestros empleados sobre temas vinculados a la detecci\u00f3n precoz del c\u00e1ncer y su posible prevenci\u00f3n, a trav\u00e9s de buenos h\u00e1bitos o pautas que nos pueden ayudar.<\/p>\n<p style=\"text-align: justify;\">\n<p style=\"text-align: justify;\">A mediados de este mes de febrero, hemos recibido a trav\u00e9s de nuestro email de empresa nuestro primer bolet\u00edn, donde se ha hecho hincapi\u00e9 a la importancia de mantener un peso saludable y los beneficios que nos aporta la actividad f\u00edsica.<\/p>\n<p style=\"text-align: justify;\">\n<p style=\"text-align: justify;\">A mediados de cada mes iremos recibiendo nuevas pautas y recomendaciones para seguir cuid\u00e1ndonos d\u00e1ndole a nuestra salud los mimos y atenciones que merece. Porque c\u00f3mo bien sabemos, y m\u00e1s en los tiempos que vivimos, la salud es lo primero.<\/p>\n<p>&nbsp;<\/p>\n<p>&nbsp;<\/p>\n","protected":false},"excerpt":{"rendered":"<p>Porque lo m\u00e1s importante es nuestra salud, nuestra empresa, Gabitel va a colaborar en una iniciativa promovida por la Asociaci\u00f3n Espa\u00f1ola contra el C\u00e1ncer, que ya desde este mes pasado de febrero se ha hecho efectiva. El objetivo de esta campa\u00f1a es informar a nuestros empleados sobre temas vinculados a la detecci\u00f3n precoz del c\u00e1ncer [&hellip;]<\/p>\n","protected":false},"author":3,"featured_media":34407,"comment_status":"closed","ping_status":"closed","sticky":false,"template":"","format":"standard","meta":{"content-type":"","footnotes":""},"categories":[601],"tags":[],"class_list":["post-32926","post","type-post","status-publish","format-standard","has-post-thumbnail","hentry","category-off-topic-en"],"yoast_head":"<!-- This site is optimized with the Yoast SEO plugin v27.5 - https:\/\/yoast.com\/product\/yoast-seo-wordpress\/ -->\n<title>Gabitel se une a la Campa\u00f1a \u201cTu Salud es lo primero\u201d - Gabitel<\/title>\n<meta name=\"robots\" content=\"index, follow, max-snippet:-1, max-image-preview:large, max-video-preview:-1\" \/>\n<link rel=\"canonical\" href=\"https:\/\/gabitel.net\/en\/gabitel-se-une-a-la-campana-tu-salud-es-lo-primero\/\" \/>\n<meta property=\"og:locale\" content=\"en_US\" \/>\n<meta property=\"og:type\" content=\"article\" \/>\n<meta property=\"og:title\" content=\"Gabitel se une a la Campa\u00f1a \u201cTu Salud es lo primero\u201d - Gabitel\" \/>\n<meta property=\"og:description\" content=\"Porque lo m\u00e1s importante es nuestra salud, nuestra empresa, Gabitel va a colaborar en una iniciativa promovida por la Asociaci\u00f3n Espa\u00f1ola contra el C\u00e1ncer, que ya desde este mes pasado de febrero se ha hecho efectiva. El objetivo de esta campa\u00f1a es informar a nuestros empleados sobre temas vinculados a la detecci\u00f3n precoz del c\u00e1ncer [&hellip;]\" \/>\n<meta property=\"og:url\" content=\"https:\/\/gabitel.net\/en\/gabitel-se-une-a-la-campana-tu-salud-es-lo-primero\/\" \/>\n<meta property=\"og:site_name\" content=\"Gabitel\" \/>\n<meta property=\"article:publisher\" content=\"https:\/\/www.facebook.com\/gabitelingenieros\/\" \/>\n<meta property=\"article:published_time\" content=\"2022-03-04T08:21:58+00:00\" \/>\n<meta name=\"author\" content=\"user.autor\" \/>\n<meta name=\"twitter:card\" content=\"summary_large_image\" \/>\n<meta name=\"twitter:label1\" content=\"Written by\" \/>\n\t<meta name=\"twitter:data1\" content=\"user.autor\" \/>\n\t<meta name=\"twitter:label2\" content=\"Est. reading time\" \/>\n\t<meta name=\"twitter:data2\" content=\"1 minute\" \/>\n<script type=\"application\/ld+json\" class=\"yoast-schema-graph\">{\"@context\":\"https:\\\/\\\/schema.org\",\"@graph\":[{\"@type\":[\"Article\",\"BlogPosting\"],\"@id\":\"https:\\\/\\\/gabitel.net\\\/en\\\/gabitel-se-une-a-la-campana-tu-salud-es-lo-primero\\\/#article\",\"isPartOf\":{\"@id\":\"https:\\\/\\\/gabitel.net\\\/en\\\/gabitel-se-une-a-la-campana-tu-salud-es-lo-primero\\\/\"},\"author\":{\"name\":\"user.autor\",\"@id\":\"https:\\\/\\\/gabitel.net\\\/en\\\/#\\\/schema\\\/person\\\/37ba53714c3fedb9c7d22f4bc781465c\"},\"headline\":\"Gabitel se une a la Campa\u00f1a \u201cTu Salud es lo primero\u201d\",\"datePublished\":\"2022-03-04T08:21:58+00:00\",\"mainEntityOfPage\":{\"@id\":\"https:\\\/\\\/gabitel.net\\\/en\\\/gabitel-se-une-a-la-campana-tu-salud-es-lo-primero\\\/\"},\"wordCount\":182,\"publisher\":{\"@id\":\"https:\\\/\\\/gabitel.net\\\/en\\\/#organization\"},\"image\":{\"@id\":\"https:\\\/\\\/gabitel.net\\\/en\\\/gabitel-se-une-a-la-campana-tu-salud-es-lo-primero\\\/#primaryimage\"},\"thumbnailUrl\":\"https:\\\/\\\/gabitel.net\\\/wp-content\\\/uploads\\\/2022\\\/03\\\/iStock-543061382-mod-1024x640-1.jpg\",\"articleSection\":[\"Off-topic\"],\"inLanguage\":\"en-US\"},{\"@type\":\"WebPage\",\"@id\":\"https:\\\/\\\/gabitel.net\\\/en\\\/gabitel-se-une-a-la-campana-tu-salud-es-lo-primero\\\/\",\"url\":\"https:\\\/\\\/gabitel.net\\\/en\\\/gabitel-se-une-a-la-campana-tu-salud-es-lo-primero\\\/\",\"name\":\"Gabitel se une a la Campa\u00f1a \u201cTu Salud es lo primero\u201d - Gabitel\",\"isPartOf\":{\"@id\":\"https:\\\/\\\/gabitel.net\\\/en\\\/#website\"},\"primaryImageOfPage\":{\"@id\":\"https:\\\/\\\/gabitel.net\\\/en\\\/gabitel-se-une-a-la-campana-tu-salud-es-lo-primero\\\/#primaryimage\"},\"image\":{\"@id\":\"https:\\\/\\\/gabitel.net\\\/en\\\/gabitel-se-une-a-la-campana-tu-salud-es-lo-primero\\\/#primaryimage\"},\"thumbnailUrl\":\"https:\\\/\\\/gabitel.net\\\/wp-content\\\/uploads\\\/2022\\\/03\\\/iStock-543061382-mod-1024x640-1.jpg\",\"datePublished\":\"2022-03-04T08:21:58+00:00\",\"breadcrumb\":{\"@id\":\"https:\\\/\\\/gabitel.net\\\/en\\\/gabitel-se-une-a-la-campana-tu-salud-es-lo-primero\\\/#breadcrumb\"},\"inLanguage\":\"en-US\",\"potentialAction\":[{\"@type\":\"ReadAction\",\"target\":[\"https:\\\/\\\/gabitel.net\\\/en\\\/gabitel-se-une-a-la-campana-tu-salud-es-lo-primero\\\/\"]}]},{\"@type\":\"ImageObject\",\"inLanguage\":\"en-US\",\"@id\":\"https:\\\/\\\/gabitel.net\\\/en\\\/gabitel-se-une-a-la-campana-tu-salud-es-lo-primero\\\/#primaryimage\",\"url\":\"https:\\\/\\\/gabitel.net\\\/wp-content\\\/uploads\\\/2022\\\/03\\\/iStock-543061382-mod-1024x640-1.jpg\",\"contentUrl\":\"https:\\\/\\\/gabitel.net\\\/wp-content\\\/uploads\\\/2022\\\/03\\\/iStock-543061382-mod-1024x640-1.jpg\",\"width\":1024,\"height\":640,\"caption\":\"tu-salud-primero\"},{\"@type\":\"BreadcrumbList\",\"@id\":\"https:\\\/\\\/gabitel.net\\\/en\\\/gabitel-se-une-a-la-campana-tu-salud-es-lo-primero\\\/#breadcrumb\",\"itemListElement\":[{\"@type\":\"ListItem\",\"position\":1,\"name\":\"Portada\",\"item\":\"https:\\\/\\\/gabitel.net\\\/en\\\/\"},{\"@type\":\"ListItem\",\"position\":2,\"name\":\"Gabitel se une a la Campa\u00f1a \u201cTu Salud es lo primero\u201d\"}]},{\"@type\":\"WebSite\",\"@id\":\"https:\\\/\\\/gabitel.net\\\/en\\\/#website\",\"url\":\"https:\\\/\\\/gabitel.net\\\/en\\\/\",\"name\":\"Gabitel\",\"description\":\"\",\"publisher\":{\"@id\":\"https:\\\/\\\/gabitel.net\\\/en\\\/#organization\"},\"potentialAction\":[{\"@type\":\"SearchAction\",\"target\":{\"@type\":\"EntryPoint\",\"urlTemplate\":\"https:\\\/\\\/gabitel.net\\\/en\\\/?s={search_term_string}\"},\"query-input\":{\"@type\":\"PropertyValueSpecification\",\"valueRequired\":true,\"valueName\":\"search_term_string\"}}],\"inLanguage\":\"en-US\"},{\"@type\":\"Organization\",\"@id\":\"https:\\\/\\\/gabitel.net\\\/en\\\/#organization\",\"name\":\"Gabitel\",\"url\":\"https:\\\/\\\/gabitel.net\\\/en\\\/\",\"logo\":{\"@type\":\"ImageObject\",\"inLanguage\":\"en-US\",\"@id\":\"https:\\\/\\\/gabitel.net\\\/en\\\/#\\\/schema\\\/logo\\\/image\\\/\",\"url\":\"https:\\\/\\\/gabitel.net\\\/wp-content\\\/uploads\\\/2025\\\/05\\\/logo_gabitel.jpg\",\"contentUrl\":\"https:\\\/\\\/gabitel.net\\\/wp-content\\\/uploads\\\/2025\\\/05\\\/logo_gabitel.jpg\",\"width\":2560,\"height\":1330,\"caption\":\"Gabitel\"},\"image\":{\"@id\":\"https:\\\/\\\/gabitel.net\\\/en\\\/#\\\/schema\\\/logo\\\/image\\\/\"},\"sameAs\":[\"https:\\\/\\\/www.facebook.com\\\/gabitelingenieros\\\/\",\"https:\\\/\\\/es.linkedin.com\\\/company\\\/gabitel-ingenieros\"]},{\"@type\":\"Person\",\"@id\":\"https:\\\/\\\/gabitel.net\\\/en\\\/#\\\/schema\\\/person\\\/37ba53714c3fedb9c7d22f4bc781465c\",\"name\":\"user.autor\",\"url\":\"https:\\\/\\\/gabitel.net\\\/en\\\/author\\\/user-autor\\\/\"}]}<\/script>\n<!-- \/ Yoast SEO plugin. -->","yoast_head_json":{"title":"Gabitel se une a la Campa\u00f1a \u201cTu Salud es lo primero\u201d - Gabitel","robots":{"index":"index","follow":"follow","max-snippet":"max-snippet:-1","max-image-preview":"max-image-preview:large","max-video-preview":"max-video-preview:-1"},"canonical":"https:\/\/gabitel.net\/en\/gabitel-se-une-a-la-campana-tu-salud-es-lo-primero\/","og_locale":"en_US","og_type":"article","og_title":"Gabitel se une a la Campa\u00f1a \u201cTu Salud es lo primero\u201d - Gabitel","og_description":"Porque lo m\u00e1s importante es nuestra salud, nuestra empresa, Gabitel va a colaborar en una iniciativa promovida por la Asociaci\u00f3n Espa\u00f1ola contra el C\u00e1ncer, que ya desde este mes pasado de febrero se ha hecho efectiva. El objetivo de esta campa\u00f1a es informar a nuestros empleados sobre temas vinculados a la detecci\u00f3n precoz del c\u00e1ncer [&hellip;]","og_url":"https:\/\/gabitel.net\/en\/gabitel-se-une-a-la-campana-tu-salud-es-lo-primero\/","og_site_name":"Gabitel","article_publisher":"https:\/\/www.facebook.com\/gabitelingenieros\/","article_published_time":"2022-03-04T08:21:58+00:00","author":"user.autor","twitter_card":"summary_large_image","twitter_misc":{"Written by":"user.autor","Est. reading time":"1 minute"},"schema":{"@context":"https:\/\/schema.org","@graph":[{"@type":["Article","BlogPosting"],"@id":"https:\/\/gabitel.net\/en\/gabitel-se-une-a-la-campana-tu-salud-es-lo-primero\/#article","isPartOf":{"@id":"https:\/\/gabitel.net\/en\/gabitel-se-une-a-la-campana-tu-salud-es-lo-primero\/"},"author":{"name":"user.autor","@id":"https:\/\/gabitel.net\/en\/#\/schema\/person\/37ba53714c3fedb9c7d22f4bc781465c"},"headline":"Gabitel se une a la Campa\u00f1a \u201cTu Salud es lo primero\u201d","datePublished":"2022-03-04T08:21:58+00:00","mainEntityOfPage":{"@id":"https:\/\/gabitel.net\/en\/gabitel-se-une-a-la-campana-tu-salud-es-lo-primero\/"},"wordCount":182,"publisher":{"@id":"https:\/\/gabitel.net\/en\/#organization"},"image":{"@id":"https:\/\/gabitel.net\/en\/gabitel-se-une-a-la-campana-tu-salud-es-lo-primero\/#primaryimage"},"thumbnailUrl":"https:\/\/gabitel.net\/wp-content\/uploads\/2022\/03\/iStock-543061382-mod-1024x640-1.jpg","articleSection":["Off-topic"],"inLanguage":"en-US"},{"@type":"WebPage","@id":"https:\/\/gabitel.net\/en\/gabitel-se-une-a-la-campana-tu-salud-es-lo-primero\/","url":"https:\/\/gabitel.net\/en\/gabitel-se-une-a-la-campana-tu-salud-es-lo-primero\/","name":"Gabitel se une a la Campa\u00f1a \u201cTu Salud es lo primero\u201d - Gabitel","isPartOf":{"@id":"https:\/\/gabitel.net\/en\/#website"},"primaryImageOfPage":{"@id":"https:\/\/gabitel.net\/en\/gabitel-se-une-a-la-campana-tu-salud-es-lo-primero\/#primaryimage"},"image":{"@id":"https:\/\/gabitel.net\/en\/gabitel-se-une-a-la-campana-tu-salud-es-lo-primero\/#primaryimage"},"thumbnailUrl":"https:\/\/gabitel.net\/wp-content\/uploads\/2022\/03\/iStock-543061382-mod-1024x640-1.jpg","datePublished":"2022-03-04T08:21:58+00:00","breadcrumb":{"@id":"https:\/\/gabitel.net\/en\/gabitel-se-une-a-la-campana-tu-salud-es-lo-primero\/#breadcrumb"},"inLanguage":"en-US","potentialAction":[{"@type":"ReadAction","target":["https:\/\/gabitel.net\/en\/gabitel-se-une-a-la-campana-tu-salud-es-lo-primero\/"]}]},{"@type":"ImageObject","inLanguage":"en-US","@id":"https:\/\/gabitel.net\/en\/gabitel-se-une-a-la-campana-tu-salud-es-lo-primero\/#primaryimage","url":"https:\/\/gabitel.net\/wp-content\/uploads\/2022\/03\/iStock-543061382-mod-1024x640-1.jpg","contentUrl":"https:\/\/gabitel.net\/wp-content\/uploads\/2022\/03\/iStock-543061382-mod-1024x640-1.jpg","width":1024,"height":640,"caption":"tu-salud-primero"},{"@type":"BreadcrumbList","@id":"https:\/\/gabitel.net\/en\/gabitel-se-une-a-la-campana-tu-salud-es-lo-primero\/#breadcrumb","itemListElement":[{"@type":"ListItem","position":1,"name":"Portada","item":"https:\/\/gabitel.net\/en\/"},{"@type":"ListItem","position":2,"name":"Gabitel se une a la Campa\u00f1a \u201cTu Salud es lo primero\u201d"}]},{"@type":"WebSite","@id":"https:\/\/gabitel.net\/en\/#website","url":"https:\/\/gabitel.net\/en\/","name":"Gabitel","description":"","publisher":{"@id":"https:\/\/gabitel.net\/en\/#organization"},"potentialAction":[{"@type":"SearchAction","target":{"@type":"EntryPoint","urlTemplate":"https:\/\/gabitel.net\/en\/?s={search_term_string}"},"query-input":{"@type":"PropertyValueSpecification","valueRequired":true,"valueName":"search_term_string"}}],"inLanguage":"en-US"},{"@type":"Organization","@id":"https:\/\/gabitel.net\/en\/#organization","name":"Gabitel","url":"https:\/\/gabitel.net\/en\/","logo":{"@type":"ImageObject","inLanguage":"en-US","@id":"https:\/\/gabitel.net\/en\/#\/schema\/logo\/image\/","url":"https:\/\/gabitel.net\/wp-content\/uploads\/2025\/05\/logo_gabitel.jpg","contentUrl":"https:\/\/gabitel.net\/wp-content\/uploads\/2025\/05\/logo_gabitel.jpg","width":2560,"height":1330,"caption":"Gabitel"},"image":{"@id":"https:\/\/gabitel.net\/en\/#\/schema\/logo\/image\/"},"sameAs":["https:\/\/www.facebook.com\/gabitelingenieros\/","https:\/\/es.linkedin.com\/company\/gabitel-ingenieros"]},{"@type":"Person","@id":"https:\/\/gabitel.net\/en\/#\/schema\/person\/37ba53714c3fedb9c7d22f4bc781465c","name":"user.autor","url":"https:\/\/gabitel.net\/en\/author\/user-autor\/"}]}},"_links":{"self":[{"href":"https:\/\/gabitel.net\/en\/wp-json\/wp\/v2\/posts\/32926","targetHints":{"allow":["GET"]}}],"collection":[{"href":"https:\/\/gabitel.net\/en\/wp-json\/wp\/v2\/posts"}],"about":[{"href":"https:\/\/gabitel.net\/en\/wp-json\/wp\/v2\/types\/post"}],"author":[{"embeddable":true,"href":"https:\/\/gabitel.net\/en\/wp-json\/wp\/v2\/users\/3"}],"replies":[{"embeddable":true,"href":"https:\/\/gabitel.net\/en\/wp-json\/wp\/v2\/comments?post=32926"}],"version-history":[{"count":0,"href":"https:\/\/gabitel.net\/en\/wp-json\/wp\/v2\/posts\/32926\/revisions"}],"wp:featuredmedia":[{"embeddable":true,"href":"https:\/\/gabitel.net\/en\/wp-json\/wp\/v2\/media\/34407"}],"wp:attachment":[{"href":"https:\/\/gabitel.net\/en\/wp-json\/wp\/v2\/media?parent=32926"}],"wp:term":[{"taxonomy":"category","embeddable":true,"href":"https:\/\/gabitel.net\/en\/wp-json\/wp\/v2\/categories?post=32926"},{"taxonomy":"post_tag","embeddable":true,"href":"https:\/\/gabitel.net\/en\/wp-json\/wp\/v2\/tags?post=32926"}],"curies":[{"name":"wp","href":"https:\/\/api.w.org\/{rel}","templated":true}]}}