{"id":32928,"date":"2022-03-03T08:59:44","date_gmt":"2022-03-03T07:59:44","guid":{"rendered":"https:\/\/gabitel.net\/nuestro-equipo-entrevista-a-michely-martinez\/"},"modified":"2022-03-03T08:59:44","modified_gmt":"2022-03-03T07:59:44","slug":"nuestro-equipo-entrevista-a-michely-martinez","status":"publish","type":"post","link":"https:\/\/gabitel.net\/en\/nuestro-equipo-entrevista-a-michely-martinez\/","title":{"rendered":"Nuestro equipo. Entrevista a Michely Martinez"},"content":{"rendered":"<ul>\n<li><strong>Nos podr\u00edas contar c\u00f3mo conociste Gabitel y tu inicio en la empresa?<\/strong><\/li>\n<\/ul>\n<p>&nbsp;<\/p>\n<p>Conoc\u00ed la empresa realizando el M\u00e1ster de Tecnolog\u00eda Ambiental en una Jornada de acercamiento con empresas para realizar las pr\u00e1cticas curriculares e inicie trabajando en el departamento de Tramitaciones y medio Ambiente para Endesa.<\/p>\n<p>&nbsp;<\/p>\n<p>&nbsp;<\/p>\n<ul>\n<li><strong>Actualmente, \u00bfqu\u00e9 tipo de trabajo desarrollar en el Departamento de Agroalimentaria?<\/strong><\/li>\n<\/ul>\n<p>&nbsp;<\/p>\n<p>Continuo realizando documentos ambientales para los diferentes tr\u00e1mites del departamento, bien sean Estudios de Impacto ambiental, cambio de uso de suelo, legalizaciones, planes de transformaci\u00f3n entre otros.<\/p>\n<p>&nbsp;<\/p>\n<p>&nbsp;<\/p>\n<ul>\n<li><strong>De todo este tiempo en Gabitel a nivel profesional, \u00bfqu\u00e9 ha sido lo m\u00e1s significativo para ti?<\/strong><\/li>\n<\/ul>\n<p>&nbsp;<\/p>\n<p>Haber aprendido sobre tramitaci\u00f3n y legislaci\u00f3n ambiental y ordinaria en los departamentos en los que he trabajado, cada uno aplica legislaci\u00f3n ambiental espec\u00edfica.<\/p>\n<p>&nbsp;<\/p>\n<p>&nbsp;<\/p>\n<ul>\n<li><strong>Para los que no te conozcan, tu eres de Colombia, \u00bfnos podr\u00edas contar qu\u00e9 destacar\u00edas de tu Tierra y recomendar cosas de all\u00e1, igual alg\u00fan compa\u00f1er@ pueda plantearse visitarla?<\/strong><\/li>\n<\/ul>\n<p>&nbsp;<\/p>\n<p>Los que m\u00e1s destaco de mi pa\u00eds son los paisajes y el clima, tiene muchos lugares para conocer, de playa, monta\u00f1a, r\u00edos, aguas termales y valles espectaculares, yo recomiendo visitar Santa Rosa de Cabal, en el coraz\u00f3n del eje cafetero y de paso impregnarse de la cultura cafetera as\u00ed como de la gastronom\u00eda, las arepas es sin duda nuestra carta de presentaci\u00f3n.<\/p>\n<p>&nbsp;<\/p>\n<p>&nbsp;<\/p>\n<ul>\n<li><strong>A nivel personal, tu historia en Gabitel ha sido cuanto menos especial, conociste a tu pareja aqu\u00ed y a d\u00eda de hoy, hab\u00e9is formado una bonita familia con la llegada de Adam \u00bfpodr\u00edas compartir con nosotros algunos de los momentos m\u00e1s especiales o an\u00e9cdota de esta historia &#x1f60a;?<\/strong><\/li>\n<\/ul>\n<p>&nbsp;<\/p>\n<p>Una an\u00e9cdota muy graciosa para mi fue ya cuando era evidente que est\u00e1bamos saliendo, llegamos un d\u00eda a trabajar juntos y un compa\u00f1ero nuestro comenta reci\u00e9n entramos \u201cMira ya llegan los Erasmus\u201d y toda la sala se descojona en risas, pues como sab\u00e9is ninguno es nacional, y bueno ya hab\u00edan muchos rumores, porque si algo tiene Gabitel es que es un nido de amor\u2026 jejejeje<\/p>\n<p>&nbsp;<\/p>\n<p>&nbsp;<\/p>\n<ul>\n<li><strong>Esta pregunta te la env\u00eda Rafael, nuestro compa\u00f1ero que en el mes de Febrero realiz\u00f3 la entrevista:<\/strong>\u00a0Pues aprovechando que \u00faltimamente no encuentro nada que merezca la pena ver, \u00bfqu\u00e9 series o pel\u00edculas recomendar\u00edas para ver?<\/li>\n<\/ul>\n<p>&nbsp;<\/p>\n<p>Aprovechando las circunstancias tan desfavorables para Ucrania y contribuir a la informaci\u00f3n veras sobre el conflicto Ucraniano le recomiendo el documental \u201cWINTER ON FIRE: Ukraine&#8217;s Fight For Freedom\u201d.<\/p>\n<p>&nbsp;<\/p>\n<p>&nbsp;<\/p>\n<ul>\n<li><strong>Env\u00edale una pregunta al pr\u00f3ximo compa\u00f1ero que ser\u00e1 entrevistado.<\/strong><\/li>\n<\/ul>\n<p>&nbsp;<\/p>\n<p>Una pregunta que he realizado y no he obtenido respuesta de parte de muchos \u00bfCu\u00e1les son tus sue\u00f1os y metas m\u00e1s importantes?.<\/p>\n<p>&nbsp;<\/p>\n<p>&nbsp;<\/p>\n<p><strong>Muchas gracias por la entrevista, la foto es en Cartagena, Colombia, durante nuestras vacaciones de fin de a\u00f1o <\/strong><strong>&#x1f60a;<\/strong><\/p>\n<p><!--  --><\/p>\n","protected":false},"excerpt":{"rendered":"<p>Nos podr\u00edas contar c\u00f3mo conociste Gabitel y tu inicio en la empresa? &nbsp; Conoc\u00ed la empresa realizando el M\u00e1ster de Tecnolog\u00eda Ambiental en una Jornada de acercamiento con empresas para realizar las pr\u00e1cticas curriculares e inicie trabajando en el departamento de Tramitaciones y medio Ambiente para Endesa. &nbsp; &nbsp; Actualmente, \u00bfqu\u00e9 tipo de trabajo desarrollar [&hellip;]<\/p>\n","protected":false},"author":3,"featured_media":34403,"comment_status":"closed","ping_status":"closed","sticky":false,"template":"","format":"standard","meta":{"content-type":"","footnotes":""},"categories":[601],"tags":[],"class_list":["post-32928","post","type-post","status-publish","format-standard","has-post-thumbnail","hentry","category-off-topic-en"],"yoast_head":"<!-- This site is optimized with the Yoast SEO plugin v27.5 - https:\/\/yoast.com\/product\/yoast-seo-wordpress\/ -->\n<title>Nuestro equipo. Entrevista a Michely Martinez - Gabitel<\/title>\n<meta name=\"robots\" content=\"index, follow, max-snippet:-1, max-image-preview:large, max-video-preview:-1\" \/>\n<link rel=\"canonical\" href=\"https:\/\/gabitel.net\/en\/nuestro-equipo-entrevista-a-michely-martinez\/\" \/>\n<meta property=\"og:locale\" content=\"en_US\" \/>\n<meta property=\"og:type\" content=\"article\" \/>\n<meta property=\"og:title\" content=\"Nuestro equipo. Entrevista a Michely Martinez - Gabitel\" \/>\n<meta property=\"og:description\" content=\"Nos podr\u00edas contar c\u00f3mo conociste Gabitel y tu inicio en la empresa? &nbsp; Conoc\u00ed la empresa realizando el M\u00e1ster de Tecnolog\u00eda Ambiental en una Jornada de acercamiento con empresas para realizar las pr\u00e1cticas curriculares e inicie trabajando en el departamento de Tramitaciones y medio Ambiente para Endesa. &nbsp; &nbsp; Actualmente, \u00bfqu\u00e9 tipo de trabajo desarrollar [&hellip;]\" \/>\n<meta property=\"og:url\" content=\"https:\/\/gabitel.net\/en\/nuestro-equipo-entrevista-a-michely-martinez\/\" \/>\n<meta property=\"og:site_name\" content=\"Gabitel\" \/>\n<meta property=\"article:publisher\" content=\"https:\/\/www.facebook.com\/gabitelingenieros\/\" \/>\n<meta property=\"article:published_time\" content=\"2022-03-03T07:59:44+00:00\" \/>\n<meta name=\"author\" content=\"user.autor\" \/>\n<meta name=\"twitter:card\" content=\"summary_large_image\" \/>\n<meta name=\"twitter:label1\" content=\"Written by\" \/>\n\t<meta name=\"twitter:data1\" content=\"user.autor\" \/>\n\t<meta name=\"twitter:label2\" content=\"Est. reading time\" \/>\n\t<meta name=\"twitter:data2\" content=\"3 minutes\" \/>\n<script type=\"application\/ld+json\" class=\"yoast-schema-graph\">{\"@context\":\"https:\\\/\\\/schema.org\",\"@graph\":[{\"@type\":[\"Article\",\"BlogPosting\"],\"@id\":\"https:\\\/\\\/gabitel.net\\\/en\\\/nuestro-equipo-entrevista-a-michely-martinez\\\/#article\",\"isPartOf\":{\"@id\":\"https:\\\/\\\/gabitel.net\\\/en\\\/nuestro-equipo-entrevista-a-michely-martinez\\\/\"},\"author\":{\"name\":\"user.autor\",\"@id\":\"https:\\\/\\\/gabitel.net\\\/en\\\/#\\\/schema\\\/person\\\/37ba53714c3fedb9c7d22f4bc781465c\"},\"headline\":\"Nuestro equipo. Entrevista a Michely Martinez\",\"datePublished\":\"2022-03-03T07:59:44+00:00\",\"mainEntityOfPage\":{\"@id\":\"https:\\\/\\\/gabitel.net\\\/en\\\/nuestro-equipo-entrevista-a-michely-martinez\\\/\"},\"wordCount\":521,\"publisher\":{\"@id\":\"https:\\\/\\\/gabitel.net\\\/en\\\/#organization\"},\"image\":{\"@id\":\"https:\\\/\\\/gabitel.net\\\/en\\\/nuestro-equipo-entrevista-a-michely-martinez\\\/#primaryimage\"},\"thumbnailUrl\":\"https:\\\/\\\/gabitel.net\\\/wp-content\\\/uploads\\\/2022\\\/03\\\/Cartagena1-min-scaled-1.jpg\",\"articleSection\":[\"Off-topic\"],\"inLanguage\":\"en-US\"},{\"@type\":\"WebPage\",\"@id\":\"https:\\\/\\\/gabitel.net\\\/en\\\/nuestro-equipo-entrevista-a-michely-martinez\\\/\",\"url\":\"https:\\\/\\\/gabitel.net\\\/en\\\/nuestro-equipo-entrevista-a-michely-martinez\\\/\",\"name\":\"Nuestro equipo. Entrevista a Michely Martinez - Gabitel\",\"isPartOf\":{\"@id\":\"https:\\\/\\\/gabitel.net\\\/en\\\/#website\"},\"primaryImageOfPage\":{\"@id\":\"https:\\\/\\\/gabitel.net\\\/en\\\/nuestro-equipo-entrevista-a-michely-martinez\\\/#primaryimage\"},\"image\":{\"@id\":\"https:\\\/\\\/gabitel.net\\\/en\\\/nuestro-equipo-entrevista-a-michely-martinez\\\/#primaryimage\"},\"thumbnailUrl\":\"https:\\\/\\\/gabitel.net\\\/wp-content\\\/uploads\\\/2022\\\/03\\\/Cartagena1-min-scaled-1.jpg\",\"datePublished\":\"2022-03-03T07:59:44+00:00\",\"breadcrumb\":{\"@id\":\"https:\\\/\\\/gabitel.net\\\/en\\\/nuestro-equipo-entrevista-a-michely-martinez\\\/#breadcrumb\"},\"inLanguage\":\"en-US\",\"potentialAction\":[{\"@type\":\"ReadAction\",\"target\":[\"https:\\\/\\\/gabitel.net\\\/en\\\/nuestro-equipo-entrevista-a-michely-martinez\\\/\"]}]},{\"@type\":\"ImageObject\",\"inLanguage\":\"en-US\",\"@id\":\"https:\\\/\\\/gabitel.net\\\/en\\\/nuestro-equipo-entrevista-a-michely-martinez\\\/#primaryimage\",\"url\":\"https:\\\/\\\/gabitel.net\\\/wp-content\\\/uploads\\\/2022\\\/03\\\/Cartagena1-min-scaled-1.jpg\",\"contentUrl\":\"https:\\\/\\\/gabitel.net\\\/wp-content\\\/uploads\\\/2022\\\/03\\\/Cartagena1-min-scaled-1.jpg\",\"width\":2310,\"height\":2560,\"caption\":\"entrevista-michely\"},{\"@type\":\"BreadcrumbList\",\"@id\":\"https:\\\/\\\/gabitel.net\\\/en\\\/nuestro-equipo-entrevista-a-michely-martinez\\\/#breadcrumb\",\"itemListElement\":[{\"@type\":\"ListItem\",\"position\":1,\"name\":\"Portada\",\"item\":\"https:\\\/\\\/gabitel.net\\\/en\\\/\"},{\"@type\":\"ListItem\",\"position\":2,\"name\":\"Nuestro equipo. Entrevista a Michely Martinez\"}]},{\"@type\":\"WebSite\",\"@id\":\"https:\\\/\\\/gabitel.net\\\/en\\\/#website\",\"url\":\"https:\\\/\\\/gabitel.net\\\/en\\\/\",\"name\":\"Gabitel\",\"description\":\"\",\"publisher\":{\"@id\":\"https:\\\/\\\/gabitel.net\\\/en\\\/#organization\"},\"potentialAction\":[{\"@type\":\"SearchAction\",\"target\":{\"@type\":\"EntryPoint\",\"urlTemplate\":\"https:\\\/\\\/gabitel.net\\\/en\\\/?s={search_term_string}\"},\"query-input\":{\"@type\":\"PropertyValueSpecification\",\"valueRequired\":true,\"valueName\":\"search_term_string\"}}],\"inLanguage\":\"en-US\"},{\"@type\":\"Organization\",\"@id\":\"https:\\\/\\\/gabitel.net\\\/en\\\/#organization\",\"name\":\"Gabitel\",\"url\":\"https:\\\/\\\/gabitel.net\\\/en\\\/\",\"logo\":{\"@type\":\"ImageObject\",\"inLanguage\":\"en-US\",\"@id\":\"https:\\\/\\\/gabitel.net\\\/en\\\/#\\\/schema\\\/logo\\\/image\\\/\",\"url\":\"https:\\\/\\\/gabitel.net\\\/wp-content\\\/uploads\\\/2025\\\/05\\\/logo_gabitel.jpg\",\"contentUrl\":\"https:\\\/\\\/gabitel.net\\\/wp-content\\\/uploads\\\/2025\\\/05\\\/logo_gabitel.jpg\",\"width\":2560,\"height\":1330,\"caption\":\"Gabitel\"},\"image\":{\"@id\":\"https:\\\/\\\/gabitel.net\\\/en\\\/#\\\/schema\\\/logo\\\/image\\\/\"},\"sameAs\":[\"https:\\\/\\\/www.facebook.com\\\/gabitelingenieros\\\/\",\"https:\\\/\\\/es.linkedin.com\\\/company\\\/gabitel-ingenieros\"]},{\"@type\":\"Person\",\"@id\":\"https:\\\/\\\/gabitel.net\\\/en\\\/#\\\/schema\\\/person\\\/37ba53714c3fedb9c7d22f4bc781465c\",\"name\":\"user.autor\",\"url\":\"https:\\\/\\\/gabitel.net\\\/en\\\/author\\\/user-autor\\\/\"}]}<\/script>\n<!-- \/ Yoast SEO plugin. -->","yoast_head_json":{"title":"Nuestro equipo. Entrevista a Michely Martinez - Gabitel","robots":{"index":"index","follow":"follow","max-snippet":"max-snippet:-1","max-image-preview":"max-image-preview:large","max-video-preview":"max-video-preview:-1"},"canonical":"https:\/\/gabitel.net\/en\/nuestro-equipo-entrevista-a-michely-martinez\/","og_locale":"en_US","og_type":"article","og_title":"Nuestro equipo. Entrevista a Michely Martinez - Gabitel","og_description":"Nos podr\u00edas contar c\u00f3mo conociste Gabitel y tu inicio en la empresa? &nbsp; Conoc\u00ed la empresa realizando el M\u00e1ster de Tecnolog\u00eda Ambiental en una Jornada de acercamiento con empresas para realizar las pr\u00e1cticas curriculares e inicie trabajando en el departamento de Tramitaciones y medio Ambiente para Endesa. &nbsp; &nbsp; Actualmente, \u00bfqu\u00e9 tipo de trabajo desarrollar [&hellip;]","og_url":"https:\/\/gabitel.net\/en\/nuestro-equipo-entrevista-a-michely-martinez\/","og_site_name":"Gabitel","article_publisher":"https:\/\/www.facebook.com\/gabitelingenieros\/","article_published_time":"2022-03-03T07:59:44+00:00","author":"user.autor","twitter_card":"summary_large_image","twitter_misc":{"Written by":"user.autor","Est. reading time":"3 minutes"},"schema":{"@context":"https:\/\/schema.org","@graph":[{"@type":["Article","BlogPosting"],"@id":"https:\/\/gabitel.net\/en\/nuestro-equipo-entrevista-a-michely-martinez\/#article","isPartOf":{"@id":"https:\/\/gabitel.net\/en\/nuestro-equipo-entrevista-a-michely-martinez\/"},"author":{"name":"user.autor","@id":"https:\/\/gabitel.net\/en\/#\/schema\/person\/37ba53714c3fedb9c7d22f4bc781465c"},"headline":"Nuestro equipo. Entrevista a Michely Martinez","datePublished":"2022-03-03T07:59:44+00:00","mainEntityOfPage":{"@id":"https:\/\/gabitel.net\/en\/nuestro-equipo-entrevista-a-michely-martinez\/"},"wordCount":521,"publisher":{"@id":"https:\/\/gabitel.net\/en\/#organization"},"image":{"@id":"https:\/\/gabitel.net\/en\/nuestro-equipo-entrevista-a-michely-martinez\/#primaryimage"},"thumbnailUrl":"https:\/\/gabitel.net\/wp-content\/uploads\/2022\/03\/Cartagena1-min-scaled-1.jpg","articleSection":["Off-topic"],"inLanguage":"en-US"},{"@type":"WebPage","@id":"https:\/\/gabitel.net\/en\/nuestro-equipo-entrevista-a-michely-martinez\/","url":"https:\/\/gabitel.net\/en\/nuestro-equipo-entrevista-a-michely-martinez\/","name":"Nuestro equipo. Entrevista a Michely Martinez - Gabitel","isPartOf":{"@id":"https:\/\/gabitel.net\/en\/#website"},"primaryImageOfPage":{"@id":"https:\/\/gabitel.net\/en\/nuestro-equipo-entrevista-a-michely-martinez\/#primaryimage"},"image":{"@id":"https:\/\/gabitel.net\/en\/nuestro-equipo-entrevista-a-michely-martinez\/#primaryimage"},"thumbnailUrl":"https:\/\/gabitel.net\/wp-content\/uploads\/2022\/03\/Cartagena1-min-scaled-1.jpg","datePublished":"2022-03-03T07:59:44+00:00","breadcrumb":{"@id":"https:\/\/gabitel.net\/en\/nuestro-equipo-entrevista-a-michely-martinez\/#breadcrumb"},"inLanguage":"en-US","potentialAction":[{"@type":"ReadAction","target":["https:\/\/gabitel.net\/en\/nuestro-equipo-entrevista-a-michely-martinez\/"]}]},{"@type":"ImageObject","inLanguage":"en-US","@id":"https:\/\/gabitel.net\/en\/nuestro-equipo-entrevista-a-michely-martinez\/#primaryimage","url":"https:\/\/gabitel.net\/wp-content\/uploads\/2022\/03\/Cartagena1-min-scaled-1.jpg","contentUrl":"https:\/\/gabitel.net\/wp-content\/uploads\/2022\/03\/Cartagena1-min-scaled-1.jpg","width":2310,"height":2560,"caption":"entrevista-michely"},{"@type":"BreadcrumbList","@id":"https:\/\/gabitel.net\/en\/nuestro-equipo-entrevista-a-michely-martinez\/#breadcrumb","itemListElement":[{"@type":"ListItem","position":1,"name":"Portada","item":"https:\/\/gabitel.net\/en\/"},{"@type":"ListItem","position":2,"name":"Nuestro equipo. Entrevista a Michely Martinez"}]},{"@type":"WebSite","@id":"https:\/\/gabitel.net\/en\/#website","url":"https:\/\/gabitel.net\/en\/","name":"Gabitel","description":"","publisher":{"@id":"https:\/\/gabitel.net\/en\/#organization"},"potentialAction":[{"@type":"SearchAction","target":{"@type":"EntryPoint","urlTemplate":"https:\/\/gabitel.net\/en\/?s={search_term_string}"},"query-input":{"@type":"PropertyValueSpecification","valueRequired":true,"valueName":"search_term_string"}}],"inLanguage":"en-US"},{"@type":"Organization","@id":"https:\/\/gabitel.net\/en\/#organization","name":"Gabitel","url":"https:\/\/gabitel.net\/en\/","logo":{"@type":"ImageObject","inLanguage":"en-US","@id":"https:\/\/gabitel.net\/en\/#\/schema\/logo\/image\/","url":"https:\/\/gabitel.net\/wp-content\/uploads\/2025\/05\/logo_gabitel.jpg","contentUrl":"https:\/\/gabitel.net\/wp-content\/uploads\/2025\/05\/logo_gabitel.jpg","width":2560,"height":1330,"caption":"Gabitel"},"image":{"@id":"https:\/\/gabitel.net\/en\/#\/schema\/logo\/image\/"},"sameAs":["https:\/\/www.facebook.com\/gabitelingenieros\/","https:\/\/es.linkedin.com\/company\/gabitel-ingenieros"]},{"@type":"Person","@id":"https:\/\/gabitel.net\/en\/#\/schema\/person\/37ba53714c3fedb9c7d22f4bc781465c","name":"user.autor","url":"https:\/\/gabitel.net\/en\/author\/user-autor\/"}]}},"_links":{"self":[{"href":"https:\/\/gabitel.net\/en\/wp-json\/wp\/v2\/posts\/32928","targetHints":{"allow":["GET"]}}],"collection":[{"href":"https:\/\/gabitel.net\/en\/wp-json\/wp\/v2\/posts"}],"about":[{"href":"https:\/\/gabitel.net\/en\/wp-json\/wp\/v2\/types\/post"}],"author":[{"embeddable":true,"href":"https:\/\/gabitel.net\/en\/wp-json\/wp\/v2\/users\/3"}],"replies":[{"embeddable":true,"href":"https:\/\/gabitel.net\/en\/wp-json\/wp\/v2\/comments?post=32928"}],"version-history":[{"count":0,"href":"https:\/\/gabitel.net\/en\/wp-json\/wp\/v2\/posts\/32928\/revisions"}],"wp:featuredmedia":[{"embeddable":true,"href":"https:\/\/gabitel.net\/en\/wp-json\/wp\/v2\/media\/34403"}],"wp:attachment":[{"href":"https:\/\/gabitel.net\/en\/wp-json\/wp\/v2\/media?parent=32928"}],"wp:term":[{"taxonomy":"category","embeddable":true,"href":"https:\/\/gabitel.net\/en\/wp-json\/wp\/v2\/categories?post=32928"},{"taxonomy":"post_tag","embeddable":true,"href":"https:\/\/gabitel.net\/en\/wp-json\/wp\/v2\/tags?post=32928"}],"curies":[{"name":"wp","href":"https:\/\/api.w.org\/{rel}","templated":true}]}}