{"id":32938,"date":"2022-02-08T10:57:07","date_gmt":"2022-02-08T09:57:07","guid":{"rendered":"https:\/\/gabitel.net\/nuestro-equipo-entrevista-a-rafael-roman\/"},"modified":"2022-02-08T10:57:07","modified_gmt":"2022-02-08T09:57:07","slug":"nuestro-equipo-entrevista-a-rafael-roman","status":"publish","type":"post","link":"https:\/\/gabitel.net\/en\/nuestro-equipo-entrevista-a-rafael-roman\/","title":{"rendered":"Nuestro equipo. Entrevista a Rafael Rom\u00e1n"},"content":{"rendered":"<ul>\n<li style=\"text-align: justify;\"><strong><em>Se puede decir, que tu trayectoria en Gabitel empez\u00f3 en el a\u00f1o 2016, \u00bfnos podr\u00edas contar c\u00f3mo fueron esos inicios? <\/em><\/strong><\/li>\n<\/ul>\n<p style=\"text-align: justify;\">Pues me enter\u00e9 a trav\u00e9s de una ya excompa\u00f1era de una oferta de trabajo \u00a0que ofrec\u00eda Gabitel para hacer replanteos en el antiguo proyecto de Orange me incorpor\u00e9 a la empresa y estuve replanteando varios meses \u00a0en diferentes partes de Espa\u00f1a. Poco a poco empec\u00e9 a aprender c\u00f3mo funcionaba \u00e9ste sector y gracias a los muy buenos compa\u00f1eros y compa\u00f1eras que he tenido la suerte de tener a mi lado durante estos a\u00f1os he podido aprender sobre dise\u00f1o y crecer profesionalmente en el sector.<\/p>\n<p style=\"text-align: justify;\">\n<p>&nbsp;<\/p>\n<ul style=\"text-align: justify;\">\n<li><strong>Has tenido la oportunidad de sumergirte de lleno en uno de los proyectos que ha supuesto un antes y un despu\u00e9s, en la trayectoria de Gabitel, afianzando la empresa en el mercado Internacional, que ha sido el proyecto de <\/strong><strong>Cityfibre. \u00bfQu\u00e9 te motivo a tomar la decisi\u00f3n de marcharte a Reino Unido?<\/strong><\/li>\n<\/ul>\n<p style=\"text-align: justify;\">Es una experiencia que siempre he querido vivir. Despu\u00e9s de saber qu\u00e9 hac\u00eda falta gente para el equipo de Survey me pareci\u00f3 una gran oportunidad para crecer en todos los \u00e1mbitos. Lo pens\u00e9 un poco y le comuniqu\u00e9 a Fran Hueso que me apuntaba a la aventura, y despu\u00e9s de casi un a\u00f1o y medio aqu\u00ed puedo decir que me alegro mucho de haber tomado esa decisi\u00f3n.<\/p>\n<p>&nbsp;<\/p>\n<p style=\"text-align: justify;\"><strong><em>\u00a0<\/em><\/strong><\/p>\n<ul style=\"text-align: justify;\">\n<li><strong><em>\u00bfNos podr\u00edas explicar en qu\u00e9 consiste el trabajo que hac\u00e9is los compa\u00f1eros de Survey en Reino Unido? <\/em><\/strong><\/li>\n<\/ul>\n<p style=\"text-align: justify;\">Nuestro trabajo consiste en validar en campo los dise\u00f1os que los compa\u00f1eros y compa\u00f1eras realizan en las oficinas de Gabitel. Tenemos que visitar en persona la zona que ha sido dise\u00f1ada y comprobar que el dise\u00f1o sea viable tal y como se ha dise\u00f1ado, De no ser as\u00ed, tenemos que encontrar la soluci\u00f3n a los diferentes problemas que aparezcan en el dise\u00f1o.<\/p>\n<p style=\"text-align: justify;\">\n<p>&nbsp;<\/p>\n<ul style=\"text-align: justify;\">\n<li><strong>En las pr\u00f3ximas semanas te regresas a Espa\u00f1a, sabemos que el motivo es de fuerza mayor, cuando uno se hace pap\u00e1 todo tu mundo cambia y no se puede estar tan lejos. De todo este tiempo all\u00ed, que es lo que te llevas, no solo a nivel profesional sino tambi\u00e9n en lo personal<\/strong>.<\/li>\n<\/ul>\n<p style=\"text-align: justify;\">Me llevo much\u00edsimas cosas positivas de aqu\u00ed conmigo. En lo profesional creo que ser\u00e1 de gran ayuda la experiencia que he cogido en campo para poder seguir ayudando en el proyecto desde la oficina. Adem\u00e1s ha sido una agradable sorpresa para mi ver como he podido desenvolverme con el idioma, que llevaba mucho tiempo sin practicarlo.<\/p>\n<p style=\"text-align: justify;\">En lo personal me llevo buen\u00edsimas experiencias, he podido conocer y visitar bastantes ciudades y zonas de UK descubriendo las diferencias entre ellas, y llev\u00e1ndome a Glasgow en mi coraz\u00f3n, sus calles y su gente se lo han ganado!<\/p>\n<p style=\"text-align: justify;\">Aunque sin duda lo que m\u00e1s aprecio de \u00e9sta experiencia es haber encontrado una gran amistad con mis compa\u00f1eros con los que hemos convivido como si fu\u00e9semos una gran familia. Un gran abrazo para todos y gracias por \u00e9ste tiempo!<\/p>\n<p style=\"text-align: justify;\">\n<p>&nbsp;<\/p>\n<ul style=\"text-align: justify;\">\n<li><strong>Y, \u00bfnos podr\u00edas contar alguna de las an\u00e9cdotas m\u00e1s graciosas que te han ocurrido por UK, de esas que no olvidar\u00e1s nunca?<\/strong><\/li>\n<\/ul>\n<p style=\"text-align: justify;\">Pues me han ocurrido bastantes cosas en este tiempo. Desde que los vecinos quieran llamar a la polic\u00eda porque te ven echando fotos cerca de su casa, o por el contrario, se pongan a hablar contigo y te regalen una camiseta de futbol!<\/p>\n<p style=\"text-align: justify;\">Aunque sin duda nunca olvidar\u00e9 el d\u00eda que mi m\u00f3vil (con m\u00e1s 300 fotos por subir al servidor) cay\u00f3 accidentalmente en una arqueta hasta arriba de agua. Mi cara era un poema y despu\u00e9s de 30 minutos buscando a mi compa\u00f1ero porque no ten\u00eda como llamarlo, lo encontr\u00e9, volvimos a la arqueta y me \u201cpegu\u00e9 un ba\u00f1o\u201d hasta que lo encontr\u00e9! Despu\u00e9s de unas horas con el tel\u00e9fono en arroz pude recuperar el trabajo de 2 d\u00edas. En el momento no fue nada gracioso pero cada vez que lo recuerdo me harto de re\u00edr, y estoy seguro de que mi compa\u00f1ero Nico que es el que estaba all\u00ed tambi\u00e9n se reir\u00e1 cuando lo recuerde!<\/p>\n<p style=\"text-align: justify;\">\n<p>&nbsp;<\/p>\n<ul style=\"text-align: justify;\">\n<li><strong>Esta pregunta te la env\u00eda Candela, nuestra compa\u00f1era que en el mes de Enero realiz\u00f3 la entrevista:\u00a0\u00a0\u00a0 <\/strong><strong>\u00bfCu\u00e1les son tus aspiraciones de crecimiento profesional en Gabitel?<\/strong><\/li>\n<\/ul>\n<p style=\"text-align: justify;\">Me gustar\u00eda seguir creciendo profesionalmente, y si la empresa lo permite y conf\u00eda en mi alg\u00fan d\u00eda me gustar\u00eda poder tener un puesto con m\u00e1s responsabilidad<\/p>\n<p style=\"text-align: justify;\">\n<p>&nbsp;<\/p>\n<ul style=\"text-align: justify;\">\n<li><strong>Env\u00edale una pregunta al pr\u00f3ximo compa\u00f1ero que ser\u00e1 entrevistado.<\/strong><\/li>\n<\/ul>\n<p style=\"text-align: justify;\">Pues aprovechando que \u00faltimamente no encuentro nada que merezca la pena ver, \u00bfqu\u00e9 series o pel\u00edculas recomendar\u00edas para ver?<\/p>\n","protected":false},"excerpt":{"rendered":"<p>Se puede decir, que tu trayectoria en Gabitel empez\u00f3 en el a\u00f1o 2016, \u00bfnos podr\u00edas contar c\u00f3mo fueron esos inicios? Pues me enter\u00e9 a trav\u00e9s de una ya excompa\u00f1era de una oferta de trabajo \u00a0que ofrec\u00eda Gabitel para hacer replanteos en el antiguo proyecto de Orange me incorpor\u00e9 a la empresa y estuve replanteando varios [&hellip;]<\/p>\n","protected":false},"author":3,"featured_media":34367,"comment_status":"closed","ping_status":"closed","sticky":false,"template":"","format":"standard","meta":{"content-type":"","footnotes":""},"categories":[601],"tags":[],"class_list":["post-32938","post","type-post","status-publish","format-standard","has-post-thumbnail","hentry","category-off-topic-en"],"yoast_head":"<!-- This site is optimized with the Yoast SEO plugin v27.5 - https:\/\/yoast.com\/product\/yoast-seo-wordpress\/ -->\n<title>Nuestro equipo. Entrevista a Rafael Rom\u00e1n - Gabitel<\/title>\n<meta name=\"robots\" content=\"index, follow, max-snippet:-1, max-image-preview:large, max-video-preview:-1\" \/>\n<link rel=\"canonical\" href=\"https:\/\/gabitel.net\/en\/nuestro-equipo-entrevista-a-rafael-roman\/\" \/>\n<meta property=\"og:locale\" content=\"en_US\" \/>\n<meta property=\"og:type\" content=\"article\" \/>\n<meta property=\"og:title\" content=\"Nuestro equipo. Entrevista a Rafael Rom\u00e1n - Gabitel\" \/>\n<meta property=\"og:description\" content=\"Se puede decir, que tu trayectoria en Gabitel empez\u00f3 en el a\u00f1o 2016, \u00bfnos podr\u00edas contar c\u00f3mo fueron esos inicios? Pues me enter\u00e9 a trav\u00e9s de una ya excompa\u00f1era de una oferta de trabajo \u00a0que ofrec\u00eda Gabitel para hacer replanteos en el antiguo proyecto de Orange me incorpor\u00e9 a la empresa y estuve replanteando varios [&hellip;]\" \/>\n<meta property=\"og:url\" content=\"https:\/\/gabitel.net\/en\/nuestro-equipo-entrevista-a-rafael-roman\/\" \/>\n<meta property=\"og:site_name\" content=\"Gabitel\" \/>\n<meta property=\"article:publisher\" content=\"https:\/\/www.facebook.com\/gabitelingenieros\/\" \/>\n<meta property=\"article:published_time\" content=\"2022-02-08T09:57:07+00:00\" \/>\n<meta name=\"author\" content=\"user.autor\" \/>\n<meta name=\"twitter:card\" content=\"summary_large_image\" \/>\n<meta name=\"twitter:label1\" content=\"Written by\" \/>\n\t<meta name=\"twitter:data1\" content=\"user.autor\" \/>\n\t<meta name=\"twitter:label2\" content=\"Est. reading time\" \/>\n\t<meta name=\"twitter:data2\" content=\"4 minutes\" \/>\n<script type=\"application\/ld+json\" class=\"yoast-schema-graph\">{\"@context\":\"https:\\\/\\\/schema.org\",\"@graph\":[{\"@type\":[\"Article\",\"BlogPosting\"],\"@id\":\"https:\\\/\\\/gabitel.net\\\/en\\\/nuestro-equipo-entrevista-a-rafael-roman\\\/#article\",\"isPartOf\":{\"@id\":\"https:\\\/\\\/gabitel.net\\\/en\\\/nuestro-equipo-entrevista-a-rafael-roman\\\/\"},\"author\":{\"name\":\"user.autor\",\"@id\":\"https:\\\/\\\/gabitel.net\\\/en\\\/#\\\/schema\\\/person\\\/37ba53714c3fedb9c7d22f4bc781465c\"},\"headline\":\"Nuestro equipo. Entrevista a Rafael Rom\u00e1n\",\"datePublished\":\"2022-02-08T09:57:07+00:00\",\"mainEntityOfPage\":{\"@id\":\"https:\\\/\\\/gabitel.net\\\/en\\\/nuestro-equipo-entrevista-a-rafael-roman\\\/\"},\"wordCount\":831,\"publisher\":{\"@id\":\"https:\\\/\\\/gabitel.net\\\/en\\\/#organization\"},\"image\":{\"@id\":\"https:\\\/\\\/gabitel.net\\\/en\\\/nuestro-equipo-entrevista-a-rafael-roman\\\/#primaryimage\"},\"thumbnailUrl\":\"https:\\\/\\\/gabitel.net\\\/wp-content\\\/uploads\\\/2022\\\/02\\\/foto-rafael-roman-entrevista-min.jpg\",\"articleSection\":[\"Off-topic\"],\"inLanguage\":\"en-US\"},{\"@type\":\"WebPage\",\"@id\":\"https:\\\/\\\/gabitel.net\\\/en\\\/nuestro-equipo-entrevista-a-rafael-roman\\\/\",\"url\":\"https:\\\/\\\/gabitel.net\\\/en\\\/nuestro-equipo-entrevista-a-rafael-roman\\\/\",\"name\":\"Nuestro equipo. Entrevista a Rafael Rom\u00e1n - Gabitel\",\"isPartOf\":{\"@id\":\"https:\\\/\\\/gabitel.net\\\/en\\\/#website\"},\"primaryImageOfPage\":{\"@id\":\"https:\\\/\\\/gabitel.net\\\/en\\\/nuestro-equipo-entrevista-a-rafael-roman\\\/#primaryimage\"},\"image\":{\"@id\":\"https:\\\/\\\/gabitel.net\\\/en\\\/nuestro-equipo-entrevista-a-rafael-roman\\\/#primaryimage\"},\"thumbnailUrl\":\"https:\\\/\\\/gabitel.net\\\/wp-content\\\/uploads\\\/2022\\\/02\\\/foto-rafael-roman-entrevista-min.jpg\",\"datePublished\":\"2022-02-08T09:57:07+00:00\",\"breadcrumb\":{\"@id\":\"https:\\\/\\\/gabitel.net\\\/en\\\/nuestro-equipo-entrevista-a-rafael-roman\\\/#breadcrumb\"},\"inLanguage\":\"en-US\",\"potentialAction\":[{\"@type\":\"ReadAction\",\"target\":[\"https:\\\/\\\/gabitel.net\\\/en\\\/nuestro-equipo-entrevista-a-rafael-roman\\\/\"]}]},{\"@type\":\"ImageObject\",\"inLanguage\":\"en-US\",\"@id\":\"https:\\\/\\\/gabitel.net\\\/en\\\/nuestro-equipo-entrevista-a-rafael-roman\\\/#primaryimage\",\"url\":\"https:\\\/\\\/gabitel.net\\\/wp-content\\\/uploads\\\/2022\\\/02\\\/foto-rafael-roman-entrevista-min.jpg\",\"contentUrl\":\"https:\\\/\\\/gabitel.net\\\/wp-content\\\/uploads\\\/2022\\\/02\\\/foto-rafael-roman-entrevista-min.jpg\",\"width\":1465,\"height\":905,\"caption\":\"rafael-roman\"},{\"@type\":\"BreadcrumbList\",\"@id\":\"https:\\\/\\\/gabitel.net\\\/en\\\/nuestro-equipo-entrevista-a-rafael-roman\\\/#breadcrumb\",\"itemListElement\":[{\"@type\":\"ListItem\",\"position\":1,\"name\":\"Portada\",\"item\":\"https:\\\/\\\/gabitel.net\\\/en\\\/\"},{\"@type\":\"ListItem\",\"position\":2,\"name\":\"Nuestro equipo. Entrevista a Rafael Rom\u00e1n\"}]},{\"@type\":\"WebSite\",\"@id\":\"https:\\\/\\\/gabitel.net\\\/en\\\/#website\",\"url\":\"https:\\\/\\\/gabitel.net\\\/en\\\/\",\"name\":\"Gabitel\",\"description\":\"\",\"publisher\":{\"@id\":\"https:\\\/\\\/gabitel.net\\\/en\\\/#organization\"},\"potentialAction\":[{\"@type\":\"SearchAction\",\"target\":{\"@type\":\"EntryPoint\",\"urlTemplate\":\"https:\\\/\\\/gabitel.net\\\/en\\\/?s={search_term_string}\"},\"query-input\":{\"@type\":\"PropertyValueSpecification\",\"valueRequired\":true,\"valueName\":\"search_term_string\"}}],\"inLanguage\":\"en-US\"},{\"@type\":\"Organization\",\"@id\":\"https:\\\/\\\/gabitel.net\\\/en\\\/#organization\",\"name\":\"Gabitel\",\"url\":\"https:\\\/\\\/gabitel.net\\\/en\\\/\",\"logo\":{\"@type\":\"ImageObject\",\"inLanguage\":\"en-US\",\"@id\":\"https:\\\/\\\/gabitel.net\\\/en\\\/#\\\/schema\\\/logo\\\/image\\\/\",\"url\":\"https:\\\/\\\/gabitel.net\\\/wp-content\\\/uploads\\\/2025\\\/05\\\/logo_gabitel.jpg\",\"contentUrl\":\"https:\\\/\\\/gabitel.net\\\/wp-content\\\/uploads\\\/2025\\\/05\\\/logo_gabitel.jpg\",\"width\":2560,\"height\":1330,\"caption\":\"Gabitel\"},\"image\":{\"@id\":\"https:\\\/\\\/gabitel.net\\\/en\\\/#\\\/schema\\\/logo\\\/image\\\/\"},\"sameAs\":[\"https:\\\/\\\/www.facebook.com\\\/gabitelingenieros\\\/\",\"https:\\\/\\\/es.linkedin.com\\\/company\\\/gabitel-ingenieros\"]},{\"@type\":\"Person\",\"@id\":\"https:\\\/\\\/gabitel.net\\\/en\\\/#\\\/schema\\\/person\\\/37ba53714c3fedb9c7d22f4bc781465c\",\"name\":\"user.autor\",\"url\":\"https:\\\/\\\/gabitel.net\\\/en\\\/author\\\/user-autor\\\/\"}]}<\/script>\n<!-- \/ Yoast SEO plugin. -->","yoast_head_json":{"title":"Nuestro equipo. Entrevista a Rafael Rom\u00e1n - Gabitel","robots":{"index":"index","follow":"follow","max-snippet":"max-snippet:-1","max-image-preview":"max-image-preview:large","max-video-preview":"max-video-preview:-1"},"canonical":"https:\/\/gabitel.net\/en\/nuestro-equipo-entrevista-a-rafael-roman\/","og_locale":"en_US","og_type":"article","og_title":"Nuestro equipo. Entrevista a Rafael Rom\u00e1n - Gabitel","og_description":"Se puede decir, que tu trayectoria en Gabitel empez\u00f3 en el a\u00f1o 2016, \u00bfnos podr\u00edas contar c\u00f3mo fueron esos inicios? Pues me enter\u00e9 a trav\u00e9s de una ya excompa\u00f1era de una oferta de trabajo \u00a0que ofrec\u00eda Gabitel para hacer replanteos en el antiguo proyecto de Orange me incorpor\u00e9 a la empresa y estuve replanteando varios [&hellip;]","og_url":"https:\/\/gabitel.net\/en\/nuestro-equipo-entrevista-a-rafael-roman\/","og_site_name":"Gabitel","article_publisher":"https:\/\/www.facebook.com\/gabitelingenieros\/","article_published_time":"2022-02-08T09:57:07+00:00","author":"user.autor","twitter_card":"summary_large_image","twitter_misc":{"Written by":"user.autor","Est. reading time":"4 minutes"},"schema":{"@context":"https:\/\/schema.org","@graph":[{"@type":["Article","BlogPosting"],"@id":"https:\/\/gabitel.net\/en\/nuestro-equipo-entrevista-a-rafael-roman\/#article","isPartOf":{"@id":"https:\/\/gabitel.net\/en\/nuestro-equipo-entrevista-a-rafael-roman\/"},"author":{"name":"user.autor","@id":"https:\/\/gabitel.net\/en\/#\/schema\/person\/37ba53714c3fedb9c7d22f4bc781465c"},"headline":"Nuestro equipo. Entrevista a Rafael Rom\u00e1n","datePublished":"2022-02-08T09:57:07+00:00","mainEntityOfPage":{"@id":"https:\/\/gabitel.net\/en\/nuestro-equipo-entrevista-a-rafael-roman\/"},"wordCount":831,"publisher":{"@id":"https:\/\/gabitel.net\/en\/#organization"},"image":{"@id":"https:\/\/gabitel.net\/en\/nuestro-equipo-entrevista-a-rafael-roman\/#primaryimage"},"thumbnailUrl":"https:\/\/gabitel.net\/wp-content\/uploads\/2022\/02\/foto-rafael-roman-entrevista-min.jpg","articleSection":["Off-topic"],"inLanguage":"en-US"},{"@type":"WebPage","@id":"https:\/\/gabitel.net\/en\/nuestro-equipo-entrevista-a-rafael-roman\/","url":"https:\/\/gabitel.net\/en\/nuestro-equipo-entrevista-a-rafael-roman\/","name":"Nuestro equipo. Entrevista a Rafael Rom\u00e1n - Gabitel","isPartOf":{"@id":"https:\/\/gabitel.net\/en\/#website"},"primaryImageOfPage":{"@id":"https:\/\/gabitel.net\/en\/nuestro-equipo-entrevista-a-rafael-roman\/#primaryimage"},"image":{"@id":"https:\/\/gabitel.net\/en\/nuestro-equipo-entrevista-a-rafael-roman\/#primaryimage"},"thumbnailUrl":"https:\/\/gabitel.net\/wp-content\/uploads\/2022\/02\/foto-rafael-roman-entrevista-min.jpg","datePublished":"2022-02-08T09:57:07+00:00","breadcrumb":{"@id":"https:\/\/gabitel.net\/en\/nuestro-equipo-entrevista-a-rafael-roman\/#breadcrumb"},"inLanguage":"en-US","potentialAction":[{"@type":"ReadAction","target":["https:\/\/gabitel.net\/en\/nuestro-equipo-entrevista-a-rafael-roman\/"]}]},{"@type":"ImageObject","inLanguage":"en-US","@id":"https:\/\/gabitel.net\/en\/nuestro-equipo-entrevista-a-rafael-roman\/#primaryimage","url":"https:\/\/gabitel.net\/wp-content\/uploads\/2022\/02\/foto-rafael-roman-entrevista-min.jpg","contentUrl":"https:\/\/gabitel.net\/wp-content\/uploads\/2022\/02\/foto-rafael-roman-entrevista-min.jpg","width":1465,"height":905,"caption":"rafael-roman"},{"@type":"BreadcrumbList","@id":"https:\/\/gabitel.net\/en\/nuestro-equipo-entrevista-a-rafael-roman\/#breadcrumb","itemListElement":[{"@type":"ListItem","position":1,"name":"Portada","item":"https:\/\/gabitel.net\/en\/"},{"@type":"ListItem","position":2,"name":"Nuestro equipo. Entrevista a Rafael Rom\u00e1n"}]},{"@type":"WebSite","@id":"https:\/\/gabitel.net\/en\/#website","url":"https:\/\/gabitel.net\/en\/","name":"Gabitel","description":"","publisher":{"@id":"https:\/\/gabitel.net\/en\/#organization"},"potentialAction":[{"@type":"SearchAction","target":{"@type":"EntryPoint","urlTemplate":"https:\/\/gabitel.net\/en\/?s={search_term_string}"},"query-input":{"@type":"PropertyValueSpecification","valueRequired":true,"valueName":"search_term_string"}}],"inLanguage":"en-US"},{"@type":"Organization","@id":"https:\/\/gabitel.net\/en\/#organization","name":"Gabitel","url":"https:\/\/gabitel.net\/en\/","logo":{"@type":"ImageObject","inLanguage":"en-US","@id":"https:\/\/gabitel.net\/en\/#\/schema\/logo\/image\/","url":"https:\/\/gabitel.net\/wp-content\/uploads\/2025\/05\/logo_gabitel.jpg","contentUrl":"https:\/\/gabitel.net\/wp-content\/uploads\/2025\/05\/logo_gabitel.jpg","width":2560,"height":1330,"caption":"Gabitel"},"image":{"@id":"https:\/\/gabitel.net\/en\/#\/schema\/logo\/image\/"},"sameAs":["https:\/\/www.facebook.com\/gabitelingenieros\/","https:\/\/es.linkedin.com\/company\/gabitel-ingenieros"]},{"@type":"Person","@id":"https:\/\/gabitel.net\/en\/#\/schema\/person\/37ba53714c3fedb9c7d22f4bc781465c","name":"user.autor","url":"https:\/\/gabitel.net\/en\/author\/user-autor\/"}]}},"_links":{"self":[{"href":"https:\/\/gabitel.net\/en\/wp-json\/wp\/v2\/posts\/32938","targetHints":{"allow":["GET"]}}],"collection":[{"href":"https:\/\/gabitel.net\/en\/wp-json\/wp\/v2\/posts"}],"about":[{"href":"https:\/\/gabitel.net\/en\/wp-json\/wp\/v2\/types\/post"}],"author":[{"embeddable":true,"href":"https:\/\/gabitel.net\/en\/wp-json\/wp\/v2\/users\/3"}],"replies":[{"embeddable":true,"href":"https:\/\/gabitel.net\/en\/wp-json\/wp\/v2\/comments?post=32938"}],"version-history":[{"count":0,"href":"https:\/\/gabitel.net\/en\/wp-json\/wp\/v2\/posts\/32938\/revisions"}],"wp:featuredmedia":[{"embeddable":true,"href":"https:\/\/gabitel.net\/en\/wp-json\/wp\/v2\/media\/34367"}],"wp:attachment":[{"href":"https:\/\/gabitel.net\/en\/wp-json\/wp\/v2\/media?parent=32938"}],"wp:term":[{"taxonomy":"category","embeddable":true,"href":"https:\/\/gabitel.net\/en\/wp-json\/wp\/v2\/categories?post=32938"},{"taxonomy":"post_tag","embeddable":true,"href":"https:\/\/gabitel.net\/en\/wp-json\/wp\/v2\/tags?post=32938"}],"curies":[{"name":"wp","href":"https:\/\/api.w.org\/{rel}","templated":true}]}}