{"id":32960,"date":"2021-11-25T14:14:16","date_gmt":"2021-11-25T13:14:16","guid":{"rendered":"https:\/\/gabitel.net\/nuestro-equipo-entrevista-a-marc-ortega\/"},"modified":"2021-11-25T14:14:16","modified_gmt":"2021-11-25T13:14:16","slug":"nuestro-equipo-entrevista-a-marc-ortega","status":"publish","type":"post","link":"https:\/\/gabitel.net\/en\/nuestro-equipo-entrevista-a-marc-ortega\/","title":{"rendered":"Nuestro equipo. Entrevista a Marc Ortega"},"content":{"rendered":"<ul type=\"disc\">\n<li style=\"text-align: justify;\" data-ogsc=\"rgb(33, 33, 33)\" data-ogsb=\"white\"><strong>\u00bfC\u00f3mo est\u00e1 siendo tus inicios en Gabitel como parte del Equipo de Catalu\u00f1a?<\/strong><\/li>\n<\/ul>\n<p style=\"text-align: justify;\" data-ogsb=\"white\"><strong><span data-ogsc=\"rgb(33, 33, 33)\">\u00a0<\/span><\/strong><\/p>\n<p style=\"text-align: justify;\" data-ogsb=\"white\">Inicios complicados, tenemos un mont\u00f3n de trabajo por hacer y muchos temas por organizar. Aunque semana a semana estamos aprendiendo m\u00e1s, aumentamos el rendimiento y lo tenemos todo m\u00e1s claro.<\/p>\n<p style=\"text-align: justify;\" data-ogsb=\"white\">Respecto a los compa\u00f1eros, al llegar el primer d\u00eda a la oficina nos recibieron nuestros compa\u00f1eros de Andaluc\u00eda que han subido durante unos meses para ayudar en el desarrollo de la oficina y nos dieron una c\u00e1lida bienvenida, desde ese d\u00eda solo tengo buenas palabras para ellos. Con las nuevas incorporaciones de Catalunya tambi\u00e9n estoy muy agradecido ya que facilitan el d\u00eda a d\u00eda y hay muy buen ambiente en la oficina.<\/p>\n<p style=\"text-align: justify;\" data-ogsb=\"white\">Estoy muy ilusionado con formar parte de una empresa de estas dimensiones y siempre dispuesto a empujar junto al equipo para que el proyecto de Catalunya tenga \u00e9xito.<\/p>\n<p style=\"text-align: justify;\" data-ogsb=\"white\"><strong><span data-ogsc=\"rgb(33, 33, 33)\">\u00a0<\/span><\/strong><\/p>\n<p style=\"text-align: justify;\" data-ogsb=\"white\"><strong><span data-ogsc=\"rgb(33, 33, 33)\"><\/span><\/strong><\/p>\n<ul style=\"text-align: justify;\" type=\"disc\">\n<li data-ogsc=\"rgb(33, 33, 33)\" data-ogsb=\"white\"><strong>\u00bfQu\u00e9 supone para ti estar trabajando en un proyecto de tanta relevancia, como es el de Endesa?<\/strong><\/li>\n<\/ul>\n<p style=\"text-align: justify;\" data-ogsb=\"white\"><strong><span data-ogsc=\"rgb(33, 33, 33)\">\u00a0<\/span><\/strong><\/p>\n<p style=\"text-align: justify;\" data-ogsb=\"white\"><span style=\"font-size: 18px;\">Supone un gran aprendizaje, es mi primer trabajo despu\u00e9s de salir de la universidad y adquirir conocimientos sobre la red de distribuci\u00f3n sentar\u00e1 una buena base para poder realizar gran variedad de proyectos en mi futuro como ingeniero el\u00e9ctrico.<\/span><\/p>\n<p style=\"text-align: justify;\" data-ogsb=\"white\"><strong><span data-ogsc=\"rgb(33, 33, 33)\">\u00a0<\/span><\/strong><\/p>\n<p style=\"text-align: justify;\" data-ogsb=\"white\"><strong><span data-ogsc=\"rgb(33, 33, 33)\"><\/span><\/strong><\/p>\n<ul style=\"text-align: justify;\" type=\"disc\">\n<li data-ogsc=\"rgb(33, 33, 33)\" data-ogsb=\"white\"><strong>Si tuvieses que elegir poder colaborar en otro de los proyectos de Gabitel, \u00bfEn cu\u00e1l ser\u00eda y por qu\u00e9?<\/strong><\/li>\n<\/ul>\n<p style=\"text-align: justify;\" data-ogsb=\"white\"><strong><span data-ogsc=\"rgb(33, 33, 33)\">\u00a0<\/span><\/strong><\/p>\n<p style=\"text-align: justify;\" data-ogsb=\"white\">Me encantar\u00eda colaborar en el sector fotovoltaico, es un sector por el que siempre he tenido cierto inter\u00e9s.<\/p>\n<p style=\"text-align: justify;\" data-ogsb=\"white\">Tambi\u00e9n colaborar\u00eda en proyectos fuera de Espa\u00f1a. Salir de tu zona de confort siempre te hace crecer como persona.<\/p>\n<p style=\"text-align: justify;\" data-ogsb=\"white\"><strong><span data-ogsc=\"rgb(33, 33, 33)\">\u00a0<\/span><\/strong><\/p>\n<p style=\"text-align: justify;\" data-ogsb=\"white\"><strong><span data-ogsc=\"rgb(33, 33, 33)\"><\/span><\/strong><\/p>\n<ul style=\"text-align: justify;\" type=\"disc\">\n<li data-ogsb=\"white\"><b><span data-ogsc=\"rgb(33, 33, 33)\">Por saber m\u00e1s de ti y conocerte mejor. \u00bfQu\u00e9 es lo que m\u00e1s te caracteriza a nivel personal?<\/span><\/b><b><\/b><\/li>\n<\/ul>\n<p style=\"text-align: justify;\" data-ogsb=\"white\"><span data-ogsc=\"rgb(33, 33, 33)\">\u00a0<\/span><\/p>\n<p style=\"text-align: justify;\" data-ogsb=\"white\"><span data-ogsc=\"rgb(33, 33, 33)\">A nivel personal me caracteriza estar siempre motivado y atento.<\/span><\/p>\n<p style=\"text-align: justify;\" data-ogsb=\"white\"><span data-ogsc=\"rgb(33, 33, 33)\">Tambi\u00e9n me gusta ayudar a mis compa\u00f1eros siempre que me sea posible, la mentalidad de equipo me parece algo b\u00e1sico para cualquier trabajo.<\/span><\/p>\n<p style=\"text-align: justify;\" data-ogsb=\"white\"><span data-ogsc=\"rgb(33, 33, 33)\">Me manejo bien en situaciones de estr\u00e9s, manteniendo la calma y serenidad.<\/span><\/p>\n<p style=\"text-align: justify;\" data-ogsb=\"white\"><span data-ogsc=\"rgb(33, 33, 33)\"><\/span><\/p>\n<p style=\"text-align: justify;\" data-ogsb=\"white\">\n<p style=\"text-align: justify;\" data-ogsb=\"white\">\n<ul style=\"text-align: justify;\" type=\"disc\">\n<li data-ogsc=\"rgb(33, 33, 33)\" data-ogsb=\"white\"><b>\u00bfPodr\u00edas contarnos algunos de tu hobbies o aquello que m\u00e1s te gusta hacer en tu tiempo libre?<\/b><\/li>\n<\/ul>\n<p style=\"text-align: justify;\" data-ogsb=\"white\"><span data-ogsc=\"rgb(33, 33, 33)\">\u00a0<\/span><\/p>\n<p style=\"text-align: justify;\" data-ogsb=\"white\"><span data-ogsc=\"rgb(33, 33, 33)\">Entre semana despu\u00e9s de trabajar voy al gimnasio y paso tiempo con mi familia. Los fines de semana hago escapadas con amigos a la monta\u00f1a, tomar algo o practicar deportes como el p\u00e1del, yo me apunto a todo.<\/span><\/p>\n<p style=\"text-align: justify;\" data-ogsb=\"white\"><span data-ogsc=\"rgb(33, 33, 33)\">Ahora que se acerca el invierno tocar\u00e1 subir a los pirineos a esquiar.<\/span><\/p>\n<p style=\"text-align: justify;\" data-ogsb=\"white\"><span data-ogsc=\"rgb(33, 33, 33)\">\u00a0<\/span><\/p>\n<p style=\"text-align: justify;\" data-ogsb=\"white\"><span data-ogsc=\"rgb(33, 33, 33)\"><\/span><\/p>\n<ul style=\"text-align: justify;\" type=\"disc\">\n<li data-ogsc=\"rgb(33, 33, 33)\" data-ogsb=\"white\"><b>Aqu\u00ed va la pregunta, que nos dej\u00f3 para ti, nuestro compa\u00f1ero Angel, en el Bolet\u00edn del mes de Noviembre: <\/b><strong>Parece que ya vamos viendo el final de la pandemia y que volvemos a la normalidad, por eso me surge la siguiente pregunta: \u00bfHay alguna costumbre o h\u00e1bito que hayas adquirido durante la pandemia y que ya no seas capaz de volver a lo anterior?<\/strong><\/li>\n<\/ul>\n<p style=\"text-align: justify;\" data-ogsb=\"white\"><span data-ogsc=\"rgb(33, 33, 33)\">\u00a0<\/span><\/p>\n<p style=\"text-align: justify;\" data-ogsb=\"white\"><span data-ogsc=\"rgb(33, 33, 33)\">Pues la verdad es que esta pandemia no he adquirido ning\u00fan h\u00e1bito positivo, no soy demasiado partidario de teletrabajar y he estado todo este tiempo esperando a que pase la pandemia y as\u00ed recuperar la normalidad y la libertad.<\/span><\/p>\n<p style=\"text-align: justify;\" data-ogsb=\"white\"><span data-ogsc=\"rgb(33, 33, 33)\">\u00a0<\/span><span data-ogsc=\"rgb(33, 33, 33)\">Ahora que estamos saliendo de la pandemia me he vuelto a adaptar a la nueva situaci\u00f3n y he dejado atr\u00e1s toda la rutina del confinamiento.<\/span><\/p>\n<p style=\"text-align: justify;\" data-ogsb=\"white\"><span data-ogsc=\"rgb(33, 33, 33)\">\u00a0<\/span><\/p>\n<p style=\"text-align: justify;\" data-ogsb=\"white\"><span data-ogsc=\"rgb(33, 33, 33)\"><\/span><\/p>\n<ul style=\"text-align: justify;\" type=\"disc\">\n<li data-ogsc=\"rgb(33, 33, 33)\" data-ogsb=\"white\"><strong>Env\u00eda una pregunta al pr\u00f3ximo compa\u00f1ero que entrevistaremos en el bolet\u00edn siguiente.<\/strong><\/li>\n<\/ul>\n<p style=\"text-align: justify;\" aria-hidden=\"true\">\n<p style=\"text-align: justify;\">Mi pregunta para el pr\u00f3ximo entrevistado es:<\/p>\n<p style=\"text-align: justify;\">\u00bfC\u00f3mo te lo pasaste en la comida de empresa de Gabitel? \u00bfAlguna an\u00e9cdota interesante?<\/p>\n","protected":false},"excerpt":{"rendered":"<p>\u00bfC\u00f3mo est\u00e1 siendo tus inicios en Gabitel como parte del Equipo de Catalu\u00f1a? \u00a0 Inicios complicados, tenemos un mont\u00f3n de trabajo por hacer y muchos temas por organizar. Aunque semana a semana estamos aprendiendo m\u00e1s, aumentamos el rendimiento y lo tenemos todo m\u00e1s claro. Respecto a los compa\u00f1eros, al llegar el primer d\u00eda a la [&hellip;]<\/p>\n","protected":false},"author":3,"featured_media":34259,"comment_status":"closed","ping_status":"closed","sticky":false,"template":"","format":"standard","meta":{"content-type":"","footnotes":""},"categories":[601],"tags":[],"class_list":["post-32960","post","type-post","status-publish","format-standard","has-post-thumbnail","hentry","category-off-topic-en"],"yoast_head":"<!-- This site is optimized with the Yoast SEO plugin v27.5 - https:\/\/yoast.com\/product\/yoast-seo-wordpress\/ -->\n<title>Nuestro equipo. Entrevista a Marc Ortega - Gabitel<\/title>\n<meta name=\"robots\" content=\"index, follow, max-snippet:-1, max-image-preview:large, max-video-preview:-1\" \/>\n<link rel=\"canonical\" href=\"https:\/\/gabitel.net\/en\/nuestro-equipo-entrevista-a-marc-ortega\/\" \/>\n<meta property=\"og:locale\" content=\"en_US\" \/>\n<meta property=\"og:type\" content=\"article\" \/>\n<meta property=\"og:title\" content=\"Nuestro equipo. Entrevista a Marc Ortega - Gabitel\" \/>\n<meta property=\"og:description\" content=\"\u00bfC\u00f3mo est\u00e1 siendo tus inicios en Gabitel como parte del Equipo de Catalu\u00f1a? \u00a0 Inicios complicados, tenemos un mont\u00f3n de trabajo por hacer y muchos temas por organizar. Aunque semana a semana estamos aprendiendo m\u00e1s, aumentamos el rendimiento y lo tenemos todo m\u00e1s claro. Respecto a los compa\u00f1eros, al llegar el primer d\u00eda a la [&hellip;]\" \/>\n<meta property=\"og:url\" content=\"https:\/\/gabitel.net\/en\/nuestro-equipo-entrevista-a-marc-ortega\/\" \/>\n<meta property=\"og:site_name\" content=\"Gabitel\" \/>\n<meta property=\"article:publisher\" content=\"https:\/\/www.facebook.com\/gabitelingenieros\/\" \/>\n<meta property=\"article:published_time\" content=\"2021-11-25T13:14:16+00:00\" \/>\n<meta name=\"author\" content=\"user.autor\" \/>\n<meta name=\"twitter:card\" content=\"summary_large_image\" \/>\n<meta name=\"twitter:label1\" content=\"Written by\" \/>\n\t<meta name=\"twitter:data1\" content=\"user.autor\" \/>\n\t<meta name=\"twitter:label2\" content=\"Est. reading time\" \/>\n\t<meta name=\"twitter:data2\" content=\"3 minutes\" \/>\n<script type=\"application\/ld+json\" class=\"yoast-schema-graph\">{\"@context\":\"https:\\\/\\\/schema.org\",\"@graph\":[{\"@type\":[\"Article\",\"BlogPosting\"],\"@id\":\"https:\\\/\\\/gabitel.net\\\/en\\\/nuestro-equipo-entrevista-a-marc-ortega\\\/#article\",\"isPartOf\":{\"@id\":\"https:\\\/\\\/gabitel.net\\\/en\\\/nuestro-equipo-entrevista-a-marc-ortega\\\/\"},\"author\":{\"name\":\"user.autor\",\"@id\":\"https:\\\/\\\/gabitel.net\\\/en\\\/#\\\/schema\\\/person\\\/37ba53714c3fedb9c7d22f4bc781465c\"},\"headline\":\"Nuestro equipo. Entrevista a Marc Ortega\",\"datePublished\":\"2021-11-25T13:14:16+00:00\",\"mainEntityOfPage\":{\"@id\":\"https:\\\/\\\/gabitel.net\\\/en\\\/nuestro-equipo-entrevista-a-marc-ortega\\\/\"},\"wordCount\":602,\"publisher\":{\"@id\":\"https:\\\/\\\/gabitel.net\\\/en\\\/#organization\"},\"image\":{\"@id\":\"https:\\\/\\\/gabitel.net\\\/en\\\/nuestro-equipo-entrevista-a-marc-ortega\\\/#primaryimage\"},\"thumbnailUrl\":\"https:\\\/\\\/gabitel.net\\\/wp-content\\\/uploads\\\/2021\\\/11\\\/WhatsApp-Image-2021-12-02-at-14.56.54-min.jpeg\",\"articleSection\":[\"Off-topic\"],\"inLanguage\":\"en-US\"},{\"@type\":\"WebPage\",\"@id\":\"https:\\\/\\\/gabitel.net\\\/en\\\/nuestro-equipo-entrevista-a-marc-ortega\\\/\",\"url\":\"https:\\\/\\\/gabitel.net\\\/en\\\/nuestro-equipo-entrevista-a-marc-ortega\\\/\",\"name\":\"Nuestro equipo. Entrevista a Marc Ortega - Gabitel\",\"isPartOf\":{\"@id\":\"https:\\\/\\\/gabitel.net\\\/en\\\/#website\"},\"primaryImageOfPage\":{\"@id\":\"https:\\\/\\\/gabitel.net\\\/en\\\/nuestro-equipo-entrevista-a-marc-ortega\\\/#primaryimage\"},\"image\":{\"@id\":\"https:\\\/\\\/gabitel.net\\\/en\\\/nuestro-equipo-entrevista-a-marc-ortega\\\/#primaryimage\"},\"thumbnailUrl\":\"https:\\\/\\\/gabitel.net\\\/wp-content\\\/uploads\\\/2021\\\/11\\\/WhatsApp-Image-2021-12-02-at-14.56.54-min.jpeg\",\"datePublished\":\"2021-11-25T13:14:16+00:00\",\"breadcrumb\":{\"@id\":\"https:\\\/\\\/gabitel.net\\\/en\\\/nuestro-equipo-entrevista-a-marc-ortega\\\/#breadcrumb\"},\"inLanguage\":\"en-US\",\"potentialAction\":[{\"@type\":\"ReadAction\",\"target\":[\"https:\\\/\\\/gabitel.net\\\/en\\\/nuestro-equipo-entrevista-a-marc-ortega\\\/\"]}]},{\"@type\":\"ImageObject\",\"inLanguage\":\"en-US\",\"@id\":\"https:\\\/\\\/gabitel.net\\\/en\\\/nuestro-equipo-entrevista-a-marc-ortega\\\/#primaryimage\",\"url\":\"https:\\\/\\\/gabitel.net\\\/wp-content\\\/uploads\\\/2021\\\/11\\\/WhatsApp-Image-2021-12-02-at-14.56.54-min.jpeg\",\"contentUrl\":\"https:\\\/\\\/gabitel.net\\\/wp-content\\\/uploads\\\/2021\\\/11\\\/WhatsApp-Image-2021-12-02-at-14.56.54-min.jpeg\",\"width\":1466,\"height\":1832,\"caption\":\"marc_ortega_entrevista\"},{\"@type\":\"BreadcrumbList\",\"@id\":\"https:\\\/\\\/gabitel.net\\\/en\\\/nuestro-equipo-entrevista-a-marc-ortega\\\/#breadcrumb\",\"itemListElement\":[{\"@type\":\"ListItem\",\"position\":1,\"name\":\"Portada\",\"item\":\"https:\\\/\\\/gabitel.net\\\/en\\\/\"},{\"@type\":\"ListItem\",\"position\":2,\"name\":\"Nuestro equipo. Entrevista a Marc Ortega\"}]},{\"@type\":\"WebSite\",\"@id\":\"https:\\\/\\\/gabitel.net\\\/en\\\/#website\",\"url\":\"https:\\\/\\\/gabitel.net\\\/en\\\/\",\"name\":\"Gabitel\",\"description\":\"\",\"publisher\":{\"@id\":\"https:\\\/\\\/gabitel.net\\\/en\\\/#organization\"},\"potentialAction\":[{\"@type\":\"SearchAction\",\"target\":{\"@type\":\"EntryPoint\",\"urlTemplate\":\"https:\\\/\\\/gabitel.net\\\/en\\\/?s={search_term_string}\"},\"query-input\":{\"@type\":\"PropertyValueSpecification\",\"valueRequired\":true,\"valueName\":\"search_term_string\"}}],\"inLanguage\":\"en-US\"},{\"@type\":\"Organization\",\"@id\":\"https:\\\/\\\/gabitel.net\\\/en\\\/#organization\",\"name\":\"Gabitel\",\"url\":\"https:\\\/\\\/gabitel.net\\\/en\\\/\",\"logo\":{\"@type\":\"ImageObject\",\"inLanguage\":\"en-US\",\"@id\":\"https:\\\/\\\/gabitel.net\\\/en\\\/#\\\/schema\\\/logo\\\/image\\\/\",\"url\":\"https:\\\/\\\/gabitel.net\\\/wp-content\\\/uploads\\\/2025\\\/05\\\/logo_gabitel.jpg\",\"contentUrl\":\"https:\\\/\\\/gabitel.net\\\/wp-content\\\/uploads\\\/2025\\\/05\\\/logo_gabitel.jpg\",\"width\":2560,\"height\":1330,\"caption\":\"Gabitel\"},\"image\":{\"@id\":\"https:\\\/\\\/gabitel.net\\\/en\\\/#\\\/schema\\\/logo\\\/image\\\/\"},\"sameAs\":[\"https:\\\/\\\/www.facebook.com\\\/gabitelingenieros\\\/\",\"https:\\\/\\\/es.linkedin.com\\\/company\\\/gabitel-ingenieros\"]},{\"@type\":\"Person\",\"@id\":\"https:\\\/\\\/gabitel.net\\\/en\\\/#\\\/schema\\\/person\\\/37ba53714c3fedb9c7d22f4bc781465c\",\"name\":\"user.autor\",\"url\":\"https:\\\/\\\/gabitel.net\\\/en\\\/author\\\/user-autor\\\/\"}]}<\/script>\n<!-- \/ Yoast SEO plugin. -->","yoast_head_json":{"title":"Nuestro equipo. Entrevista a Marc Ortega - Gabitel","robots":{"index":"index","follow":"follow","max-snippet":"max-snippet:-1","max-image-preview":"max-image-preview:large","max-video-preview":"max-video-preview:-1"},"canonical":"https:\/\/gabitel.net\/en\/nuestro-equipo-entrevista-a-marc-ortega\/","og_locale":"en_US","og_type":"article","og_title":"Nuestro equipo. Entrevista a Marc Ortega - Gabitel","og_description":"\u00bfC\u00f3mo est\u00e1 siendo tus inicios en Gabitel como parte del Equipo de Catalu\u00f1a? \u00a0 Inicios complicados, tenemos un mont\u00f3n de trabajo por hacer y muchos temas por organizar. Aunque semana a semana estamos aprendiendo m\u00e1s, aumentamos el rendimiento y lo tenemos todo m\u00e1s claro. Respecto a los compa\u00f1eros, al llegar el primer d\u00eda a la [&hellip;]","og_url":"https:\/\/gabitel.net\/en\/nuestro-equipo-entrevista-a-marc-ortega\/","og_site_name":"Gabitel","article_publisher":"https:\/\/www.facebook.com\/gabitelingenieros\/","article_published_time":"2021-11-25T13:14:16+00:00","author":"user.autor","twitter_card":"summary_large_image","twitter_misc":{"Written by":"user.autor","Est. reading time":"3 minutes"},"schema":{"@context":"https:\/\/schema.org","@graph":[{"@type":["Article","BlogPosting"],"@id":"https:\/\/gabitel.net\/en\/nuestro-equipo-entrevista-a-marc-ortega\/#article","isPartOf":{"@id":"https:\/\/gabitel.net\/en\/nuestro-equipo-entrevista-a-marc-ortega\/"},"author":{"name":"user.autor","@id":"https:\/\/gabitel.net\/en\/#\/schema\/person\/37ba53714c3fedb9c7d22f4bc781465c"},"headline":"Nuestro equipo. Entrevista a Marc Ortega","datePublished":"2021-11-25T13:14:16+00:00","mainEntityOfPage":{"@id":"https:\/\/gabitel.net\/en\/nuestro-equipo-entrevista-a-marc-ortega\/"},"wordCount":602,"publisher":{"@id":"https:\/\/gabitel.net\/en\/#organization"},"image":{"@id":"https:\/\/gabitel.net\/en\/nuestro-equipo-entrevista-a-marc-ortega\/#primaryimage"},"thumbnailUrl":"https:\/\/gabitel.net\/wp-content\/uploads\/2021\/11\/WhatsApp-Image-2021-12-02-at-14.56.54-min.jpeg","articleSection":["Off-topic"],"inLanguage":"en-US"},{"@type":"WebPage","@id":"https:\/\/gabitel.net\/en\/nuestro-equipo-entrevista-a-marc-ortega\/","url":"https:\/\/gabitel.net\/en\/nuestro-equipo-entrevista-a-marc-ortega\/","name":"Nuestro equipo. Entrevista a Marc Ortega - Gabitel","isPartOf":{"@id":"https:\/\/gabitel.net\/en\/#website"},"primaryImageOfPage":{"@id":"https:\/\/gabitel.net\/en\/nuestro-equipo-entrevista-a-marc-ortega\/#primaryimage"},"image":{"@id":"https:\/\/gabitel.net\/en\/nuestro-equipo-entrevista-a-marc-ortega\/#primaryimage"},"thumbnailUrl":"https:\/\/gabitel.net\/wp-content\/uploads\/2021\/11\/WhatsApp-Image-2021-12-02-at-14.56.54-min.jpeg","datePublished":"2021-11-25T13:14:16+00:00","breadcrumb":{"@id":"https:\/\/gabitel.net\/en\/nuestro-equipo-entrevista-a-marc-ortega\/#breadcrumb"},"inLanguage":"en-US","potentialAction":[{"@type":"ReadAction","target":["https:\/\/gabitel.net\/en\/nuestro-equipo-entrevista-a-marc-ortega\/"]}]},{"@type":"ImageObject","inLanguage":"en-US","@id":"https:\/\/gabitel.net\/en\/nuestro-equipo-entrevista-a-marc-ortega\/#primaryimage","url":"https:\/\/gabitel.net\/wp-content\/uploads\/2021\/11\/WhatsApp-Image-2021-12-02-at-14.56.54-min.jpeg","contentUrl":"https:\/\/gabitel.net\/wp-content\/uploads\/2021\/11\/WhatsApp-Image-2021-12-02-at-14.56.54-min.jpeg","width":1466,"height":1832,"caption":"marc_ortega_entrevista"},{"@type":"BreadcrumbList","@id":"https:\/\/gabitel.net\/en\/nuestro-equipo-entrevista-a-marc-ortega\/#breadcrumb","itemListElement":[{"@type":"ListItem","position":1,"name":"Portada","item":"https:\/\/gabitel.net\/en\/"},{"@type":"ListItem","position":2,"name":"Nuestro equipo. Entrevista a Marc Ortega"}]},{"@type":"WebSite","@id":"https:\/\/gabitel.net\/en\/#website","url":"https:\/\/gabitel.net\/en\/","name":"Gabitel","description":"","publisher":{"@id":"https:\/\/gabitel.net\/en\/#organization"},"potentialAction":[{"@type":"SearchAction","target":{"@type":"EntryPoint","urlTemplate":"https:\/\/gabitel.net\/en\/?s={search_term_string}"},"query-input":{"@type":"PropertyValueSpecification","valueRequired":true,"valueName":"search_term_string"}}],"inLanguage":"en-US"},{"@type":"Organization","@id":"https:\/\/gabitel.net\/en\/#organization","name":"Gabitel","url":"https:\/\/gabitel.net\/en\/","logo":{"@type":"ImageObject","inLanguage":"en-US","@id":"https:\/\/gabitel.net\/en\/#\/schema\/logo\/image\/","url":"https:\/\/gabitel.net\/wp-content\/uploads\/2025\/05\/logo_gabitel.jpg","contentUrl":"https:\/\/gabitel.net\/wp-content\/uploads\/2025\/05\/logo_gabitel.jpg","width":2560,"height":1330,"caption":"Gabitel"},"image":{"@id":"https:\/\/gabitel.net\/en\/#\/schema\/logo\/image\/"},"sameAs":["https:\/\/www.facebook.com\/gabitelingenieros\/","https:\/\/es.linkedin.com\/company\/gabitel-ingenieros"]},{"@type":"Person","@id":"https:\/\/gabitel.net\/en\/#\/schema\/person\/37ba53714c3fedb9c7d22f4bc781465c","name":"user.autor","url":"https:\/\/gabitel.net\/en\/author\/user-autor\/"}]}},"_links":{"self":[{"href":"https:\/\/gabitel.net\/en\/wp-json\/wp\/v2\/posts\/32960","targetHints":{"allow":["GET"]}}],"collection":[{"href":"https:\/\/gabitel.net\/en\/wp-json\/wp\/v2\/posts"}],"about":[{"href":"https:\/\/gabitel.net\/en\/wp-json\/wp\/v2\/types\/post"}],"author":[{"embeddable":true,"href":"https:\/\/gabitel.net\/en\/wp-json\/wp\/v2\/users\/3"}],"replies":[{"embeddable":true,"href":"https:\/\/gabitel.net\/en\/wp-json\/wp\/v2\/comments?post=32960"}],"version-history":[{"count":0,"href":"https:\/\/gabitel.net\/en\/wp-json\/wp\/v2\/posts\/32960\/revisions"}],"wp:featuredmedia":[{"embeddable":true,"href":"https:\/\/gabitel.net\/en\/wp-json\/wp\/v2\/media\/34259"}],"wp:attachment":[{"href":"https:\/\/gabitel.net\/en\/wp-json\/wp\/v2\/media?parent=32960"}],"wp:term":[{"taxonomy":"category","embeddable":true,"href":"https:\/\/gabitel.net\/en\/wp-json\/wp\/v2\/categories?post=32960"},{"taxonomy":"post_tag","embeddable":true,"href":"https:\/\/gabitel.net\/en\/wp-json\/wp\/v2\/tags?post=32960"}],"curies":[{"name":"wp","href":"https:\/\/api.w.org\/{rel}","templated":true}]}}