{"id":32964,"date":"2021-11-04T12:33:42","date_gmt":"2021-11-04T11:33:42","guid":{"rendered":"https:\/\/gabitel.net\/volvemos-a-reencontrarnos\/"},"modified":"2021-11-04T12:33:42","modified_gmt":"2021-11-04T11:33:42","slug":"volvemos-a-reencontrarnos","status":"publish","type":"post","link":"https:\/\/gabitel.net\/en\/volvemos-a-reencontrarnos\/","title":{"rendered":"Volvemos a reencontrarnos"},"content":{"rendered":"<p style=\"text-align: justify;\">Lleg\u00f3 el 25 de octubre, d\u00eda en el que volvimos a encontrarnos retomando nuestra actividad presencial y saludando a nuestros compa\u00f1eros como si de un primer d\u00eda de clase en un colegio de ni\u00f1os se tratase.<\/p>\n<p style=\"text-align: justify;\">\n<p style=\"text-align: justify;\">\n<p style=\"text-align: justify;\">Han pasado demasiados d\u00edas, desde aquel 13 de marzo del 2020, donde ya comenz\u00e1bamos a preocuparnos y casi intuir que algo iba a suceder, lo que nunca podr\u00edamos haber presagiado que ese \u201c<em>hasta luego<\/em>\u201d iba a durar un a\u00f1o y medio, cambiando totalmente nuestras rutinas mas cotidianas. Ha sido duro todo lo vivido, pero ya ha llegado el momento de pasar p\u00e1gina y retomar nuestra rutina y os buenos h\u00e1bitos.<\/p>\n<p style=\"text-align: justify;\">\n<p style=\"text-align: justify;\"><strong><em>\u00bfC\u00f3mo ha sido este reencuentro?.<\/em><\/strong> Me imagino que una gran mezcla de sensaciones. Por un lado, el tener que retomar de nuevo una rutina que ya podr\u00eda haber quedado en el olvido, volver a trabajar en la oficina cuando ya ten\u00edamos en casa nuestro propio espacio acomodado para ello, con lo que nos cost\u00f3 en su momento habituarnos. Por otro, tener el placer de volver saludar a nuestros compa\u00f1eros, contarnos todo aquello que ha cambiado o hemos vivido en este tiempo de primera mano, nuestros desayunos y por su puesto poner cara y dar la bienvenida en persona a los que se unieron al equipo y no tuvimos la oportunidad de darle la calurosa acogida que nos hubiese gustado.<\/p>\n<p style=\"text-align: justify;\">\n<p style=\"text-align: justify;\">Todo evoluciona, y una vez m\u00e1s nos enfrentamos en equipo a los cambios que hemos vivido. Para ello, desde Gabitel nos adaptamos a los tiempos \u201cPost \u2013 Covid\u201d comenzamos una nueva modalidad de trabajo mixta, donde podemos combinar lo bueno del trabajo presencial junto con los beneficios del teletrabajo, permitiendo no perder el sentimiento de equipo y de empresa, as\u00ed como tener la oportunidad de poder compatibilizar con una mayor flexibilidad nuestra vida personal con la laboral.<\/p>\n<p style=\"text-align: justify;\">\n<p style=\"text-align: justify;\">Esperamos que esta positiva vuelta al trabajo pueda vivirse como algo revitalizante que nos permite reactivar nuestras vidas, lo m\u00e1s parecido a lo que era antes, reencontr\u00e1ndonos con algo que hab\u00edamos perdido con esta crisis sanitaria: los caf\u00e9s de media ma\u00f1ana o las ca\u00f1as \u2018afterwork\u2019, las comodidades del despacho, el romper con la rutina dom\u00e9stica, y como no\u2026 NUESTROS COMPA\u00d1EROS!.<\/p>\n<p style=\"text-align: justify;\">\n<p style=\"text-align: justify;\"><strong>\u00a1Bienvenidos de nuevo a casa!<\/strong><\/p>\n","protected":false},"excerpt":{"rendered":"<p>Lleg\u00f3 el 25 de octubre, d\u00eda en el que volvimos a encontrarnos retomando nuestra actividad presencial y saludando a nuestros compa\u00f1eros como si de un primer d\u00eda de clase en un colegio de ni\u00f1os se tratase. Han pasado demasiados d\u00edas, desde aquel 13 de marzo del 2020, donde ya comenz\u00e1bamos a preocuparnos y casi intuir [&hellip;]<\/p>\n","protected":false},"author":3,"featured_media":34239,"comment_status":"closed","ping_status":"closed","sticky":false,"template":"","format":"standard","meta":{"content-type":"","footnotes":""},"categories":[601],"tags":[],"class_list":["post-32964","post","type-post","status-publish","format-standard","has-post-thumbnail","hentry","category-off-topic-en"],"yoast_head":"<!-- This site is optimized with the Yoast SEO plugin v27.5 - https:\/\/yoast.com\/product\/yoast-seo-wordpress\/ -->\n<title>Volvemos a reencontrarnos - Gabitel<\/title>\n<meta name=\"robots\" content=\"index, follow, max-snippet:-1, max-image-preview:large, max-video-preview:-1\" \/>\n<link rel=\"canonical\" href=\"https:\/\/gabitel.net\/en\/volvemos-a-reencontrarnos\/\" \/>\n<meta property=\"og:locale\" content=\"en_US\" \/>\n<meta property=\"og:type\" content=\"article\" \/>\n<meta property=\"og:title\" content=\"Volvemos a reencontrarnos - Gabitel\" \/>\n<meta property=\"og:description\" content=\"Lleg\u00f3 el 25 de octubre, d\u00eda en el que volvimos a encontrarnos retomando nuestra actividad presencial y saludando a nuestros compa\u00f1eros como si de un primer d\u00eda de clase en un colegio de ni\u00f1os se tratase. Han pasado demasiados d\u00edas, desde aquel 13 de marzo del 2020, donde ya comenz\u00e1bamos a preocuparnos y casi intuir [&hellip;]\" \/>\n<meta property=\"og:url\" content=\"https:\/\/gabitel.net\/en\/volvemos-a-reencontrarnos\/\" \/>\n<meta property=\"og:site_name\" content=\"Gabitel\" \/>\n<meta property=\"article:publisher\" content=\"https:\/\/www.facebook.com\/gabitelingenieros\/\" \/>\n<meta property=\"article:published_time\" content=\"2021-11-04T11:33:42+00:00\" \/>\n<meta name=\"author\" content=\"user.autor\" \/>\n<meta name=\"twitter:card\" content=\"summary_large_image\" \/>\n<meta name=\"twitter:label1\" content=\"Written by\" \/>\n\t<meta name=\"twitter:data1\" content=\"user.autor\" \/>\n\t<meta name=\"twitter:label2\" content=\"Est. reading time\" \/>\n\t<meta name=\"twitter:data2\" content=\"2 minutes\" \/>\n<script type=\"application\/ld+json\" class=\"yoast-schema-graph\">{\"@context\":\"https:\\\/\\\/schema.org\",\"@graph\":[{\"@type\":[\"Article\",\"BlogPosting\"],\"@id\":\"https:\\\/\\\/gabitel.net\\\/en\\\/volvemos-a-reencontrarnos\\\/#article\",\"isPartOf\":{\"@id\":\"https:\\\/\\\/gabitel.net\\\/en\\\/volvemos-a-reencontrarnos\\\/\"},\"author\":{\"name\":\"user.autor\",\"@id\":\"https:\\\/\\\/gabitel.net\\\/en\\\/#\\\/schema\\\/person\\\/37ba53714c3fedb9c7d22f4bc781465c\"},\"headline\":\"Volvemos a reencontrarnos\",\"datePublished\":\"2021-11-04T11:33:42+00:00\",\"mainEntityOfPage\":{\"@id\":\"https:\\\/\\\/gabitel.net\\\/en\\\/volvemos-a-reencontrarnos\\\/\"},\"wordCount\":389,\"publisher\":{\"@id\":\"https:\\\/\\\/gabitel.net\\\/en\\\/#organization\"},\"image\":{\"@id\":\"https:\\\/\\\/gabitel.net\\\/en\\\/volvemos-a-reencontrarnos\\\/#primaryimage\"},\"thumbnailUrl\":\"https:\\\/\\\/gabitel.net\\\/wp-content\\\/uploads\\\/2021\\\/11\\\/reecuentro1-min.jpg\",\"articleSection\":[\"Off-topic\"],\"inLanguage\":\"en-US\"},{\"@type\":\"WebPage\",\"@id\":\"https:\\\/\\\/gabitel.net\\\/en\\\/volvemos-a-reencontrarnos\\\/\",\"url\":\"https:\\\/\\\/gabitel.net\\\/en\\\/volvemos-a-reencontrarnos\\\/\",\"name\":\"Volvemos a reencontrarnos - Gabitel\",\"isPartOf\":{\"@id\":\"https:\\\/\\\/gabitel.net\\\/en\\\/#website\"},\"primaryImageOfPage\":{\"@id\":\"https:\\\/\\\/gabitel.net\\\/en\\\/volvemos-a-reencontrarnos\\\/#primaryimage\"},\"image\":{\"@id\":\"https:\\\/\\\/gabitel.net\\\/en\\\/volvemos-a-reencontrarnos\\\/#primaryimage\"},\"thumbnailUrl\":\"https:\\\/\\\/gabitel.net\\\/wp-content\\\/uploads\\\/2021\\\/11\\\/reecuentro1-min.jpg\",\"datePublished\":\"2021-11-04T11:33:42+00:00\",\"breadcrumb\":{\"@id\":\"https:\\\/\\\/gabitel.net\\\/en\\\/volvemos-a-reencontrarnos\\\/#breadcrumb\"},\"inLanguage\":\"en-US\",\"potentialAction\":[{\"@type\":\"ReadAction\",\"target\":[\"https:\\\/\\\/gabitel.net\\\/en\\\/volvemos-a-reencontrarnos\\\/\"]}]},{\"@type\":\"ImageObject\",\"inLanguage\":\"en-US\",\"@id\":\"https:\\\/\\\/gabitel.net\\\/en\\\/volvemos-a-reencontrarnos\\\/#primaryimage\",\"url\":\"https:\\\/\\\/gabitel.net\\\/wp-content\\\/uploads\\\/2021\\\/11\\\/reecuentro1-min.jpg\",\"contentUrl\":\"https:\\\/\\\/gabitel.net\\\/wp-content\\\/uploads\\\/2021\\\/11\\\/reecuentro1-min.jpg\",\"width\":626,\"height\":321,\"caption\":\"reecuentro-gabitel\"},{\"@type\":\"BreadcrumbList\",\"@id\":\"https:\\\/\\\/gabitel.net\\\/en\\\/volvemos-a-reencontrarnos\\\/#breadcrumb\",\"itemListElement\":[{\"@type\":\"ListItem\",\"position\":1,\"name\":\"Portada\",\"item\":\"https:\\\/\\\/gabitel.net\\\/en\\\/\"},{\"@type\":\"ListItem\",\"position\":2,\"name\":\"Volvemos a reencontrarnos\"}]},{\"@type\":\"WebSite\",\"@id\":\"https:\\\/\\\/gabitel.net\\\/en\\\/#website\",\"url\":\"https:\\\/\\\/gabitel.net\\\/en\\\/\",\"name\":\"Gabitel\",\"description\":\"\",\"publisher\":{\"@id\":\"https:\\\/\\\/gabitel.net\\\/en\\\/#organization\"},\"potentialAction\":[{\"@type\":\"SearchAction\",\"target\":{\"@type\":\"EntryPoint\",\"urlTemplate\":\"https:\\\/\\\/gabitel.net\\\/en\\\/?s={search_term_string}\"},\"query-input\":{\"@type\":\"PropertyValueSpecification\",\"valueRequired\":true,\"valueName\":\"search_term_string\"}}],\"inLanguage\":\"en-US\"},{\"@type\":\"Organization\",\"@id\":\"https:\\\/\\\/gabitel.net\\\/en\\\/#organization\",\"name\":\"Gabitel\",\"url\":\"https:\\\/\\\/gabitel.net\\\/en\\\/\",\"logo\":{\"@type\":\"ImageObject\",\"inLanguage\":\"en-US\",\"@id\":\"https:\\\/\\\/gabitel.net\\\/en\\\/#\\\/schema\\\/logo\\\/image\\\/\",\"url\":\"https:\\\/\\\/gabitel.net\\\/wp-content\\\/uploads\\\/2025\\\/05\\\/logo_gabitel.jpg\",\"contentUrl\":\"https:\\\/\\\/gabitel.net\\\/wp-content\\\/uploads\\\/2025\\\/05\\\/logo_gabitel.jpg\",\"width\":2560,\"height\":1330,\"caption\":\"Gabitel\"},\"image\":{\"@id\":\"https:\\\/\\\/gabitel.net\\\/en\\\/#\\\/schema\\\/logo\\\/image\\\/\"},\"sameAs\":[\"https:\\\/\\\/www.facebook.com\\\/gabitelingenieros\\\/\",\"https:\\\/\\\/es.linkedin.com\\\/company\\\/gabitel-ingenieros\"]},{\"@type\":\"Person\",\"@id\":\"https:\\\/\\\/gabitel.net\\\/en\\\/#\\\/schema\\\/person\\\/37ba53714c3fedb9c7d22f4bc781465c\",\"name\":\"user.autor\",\"url\":\"https:\\\/\\\/gabitel.net\\\/en\\\/author\\\/user-autor\\\/\"}]}<\/script>\n<!-- \/ Yoast SEO plugin. -->","yoast_head_json":{"title":"Volvemos a reencontrarnos - Gabitel","robots":{"index":"index","follow":"follow","max-snippet":"max-snippet:-1","max-image-preview":"max-image-preview:large","max-video-preview":"max-video-preview:-1"},"canonical":"https:\/\/gabitel.net\/en\/volvemos-a-reencontrarnos\/","og_locale":"en_US","og_type":"article","og_title":"Volvemos a reencontrarnos - Gabitel","og_description":"Lleg\u00f3 el 25 de octubre, d\u00eda en el que volvimos a encontrarnos retomando nuestra actividad presencial y saludando a nuestros compa\u00f1eros como si de un primer d\u00eda de clase en un colegio de ni\u00f1os se tratase. Han pasado demasiados d\u00edas, desde aquel 13 de marzo del 2020, donde ya comenz\u00e1bamos a preocuparnos y casi intuir [&hellip;]","og_url":"https:\/\/gabitel.net\/en\/volvemos-a-reencontrarnos\/","og_site_name":"Gabitel","article_publisher":"https:\/\/www.facebook.com\/gabitelingenieros\/","article_published_time":"2021-11-04T11:33:42+00:00","author":"user.autor","twitter_card":"summary_large_image","twitter_misc":{"Written by":"user.autor","Est. reading time":"2 minutes"},"schema":{"@context":"https:\/\/schema.org","@graph":[{"@type":["Article","BlogPosting"],"@id":"https:\/\/gabitel.net\/en\/volvemos-a-reencontrarnos\/#article","isPartOf":{"@id":"https:\/\/gabitel.net\/en\/volvemos-a-reencontrarnos\/"},"author":{"name":"user.autor","@id":"https:\/\/gabitel.net\/en\/#\/schema\/person\/37ba53714c3fedb9c7d22f4bc781465c"},"headline":"Volvemos a reencontrarnos","datePublished":"2021-11-04T11:33:42+00:00","mainEntityOfPage":{"@id":"https:\/\/gabitel.net\/en\/volvemos-a-reencontrarnos\/"},"wordCount":389,"publisher":{"@id":"https:\/\/gabitel.net\/en\/#organization"},"image":{"@id":"https:\/\/gabitel.net\/en\/volvemos-a-reencontrarnos\/#primaryimage"},"thumbnailUrl":"https:\/\/gabitel.net\/wp-content\/uploads\/2021\/11\/reecuentro1-min.jpg","articleSection":["Off-topic"],"inLanguage":"en-US"},{"@type":"WebPage","@id":"https:\/\/gabitel.net\/en\/volvemos-a-reencontrarnos\/","url":"https:\/\/gabitel.net\/en\/volvemos-a-reencontrarnos\/","name":"Volvemos a reencontrarnos - Gabitel","isPartOf":{"@id":"https:\/\/gabitel.net\/en\/#website"},"primaryImageOfPage":{"@id":"https:\/\/gabitel.net\/en\/volvemos-a-reencontrarnos\/#primaryimage"},"image":{"@id":"https:\/\/gabitel.net\/en\/volvemos-a-reencontrarnos\/#primaryimage"},"thumbnailUrl":"https:\/\/gabitel.net\/wp-content\/uploads\/2021\/11\/reecuentro1-min.jpg","datePublished":"2021-11-04T11:33:42+00:00","breadcrumb":{"@id":"https:\/\/gabitel.net\/en\/volvemos-a-reencontrarnos\/#breadcrumb"},"inLanguage":"en-US","potentialAction":[{"@type":"ReadAction","target":["https:\/\/gabitel.net\/en\/volvemos-a-reencontrarnos\/"]}]},{"@type":"ImageObject","inLanguage":"en-US","@id":"https:\/\/gabitel.net\/en\/volvemos-a-reencontrarnos\/#primaryimage","url":"https:\/\/gabitel.net\/wp-content\/uploads\/2021\/11\/reecuentro1-min.jpg","contentUrl":"https:\/\/gabitel.net\/wp-content\/uploads\/2021\/11\/reecuentro1-min.jpg","width":626,"height":321,"caption":"reecuentro-gabitel"},{"@type":"BreadcrumbList","@id":"https:\/\/gabitel.net\/en\/volvemos-a-reencontrarnos\/#breadcrumb","itemListElement":[{"@type":"ListItem","position":1,"name":"Portada","item":"https:\/\/gabitel.net\/en\/"},{"@type":"ListItem","position":2,"name":"Volvemos a reencontrarnos"}]},{"@type":"WebSite","@id":"https:\/\/gabitel.net\/en\/#website","url":"https:\/\/gabitel.net\/en\/","name":"Gabitel","description":"","publisher":{"@id":"https:\/\/gabitel.net\/en\/#organization"},"potentialAction":[{"@type":"SearchAction","target":{"@type":"EntryPoint","urlTemplate":"https:\/\/gabitel.net\/en\/?s={search_term_string}"},"query-input":{"@type":"PropertyValueSpecification","valueRequired":true,"valueName":"search_term_string"}}],"inLanguage":"en-US"},{"@type":"Organization","@id":"https:\/\/gabitel.net\/en\/#organization","name":"Gabitel","url":"https:\/\/gabitel.net\/en\/","logo":{"@type":"ImageObject","inLanguage":"en-US","@id":"https:\/\/gabitel.net\/en\/#\/schema\/logo\/image\/","url":"https:\/\/gabitel.net\/wp-content\/uploads\/2025\/05\/logo_gabitel.jpg","contentUrl":"https:\/\/gabitel.net\/wp-content\/uploads\/2025\/05\/logo_gabitel.jpg","width":2560,"height":1330,"caption":"Gabitel"},"image":{"@id":"https:\/\/gabitel.net\/en\/#\/schema\/logo\/image\/"},"sameAs":["https:\/\/www.facebook.com\/gabitelingenieros\/","https:\/\/es.linkedin.com\/company\/gabitel-ingenieros"]},{"@type":"Person","@id":"https:\/\/gabitel.net\/en\/#\/schema\/person\/37ba53714c3fedb9c7d22f4bc781465c","name":"user.autor","url":"https:\/\/gabitel.net\/en\/author\/user-autor\/"}]}},"_links":{"self":[{"href":"https:\/\/gabitel.net\/en\/wp-json\/wp\/v2\/posts\/32964","targetHints":{"allow":["GET"]}}],"collection":[{"href":"https:\/\/gabitel.net\/en\/wp-json\/wp\/v2\/posts"}],"about":[{"href":"https:\/\/gabitel.net\/en\/wp-json\/wp\/v2\/types\/post"}],"author":[{"embeddable":true,"href":"https:\/\/gabitel.net\/en\/wp-json\/wp\/v2\/users\/3"}],"replies":[{"embeddable":true,"href":"https:\/\/gabitel.net\/en\/wp-json\/wp\/v2\/comments?post=32964"}],"version-history":[{"count":0,"href":"https:\/\/gabitel.net\/en\/wp-json\/wp\/v2\/posts\/32964\/revisions"}],"wp:featuredmedia":[{"embeddable":true,"href":"https:\/\/gabitel.net\/en\/wp-json\/wp\/v2\/media\/34239"}],"wp:attachment":[{"href":"https:\/\/gabitel.net\/en\/wp-json\/wp\/v2\/media?parent=32964"}],"wp:term":[{"taxonomy":"category","embeddable":true,"href":"https:\/\/gabitel.net\/en\/wp-json\/wp\/v2\/categories?post=32964"},{"taxonomy":"post_tag","embeddable":true,"href":"https:\/\/gabitel.net\/en\/wp-json\/wp\/v2\/tags?post=32964"}],"curies":[{"name":"wp","href":"https:\/\/api.w.org\/{rel}","templated":true}]}}