{"id":32974,"date":"2021-10-08T09:54:13","date_gmt":"2021-10-08T07:54:13","guid":{"rendered":"https:\/\/gabitel.net\/nuestro-equipo-entrevista-a-adrian-sanchez\/"},"modified":"2021-10-08T09:54:13","modified_gmt":"2021-10-08T07:54:13","slug":"nuestro-equipo-entrevista-a-adrian-sanchez","status":"publish","type":"post","link":"https:\/\/gabitel.net\/en\/nuestro-equipo-entrevista-a-adrian-sanchez\/","title":{"rendered":"Nuestro equipo. Entrevista a Adri\u00e1n S\u00e1nchez"},"content":{"rendered":"<ul>\n<li style=\"text-align: justify;\"><strong>\u00bfC\u00f3mo fueron tus inicios en Gabitel?<\/strong><\/li>\n<\/ul>\n<p style=\"text-align: justify;\">Mis inicios fueron buenos, al acabar la FP de Grado Superior de Telecomunicaciones me dieron la oportunidad de empezar como becario en marzo de 2019 para el proyecto Lyntia. Luego me dieron la buena noticia de que iba a ser contratado para este proyecto aunque dur\u00f3 poco, hasta agosto de ese mismo a\u00f1o, aunque desde la empresa me manifestaron que quer\u00edan que siguiese en otro proyecto y acab\u00e9 en la UTE desarrollando trabajos para EDE.<\/p>\n<p>&nbsp;<\/p>\n<ul style=\"text-align: justify;\">\n<li><strong>\u00bfQu\u00e9 signific\u00f3 para ti poder empezar a trabajar en nuestra empresa?<\/strong><\/li>\n<\/ul>\n<p style=\"text-align: justify;\">Signific\u00f3 dar un gran paso tanto laboral como personal, ya que fue mi primer trabajo, y una oportunidad para seguir desarroll\u00e1ndome.<\/p>\n<p>&nbsp;<\/p>\n<ul style=\"text-align: justify;\">\n<li><strong>\u00bfQu\u00e9 te ha motivado para asumir el reto de iniciar nuestro nuevo proyecto con Endesa en Catalu\u00f1a?<\/strong><\/li>\n<\/ul>\n<p style=\"text-align: justify;\">Lo que me ha motivado ha sido el empezar de cero en una zona que desconozco y poder aplicar todo el conocimiento que traigo de Andaluc\u00eda. Creo que es una oportunidad para seguir aprendiendo y poder conocer c\u00f3mo trabajan las dem\u00e1s zonas para poder mejorar tanto en las que ten\u00edamos antiguamente como las nuevas. Al principio me lo planteaba con dudas pero tambi\u00e9n se lo debo en parte a mis compa\u00f1eros de Sevilla que me han animado a dar el paso.<\/p>\n<p>&nbsp;<\/p>\n<ul style=\"text-align: justify;\">\n<li><strong>Despu\u00e9s de estas primeras semanas, \u00bfc\u00f3mo est\u00e1 resultando la experiencia de tu traslado a Tarragona?<\/strong><\/li>\n<\/ul>\n<p style=\"text-align: justify;\">Al principio estaba un poco perdido como es normal, pero he tenido la suerte de venir acompa\u00f1ado de unos buenos compa\u00f1eros de Sevilla y Huelva que han hecho posible la adaptaci\u00f3n m\u00e1s r\u00e1pida, y de los compa\u00f1eros de la nueva oficina que desde el primer momento han puesto de su parte para que nos sinti\u00e9semos c\u00f3modos. Tambi\u00e9n debo destacar la zona en la que nos estamos quedando, La Pineda, que es un lugar maravilloso con gente bastante agradable.<\/p>\n<p>&nbsp;<\/p>\n<ul style=\"text-align: justify;\">\n<li><strong>Por conocerte mejor a nivel personal, cuando finaliza tu jornada laboral, \u00bfqu\u00e9 te gusta hacer en tu tiempo libre y de ocio?<\/strong><\/li>\n<\/ul>\n<p style=\"text-align: justify;\">Generalmente voy al gimnasio, juego a f\u00fatbol sala con los amigos, y en ocasiones, voy al cine. Tambi\u00e9n estoy empezando a leer libros de literatura fant\u00e1stica y veo anime. Aunque todo esto pasa a un segundo plano cuando juega el Betis.<\/p>\n<p>&nbsp;<\/p>\n<ul style=\"text-align: justify;\">\n<li><strong>Aqu\u00ed va la pregunta de Marta, compa\u00f1era que hizo la entrevista el mes anterior:\u00a0<em>\u00bfqu\u00e9 viaje que hayas hecho o que tengas planeado hacer nos recomendar\u00edas?<\/em><\/strong><\/li>\n<\/ul>\n<p style=\"text-align: justify;\">Uno de los viajes que tengo planteado es ir a Jap\u00f3n y otro ir a Argentina. En el caso de Jap\u00f3n me gustar\u00eda ir a Kioto y Tokio, aparte del monte Fuji, y en el caso de Argentina, la historia viene por un amigo al que conoc\u00ed que no paraba de hablarme de los asados argentinos y los paisajes, como el Parque Nacional Los Glaciares y quedamos que llegar\u00eda el d\u00eda que le diese la oportunidad de ense\u00f1arme eso que dice que es lo mejor de Argentina.<\/p>\n<p>&nbsp;<\/p>\n<ul style=\"text-align: justify;\">\n<li><strong>Env\u00eda una pregunta al pr\u00f3ximo compa\u00f1ero que entrevistaremos en el bolet\u00edn siguiente<\/strong><\/li>\n<\/ul>\n<p style=\"text-align: justify;\">Con respecto a la pregunta, y siguiendo con el tema viajes: cuando sales de viaje, \u00bferes una persona que prefiere llevarlo todo al detalle, o prefieres perderte y salir a la aventura?<\/p>\n","protected":false},"excerpt":{"rendered":"<p>\u00bfC\u00f3mo fueron tus inicios en Gabitel? Mis inicios fueron buenos, al acabar la FP de Grado Superior de Telecomunicaciones me dieron la oportunidad de empezar como becario en marzo de 2019 para el proyecto Lyntia. Luego me dieron la buena noticia de que iba a ser contratado para este proyecto aunque dur\u00f3 poco, hasta agosto [&hellip;]<\/p>\n","protected":false},"author":3,"featured_media":34167,"comment_status":"closed","ping_status":"closed","sticky":false,"template":"","format":"standard","meta":{"content-type":"","footnotes":""},"categories":[601],"tags":[],"class_list":["post-32974","post","type-post","status-publish","format-standard","has-post-thumbnail","hentry","category-off-topic-en"],"yoast_head":"<!-- This site is optimized with the Yoast SEO plugin v27.5 - https:\/\/yoast.com\/product\/yoast-seo-wordpress\/ -->\n<title>Nuestro equipo. Entrevista a Adri\u00e1n S\u00e1nchez - Gabitel<\/title>\n<meta name=\"robots\" content=\"index, follow, max-snippet:-1, max-image-preview:large, max-video-preview:-1\" \/>\n<link rel=\"canonical\" href=\"https:\/\/gabitel.net\/en\/nuestro-equipo-entrevista-a-adrian-sanchez\/\" \/>\n<meta property=\"og:locale\" content=\"en_US\" \/>\n<meta property=\"og:type\" content=\"article\" \/>\n<meta property=\"og:title\" content=\"Nuestro equipo. Entrevista a Adri\u00e1n S\u00e1nchez - Gabitel\" \/>\n<meta property=\"og:description\" content=\"\u00bfC\u00f3mo fueron tus inicios en Gabitel? Mis inicios fueron buenos, al acabar la FP de Grado Superior de Telecomunicaciones me dieron la oportunidad de empezar como becario en marzo de 2019 para el proyecto Lyntia. Luego me dieron la buena noticia de que iba a ser contratado para este proyecto aunque dur\u00f3 poco, hasta agosto [&hellip;]\" \/>\n<meta property=\"og:url\" content=\"https:\/\/gabitel.net\/en\/nuestro-equipo-entrevista-a-adrian-sanchez\/\" \/>\n<meta property=\"og:site_name\" content=\"Gabitel\" \/>\n<meta property=\"article:publisher\" content=\"https:\/\/www.facebook.com\/gabitelingenieros\/\" \/>\n<meta property=\"article:published_time\" content=\"2021-10-08T07:54:13+00:00\" \/>\n<meta name=\"author\" content=\"user.autor\" \/>\n<meta name=\"twitter:card\" content=\"summary_large_image\" \/>\n<meta name=\"twitter:label1\" content=\"Written by\" \/>\n\t<meta name=\"twitter:data1\" content=\"user.autor\" \/>\n\t<meta name=\"twitter:label2\" content=\"Est. reading time\" \/>\n\t<meta name=\"twitter:data2\" content=\"3 minutes\" \/>\n<script type=\"application\/ld+json\" class=\"yoast-schema-graph\">{\"@context\":\"https:\\\/\\\/schema.org\",\"@graph\":[{\"@type\":[\"Article\",\"BlogPosting\"],\"@id\":\"https:\\\/\\\/gabitel.net\\\/en\\\/nuestro-equipo-entrevista-a-adrian-sanchez\\\/#article\",\"isPartOf\":{\"@id\":\"https:\\\/\\\/gabitel.net\\\/en\\\/nuestro-equipo-entrevista-a-adrian-sanchez\\\/\"},\"author\":{\"name\":\"user.autor\",\"@id\":\"https:\\\/\\\/gabitel.net\\\/en\\\/#\\\/schema\\\/person\\\/37ba53714c3fedb9c7d22f4bc781465c\"},\"headline\":\"Nuestro equipo. Entrevista a Adri\u00e1n S\u00e1nchez\",\"datePublished\":\"2021-10-08T07:54:13+00:00\",\"mainEntityOfPage\":{\"@id\":\"https:\\\/\\\/gabitel.net\\\/en\\\/nuestro-equipo-entrevista-a-adrian-sanchez\\\/\"},\"wordCount\":574,\"publisher\":{\"@id\":\"https:\\\/\\\/gabitel.net\\\/en\\\/#organization\"},\"image\":{\"@id\":\"https:\\\/\\\/gabitel.net\\\/en\\\/nuestro-equipo-entrevista-a-adrian-sanchez\\\/#primaryimage\"},\"thumbnailUrl\":\"https:\\\/\\\/gabitel.net\\\/wp-content\\\/uploads\\\/2021\\\/10\\\/ADRIAN-SANCHEZ-min.png\",\"articleSection\":[\"Off-topic\"],\"inLanguage\":\"en-US\"},{\"@type\":\"WebPage\",\"@id\":\"https:\\\/\\\/gabitel.net\\\/en\\\/nuestro-equipo-entrevista-a-adrian-sanchez\\\/\",\"url\":\"https:\\\/\\\/gabitel.net\\\/en\\\/nuestro-equipo-entrevista-a-adrian-sanchez\\\/\",\"name\":\"Nuestro equipo. Entrevista a Adri\u00e1n S\u00e1nchez - Gabitel\",\"isPartOf\":{\"@id\":\"https:\\\/\\\/gabitel.net\\\/en\\\/#website\"},\"primaryImageOfPage\":{\"@id\":\"https:\\\/\\\/gabitel.net\\\/en\\\/nuestro-equipo-entrevista-a-adrian-sanchez\\\/#primaryimage\"},\"image\":{\"@id\":\"https:\\\/\\\/gabitel.net\\\/en\\\/nuestro-equipo-entrevista-a-adrian-sanchez\\\/#primaryimage\"},\"thumbnailUrl\":\"https:\\\/\\\/gabitel.net\\\/wp-content\\\/uploads\\\/2021\\\/10\\\/ADRIAN-SANCHEZ-min.png\",\"datePublished\":\"2021-10-08T07:54:13+00:00\",\"breadcrumb\":{\"@id\":\"https:\\\/\\\/gabitel.net\\\/en\\\/nuestro-equipo-entrevista-a-adrian-sanchez\\\/#breadcrumb\"},\"inLanguage\":\"en-US\",\"potentialAction\":[{\"@type\":\"ReadAction\",\"target\":[\"https:\\\/\\\/gabitel.net\\\/en\\\/nuestro-equipo-entrevista-a-adrian-sanchez\\\/\"]}]},{\"@type\":\"ImageObject\",\"inLanguage\":\"en-US\",\"@id\":\"https:\\\/\\\/gabitel.net\\\/en\\\/nuestro-equipo-entrevista-a-adrian-sanchez\\\/#primaryimage\",\"url\":\"https:\\\/\\\/gabitel.net\\\/wp-content\\\/uploads\\\/2021\\\/10\\\/ADRIAN-SANCHEZ-min.png\",\"contentUrl\":\"https:\\\/\\\/gabitel.net\\\/wp-content\\\/uploads\\\/2021\\\/10\\\/ADRIAN-SANCHEZ-min.png\",\"width\":250,\"height\":250,\"caption\":\"ADRIAN-SANCHEZ\"},{\"@type\":\"BreadcrumbList\",\"@id\":\"https:\\\/\\\/gabitel.net\\\/en\\\/nuestro-equipo-entrevista-a-adrian-sanchez\\\/#breadcrumb\",\"itemListElement\":[{\"@type\":\"ListItem\",\"position\":1,\"name\":\"Portada\",\"item\":\"https:\\\/\\\/gabitel.net\\\/en\\\/\"},{\"@type\":\"ListItem\",\"position\":2,\"name\":\"Nuestro equipo. Entrevista a Adri\u00e1n S\u00e1nchez\"}]},{\"@type\":\"WebSite\",\"@id\":\"https:\\\/\\\/gabitel.net\\\/en\\\/#website\",\"url\":\"https:\\\/\\\/gabitel.net\\\/en\\\/\",\"name\":\"Gabitel\",\"description\":\"\",\"publisher\":{\"@id\":\"https:\\\/\\\/gabitel.net\\\/en\\\/#organization\"},\"potentialAction\":[{\"@type\":\"SearchAction\",\"target\":{\"@type\":\"EntryPoint\",\"urlTemplate\":\"https:\\\/\\\/gabitel.net\\\/en\\\/?s={search_term_string}\"},\"query-input\":{\"@type\":\"PropertyValueSpecification\",\"valueRequired\":true,\"valueName\":\"search_term_string\"}}],\"inLanguage\":\"en-US\"},{\"@type\":\"Organization\",\"@id\":\"https:\\\/\\\/gabitel.net\\\/en\\\/#organization\",\"name\":\"Gabitel\",\"url\":\"https:\\\/\\\/gabitel.net\\\/en\\\/\",\"logo\":{\"@type\":\"ImageObject\",\"inLanguage\":\"en-US\",\"@id\":\"https:\\\/\\\/gabitel.net\\\/en\\\/#\\\/schema\\\/logo\\\/image\\\/\",\"url\":\"https:\\\/\\\/gabitel.net\\\/wp-content\\\/uploads\\\/2025\\\/05\\\/logo_gabitel.jpg\",\"contentUrl\":\"https:\\\/\\\/gabitel.net\\\/wp-content\\\/uploads\\\/2025\\\/05\\\/logo_gabitel.jpg\",\"width\":2560,\"height\":1330,\"caption\":\"Gabitel\"},\"image\":{\"@id\":\"https:\\\/\\\/gabitel.net\\\/en\\\/#\\\/schema\\\/logo\\\/image\\\/\"},\"sameAs\":[\"https:\\\/\\\/www.facebook.com\\\/gabitelingenieros\\\/\",\"https:\\\/\\\/es.linkedin.com\\\/company\\\/gabitel-ingenieros\"]},{\"@type\":\"Person\",\"@id\":\"https:\\\/\\\/gabitel.net\\\/en\\\/#\\\/schema\\\/person\\\/37ba53714c3fedb9c7d22f4bc781465c\",\"name\":\"user.autor\",\"url\":\"https:\\\/\\\/gabitel.net\\\/en\\\/author\\\/user-autor\\\/\"}]}<\/script>\n<!-- \/ Yoast SEO plugin. -->","yoast_head_json":{"title":"Nuestro equipo. Entrevista a Adri\u00e1n S\u00e1nchez - Gabitel","robots":{"index":"index","follow":"follow","max-snippet":"max-snippet:-1","max-image-preview":"max-image-preview:large","max-video-preview":"max-video-preview:-1"},"canonical":"https:\/\/gabitel.net\/en\/nuestro-equipo-entrevista-a-adrian-sanchez\/","og_locale":"en_US","og_type":"article","og_title":"Nuestro equipo. Entrevista a Adri\u00e1n S\u00e1nchez - Gabitel","og_description":"\u00bfC\u00f3mo fueron tus inicios en Gabitel? Mis inicios fueron buenos, al acabar la FP de Grado Superior de Telecomunicaciones me dieron la oportunidad de empezar como becario en marzo de 2019 para el proyecto Lyntia. Luego me dieron la buena noticia de que iba a ser contratado para este proyecto aunque dur\u00f3 poco, hasta agosto [&hellip;]","og_url":"https:\/\/gabitel.net\/en\/nuestro-equipo-entrevista-a-adrian-sanchez\/","og_site_name":"Gabitel","article_publisher":"https:\/\/www.facebook.com\/gabitelingenieros\/","article_published_time":"2021-10-08T07:54:13+00:00","author":"user.autor","twitter_card":"summary_large_image","twitter_misc":{"Written by":"user.autor","Est. reading time":"3 minutes"},"schema":{"@context":"https:\/\/schema.org","@graph":[{"@type":["Article","BlogPosting"],"@id":"https:\/\/gabitel.net\/en\/nuestro-equipo-entrevista-a-adrian-sanchez\/#article","isPartOf":{"@id":"https:\/\/gabitel.net\/en\/nuestro-equipo-entrevista-a-adrian-sanchez\/"},"author":{"name":"user.autor","@id":"https:\/\/gabitel.net\/en\/#\/schema\/person\/37ba53714c3fedb9c7d22f4bc781465c"},"headline":"Nuestro equipo. Entrevista a Adri\u00e1n S\u00e1nchez","datePublished":"2021-10-08T07:54:13+00:00","mainEntityOfPage":{"@id":"https:\/\/gabitel.net\/en\/nuestro-equipo-entrevista-a-adrian-sanchez\/"},"wordCount":574,"publisher":{"@id":"https:\/\/gabitel.net\/en\/#organization"},"image":{"@id":"https:\/\/gabitel.net\/en\/nuestro-equipo-entrevista-a-adrian-sanchez\/#primaryimage"},"thumbnailUrl":"https:\/\/gabitel.net\/wp-content\/uploads\/2021\/10\/ADRIAN-SANCHEZ-min.png","articleSection":["Off-topic"],"inLanguage":"en-US"},{"@type":"WebPage","@id":"https:\/\/gabitel.net\/en\/nuestro-equipo-entrevista-a-adrian-sanchez\/","url":"https:\/\/gabitel.net\/en\/nuestro-equipo-entrevista-a-adrian-sanchez\/","name":"Nuestro equipo. Entrevista a Adri\u00e1n S\u00e1nchez - Gabitel","isPartOf":{"@id":"https:\/\/gabitel.net\/en\/#website"},"primaryImageOfPage":{"@id":"https:\/\/gabitel.net\/en\/nuestro-equipo-entrevista-a-adrian-sanchez\/#primaryimage"},"image":{"@id":"https:\/\/gabitel.net\/en\/nuestro-equipo-entrevista-a-adrian-sanchez\/#primaryimage"},"thumbnailUrl":"https:\/\/gabitel.net\/wp-content\/uploads\/2021\/10\/ADRIAN-SANCHEZ-min.png","datePublished":"2021-10-08T07:54:13+00:00","breadcrumb":{"@id":"https:\/\/gabitel.net\/en\/nuestro-equipo-entrevista-a-adrian-sanchez\/#breadcrumb"},"inLanguage":"en-US","potentialAction":[{"@type":"ReadAction","target":["https:\/\/gabitel.net\/en\/nuestro-equipo-entrevista-a-adrian-sanchez\/"]}]},{"@type":"ImageObject","inLanguage":"en-US","@id":"https:\/\/gabitel.net\/en\/nuestro-equipo-entrevista-a-adrian-sanchez\/#primaryimage","url":"https:\/\/gabitel.net\/wp-content\/uploads\/2021\/10\/ADRIAN-SANCHEZ-min.png","contentUrl":"https:\/\/gabitel.net\/wp-content\/uploads\/2021\/10\/ADRIAN-SANCHEZ-min.png","width":250,"height":250,"caption":"ADRIAN-SANCHEZ"},{"@type":"BreadcrumbList","@id":"https:\/\/gabitel.net\/en\/nuestro-equipo-entrevista-a-adrian-sanchez\/#breadcrumb","itemListElement":[{"@type":"ListItem","position":1,"name":"Portada","item":"https:\/\/gabitel.net\/en\/"},{"@type":"ListItem","position":2,"name":"Nuestro equipo. Entrevista a Adri\u00e1n S\u00e1nchez"}]},{"@type":"WebSite","@id":"https:\/\/gabitel.net\/en\/#website","url":"https:\/\/gabitel.net\/en\/","name":"Gabitel","description":"","publisher":{"@id":"https:\/\/gabitel.net\/en\/#organization"},"potentialAction":[{"@type":"SearchAction","target":{"@type":"EntryPoint","urlTemplate":"https:\/\/gabitel.net\/en\/?s={search_term_string}"},"query-input":{"@type":"PropertyValueSpecification","valueRequired":true,"valueName":"search_term_string"}}],"inLanguage":"en-US"},{"@type":"Organization","@id":"https:\/\/gabitel.net\/en\/#organization","name":"Gabitel","url":"https:\/\/gabitel.net\/en\/","logo":{"@type":"ImageObject","inLanguage":"en-US","@id":"https:\/\/gabitel.net\/en\/#\/schema\/logo\/image\/","url":"https:\/\/gabitel.net\/wp-content\/uploads\/2025\/05\/logo_gabitel.jpg","contentUrl":"https:\/\/gabitel.net\/wp-content\/uploads\/2025\/05\/logo_gabitel.jpg","width":2560,"height":1330,"caption":"Gabitel"},"image":{"@id":"https:\/\/gabitel.net\/en\/#\/schema\/logo\/image\/"},"sameAs":["https:\/\/www.facebook.com\/gabitelingenieros\/","https:\/\/es.linkedin.com\/company\/gabitel-ingenieros"]},{"@type":"Person","@id":"https:\/\/gabitel.net\/en\/#\/schema\/person\/37ba53714c3fedb9c7d22f4bc781465c","name":"user.autor","url":"https:\/\/gabitel.net\/en\/author\/user-autor\/"}]}},"_links":{"self":[{"href":"https:\/\/gabitel.net\/en\/wp-json\/wp\/v2\/posts\/32974","targetHints":{"allow":["GET"]}}],"collection":[{"href":"https:\/\/gabitel.net\/en\/wp-json\/wp\/v2\/posts"}],"about":[{"href":"https:\/\/gabitel.net\/en\/wp-json\/wp\/v2\/types\/post"}],"author":[{"embeddable":true,"href":"https:\/\/gabitel.net\/en\/wp-json\/wp\/v2\/users\/3"}],"replies":[{"embeddable":true,"href":"https:\/\/gabitel.net\/en\/wp-json\/wp\/v2\/comments?post=32974"}],"version-history":[{"count":0,"href":"https:\/\/gabitel.net\/en\/wp-json\/wp\/v2\/posts\/32974\/revisions"}],"wp:featuredmedia":[{"embeddable":true,"href":"https:\/\/gabitel.net\/en\/wp-json\/wp\/v2\/media\/34167"}],"wp:attachment":[{"href":"https:\/\/gabitel.net\/en\/wp-json\/wp\/v2\/media?parent=32974"}],"wp:term":[{"taxonomy":"category","embeddable":true,"href":"https:\/\/gabitel.net\/en\/wp-json\/wp\/v2\/categories?post=32974"},{"taxonomy":"post_tag","embeddable":true,"href":"https:\/\/gabitel.net\/en\/wp-json\/wp\/v2\/tags?post=32974"}],"curies":[{"name":"wp","href":"https:\/\/api.w.org\/{rel}","templated":true}]}}