{"id":32976,"date":"2021-10-08T08:15:41","date_gmt":"2021-10-08T06:15:41","guid":{"rendered":"https:\/\/gabitel.net\/primera-jubilacion-de-gabitel-francisco-perez-rivero\/"},"modified":"2021-10-08T08:15:41","modified_gmt":"2021-10-08T06:15:41","slug":"primera-jubilacion-de-gabitel-francisco-perez-rivero","status":"publish","type":"post","link":"https:\/\/gabitel.net\/en\/primera-jubilacion-de-gabitel-francisco-perez-rivero\/","title":{"rendered":"Primera Jubilaci\u00f3n de Gabitel: Francisco P\u00e9rez Rivero"},"content":{"rendered":"<p style=\"text-align: justify;\"><strong>FRANCISCO PEREZ RIVERO<\/strong>, 67 a\u00f1os, trabajador de Gabitel Ingenieros desde enero de 2010\u2026 lleg\u00f3 tu momento esperado\u2026\u2026. LA JUBILACION.<\/p>\n<p style=\"text-align: justify;\">Despu\u00e9s de una gran trayectoria profesional por distintas empresas, en 2010 entra a forma parte de la familia Gabitel. Entre sus funciones m\u00e1s caracter\u00edsticas y destacadas ha sido la de realizar <em>Las Ac\u00fasticas<\/em> para apertura de locales y Ac\u00fasticas por contaminaci\u00f3n de ruido y estudios de aislamiento, as\u00ed como la realizaci\u00f3n de Proyectos de ICT y mediciones t\u00e9rmicas. Esta era su actividad principal pero siempre ha estado dispuesto a colaborar con otros departamentos, cada vez que se ha necesitado siendo uno m\u00e1s del equipo, especialmente realizando los planos que fueran necesario en su faceta de delineante.<\/p>\n<p style=\"text-align: justify;\">Han sido doce a\u00f1os de esfuerzo y dedicaci\u00f3n y ha llegado el momento de la merecida jubilaci\u00f3n, que se hizo efectiva a finales del pasado mes de septiembre. Francisco, ya ha llegado el momento de dedicarlo a tus aficiones, como el futbol, y m\u00e1s a\u00fan si hablamos de TU RECREATIVO DE HUELVA.<\/p>\n<p style=\"text-align: justify;\">Francisco, un hombre tranquilo, discreto, comedido, que ha sido un buen compa\u00f1ero para todo el que ha trabajado con \u00e9l, tambi\u00e9n un amigo y una magnifica persona. Se te va a echar mucho de menos.<\/p>\n<p style=\"text-align: justify;\">Con esta peque\u00f1a dedicatoria, queremos agradecerte, de parte de todo el equipo de Gabitel, la entrega dedicada a tu trabajo, tu buen hacer y disponibilidad constante. A su vez, hacerte llegar el cari\u00f1o de tus compa\u00f1eros por el apoyo incondicional que siempre has mostrado y tu capacidad ense\u00f1ar y hacer posible trasmitir tu conocimiento junto con tu experiencia, que no es poco, para que tu legado continues con nosotros.<\/p>\n<p style=\"text-align: justify;\">Deseamos que esta nueva etapa d que inicias sea lo que esperas y disfrutes de tu tiempo.<\/p>\n<p style=\"text-align: justify;\">Un abrazo<\/p>\n","protected":false},"excerpt":{"rendered":"<p>FRANCISCO PEREZ RIVERO, 67 a\u00f1os, trabajador de Gabitel Ingenieros desde enero de 2010\u2026 lleg\u00f3 tu momento esperado\u2026\u2026. LA JUBILACION. Despu\u00e9s de una gran trayectoria profesional por distintas empresas, en 2010 entra a forma parte de la familia Gabitel. Entre sus funciones m\u00e1s caracter\u00edsticas y destacadas ha sido la de realizar Las Ac\u00fasticas para apertura de [&hellip;]<\/p>\n","protected":false},"author":3,"featured_media":0,"comment_status":"closed","ping_status":"closed","sticky":false,"template":"","format":"standard","meta":{"content-type":"","footnotes":""},"categories":[601],"tags":[],"class_list":["post-32976","post","type-post","status-publish","format-standard","hentry","category-off-topic-en"],"yoast_head":"<!-- This site is optimized with the Yoast SEO plugin v27.5 - https:\/\/yoast.com\/product\/yoast-seo-wordpress\/ -->\n<title>Primera Jubilaci\u00f3n de Gabitel: Francisco P\u00e9rez Rivero - Gabitel<\/title>\n<meta name=\"robots\" content=\"index, follow, max-snippet:-1, max-image-preview:large, max-video-preview:-1\" \/>\n<link rel=\"canonical\" href=\"https:\/\/gabitel.net\/en\/primera-jubilacion-de-gabitel-francisco-perez-rivero\/\" \/>\n<meta property=\"og:locale\" content=\"en_US\" \/>\n<meta property=\"og:type\" content=\"article\" \/>\n<meta property=\"og:title\" content=\"Primera Jubilaci\u00f3n de Gabitel: Francisco P\u00e9rez Rivero - Gabitel\" \/>\n<meta property=\"og:description\" content=\"FRANCISCO PEREZ RIVERO, 67 a\u00f1os, trabajador de Gabitel Ingenieros desde enero de 2010\u2026 lleg\u00f3 tu momento esperado\u2026\u2026. LA JUBILACION. Despu\u00e9s de una gran trayectoria profesional por distintas empresas, en 2010 entra a forma parte de la familia Gabitel. Entre sus funciones m\u00e1s caracter\u00edsticas y destacadas ha sido la de realizar Las Ac\u00fasticas para apertura de [&hellip;]\" \/>\n<meta property=\"og:url\" content=\"https:\/\/gabitel.net\/en\/primera-jubilacion-de-gabitel-francisco-perez-rivero\/\" \/>\n<meta property=\"og:site_name\" content=\"Gabitel\" \/>\n<meta property=\"article:publisher\" content=\"https:\/\/www.facebook.com\/gabitelingenieros\/\" \/>\n<meta property=\"article:published_time\" content=\"2021-10-08T06:15:41+00:00\" \/>\n<meta name=\"author\" content=\"user.autor\" \/>\n<meta name=\"twitter:card\" content=\"summary_large_image\" \/>\n<meta name=\"twitter:label1\" content=\"Written by\" \/>\n\t<meta name=\"twitter:data1\" content=\"user.autor\" \/>\n\t<meta name=\"twitter:label2\" content=\"Est. reading time\" \/>\n\t<meta name=\"twitter:data2\" content=\"2 minutes\" \/>\n<script type=\"application\/ld+json\" class=\"yoast-schema-graph\">{\"@context\":\"https:\\\/\\\/schema.org\",\"@graph\":[{\"@type\":[\"Article\",\"BlogPosting\"],\"@id\":\"https:\\\/\\\/gabitel.net\\\/en\\\/primera-jubilacion-de-gabitel-francisco-perez-rivero\\\/#article\",\"isPartOf\":{\"@id\":\"https:\\\/\\\/gabitel.net\\\/en\\\/primera-jubilacion-de-gabitel-francisco-perez-rivero\\\/\"},\"author\":{\"name\":\"user.autor\",\"@id\":\"https:\\\/\\\/gabitel.net\\\/en\\\/#\\\/schema\\\/person\\\/37ba53714c3fedb9c7d22f4bc781465c\"},\"headline\":\"Primera Jubilaci\u00f3n de Gabitel: Francisco P\u00e9rez Rivero\",\"datePublished\":\"2021-10-08T06:15:41+00:00\",\"mainEntityOfPage\":{\"@id\":\"https:\\\/\\\/gabitel.net\\\/en\\\/primera-jubilacion-de-gabitel-francisco-perez-rivero\\\/\"},\"wordCount\":317,\"publisher\":{\"@id\":\"https:\\\/\\\/gabitel.net\\\/en\\\/#organization\"},\"articleSection\":[\"Off-topic\"],\"inLanguage\":\"en-US\"},{\"@type\":\"WebPage\",\"@id\":\"https:\\\/\\\/gabitel.net\\\/en\\\/primera-jubilacion-de-gabitel-francisco-perez-rivero\\\/\",\"url\":\"https:\\\/\\\/gabitel.net\\\/en\\\/primera-jubilacion-de-gabitel-francisco-perez-rivero\\\/\",\"name\":\"Primera Jubilaci\u00f3n de Gabitel: Francisco P\u00e9rez Rivero - Gabitel\",\"isPartOf\":{\"@id\":\"https:\\\/\\\/gabitel.net\\\/en\\\/#website\"},\"datePublished\":\"2021-10-08T06:15:41+00:00\",\"breadcrumb\":{\"@id\":\"https:\\\/\\\/gabitel.net\\\/en\\\/primera-jubilacion-de-gabitel-francisco-perez-rivero\\\/#breadcrumb\"},\"inLanguage\":\"en-US\",\"potentialAction\":[{\"@type\":\"ReadAction\",\"target\":[\"https:\\\/\\\/gabitel.net\\\/en\\\/primera-jubilacion-de-gabitel-francisco-perez-rivero\\\/\"]}]},{\"@type\":\"BreadcrumbList\",\"@id\":\"https:\\\/\\\/gabitel.net\\\/en\\\/primera-jubilacion-de-gabitel-francisco-perez-rivero\\\/#breadcrumb\",\"itemListElement\":[{\"@type\":\"ListItem\",\"position\":1,\"name\":\"Portada\",\"item\":\"https:\\\/\\\/gabitel.net\\\/en\\\/\"},{\"@type\":\"ListItem\",\"position\":2,\"name\":\"Primera Jubilaci\u00f3n de Gabitel: Francisco P\u00e9rez Rivero\"}]},{\"@type\":\"WebSite\",\"@id\":\"https:\\\/\\\/gabitel.net\\\/en\\\/#website\",\"url\":\"https:\\\/\\\/gabitel.net\\\/en\\\/\",\"name\":\"Gabitel\",\"description\":\"\",\"publisher\":{\"@id\":\"https:\\\/\\\/gabitel.net\\\/en\\\/#organization\"},\"potentialAction\":[{\"@type\":\"SearchAction\",\"target\":{\"@type\":\"EntryPoint\",\"urlTemplate\":\"https:\\\/\\\/gabitel.net\\\/en\\\/?s={search_term_string}\"},\"query-input\":{\"@type\":\"PropertyValueSpecification\",\"valueRequired\":true,\"valueName\":\"search_term_string\"}}],\"inLanguage\":\"en-US\"},{\"@type\":\"Organization\",\"@id\":\"https:\\\/\\\/gabitel.net\\\/en\\\/#organization\",\"name\":\"Gabitel\",\"url\":\"https:\\\/\\\/gabitel.net\\\/en\\\/\",\"logo\":{\"@type\":\"ImageObject\",\"inLanguage\":\"en-US\",\"@id\":\"https:\\\/\\\/gabitel.net\\\/en\\\/#\\\/schema\\\/logo\\\/image\\\/\",\"url\":\"https:\\\/\\\/gabitel.net\\\/wp-content\\\/uploads\\\/2025\\\/05\\\/logo_gabitel.jpg\",\"contentUrl\":\"https:\\\/\\\/gabitel.net\\\/wp-content\\\/uploads\\\/2025\\\/05\\\/logo_gabitel.jpg\",\"width\":2560,\"height\":1330,\"caption\":\"Gabitel\"},\"image\":{\"@id\":\"https:\\\/\\\/gabitel.net\\\/en\\\/#\\\/schema\\\/logo\\\/image\\\/\"},\"sameAs\":[\"https:\\\/\\\/www.facebook.com\\\/gabitelingenieros\\\/\",\"https:\\\/\\\/es.linkedin.com\\\/company\\\/gabitel-ingenieros\"]},{\"@type\":\"Person\",\"@id\":\"https:\\\/\\\/gabitel.net\\\/en\\\/#\\\/schema\\\/person\\\/37ba53714c3fedb9c7d22f4bc781465c\",\"name\":\"user.autor\",\"url\":\"https:\\\/\\\/gabitel.net\\\/en\\\/author\\\/user-autor\\\/\"}]}<\/script>\n<!-- \/ Yoast SEO plugin. -->","yoast_head_json":{"title":"Primera Jubilaci\u00f3n de Gabitel: Francisco P\u00e9rez Rivero - Gabitel","robots":{"index":"index","follow":"follow","max-snippet":"max-snippet:-1","max-image-preview":"max-image-preview:large","max-video-preview":"max-video-preview:-1"},"canonical":"https:\/\/gabitel.net\/en\/primera-jubilacion-de-gabitel-francisco-perez-rivero\/","og_locale":"en_US","og_type":"article","og_title":"Primera Jubilaci\u00f3n de Gabitel: Francisco P\u00e9rez Rivero - Gabitel","og_description":"FRANCISCO PEREZ RIVERO, 67 a\u00f1os, trabajador de Gabitel Ingenieros desde enero de 2010\u2026 lleg\u00f3 tu momento esperado\u2026\u2026. LA JUBILACION. Despu\u00e9s de una gran trayectoria profesional por distintas empresas, en 2010 entra a forma parte de la familia Gabitel. Entre sus funciones m\u00e1s caracter\u00edsticas y destacadas ha sido la de realizar Las Ac\u00fasticas para apertura de [&hellip;]","og_url":"https:\/\/gabitel.net\/en\/primera-jubilacion-de-gabitel-francisco-perez-rivero\/","og_site_name":"Gabitel","article_publisher":"https:\/\/www.facebook.com\/gabitelingenieros\/","article_published_time":"2021-10-08T06:15:41+00:00","author":"user.autor","twitter_card":"summary_large_image","twitter_misc":{"Written by":"user.autor","Est. reading time":"2 minutes"},"schema":{"@context":"https:\/\/schema.org","@graph":[{"@type":["Article","BlogPosting"],"@id":"https:\/\/gabitel.net\/en\/primera-jubilacion-de-gabitel-francisco-perez-rivero\/#article","isPartOf":{"@id":"https:\/\/gabitel.net\/en\/primera-jubilacion-de-gabitel-francisco-perez-rivero\/"},"author":{"name":"user.autor","@id":"https:\/\/gabitel.net\/en\/#\/schema\/person\/37ba53714c3fedb9c7d22f4bc781465c"},"headline":"Primera Jubilaci\u00f3n de Gabitel: Francisco P\u00e9rez Rivero","datePublished":"2021-10-08T06:15:41+00:00","mainEntityOfPage":{"@id":"https:\/\/gabitel.net\/en\/primera-jubilacion-de-gabitel-francisco-perez-rivero\/"},"wordCount":317,"publisher":{"@id":"https:\/\/gabitel.net\/en\/#organization"},"articleSection":["Off-topic"],"inLanguage":"en-US"},{"@type":"WebPage","@id":"https:\/\/gabitel.net\/en\/primera-jubilacion-de-gabitel-francisco-perez-rivero\/","url":"https:\/\/gabitel.net\/en\/primera-jubilacion-de-gabitel-francisco-perez-rivero\/","name":"Primera Jubilaci\u00f3n de Gabitel: Francisco P\u00e9rez Rivero - Gabitel","isPartOf":{"@id":"https:\/\/gabitel.net\/en\/#website"},"datePublished":"2021-10-08T06:15:41+00:00","breadcrumb":{"@id":"https:\/\/gabitel.net\/en\/primera-jubilacion-de-gabitel-francisco-perez-rivero\/#breadcrumb"},"inLanguage":"en-US","potentialAction":[{"@type":"ReadAction","target":["https:\/\/gabitel.net\/en\/primera-jubilacion-de-gabitel-francisco-perez-rivero\/"]}]},{"@type":"BreadcrumbList","@id":"https:\/\/gabitel.net\/en\/primera-jubilacion-de-gabitel-francisco-perez-rivero\/#breadcrumb","itemListElement":[{"@type":"ListItem","position":1,"name":"Portada","item":"https:\/\/gabitel.net\/en\/"},{"@type":"ListItem","position":2,"name":"Primera Jubilaci\u00f3n de Gabitel: Francisco P\u00e9rez Rivero"}]},{"@type":"WebSite","@id":"https:\/\/gabitel.net\/en\/#website","url":"https:\/\/gabitel.net\/en\/","name":"Gabitel","description":"","publisher":{"@id":"https:\/\/gabitel.net\/en\/#organization"},"potentialAction":[{"@type":"SearchAction","target":{"@type":"EntryPoint","urlTemplate":"https:\/\/gabitel.net\/en\/?s={search_term_string}"},"query-input":{"@type":"PropertyValueSpecification","valueRequired":true,"valueName":"search_term_string"}}],"inLanguage":"en-US"},{"@type":"Organization","@id":"https:\/\/gabitel.net\/en\/#organization","name":"Gabitel","url":"https:\/\/gabitel.net\/en\/","logo":{"@type":"ImageObject","inLanguage":"en-US","@id":"https:\/\/gabitel.net\/en\/#\/schema\/logo\/image\/","url":"https:\/\/gabitel.net\/wp-content\/uploads\/2025\/05\/logo_gabitel.jpg","contentUrl":"https:\/\/gabitel.net\/wp-content\/uploads\/2025\/05\/logo_gabitel.jpg","width":2560,"height":1330,"caption":"Gabitel"},"image":{"@id":"https:\/\/gabitel.net\/en\/#\/schema\/logo\/image\/"},"sameAs":["https:\/\/www.facebook.com\/gabitelingenieros\/","https:\/\/es.linkedin.com\/company\/gabitel-ingenieros"]},{"@type":"Person","@id":"https:\/\/gabitel.net\/en\/#\/schema\/person\/37ba53714c3fedb9c7d22f4bc781465c","name":"user.autor","url":"https:\/\/gabitel.net\/en\/author\/user-autor\/"}]}},"_links":{"self":[{"href":"https:\/\/gabitel.net\/en\/wp-json\/wp\/v2\/posts\/32976","targetHints":{"allow":["GET"]}}],"collection":[{"href":"https:\/\/gabitel.net\/en\/wp-json\/wp\/v2\/posts"}],"about":[{"href":"https:\/\/gabitel.net\/en\/wp-json\/wp\/v2\/types\/post"}],"author":[{"embeddable":true,"href":"https:\/\/gabitel.net\/en\/wp-json\/wp\/v2\/users\/3"}],"replies":[{"embeddable":true,"href":"https:\/\/gabitel.net\/en\/wp-json\/wp\/v2\/comments?post=32976"}],"version-history":[{"count":0,"href":"https:\/\/gabitel.net\/en\/wp-json\/wp\/v2\/posts\/32976\/revisions"}],"wp:attachment":[{"href":"https:\/\/gabitel.net\/en\/wp-json\/wp\/v2\/media?parent=32976"}],"wp:term":[{"taxonomy":"category","embeddable":true,"href":"https:\/\/gabitel.net\/en\/wp-json\/wp\/v2\/categories?post=32976"},{"taxonomy":"post_tag","embeddable":true,"href":"https:\/\/gabitel.net\/en\/wp-json\/wp\/v2\/tags?post=32976"}],"curies":[{"name":"wp","href":"https:\/\/api.w.org\/{rel}","templated":true}]}}