{"id":32996,"date":"2021-07-01T11:52:26","date_gmt":"2021-07-01T10:52:26","guid":{"rendered":"https:\/\/gabitel.net\/nuestro-equipo-entrevista-a-gloria-perez\/"},"modified":"2021-07-01T11:52:26","modified_gmt":"2021-07-01T10:52:26","slug":"nuestro-equipo-entrevista-a-gloria-perez","status":"publish","type":"post","link":"https:\/\/gabitel.net\/en\/nuestro-equipo-entrevista-a-gloria-perez\/","title":{"rendered":"Nuestro equipo. Entrevista a Gloria P\u00e9rez"},"content":{"rendered":"<ul>\n<li style=\"text-align: justify;\"><strong>Teniendo en cuenta que eres una de las compa\u00f1eras veteranas del equipo de Gabitel \u00bfC\u00f3mo resumir\u00edas tu trayectoria profesional en todo este tiempo?<\/strong><\/li>\n<\/ul>\n<p style=\"text-align: justify;\">Pues la verdad que dentro de los compa\u00f1eros puedo considerarme veterana, ya que voy por mi quinto a\u00f1o trabajando en Gabitel. Mi trayectoria la resumo en dos palabras: crecimiento profesional, puesto que empec\u00e9 en el departamento de Endesa sin tener experiencia previa en un puesto similar ni los conocimientos t\u00e9cnicos que se necesitaban, y desde ese d\u00eda no he dejado adquirir tanto formaci\u00f3n como responsabilidades dentro de la empresa.<\/p>\n<p>&nbsp;<\/p>\n<ul style=\"text-align: justify;\">\n<li><strong>\u00bfC\u00f3mo fueron tus inicios en Gabitel?<\/strong><\/li>\n<\/ul>\n<p style=\"text-align: justify;\">Mi andadura en Gabitel comenz\u00f3 cuando en el a\u00f1o 2016 la empresa REALZA, que ese mismo a\u00f1o decidi\u00f3 unirse a Gabitel, me brind\u00f3 la oportunidad de realizar pr\u00e1cticas. Desde ese momento decidieron contar conmigo y me hicieron un huequecito en la parte de Endesa. \u00a0Mis comienzos fueron en el departamento de RPR como t\u00e9cnico de oficina ya que por el crecimiento del trabajo estaban empezando a aumentar la plantilla. No puedo decir que fue f\u00e1cil, pues para m\u00ed era todo un reto frente a un puesto que poco ten\u00eda que ver con mi campo de estudio que era la arquitectura, pero con esfuerzo, dedicaci\u00f3n e ilusi\u00f3n ahora puedo ver los resultados de ello.<\/p>\n<p style=\"text-align: justify;\">\n<p>&nbsp;<\/p>\n<ul style=\"text-align: justify;\">\n<li><strong>\u00bfQu\u00e9 retos profesionales has podido cumplir en estos a\u00f1os y cu\u00e1les consideras que a\u00fan estar por llegar?<\/strong><\/li>\n<\/ul>\n<p style=\"text-align: justify;\">Siempre he tenido la ambici\u00f3n de crecer dentro de la empresa, ya que me considero una persona con capacidad para gestionar y tomar decisiones incluso en momentos de presi\u00f3n y estr\u00e9s laboral. He pasado por todos los puestos en el departamento, desde t\u00e9cnico de oficina hasta llegar a ser responsable de proyectos y coordinadora de la oficina de Huelva, por lo que puedo decir que en los \u00faltimos a\u00f1os he logrado alcanzarlo. Agradecer siempre a la empresa que haya visto en mi las aptitudes necesarias para ello.<\/p>\n<p style=\"text-align: justify;\">\n<p>&nbsp;<\/p>\n<ul style=\"text-align: justify;\">\n<li><strong>Para saber m\u00e1s de ti a nivel personal, \u00bfnos podr\u00edas contar algunas de tus aficiones o aquello que te gusta hacer en tu tiempo libre?<\/strong><\/li>\n<\/ul>\n<p style=\"text-align: justify;\">Suelo dedicar mi tiempo libre a estar con mi familia, amigos y mis sobrinos, sobre todo en pasar tiempo con ellos al aire libre y m\u00e1s ahora que viene el tiempo de playa y nos mudamos a Malag\u00f3n. Tambi\u00e9n decir que dedic\u00f3 gran parte en ver tiendas online y claro est\u00e1, en comprar. \u00a0Como afici\u00f3n, aunque con esto del COVID no lo he podido practicar como me gustar\u00eda, est\u00e1 jugar al p\u00e1del. Es un deporte que empec\u00e9 a practicar en un momento delicado de mi vida y que me ayudo bastante. Me relaja y me hace centrarme solo en ello, desconectando de todo el estr\u00e9s del d\u00eda a d\u00eda.<\/p>\n<p style=\"text-align: justify;\">\n<p>&nbsp;<\/p>\n<ul style=\"text-align: justify;\">\n<li><strong>Si ma\u00f1ana pudi\u00e9ramos volver a la \u201cnormalidad\u201d despu\u00e9s de todo este tiempo de pandemia, \u00bfQu\u00e9 es lo primero que har\u00edas?<\/strong><\/li>\n<\/ul>\n<p style=\"text-align: justify;\">Lo primero que har\u00eda ser\u00eda reunir a toda mi familia y poder estar todos juntos. Parte de ella, vive en Madrid y en valencia, y aunque nos hemos visto, no hemos podido coincidir todos juntos.<\/p>\n<p style=\"text-align: justify;\">\n<p>&nbsp;<\/p>\n<ul style=\"text-align: justify;\">\n<li><strong>Aqu\u00ed va la pregunta que env\u00edo Francisco P\u00e9rez, que realiz\u00f3 la entrevista anterior: \u00bfCrees que las manifestaciones espont\u00e1neas de solidaridad, tanto individuales como institucionales ocurridas durante la pandemia, originar\u00e1n, en la sociedad post covid, una cultura m\u00e1s colaborativa y solidaria?<\/strong><\/li>\n<\/ul>\n<p style=\"text-align: justify;\">Yo creo que s\u00ed, esta situaci\u00f3n nos ha hecho a todos plantearnos muchas cosas y priorizar en ellas y por lo menos a m\u00ed, darme cuenta de la importancia de las cosas a las que en ocasiones le damos menos importancia.<\/p>\n<p style=\"text-align: justify;\">\n<p>&nbsp;<\/p>\n<ul style=\"text-align: justify;\">\n<li><strong>Env\u00eda una pregunta al pr\u00f3ximo compa\u00f1ero que entrevistaremos en el bolet\u00edn siguiente.<\/strong><\/li>\n<\/ul>\n<p style=\"text-align: justify;\">En el \u00e1mbito laboral \u00bfC\u00f3mo puedes decir que te ha afectado la pandemia? \u00bfte ha hecho plantearte retos completamente distintos a lo que haces?<\/p>\n<p style=\"text-align: justify;\">\n","protected":false},"excerpt":{"rendered":"<p>Teniendo en cuenta que eres una de las compa\u00f1eras veteranas del equipo de Gabitel \u00bfC\u00f3mo resumir\u00edas tu trayectoria profesional en todo este tiempo? Pues la verdad que dentro de los compa\u00f1eros puedo considerarme veterana, ya que voy por mi quinto a\u00f1o trabajando en Gabitel. Mi trayectoria la resumo en dos palabras: crecimiento profesional, puesto que [&hellip;]<\/p>\n","protected":false},"author":3,"featured_media":34037,"comment_status":"closed","ping_status":"closed","sticky":false,"template":"","format":"standard","meta":{"content-type":"","footnotes":""},"categories":[601],"tags":[],"class_list":["post-32996","post","type-post","status-publish","format-standard","has-post-thumbnail","hentry","category-off-topic-en"],"yoast_head":"<!-- This site is optimized with the Yoast SEO plugin v27.5 - https:\/\/yoast.com\/product\/yoast-seo-wordpress\/ -->\n<title>Nuestro equipo. Entrevista a Gloria P\u00e9rez - Gabitel<\/title>\n<meta name=\"robots\" content=\"index, follow, max-snippet:-1, max-image-preview:large, max-video-preview:-1\" \/>\n<link rel=\"canonical\" href=\"https:\/\/gabitel.net\/en\/nuestro-equipo-entrevista-a-gloria-perez\/\" \/>\n<meta property=\"og:locale\" content=\"en_US\" \/>\n<meta property=\"og:type\" content=\"article\" \/>\n<meta property=\"og:title\" content=\"Nuestro equipo. Entrevista a Gloria P\u00e9rez - Gabitel\" \/>\n<meta property=\"og:description\" content=\"Teniendo en cuenta que eres una de las compa\u00f1eras veteranas del equipo de Gabitel \u00bfC\u00f3mo resumir\u00edas tu trayectoria profesional en todo este tiempo? Pues la verdad que dentro de los compa\u00f1eros puedo considerarme veterana, ya que voy por mi quinto a\u00f1o trabajando en Gabitel. Mi trayectoria la resumo en dos palabras: crecimiento profesional, puesto que [&hellip;]\" \/>\n<meta property=\"og:url\" content=\"https:\/\/gabitel.net\/en\/nuestro-equipo-entrevista-a-gloria-perez\/\" \/>\n<meta property=\"og:site_name\" content=\"Gabitel\" \/>\n<meta property=\"article:publisher\" content=\"https:\/\/www.facebook.com\/gabitelingenieros\/\" \/>\n<meta property=\"article:published_time\" content=\"2021-07-01T10:52:26+00:00\" \/>\n<meta name=\"author\" content=\"user.autor\" \/>\n<meta name=\"twitter:card\" content=\"summary_large_image\" \/>\n<meta name=\"twitter:label1\" content=\"Written by\" \/>\n\t<meta name=\"twitter:data1\" content=\"user.autor\" \/>\n\t<meta name=\"twitter:label2\" content=\"Est. reading time\" \/>\n\t<meta name=\"twitter:data2\" content=\"3 minutes\" \/>\n<script type=\"application\/ld+json\" class=\"yoast-schema-graph\">{\"@context\":\"https:\\\/\\\/schema.org\",\"@graph\":[{\"@type\":[\"Article\",\"BlogPosting\"],\"@id\":\"https:\\\/\\\/gabitel.net\\\/en\\\/nuestro-equipo-entrevista-a-gloria-perez\\\/#article\",\"isPartOf\":{\"@id\":\"https:\\\/\\\/gabitel.net\\\/en\\\/nuestro-equipo-entrevista-a-gloria-perez\\\/\"},\"author\":{\"name\":\"user.autor\",\"@id\":\"https:\\\/\\\/gabitel.net\\\/en\\\/#\\\/schema\\\/person\\\/37ba53714c3fedb9c7d22f4bc781465c\"},\"headline\":\"Nuestro equipo. Entrevista a Gloria P\u00e9rez\",\"datePublished\":\"2021-07-01T10:52:26+00:00\",\"mainEntityOfPage\":{\"@id\":\"https:\\\/\\\/gabitel.net\\\/en\\\/nuestro-equipo-entrevista-a-gloria-perez\\\/\"},\"wordCount\":686,\"publisher\":{\"@id\":\"https:\\\/\\\/gabitel.net\\\/en\\\/#organization\"},\"image\":{\"@id\":\"https:\\\/\\\/gabitel.net\\\/en\\\/nuestro-equipo-entrevista-a-gloria-perez\\\/#primaryimage\"},\"thumbnailUrl\":\"https:\\\/\\\/gabitel.net\\\/wp-content\\\/uploads\\\/2021\\\/07\\\/gloriaPerez-min-scaled-e1625221504985.jpg\",\"articleSection\":[\"Off-topic\"],\"inLanguage\":\"en-US\"},{\"@type\":\"WebPage\",\"@id\":\"https:\\\/\\\/gabitel.net\\\/en\\\/nuestro-equipo-entrevista-a-gloria-perez\\\/\",\"url\":\"https:\\\/\\\/gabitel.net\\\/en\\\/nuestro-equipo-entrevista-a-gloria-perez\\\/\",\"name\":\"Nuestro equipo. Entrevista a Gloria P\u00e9rez - Gabitel\",\"isPartOf\":{\"@id\":\"https:\\\/\\\/gabitel.net\\\/en\\\/#website\"},\"primaryImageOfPage\":{\"@id\":\"https:\\\/\\\/gabitel.net\\\/en\\\/nuestro-equipo-entrevista-a-gloria-perez\\\/#primaryimage\"},\"image\":{\"@id\":\"https:\\\/\\\/gabitel.net\\\/en\\\/nuestro-equipo-entrevista-a-gloria-perez\\\/#primaryimage\"},\"thumbnailUrl\":\"https:\\\/\\\/gabitel.net\\\/wp-content\\\/uploads\\\/2021\\\/07\\\/gloriaPerez-min-scaled-e1625221504985.jpg\",\"datePublished\":\"2021-07-01T10:52:26+00:00\",\"breadcrumb\":{\"@id\":\"https:\\\/\\\/gabitel.net\\\/en\\\/nuestro-equipo-entrevista-a-gloria-perez\\\/#breadcrumb\"},\"inLanguage\":\"en-US\",\"potentialAction\":[{\"@type\":\"ReadAction\",\"target\":[\"https:\\\/\\\/gabitel.net\\\/en\\\/nuestro-equipo-entrevista-a-gloria-perez\\\/\"]}]},{\"@type\":\"ImageObject\",\"inLanguage\":\"en-US\",\"@id\":\"https:\\\/\\\/gabitel.net\\\/en\\\/nuestro-equipo-entrevista-a-gloria-perez\\\/#primaryimage\",\"url\":\"https:\\\/\\\/gabitel.net\\\/wp-content\\\/uploads\\\/2021\\\/07\\\/gloriaPerez-min-scaled-e1625221504985.jpg\",\"contentUrl\":\"https:\\\/\\\/gabitel.net\\\/wp-content\\\/uploads\\\/2021\\\/07\\\/gloriaPerez-min-scaled-e1625221504985.jpg\",\"width\":1920,\"height\":2169,\"caption\":\"gloriaPerez\"},{\"@type\":\"BreadcrumbList\",\"@id\":\"https:\\\/\\\/gabitel.net\\\/en\\\/nuestro-equipo-entrevista-a-gloria-perez\\\/#breadcrumb\",\"itemListElement\":[{\"@type\":\"ListItem\",\"position\":1,\"name\":\"Portada\",\"item\":\"https:\\\/\\\/gabitel.net\\\/en\\\/\"},{\"@type\":\"ListItem\",\"position\":2,\"name\":\"Nuestro equipo. Entrevista a Gloria P\u00e9rez\"}]},{\"@type\":\"WebSite\",\"@id\":\"https:\\\/\\\/gabitel.net\\\/en\\\/#website\",\"url\":\"https:\\\/\\\/gabitel.net\\\/en\\\/\",\"name\":\"Gabitel\",\"description\":\"\",\"publisher\":{\"@id\":\"https:\\\/\\\/gabitel.net\\\/en\\\/#organization\"},\"potentialAction\":[{\"@type\":\"SearchAction\",\"target\":{\"@type\":\"EntryPoint\",\"urlTemplate\":\"https:\\\/\\\/gabitel.net\\\/en\\\/?s={search_term_string}\"},\"query-input\":{\"@type\":\"PropertyValueSpecification\",\"valueRequired\":true,\"valueName\":\"search_term_string\"}}],\"inLanguage\":\"en-US\"},{\"@type\":\"Organization\",\"@id\":\"https:\\\/\\\/gabitel.net\\\/en\\\/#organization\",\"name\":\"Gabitel\",\"url\":\"https:\\\/\\\/gabitel.net\\\/en\\\/\",\"logo\":{\"@type\":\"ImageObject\",\"inLanguage\":\"en-US\",\"@id\":\"https:\\\/\\\/gabitel.net\\\/en\\\/#\\\/schema\\\/logo\\\/image\\\/\",\"url\":\"https:\\\/\\\/gabitel.net\\\/wp-content\\\/uploads\\\/2025\\\/05\\\/logo_gabitel.jpg\",\"contentUrl\":\"https:\\\/\\\/gabitel.net\\\/wp-content\\\/uploads\\\/2025\\\/05\\\/logo_gabitel.jpg\",\"width\":2560,\"height\":1330,\"caption\":\"Gabitel\"},\"image\":{\"@id\":\"https:\\\/\\\/gabitel.net\\\/en\\\/#\\\/schema\\\/logo\\\/image\\\/\"},\"sameAs\":[\"https:\\\/\\\/www.facebook.com\\\/gabitelingenieros\\\/\",\"https:\\\/\\\/es.linkedin.com\\\/company\\\/gabitel-ingenieros\"]},{\"@type\":\"Person\",\"@id\":\"https:\\\/\\\/gabitel.net\\\/en\\\/#\\\/schema\\\/person\\\/37ba53714c3fedb9c7d22f4bc781465c\",\"name\":\"user.autor\",\"url\":\"https:\\\/\\\/gabitel.net\\\/en\\\/author\\\/user-autor\\\/\"}]}<\/script>\n<!-- \/ Yoast SEO plugin. -->","yoast_head_json":{"title":"Nuestro equipo. Entrevista a Gloria P\u00e9rez - Gabitel","robots":{"index":"index","follow":"follow","max-snippet":"max-snippet:-1","max-image-preview":"max-image-preview:large","max-video-preview":"max-video-preview:-1"},"canonical":"https:\/\/gabitel.net\/en\/nuestro-equipo-entrevista-a-gloria-perez\/","og_locale":"en_US","og_type":"article","og_title":"Nuestro equipo. Entrevista a Gloria P\u00e9rez - Gabitel","og_description":"Teniendo en cuenta que eres una de las compa\u00f1eras veteranas del equipo de Gabitel \u00bfC\u00f3mo resumir\u00edas tu trayectoria profesional en todo este tiempo? Pues la verdad que dentro de los compa\u00f1eros puedo considerarme veterana, ya que voy por mi quinto a\u00f1o trabajando en Gabitel. Mi trayectoria la resumo en dos palabras: crecimiento profesional, puesto que [&hellip;]","og_url":"https:\/\/gabitel.net\/en\/nuestro-equipo-entrevista-a-gloria-perez\/","og_site_name":"Gabitel","article_publisher":"https:\/\/www.facebook.com\/gabitelingenieros\/","article_published_time":"2021-07-01T10:52:26+00:00","author":"user.autor","twitter_card":"summary_large_image","twitter_misc":{"Written by":"user.autor","Est. reading time":"3 minutes"},"schema":{"@context":"https:\/\/schema.org","@graph":[{"@type":["Article","BlogPosting"],"@id":"https:\/\/gabitel.net\/en\/nuestro-equipo-entrevista-a-gloria-perez\/#article","isPartOf":{"@id":"https:\/\/gabitel.net\/en\/nuestro-equipo-entrevista-a-gloria-perez\/"},"author":{"name":"user.autor","@id":"https:\/\/gabitel.net\/en\/#\/schema\/person\/37ba53714c3fedb9c7d22f4bc781465c"},"headline":"Nuestro equipo. Entrevista a Gloria P\u00e9rez","datePublished":"2021-07-01T10:52:26+00:00","mainEntityOfPage":{"@id":"https:\/\/gabitel.net\/en\/nuestro-equipo-entrevista-a-gloria-perez\/"},"wordCount":686,"publisher":{"@id":"https:\/\/gabitel.net\/en\/#organization"},"image":{"@id":"https:\/\/gabitel.net\/en\/nuestro-equipo-entrevista-a-gloria-perez\/#primaryimage"},"thumbnailUrl":"https:\/\/gabitel.net\/wp-content\/uploads\/2021\/07\/gloriaPerez-min-scaled-e1625221504985.jpg","articleSection":["Off-topic"],"inLanguage":"en-US"},{"@type":"WebPage","@id":"https:\/\/gabitel.net\/en\/nuestro-equipo-entrevista-a-gloria-perez\/","url":"https:\/\/gabitel.net\/en\/nuestro-equipo-entrevista-a-gloria-perez\/","name":"Nuestro equipo. Entrevista a Gloria P\u00e9rez - Gabitel","isPartOf":{"@id":"https:\/\/gabitel.net\/en\/#website"},"primaryImageOfPage":{"@id":"https:\/\/gabitel.net\/en\/nuestro-equipo-entrevista-a-gloria-perez\/#primaryimage"},"image":{"@id":"https:\/\/gabitel.net\/en\/nuestro-equipo-entrevista-a-gloria-perez\/#primaryimage"},"thumbnailUrl":"https:\/\/gabitel.net\/wp-content\/uploads\/2021\/07\/gloriaPerez-min-scaled-e1625221504985.jpg","datePublished":"2021-07-01T10:52:26+00:00","breadcrumb":{"@id":"https:\/\/gabitel.net\/en\/nuestro-equipo-entrevista-a-gloria-perez\/#breadcrumb"},"inLanguage":"en-US","potentialAction":[{"@type":"ReadAction","target":["https:\/\/gabitel.net\/en\/nuestro-equipo-entrevista-a-gloria-perez\/"]}]},{"@type":"ImageObject","inLanguage":"en-US","@id":"https:\/\/gabitel.net\/en\/nuestro-equipo-entrevista-a-gloria-perez\/#primaryimage","url":"https:\/\/gabitel.net\/wp-content\/uploads\/2021\/07\/gloriaPerez-min-scaled-e1625221504985.jpg","contentUrl":"https:\/\/gabitel.net\/wp-content\/uploads\/2021\/07\/gloriaPerez-min-scaled-e1625221504985.jpg","width":1920,"height":2169,"caption":"gloriaPerez"},{"@type":"BreadcrumbList","@id":"https:\/\/gabitel.net\/en\/nuestro-equipo-entrevista-a-gloria-perez\/#breadcrumb","itemListElement":[{"@type":"ListItem","position":1,"name":"Portada","item":"https:\/\/gabitel.net\/en\/"},{"@type":"ListItem","position":2,"name":"Nuestro equipo. Entrevista a Gloria P\u00e9rez"}]},{"@type":"WebSite","@id":"https:\/\/gabitel.net\/en\/#website","url":"https:\/\/gabitel.net\/en\/","name":"Gabitel","description":"","publisher":{"@id":"https:\/\/gabitel.net\/en\/#organization"},"potentialAction":[{"@type":"SearchAction","target":{"@type":"EntryPoint","urlTemplate":"https:\/\/gabitel.net\/en\/?s={search_term_string}"},"query-input":{"@type":"PropertyValueSpecification","valueRequired":true,"valueName":"search_term_string"}}],"inLanguage":"en-US"},{"@type":"Organization","@id":"https:\/\/gabitel.net\/en\/#organization","name":"Gabitel","url":"https:\/\/gabitel.net\/en\/","logo":{"@type":"ImageObject","inLanguage":"en-US","@id":"https:\/\/gabitel.net\/en\/#\/schema\/logo\/image\/","url":"https:\/\/gabitel.net\/wp-content\/uploads\/2025\/05\/logo_gabitel.jpg","contentUrl":"https:\/\/gabitel.net\/wp-content\/uploads\/2025\/05\/logo_gabitel.jpg","width":2560,"height":1330,"caption":"Gabitel"},"image":{"@id":"https:\/\/gabitel.net\/en\/#\/schema\/logo\/image\/"},"sameAs":["https:\/\/www.facebook.com\/gabitelingenieros\/","https:\/\/es.linkedin.com\/company\/gabitel-ingenieros"]},{"@type":"Person","@id":"https:\/\/gabitel.net\/en\/#\/schema\/person\/37ba53714c3fedb9c7d22f4bc781465c","name":"user.autor","url":"https:\/\/gabitel.net\/en\/author\/user-autor\/"}]}},"_links":{"self":[{"href":"https:\/\/gabitel.net\/en\/wp-json\/wp\/v2\/posts\/32996","targetHints":{"allow":["GET"]}}],"collection":[{"href":"https:\/\/gabitel.net\/en\/wp-json\/wp\/v2\/posts"}],"about":[{"href":"https:\/\/gabitel.net\/en\/wp-json\/wp\/v2\/types\/post"}],"author":[{"embeddable":true,"href":"https:\/\/gabitel.net\/en\/wp-json\/wp\/v2\/users\/3"}],"replies":[{"embeddable":true,"href":"https:\/\/gabitel.net\/en\/wp-json\/wp\/v2\/comments?post=32996"}],"version-history":[{"count":0,"href":"https:\/\/gabitel.net\/en\/wp-json\/wp\/v2\/posts\/32996\/revisions"}],"wp:featuredmedia":[{"embeddable":true,"href":"https:\/\/gabitel.net\/en\/wp-json\/wp\/v2\/media\/34037"}],"wp:attachment":[{"href":"https:\/\/gabitel.net\/en\/wp-json\/wp\/v2\/media?parent=32996"}],"wp:term":[{"taxonomy":"category","embeddable":true,"href":"https:\/\/gabitel.net\/en\/wp-json\/wp\/v2\/categories?post=32996"},{"taxonomy":"post_tag","embeddable":true,"href":"https:\/\/gabitel.net\/en\/wp-json\/wp\/v2\/tags?post=32996"}],"curies":[{"name":"wp","href":"https:\/\/api.w.org\/{rel}","templated":true}]}}