{"id":32998,"date":"2021-06-30T14:00:37","date_gmt":"2021-06-30T13:00:37","guid":{"rendered":"https:\/\/gabitel.net\/donde-te-vas-de-vacaciones\/"},"modified":"2021-06-30T14:00:37","modified_gmt":"2021-06-30T13:00:37","slug":"donde-te-vas-de-vacaciones","status":"publish","type":"post","link":"https:\/\/gabitel.net\/en\/donde-te-vas-de-vacaciones\/","title":{"rendered":"\u00bfD\u00f3nde te vas de vacaciones?"},"content":{"rendered":"<p style=\"text-align: justify;\">\u201c\u00bfD\u00f3nde te vas de vacaciones?, esta pregunta puede ser la m\u00e1s frecuente en las \u00faltimas semanas, incluso, seguro que muchos de vosotros ya habr\u00e9is tenido la oportunidad de disfrutar de unos merecidos d\u00edas de relax y desconexi\u00f3n, cuando est\u00e9is leyendo esta noticia.<\/p>\n<p style=\"text-align: justify;\">Este verano contin\u00faa siendo un poco atipo porque todav\u00eda no tenemos la \u201clibertad\u201d que nos gustar\u00eda para poder viajar con total tranquilidad, el COVID sigue estando demasiado presente. No obstante, tomando las precauciones oportunas, siendo conscientes y responsables con estas circunstancias, nos merecemos unas buenas vacaciones y hemos querido preguntar a algunos de nuestros compa\u00f1eros cu\u00e1les son sus planes para estos d\u00edas.<\/p>\n<p style=\"text-align: justify;\">\u00bfT\u00fa tambi\u00e9n quieres conocerlos?, quiz\u00e1s te puedan dar ideas, en especial para los m\u00e1s indecisos y aquellos que lo dejamos todo para \u00faltima hora\u2026<\/p>\n<p style=\"text-align: justify;\"><strong><em>Alberto Barriga, <\/em>\u00bfD\u00f3nde te vas de vacaciones? <\/strong>(Departamento de Telecomunicaciones).<\/p>\n<p style=\"text-align: justify;\"><em>\u00a0<\/em><\/p>\n<p style=\"text-align: justify;\">Este a\u00f1o hemos decidido unos amigos el dejar en manos del \u201cdestino\u201d nuestro \u201cdestino vacacional\u201d.<\/p>\n<p style=\"text-align: justify;\">Hemos elegido los d\u00edas del viaje y una semana antes compraremos los vuelos m\u00e1s baratos que haya al extranjero. Puede que sea Polonia, puede que Hungr\u00eda, puede que Turqu\u00eda. Sinceramente estamos muy intrigados por saber qu\u00e9 veremos, pero seguro que ser\u00e1 una aventura memorable.<\/p>\n<p><img decoding=\"async\" src=\"https:\/\/gabitelingenieros.com\/wp-content\/uploads\/2021\/06\/alberto.barriga-min.png\" alt=\"\u00bfD\u00f3nde te vas | Gabitel Ingenieros\" \/><\/p>\n<p style=\"text-align: justify;\"><strong><em>Salom\u00e9 P\u00e9rez<\/em>, \u00bfD\u00f3nde te has ido de vacaciones?<\/strong> (Departamento de Telecomunicaciones).<\/p>\n<p style=\"text-align: justify;\">\n<p style=\"text-align: justify;\">Nosotros este a\u00f1o pasamos unos d\u00edas fant\u00e1sticos en Galicia con la familia y amigos. Elegimos este destino ya que debido a la Covid no quer\u00edamos salir de Espa\u00f1a y nos pareci\u00f3 perfecto el plan para ir con ni\u00f1os peque\u00f1os.<\/p>\n<p style=\"text-align: justify;\">Hemos disfrutado mucho, ya que despu\u00e9s del a\u00f1o tan complicado, en el casi no hab\u00edamos salido de Huelva, nos ha venido estupendamente la escapada. Nos hemos cogido una casita preciosa en un pueblecito de La Coru\u00f1a y desde all\u00ed hemos ido saliendo cada d\u00eda a conocer todo lo que nos ha dado tiempo. El resto de las vacaciones las pasaremos en la playa, que esa es una de las ventajas que tiene vivir en Huelva, que puedes trabajar por la ma\u00f1ana y estar en la playa por la tarde.<\/p>\n<p><img decoding=\"async\" src=\"https:\/\/gabitelingenieros.com\/wp-content\/uploads\/2021\/06\/Salome-Perez-min.jpg\" alt=\"\u00bfD\u00f3nde te vas | Gabitel Ingenieros\" \/><\/p>\n<p style=\"text-align: justify;\"><strong><em>Fran Hueso,<\/em><\/strong> <strong>\u00bfD\u00f3nde te vas de vacaciones?<\/strong> (Departamento de Telecomunicaciones).<\/p>\n<p style=\"text-align: justify;\">Mis planes de viaje para este verano es viajar al norte de Italia.<\/p>\n<p style=\"text-align: justify;\">Estas vacaciones nos estrenamos como padres y hemos decidido viajar al norte de Italia a finales de septiembre. Lo haremos en compa\u00f1\u00eda de algunos miembros de la familia, un road trip de 7 que esperamos disfrutar a tope.<\/p>\n<p style=\"text-align: justify;\">Nuestro itinerario comenzar\u00e1 en Mil\u00e1n visitando las cubiertas del Duomo y La \u00daltima Cena de Leonardo da Vinci. De all\u00ed avanzaremos con nuestra furgoneta de alquiler hacia Verona, conocida por ser la ciudad de Romeo y Julieta.<\/p>\n<p style=\"text-align: justify;\">La tercera parada del recorrido ser\u00e1 la zona de los Dolomitas. Pasaremos varios d\u00edas haciendo rutas por estas monta\u00f1as y visitando iglesias con encanto como la Chiesetta de San Giovanni. Nuestro gran objetivo: hacer uno de los trekking que conducen a las Tre Cimi di Lavadero.<\/p>\n<p style=\"text-align: justify;\">Finalizaremos con una visita express a Venecia y alguna de las islas vecinas, como la preciosa Burano. \u00a1Estamos deseando redescubrir el mundo a trav\u00e9s de los ojos de nuestro peque\u00f1o!<\/p>\n<p><img decoding=\"async\" src=\"https:\/\/gabitelingenieros.com\/wp-content\/uploads\/2021\/06\/Fran-hueso-Italia-min.jpg\" alt=\"\u00bfD\u00f3nde te vas | Gabitel Ingenieros\" \/><\/p>\n<p style=\"text-align: justify;\"><strong><em>Lucia Rodr\u00edguez<\/em><\/strong>, <strong>\u00bfD\u00f3nde te vas de vacaciones?<\/strong> (Departamento de Telecomunicaciones).<\/p>\n<p style=\"text-align: justify;\">\n<p style=\"text-align: justify;\">Este a\u00f1o nos vamos mi marido y mis dos hijos a Palma de Mallorca a ver a uno de mis hermanos que con todo lo de la pandemia llevamos sin verlo un a\u00f1o y medio (cuanto m\u00e1s lo pienso, m\u00e1s incre\u00edble me parece). No sabeis las ganas que tengo de darle un buen achuch\u00f3n as\u00ed que estoy contando los d\u00edas.<\/p>\n<p style=\"text-align: justify;\">Nuestros planes son totalmente familiares: piscina, calitas, comidas y cenas eternas, comer helados, ver sitios nuevos, juegos, risas, siestas con cosquillitas, poner mil cremas de sol, pelo revuelto, andar descalza y ver correr a mis hijos y sobre todo disfrutar de la vida que es muy bonita.<\/p>\n<p><img decoding=\"async\" src=\"https:\/\/gabitelingenieros.com\/wp-content\/uploads\/2021\/06\/lucia.rodriguez-min.jpg\" alt=\"\u00bfD\u00f3nde te vas | Gabitel Ingenieros\" \/><\/p>\n<p style=\"text-align: justify;\"><strong>Lourdes Gonz\u00e1lez<\/strong>,<strong> \u00bfD\u00f3nde te vas de vacaciones?<\/strong> (Departamento de Telecomunicaciones).<\/p>\n<p style=\"text-align: justify;\">\n<p style=\"text-align: justify;\">Me he decidido por Asturias porque, aunque ya conozco algo, me parece un destino muy interesante al contar con un clima m\u00e1s fresco, buena gastronom\u00eda y excelentes paisajes adem\u00e1s del car\u00e1cter extrovertido de sus habitantes. Tras esa semana de ajetreo recorriendo nuevos lugares por sierra y playa, tocar\u00e1 un plan m\u00e1s tranquilo, ya en casa, y disfrutando tambi\u00e9n de la rica y variada provincia de Huelva.<\/p>\n<p style=\"text-align: justify;\">Ambos destinos son muy recomendables para todo tipo de persona y espero que alguna vez lo puedan disfrutar todos mis compa\u00f1eros.<\/p>\n<p><img decoding=\"async\" src=\"https:\/\/gabitelingenieros.com\/wp-content\/uploads\/2021\/06\/lourdes-gonzalez-min.jpg\" alt=\"\u00bfD\u00f3nde te vas | Gabitel Ingenieros\" \/><\/p>\n<p style=\"text-align: justify;\"><strong><em>Laura Perogil<\/em><\/strong>, <strong>\u00bfD\u00f3nde te has ido de vacaciones?<\/strong> (Departamento de Agroalimentaria).<\/p>\n<p style=\"text-align: justify;\">Yo estuve de \u201c<em>vacaciones<\/em>\u201d junto con mi pareja la semana pasada. Aprovechamos para hacer la instalaci\u00f3n el\u00e9ctrica del piso que estamos preparando para (si hay suerte) irnos a vivir despu\u00e9s de verano.<\/p>\n<p style=\"text-align: justify;\">Aunque acabamos cansad\u00edsimos, hemos dise\u00f1ado a nuestro gusto los m\u00e1s de 40 enchufes de la casa y ahorrado un buen dinero. Aunque he de decir que los presupuesto que dieron los electricistas ya no me parecen tan caros<\/p>\n<p><img decoding=\"async\" src=\"https:\/\/gabitelingenieros.com\/wp-content\/uploads\/2021\/06\/laura.perogil-min.jpg\" alt=\"\u00bfD\u00f3nde te vas | Gabitel Ingenieros\" \/><\/p>\n<p style=\"text-align: justify;\"><strong><em>Javier Lopez<\/em><\/strong>, <strong>\u00bfD\u00f3nde te vas de vacaciones?<\/strong> (Departamento de Agroalimentaria).<\/p>\n<p style=\"text-align: justify;\">Mi intenci\u00f3n es irme a Palma de Mallorca, como le promet\u00ed a mi mujer, Palmesana de nacimiento y como todos los a\u00f1os desde que nos vinimos a vivir a la pen\u00ednsula (2006).<\/p>\n<p style=\"text-align: justify;\">Mallorca es la tierra donde tuve mi primer trabajo como Agr\u00f3nomo, donde tuve mi primer hogar como casado y donde nacieron los dos hijos que tengo. En Mallorca realic\u00e9 trabajos por toda la isla, por ello cuando voy cada a\u00f1o, no puedo dejar de repasar todas las esquinas donde tuve proyectos, ver c\u00f3mo han evolucionado y han ido cambiado el paisaje. Ayer sal\u00eda una noticia en la tele sobre la playa de Palma y al ver las pasarelas de minusv\u00e1lidos, mi mujer coment\u00f3 a mis hijos. \u201c Mirad esos accesos los hizo tu padre\u201d, y yo me hinch\u00e9 como un pavo.<\/p>\n<p style=\"text-align: justify;\">Me encanta llevar a mi familia a comer scargols (caracoles) que son el doble de grandes que aqu\u00ed, lomo con tumbet, gallo de San Pere, Sopas Mallorquinas, coca de preves, butifarrons mallorquines y como no, ensaimada y sobrasada de porc negre (que no es ib\u00e9rico). Tambi\u00e9n, pasear por el casco viejo de Palma, por las calles estrechas, por la lonja por el paseo Des Born y contemplar esas casas palacete con la piedra arenisca \u201cmares\u201d tan caracter\u00edstica de la isla.<\/p>\n<p style=\"text-align: justify;\">Cada d\u00eda ir una cala distinta, hoy a la bah\u00eda de Alcudia, ma\u00f1ana a las playas de Calvia, Santa Pon\u00e7a, otro a Porto Cristo, a las playas de Manacor, otro a la colonia de San Jordi, Pollen\u00e7a, Can Picafort. Otro buen plan es ir a la sierra de Tramontana, Valldemosa y la casa de Chopen, El puerto de Soller, Banyalbufar y sus terrazas imposibles\u2026 \u00a1\u00a1\u00a1Qu\u00e9 buenos asados y pescados!!!<\/p>\n<p style=\"text-align: justify;\">\u00a1\u00a1\u00a1Y por la noche\u2026 Fiesta!!!, pasear por el barrio de Santa Catalina en Palma es un seguro de diversi\u00f3n, conversaciones en todos los idiomas, castellano, mallorqu\u00edn, alem\u00e1n, franc\u00e9s Ingles, ruso, italiano\u2026 no faltar\u00e1n pubs donde tomar la \u00faltima copa de \u201cPalo\u201d o de ginebra xoriguer\u2026<\/p>\n<p style=\"text-align: justify;\">En fin, si todo va bien, la primera quincena de agosto repetir\u00e9 como todos los a\u00f1os, como promet\u00ed hace 15 a\u00f1os\u2026<\/p>\n<p><img decoding=\"async\" src=\"https:\/\/gabitelingenieros.com\/wp-content\/uploads\/2021\/06\/javier-lopez-min.jpg\" alt=\"\u00bfD\u00f3nde te vas | Gabitel Ingenieros\" \/><\/p>\n<p style=\"text-align: justify;\"><strong><em>Marina Bellido<\/em><\/strong>, <strong>\u00bfD\u00f3nde te has ido de vacaciones?<\/strong> (Departamento de Energ\u00eda).<\/p>\n<p style=\"text-align: justify;\">\n<p style=\"text-align: justify;\">En mi caso, ya me he escapado unos d\u00edas a Barcelona, al Circuito de Montmel\u00f3, para ver el Gran Premio de MotoGP (pero por las tardes siempre busco un hueco para visitar la ciudad). Soy fan\u00e1tica de Valentino Rossi, aunque ya nos queda poco que disfrutar de \u00e9l, ya mismo se retirar\u00e1.<\/p>\n<p style=\"text-align: justify;\">Intento ir todos los a\u00f1os a alg\u00fan circuito diferente, entre los que he visitado est\u00e1n el Circuito de Mugello (Italia), Circuito de Misano (San Marino), Circuito de Assen (Holanda) y por supuesto el Circuito de Jerez, el de \u201ccasa\u201d que no se puede faltar ning\u00fan a\u00f1o.<\/p>\n<p style=\"text-align: justify;\">Esta vez fue m\u00e1s especial, hac\u00eda dos a\u00f1os que no pod\u00eda viajar a un circuito por culpa de la pandemia, ha sido el primer circuito espa\u00f1ol que han dejado entrar al p\u00fablico. La mascarilla amarilla no falt\u00f3, eso s\u00ed, un poco molesta porque hac\u00eda mucho calor.<\/p>\n<p><img decoding=\"async\" src=\"https:\/\/gabitelingenieros.com\/wp-content\/uploads\/2021\/06\/marina-bellido-min.png\" alt=\"\u00bfD\u00f3nde te vas | Gabitel Ingenieros\" \/><\/p>\n<p style=\"text-align: justify;\"><strong><em>Cesar Galv\u00e1n<\/em><\/strong>, <strong>\u00bfD\u00f3nde te vas de vacaciones?<\/strong> (Departamento de Telecomunicaciones).<\/p>\n<p style=\"text-align: justify;\">D\u00f3nde voy de vacaciones o, mejor dicho, <em>d\u00f3nde podr\u00eda haber ido ya de vacaciones<\/em>.<\/p>\n<p style=\"text-align: justify;\">Despu\u00e9s de Francia, Polonia o Marruecos por ejemplo en a\u00f1os anteriores, Tailandia era el destino principal para principios del a\u00f1o 2020. Llevaba tiempo queriendo ir y estaba bastante ilusionado. Aunque est\u00e1 bastante lejos, es un pa\u00eds que seguro no defrauda, el contraste de costumbres y formas de hacer las cosas a como la conocemos en occidente es algo ex\u00f3tico y que te saca de la monoton\u00eda de h\u00e1bitos a la que estamos acostumbrados.<\/p>\n<p style=\"text-align: justify;\">La cuna del Muai Thai, otros de los motivos por el que quiero ir debido a mi afici\u00f3n a las artes marciales y poder tener la oportunidad de poder recibir una clase en alguna escuela de all\u00ed. Tengo ganas de probar los aut\u00e9nticos noodles tailandeses, \u00bfa qui\u00e9n no le gusta? Quiz\u00e1s la gastronom\u00eda sea lo que m\u00e1s difiera a occidente ya que por ejemplo no existe el pan como lo conocemos aqu\u00ed (excepto el pan de molde mundialmente conocido y distribuido).<\/p>\n<p style=\"text-align: justify;\">Otro de los motivos por el cu\u00e1l eleg\u00ed mi viaje a Tailandia fue para visitar algunos d\u00edas Camboya y Vietnam. Ver en vivo las ruinas de Angkor Wat que deben ser espectaculares y m\u00e1gicas o visitar las paradisiacas islas Phi Phi.<\/p>\n<p style=\"text-align: justify;\">Si todo va bien, espero reprogramar este viaje para final de a\u00f1o ya que a\u00fan quiz\u00e1s sea demasiado pronto debido a las circunstancias conocidas por todos.<\/p>\n<p><img decoding=\"async\" src=\"https:\/\/gabitelingenieros.com\/wp-content\/uploads\/2021\/06\/cesar-galvan-vacaciones1-min.jpg\" alt=\"\u00bfD\u00f3nde te vas | Gabitel Ingenieros\" \/><\/p>\n<p><img decoding=\"async\" src=\"https:\/\/gabitelingenieros.com\/wp-content\/uploads\/2021\/06\/cesar-galvan-vacaciones2-min.jpg\" alt=\"\u00bfD\u00f3nde te vas | Gabitel Ingenieros\" \/><\/p>\n<p style=\"text-align: justify;\"><strong><em>Diego Romero<\/em><\/strong>, <strong>\u00bfD\u00f3nde te vas de vacaciones?<\/strong> (Departamento de Telecomunicaciones).<\/p>\n<p style=\"text-align: justify;\">\n<p style=\"text-align: justify;\">Este a\u00f1o, ir\u00e9 de vacaciones con la familia a Punta umbr\u00eda, durante la semana del 5 al 10 de julio, y a la zona de Levante (Calpe, La Nuc\u00eda, etc) del 11 al 18 de julio.<\/p>\n<p style=\"text-align: justify;\">\n<p style=\"text-align: justify;\">La compa\u00f1\u00eda de mi mujer inaugura un hotel en esa zona y nos han invitado a pasar all\u00ed unos d\u00edas, por lo que aprovecharemos para conocer esa zona y visitar sus famosas calas para hacer snorkel, cosa que nos gusta mucho.<\/p>\n<p><img decoding=\"async\" src=\"https:\/\/gabitelingenieros.com\/wp-content\/uploads\/2021\/06\/Diego-romero-vacaciones-min.jpg\" alt=\"\u00bfD\u00f3nde te vas | Gabitel Ingenieros\" \/><\/p>\n","protected":false},"excerpt":{"rendered":"<p>\u201c\u00bfD\u00f3nde te vas de vacaciones?, esta pregunta puede ser la m\u00e1s frecuente en las \u00faltimas semanas, incluso, seguro que muchos de vosotros ya habr\u00e9is tenido la oportunidad de disfrutar de unos merecidos d\u00edas de relax y desconexi\u00f3n, cuando est\u00e9is leyendo esta noticia. Este verano contin\u00faa siendo un poco atipo porque todav\u00eda no tenemos la \u201clibertad\u201d [&hellip;]<\/p>\n","protected":false},"author":3,"featured_media":33997,"comment_status":"closed","ping_status":"closed","sticky":false,"template":"","format":"standard","meta":{"content-type":"","footnotes":""},"categories":[601],"tags":[],"class_list":["post-32998","post","type-post","status-publish","format-standard","has-post-thumbnail","hentry","category-off-topic-en"],"yoast_head":"<!-- This site is optimized with the Yoast SEO plugin v27.5 - https:\/\/yoast.com\/product\/yoast-seo-wordpress\/ -->\n<title>\u00bfD\u00f3nde te vas de vacaciones? - Gabitel<\/title>\n<meta name=\"robots\" content=\"index, follow, max-snippet:-1, max-image-preview:large, max-video-preview:-1\" \/>\n<link rel=\"canonical\" href=\"https:\/\/gabitel.net\/en\/donde-te-vas-de-vacaciones\/\" \/>\n<meta property=\"og:locale\" content=\"en_US\" \/>\n<meta property=\"og:type\" content=\"article\" \/>\n<meta property=\"og:title\" content=\"\u00bfD\u00f3nde te vas de vacaciones? - Gabitel\" \/>\n<meta property=\"og:description\" content=\"\u201c\u00bfD\u00f3nde te vas de vacaciones?, esta pregunta puede ser la m\u00e1s frecuente en las \u00faltimas semanas, incluso, seguro que muchos de vosotros ya habr\u00e9is tenido la oportunidad de disfrutar de unos merecidos d\u00edas de relax y desconexi\u00f3n, cuando est\u00e9is leyendo esta noticia. Este verano contin\u00faa siendo un poco atipo porque todav\u00eda no tenemos la \u201clibertad\u201d [&hellip;]\" \/>\n<meta property=\"og:url\" content=\"https:\/\/gabitel.net\/en\/donde-te-vas-de-vacaciones\/\" \/>\n<meta property=\"og:site_name\" content=\"Gabitel\" \/>\n<meta property=\"article:publisher\" content=\"https:\/\/www.facebook.com\/gabitelingenieros\/\" \/>\n<meta property=\"article:published_time\" content=\"2021-06-30T13:00:37+00:00\" \/>\n<meta property=\"og:image\" content=\"https:\/\/gabitelingenieros.com\/wp-content\/uploads\/2021\/06\/alberto.barriga-min.png\" \/>\n<meta name=\"author\" content=\"user.autor\" \/>\n<meta name=\"twitter:card\" content=\"summary_large_image\" \/>\n<meta name=\"twitter:label1\" content=\"Written by\" \/>\n\t<meta name=\"twitter:data1\" content=\"user.autor\" \/>\n\t<meta name=\"twitter:label2\" content=\"Est. reading time\" \/>\n\t<meta name=\"twitter:data2\" content=\"9 minutes\" \/>\n<script type=\"application\/ld+json\" class=\"yoast-schema-graph\">{\"@context\":\"https:\\\/\\\/schema.org\",\"@graph\":[{\"@type\":[\"Article\",\"BlogPosting\"],\"@id\":\"https:\\\/\\\/gabitel.net\\\/en\\\/donde-te-vas-de-vacaciones\\\/#article\",\"isPartOf\":{\"@id\":\"https:\\\/\\\/gabitel.net\\\/en\\\/donde-te-vas-de-vacaciones\\\/\"},\"author\":{\"name\":\"user.autor\",\"@id\":\"https:\\\/\\\/gabitel.net\\\/en\\\/#\\\/schema\\\/person\\\/37ba53714c3fedb9c7d22f4bc781465c\"},\"headline\":\"\u00bfD\u00f3nde te vas de vacaciones?\",\"datePublished\":\"2021-06-30T13:00:37+00:00\",\"mainEntityOfPage\":{\"@id\":\"https:\\\/\\\/gabitel.net\\\/en\\\/donde-te-vas-de-vacaciones\\\/\"},\"wordCount\":1784,\"publisher\":{\"@id\":\"https:\\\/\\\/gabitel.net\\\/en\\\/#organization\"},\"image\":{\"@id\":\"https:\\\/\\\/gabitel.net\\\/en\\\/donde-te-vas-de-vacaciones\\\/#primaryimage\"},\"thumbnailUrl\":\"https:\\\/\\\/gabitel.net\\\/wp-content\\\/uploads\\\/2021\\\/06\\\/vacaciones1-min.jpg\",\"articleSection\":[\"Off-topic\"],\"inLanguage\":\"en-US\"},{\"@type\":\"WebPage\",\"@id\":\"https:\\\/\\\/gabitel.net\\\/en\\\/donde-te-vas-de-vacaciones\\\/\",\"url\":\"https:\\\/\\\/gabitel.net\\\/en\\\/donde-te-vas-de-vacaciones\\\/\",\"name\":\"\u00bfD\u00f3nde te vas de vacaciones? - Gabitel\",\"isPartOf\":{\"@id\":\"https:\\\/\\\/gabitel.net\\\/en\\\/#website\"},\"primaryImageOfPage\":{\"@id\":\"https:\\\/\\\/gabitel.net\\\/en\\\/donde-te-vas-de-vacaciones\\\/#primaryimage\"},\"image\":{\"@id\":\"https:\\\/\\\/gabitel.net\\\/en\\\/donde-te-vas-de-vacaciones\\\/#primaryimage\"},\"thumbnailUrl\":\"https:\\\/\\\/gabitel.net\\\/wp-content\\\/uploads\\\/2021\\\/06\\\/vacaciones1-min.jpg\",\"datePublished\":\"2021-06-30T13:00:37+00:00\",\"breadcrumb\":{\"@id\":\"https:\\\/\\\/gabitel.net\\\/en\\\/donde-te-vas-de-vacaciones\\\/#breadcrumb\"},\"inLanguage\":\"en-US\",\"potentialAction\":[{\"@type\":\"ReadAction\",\"target\":[\"https:\\\/\\\/gabitel.net\\\/en\\\/donde-te-vas-de-vacaciones\\\/\"]}]},{\"@type\":\"ImageObject\",\"inLanguage\":\"en-US\",\"@id\":\"https:\\\/\\\/gabitel.net\\\/en\\\/donde-te-vas-de-vacaciones\\\/#primaryimage\",\"url\":\"https:\\\/\\\/gabitel.net\\\/wp-content\\\/uploads\\\/2021\\\/06\\\/vacaciones1-min.jpg\",\"contentUrl\":\"https:\\\/\\\/gabitel.net\\\/wp-content\\\/uploads\\\/2021\\\/06\\\/vacaciones1-min.jpg\",\"width\":1600,\"height\":1039,\"caption\":\"vacaciones_gabitel\"},{\"@type\":\"BreadcrumbList\",\"@id\":\"https:\\\/\\\/gabitel.net\\\/en\\\/donde-te-vas-de-vacaciones\\\/#breadcrumb\",\"itemListElement\":[{\"@type\":\"ListItem\",\"position\":1,\"name\":\"Portada\",\"item\":\"https:\\\/\\\/gabitel.net\\\/en\\\/\"},{\"@type\":\"ListItem\",\"position\":2,\"name\":\"\u00bfD\u00f3nde te vas de vacaciones?\"}]},{\"@type\":\"WebSite\",\"@id\":\"https:\\\/\\\/gabitel.net\\\/en\\\/#website\",\"url\":\"https:\\\/\\\/gabitel.net\\\/en\\\/\",\"name\":\"Gabitel\",\"description\":\"\",\"publisher\":{\"@id\":\"https:\\\/\\\/gabitel.net\\\/en\\\/#organization\"},\"potentialAction\":[{\"@type\":\"SearchAction\",\"target\":{\"@type\":\"EntryPoint\",\"urlTemplate\":\"https:\\\/\\\/gabitel.net\\\/en\\\/?s={search_term_string}\"},\"query-input\":{\"@type\":\"PropertyValueSpecification\",\"valueRequired\":true,\"valueName\":\"search_term_string\"}}],\"inLanguage\":\"en-US\"},{\"@type\":\"Organization\",\"@id\":\"https:\\\/\\\/gabitel.net\\\/en\\\/#organization\",\"name\":\"Gabitel\",\"url\":\"https:\\\/\\\/gabitel.net\\\/en\\\/\",\"logo\":{\"@type\":\"ImageObject\",\"inLanguage\":\"en-US\",\"@id\":\"https:\\\/\\\/gabitel.net\\\/en\\\/#\\\/schema\\\/logo\\\/image\\\/\",\"url\":\"https:\\\/\\\/gabitel.net\\\/wp-content\\\/uploads\\\/2025\\\/05\\\/logo_gabitel.jpg\",\"contentUrl\":\"https:\\\/\\\/gabitel.net\\\/wp-content\\\/uploads\\\/2025\\\/05\\\/logo_gabitel.jpg\",\"width\":2560,\"height\":1330,\"caption\":\"Gabitel\"},\"image\":{\"@id\":\"https:\\\/\\\/gabitel.net\\\/en\\\/#\\\/schema\\\/logo\\\/image\\\/\"},\"sameAs\":[\"https:\\\/\\\/www.facebook.com\\\/gabitelingenieros\\\/\",\"https:\\\/\\\/es.linkedin.com\\\/company\\\/gabitel-ingenieros\"]},{\"@type\":\"Person\",\"@id\":\"https:\\\/\\\/gabitel.net\\\/en\\\/#\\\/schema\\\/person\\\/37ba53714c3fedb9c7d22f4bc781465c\",\"name\":\"user.autor\",\"url\":\"https:\\\/\\\/gabitel.net\\\/en\\\/author\\\/user-autor\\\/\"}]}<\/script>\n<!-- \/ Yoast SEO plugin. -->","yoast_head_json":{"title":"\u00bfD\u00f3nde te vas de vacaciones? - Gabitel","robots":{"index":"index","follow":"follow","max-snippet":"max-snippet:-1","max-image-preview":"max-image-preview:large","max-video-preview":"max-video-preview:-1"},"canonical":"https:\/\/gabitel.net\/en\/donde-te-vas-de-vacaciones\/","og_locale":"en_US","og_type":"article","og_title":"\u00bfD\u00f3nde te vas de vacaciones? - Gabitel","og_description":"\u201c\u00bfD\u00f3nde te vas de vacaciones?, esta pregunta puede ser la m\u00e1s frecuente en las \u00faltimas semanas, incluso, seguro que muchos de vosotros ya habr\u00e9is tenido la oportunidad de disfrutar de unos merecidos d\u00edas de relax y desconexi\u00f3n, cuando est\u00e9is leyendo esta noticia. Este verano contin\u00faa siendo un poco atipo porque todav\u00eda no tenemos la \u201clibertad\u201d [&hellip;]","og_url":"https:\/\/gabitel.net\/en\/donde-te-vas-de-vacaciones\/","og_site_name":"Gabitel","article_publisher":"https:\/\/www.facebook.com\/gabitelingenieros\/","article_published_time":"2021-06-30T13:00:37+00:00","og_image":[{"url":"https:\/\/gabitelingenieros.com\/wp-content\/uploads\/2021\/06\/alberto.barriga-min.png","type":"","width":"","height":""}],"author":"user.autor","twitter_card":"summary_large_image","twitter_misc":{"Written by":"user.autor","Est. reading time":"9 minutes"},"schema":{"@context":"https:\/\/schema.org","@graph":[{"@type":["Article","BlogPosting"],"@id":"https:\/\/gabitel.net\/en\/donde-te-vas-de-vacaciones\/#article","isPartOf":{"@id":"https:\/\/gabitel.net\/en\/donde-te-vas-de-vacaciones\/"},"author":{"name":"user.autor","@id":"https:\/\/gabitel.net\/en\/#\/schema\/person\/37ba53714c3fedb9c7d22f4bc781465c"},"headline":"\u00bfD\u00f3nde te vas de vacaciones?","datePublished":"2021-06-30T13:00:37+00:00","mainEntityOfPage":{"@id":"https:\/\/gabitel.net\/en\/donde-te-vas-de-vacaciones\/"},"wordCount":1784,"publisher":{"@id":"https:\/\/gabitel.net\/en\/#organization"},"image":{"@id":"https:\/\/gabitel.net\/en\/donde-te-vas-de-vacaciones\/#primaryimage"},"thumbnailUrl":"https:\/\/gabitel.net\/wp-content\/uploads\/2021\/06\/vacaciones1-min.jpg","articleSection":["Off-topic"],"inLanguage":"en-US"},{"@type":"WebPage","@id":"https:\/\/gabitel.net\/en\/donde-te-vas-de-vacaciones\/","url":"https:\/\/gabitel.net\/en\/donde-te-vas-de-vacaciones\/","name":"\u00bfD\u00f3nde te vas de vacaciones? - Gabitel","isPartOf":{"@id":"https:\/\/gabitel.net\/en\/#website"},"primaryImageOfPage":{"@id":"https:\/\/gabitel.net\/en\/donde-te-vas-de-vacaciones\/#primaryimage"},"image":{"@id":"https:\/\/gabitel.net\/en\/donde-te-vas-de-vacaciones\/#primaryimage"},"thumbnailUrl":"https:\/\/gabitel.net\/wp-content\/uploads\/2021\/06\/vacaciones1-min.jpg","datePublished":"2021-06-30T13:00:37+00:00","breadcrumb":{"@id":"https:\/\/gabitel.net\/en\/donde-te-vas-de-vacaciones\/#breadcrumb"},"inLanguage":"en-US","potentialAction":[{"@type":"ReadAction","target":["https:\/\/gabitel.net\/en\/donde-te-vas-de-vacaciones\/"]}]},{"@type":"ImageObject","inLanguage":"en-US","@id":"https:\/\/gabitel.net\/en\/donde-te-vas-de-vacaciones\/#primaryimage","url":"https:\/\/gabitel.net\/wp-content\/uploads\/2021\/06\/vacaciones1-min.jpg","contentUrl":"https:\/\/gabitel.net\/wp-content\/uploads\/2021\/06\/vacaciones1-min.jpg","width":1600,"height":1039,"caption":"vacaciones_gabitel"},{"@type":"BreadcrumbList","@id":"https:\/\/gabitel.net\/en\/donde-te-vas-de-vacaciones\/#breadcrumb","itemListElement":[{"@type":"ListItem","position":1,"name":"Portada","item":"https:\/\/gabitel.net\/en\/"},{"@type":"ListItem","position":2,"name":"\u00bfD\u00f3nde te vas de vacaciones?"}]},{"@type":"WebSite","@id":"https:\/\/gabitel.net\/en\/#website","url":"https:\/\/gabitel.net\/en\/","name":"Gabitel","description":"","publisher":{"@id":"https:\/\/gabitel.net\/en\/#organization"},"potentialAction":[{"@type":"SearchAction","target":{"@type":"EntryPoint","urlTemplate":"https:\/\/gabitel.net\/en\/?s={search_term_string}"},"query-input":{"@type":"PropertyValueSpecification","valueRequired":true,"valueName":"search_term_string"}}],"inLanguage":"en-US"},{"@type":"Organization","@id":"https:\/\/gabitel.net\/en\/#organization","name":"Gabitel","url":"https:\/\/gabitel.net\/en\/","logo":{"@type":"ImageObject","inLanguage":"en-US","@id":"https:\/\/gabitel.net\/en\/#\/schema\/logo\/image\/","url":"https:\/\/gabitel.net\/wp-content\/uploads\/2025\/05\/logo_gabitel.jpg","contentUrl":"https:\/\/gabitel.net\/wp-content\/uploads\/2025\/05\/logo_gabitel.jpg","width":2560,"height":1330,"caption":"Gabitel"},"image":{"@id":"https:\/\/gabitel.net\/en\/#\/schema\/logo\/image\/"},"sameAs":["https:\/\/www.facebook.com\/gabitelingenieros\/","https:\/\/es.linkedin.com\/company\/gabitel-ingenieros"]},{"@type":"Person","@id":"https:\/\/gabitel.net\/en\/#\/schema\/person\/37ba53714c3fedb9c7d22f4bc781465c","name":"user.autor","url":"https:\/\/gabitel.net\/en\/author\/user-autor\/"}]}},"_links":{"self":[{"href":"https:\/\/gabitel.net\/en\/wp-json\/wp\/v2\/posts\/32998","targetHints":{"allow":["GET"]}}],"collection":[{"href":"https:\/\/gabitel.net\/en\/wp-json\/wp\/v2\/posts"}],"about":[{"href":"https:\/\/gabitel.net\/en\/wp-json\/wp\/v2\/types\/post"}],"author":[{"embeddable":true,"href":"https:\/\/gabitel.net\/en\/wp-json\/wp\/v2\/users\/3"}],"replies":[{"embeddable":true,"href":"https:\/\/gabitel.net\/en\/wp-json\/wp\/v2\/comments?post=32998"}],"version-history":[{"count":0,"href":"https:\/\/gabitel.net\/en\/wp-json\/wp\/v2\/posts\/32998\/revisions"}],"wp:featuredmedia":[{"embeddable":true,"href":"https:\/\/gabitel.net\/en\/wp-json\/wp\/v2\/media\/33997"}],"wp:attachment":[{"href":"https:\/\/gabitel.net\/en\/wp-json\/wp\/v2\/media?parent=32998"}],"wp:term":[{"taxonomy":"category","embeddable":true,"href":"https:\/\/gabitel.net\/en\/wp-json\/wp\/v2\/categories?post=32998"},{"taxonomy":"post_tag","embeddable":true,"href":"https:\/\/gabitel.net\/en\/wp-json\/wp\/v2\/tags?post=32998"}],"curies":[{"name":"wp","href":"https:\/\/api.w.org\/{rel}","templated":true}]}}