{"id":33038,"date":"2021-05-15T11:18:05","date_gmt":"2021-05-15T10:18:05","guid":{"rendered":"https:\/\/gabitel.net\/dia-de-la-familia\/"},"modified":"2021-05-15T11:18:05","modified_gmt":"2021-05-15T10:18:05","slug":"dia-de-la-familia","status":"publish","type":"post","link":"https:\/\/gabitel.net\/en\/dia-de-la-familia\/","title":{"rendered":"D\u00eda de la familia"},"content":{"rendered":"<h2>FELIZ D\u00cdA DE LA FAMILIA<\/h2>\n<p>Si nos preguntasen por nuestra familia, lo m\u00e1s frecuente es hacer alusi\u00f3n a nuestros padres, hijos e hijas, marido, mujer, abuelos, nietos\u2026 \u00a0aquellas personas con la que compartimos lazos de sangre, por quienes lo dar\u00edamos todo, nos arropan y son pilares fundamentales en nuestras vidas.<\/p>\n<p>Pero posiblemente, sin ser conscientes, durante el transcurso de las distintas etapas que vivimos empiezan a acompa\u00f1arnos otras personas que se van haciendo indispensables y con quienes compartimos grandes momentos, nuestra <em>familia social. <\/em>Este concepto engloba a una red de personas con las que nos sentimos identificadas por las necesidades, metas, recursos e intereses comunes compartidos, creando fuertes v\u00ednculos emocionales junto a ellas.<\/p>\n<p>Desde este punto de vista, caracterizado por la uni\u00f3n y el sentimiento del trabajo en equipo, en GABITEL, hemos tenido la suerte de formar una s\u00f3lida familia. Con nuestros compa\u00f1eros y compa\u00f1eras pasamos una gran parte de nuestro tiempo, compartimos momentos de estr\u00e9s, satisfacci\u00f3n, risas, confidencias, \u201cchascarrillos de pasillo\u201d y tambi\u00e9n, diversi\u00f3n, convirti\u00e9ndose cada uno de ellos en parte fundamental de nuestra andadura profesional y personal.<\/p>\n<p>Siendo hoy el d\u00eda Internacional de la Familia, felicitar a la gran familia que es el <a href=\"https:\/\/gabitelingenieros.com\/sobre-gabitel\/\">Equipo GABITEL<\/a>, que contin\u00faa manteniendo vivo el sentimiento de uni\u00f3n, fortaleza y complicidad que tanto nos identifica. Siempre en los momentos m\u00e1s dif\u00edciles y en aquellos que nos han permitido alcanzar el \u00e9xito, hemos ido todos a una, remando en la misma direcci\u00f3n como hacen las verdaderas FAMILIAS. Gracias por estar a nuestro lado, por ser GABITEL.<\/p>\n","protected":false},"excerpt":{"rendered":"<p>FELIZ D\u00cdA DE LA FAMILIA Si nos preguntasen por nuestra familia, lo m\u00e1s frecuente es hacer alusi\u00f3n a nuestros padres, hijos e hijas, marido, mujer, abuelos, nietos\u2026 \u00a0aquellas personas con la que compartimos lazos de sangre, por quienes lo dar\u00edamos todo, nos arropan y son pilares fundamentales en nuestras vidas. Pero posiblemente, sin ser conscientes, [&hellip;]<\/p>\n","protected":false},"author":3,"featured_media":33889,"comment_status":"closed","ping_status":"closed","sticky":false,"template":"","format":"standard","meta":{"content-type":"","footnotes":""},"categories":[601],"tags":[],"class_list":["post-33038","post","type-post","status-publish","format-standard","has-post-thumbnail","hentry","category-off-topic-en"],"yoast_head":"<!-- This site is optimized with the Yoast SEO plugin v27.5 - https:\/\/yoast.com\/product\/yoast-seo-wordpress\/ -->\n<title>D\u00eda de la familia - Gabitel<\/title>\n<meta name=\"robots\" content=\"index, follow, max-snippet:-1, max-image-preview:large, max-video-preview:-1\" \/>\n<link rel=\"canonical\" href=\"https:\/\/gabitel.net\/en\/dia-de-la-familia\/\" \/>\n<meta property=\"og:locale\" content=\"en_US\" \/>\n<meta property=\"og:type\" content=\"article\" \/>\n<meta property=\"og:title\" content=\"D\u00eda de la familia - Gabitel\" \/>\n<meta property=\"og:description\" content=\"FELIZ D\u00cdA DE LA FAMILIA Si nos preguntasen por nuestra familia, lo m\u00e1s frecuente es hacer alusi\u00f3n a nuestros padres, hijos e hijas, marido, mujer, abuelos, nietos\u2026 \u00a0aquellas personas con la que compartimos lazos de sangre, por quienes lo dar\u00edamos todo, nos arropan y son pilares fundamentales en nuestras vidas. Pero posiblemente, sin ser conscientes, [&hellip;]\" \/>\n<meta property=\"og:url\" content=\"https:\/\/gabitel.net\/en\/dia-de-la-familia\/\" \/>\n<meta property=\"og:site_name\" content=\"Gabitel\" \/>\n<meta property=\"article:publisher\" content=\"https:\/\/www.facebook.com\/gabitelingenieros\/\" \/>\n<meta property=\"article:published_time\" content=\"2021-05-15T10:18:05+00:00\" \/>\n<meta name=\"author\" content=\"user.autor\" \/>\n<meta name=\"twitter:card\" content=\"summary_large_image\" \/>\n<meta name=\"twitter:label1\" content=\"Written by\" \/>\n\t<meta name=\"twitter:data1\" content=\"user.autor\" \/>\n\t<meta name=\"twitter:label2\" content=\"Est. reading time\" \/>\n\t<meta name=\"twitter:data2\" content=\"1 minute\" \/>\n<script type=\"application\/ld+json\" class=\"yoast-schema-graph\">{\"@context\":\"https:\\\/\\\/schema.org\",\"@graph\":[{\"@type\":[\"Article\",\"BlogPosting\"],\"@id\":\"https:\\\/\\\/gabitel.net\\\/en\\\/dia-de-la-familia\\\/#article\",\"isPartOf\":{\"@id\":\"https:\\\/\\\/gabitel.net\\\/en\\\/dia-de-la-familia\\\/\"},\"author\":{\"name\":\"user.autor\",\"@id\":\"https:\\\/\\\/gabitel.net\\\/en\\\/#\\\/schema\\\/person\\\/37ba53714c3fedb9c7d22f4bc781465c\"},\"headline\":\"D\u00eda de la familia\",\"datePublished\":\"2021-05-15T10:18:05+00:00\",\"mainEntityOfPage\":{\"@id\":\"https:\\\/\\\/gabitel.net\\\/en\\\/dia-de-la-familia\\\/\"},\"wordCount\":278,\"publisher\":{\"@id\":\"https:\\\/\\\/gabitel.net\\\/en\\\/#organization\"},\"image\":{\"@id\":\"https:\\\/\\\/gabitel.net\\\/en\\\/dia-de-la-familia\\\/#primaryimage\"},\"thumbnailUrl\":\"https:\\\/\\\/gabitel.net\\\/wp-content\\\/uploads\\\/2021\\\/05\\\/family-day-min.jpg\",\"articleSection\":[\"Off-topic\"],\"inLanguage\":\"en-US\"},{\"@type\":\"WebPage\",\"@id\":\"https:\\\/\\\/gabitel.net\\\/en\\\/dia-de-la-familia\\\/\",\"url\":\"https:\\\/\\\/gabitel.net\\\/en\\\/dia-de-la-familia\\\/\",\"name\":\"D\u00eda de la familia - Gabitel\",\"isPartOf\":{\"@id\":\"https:\\\/\\\/gabitel.net\\\/en\\\/#website\"},\"primaryImageOfPage\":{\"@id\":\"https:\\\/\\\/gabitel.net\\\/en\\\/dia-de-la-familia\\\/#primaryimage\"},\"image\":{\"@id\":\"https:\\\/\\\/gabitel.net\\\/en\\\/dia-de-la-familia\\\/#primaryimage\"},\"thumbnailUrl\":\"https:\\\/\\\/gabitel.net\\\/wp-content\\\/uploads\\\/2021\\\/05\\\/family-day-min.jpg\",\"datePublished\":\"2021-05-15T10:18:05+00:00\",\"breadcrumb\":{\"@id\":\"https:\\\/\\\/gabitel.net\\\/en\\\/dia-de-la-familia\\\/#breadcrumb\"},\"inLanguage\":\"en-US\",\"potentialAction\":[{\"@type\":\"ReadAction\",\"target\":[\"https:\\\/\\\/gabitel.net\\\/en\\\/dia-de-la-familia\\\/\"]}]},{\"@type\":\"ImageObject\",\"inLanguage\":\"en-US\",\"@id\":\"https:\\\/\\\/gabitel.net\\\/en\\\/dia-de-la-familia\\\/#primaryimage\",\"url\":\"https:\\\/\\\/gabitel.net\\\/wp-content\\\/uploads\\\/2021\\\/05\\\/family-day-min.jpg\",\"contentUrl\":\"https:\\\/\\\/gabitel.net\\\/wp-content\\\/uploads\\\/2021\\\/05\\\/family-day-min.jpg\",\"width\":2000,\"height\":2000,\"caption\":\"family-fttp-ftth-ingenieria\"},{\"@type\":\"BreadcrumbList\",\"@id\":\"https:\\\/\\\/gabitel.net\\\/en\\\/dia-de-la-familia\\\/#breadcrumb\",\"itemListElement\":[{\"@type\":\"ListItem\",\"position\":1,\"name\":\"Portada\",\"item\":\"https:\\\/\\\/gabitel.net\\\/en\\\/\"},{\"@type\":\"ListItem\",\"position\":2,\"name\":\"D\u00eda de la familia\"}]},{\"@type\":\"WebSite\",\"@id\":\"https:\\\/\\\/gabitel.net\\\/en\\\/#website\",\"url\":\"https:\\\/\\\/gabitel.net\\\/en\\\/\",\"name\":\"Gabitel\",\"description\":\"\",\"publisher\":{\"@id\":\"https:\\\/\\\/gabitel.net\\\/en\\\/#organization\"},\"potentialAction\":[{\"@type\":\"SearchAction\",\"target\":{\"@type\":\"EntryPoint\",\"urlTemplate\":\"https:\\\/\\\/gabitel.net\\\/en\\\/?s={search_term_string}\"},\"query-input\":{\"@type\":\"PropertyValueSpecification\",\"valueRequired\":true,\"valueName\":\"search_term_string\"}}],\"inLanguage\":\"en-US\"},{\"@type\":\"Organization\",\"@id\":\"https:\\\/\\\/gabitel.net\\\/en\\\/#organization\",\"name\":\"Gabitel\",\"url\":\"https:\\\/\\\/gabitel.net\\\/en\\\/\",\"logo\":{\"@type\":\"ImageObject\",\"inLanguage\":\"en-US\",\"@id\":\"https:\\\/\\\/gabitel.net\\\/en\\\/#\\\/schema\\\/logo\\\/image\\\/\",\"url\":\"https:\\\/\\\/gabitel.net\\\/wp-content\\\/uploads\\\/2025\\\/05\\\/logo_gabitel.jpg\",\"contentUrl\":\"https:\\\/\\\/gabitel.net\\\/wp-content\\\/uploads\\\/2025\\\/05\\\/logo_gabitel.jpg\",\"width\":2560,\"height\":1330,\"caption\":\"Gabitel\"},\"image\":{\"@id\":\"https:\\\/\\\/gabitel.net\\\/en\\\/#\\\/schema\\\/logo\\\/image\\\/\"},\"sameAs\":[\"https:\\\/\\\/www.facebook.com\\\/gabitelingenieros\\\/\",\"https:\\\/\\\/es.linkedin.com\\\/company\\\/gabitel-ingenieros\"]},{\"@type\":\"Person\",\"@id\":\"https:\\\/\\\/gabitel.net\\\/en\\\/#\\\/schema\\\/person\\\/37ba53714c3fedb9c7d22f4bc781465c\",\"name\":\"user.autor\",\"url\":\"https:\\\/\\\/gabitel.net\\\/en\\\/author\\\/user-autor\\\/\"}]}<\/script>\n<!-- \/ Yoast SEO plugin. -->","yoast_head_json":{"title":"D\u00eda de la familia - Gabitel","robots":{"index":"index","follow":"follow","max-snippet":"max-snippet:-1","max-image-preview":"max-image-preview:large","max-video-preview":"max-video-preview:-1"},"canonical":"https:\/\/gabitel.net\/en\/dia-de-la-familia\/","og_locale":"en_US","og_type":"article","og_title":"D\u00eda de la familia - Gabitel","og_description":"FELIZ D\u00cdA DE LA FAMILIA Si nos preguntasen por nuestra familia, lo m\u00e1s frecuente es hacer alusi\u00f3n a nuestros padres, hijos e hijas, marido, mujer, abuelos, nietos\u2026 \u00a0aquellas personas con la que compartimos lazos de sangre, por quienes lo dar\u00edamos todo, nos arropan y son pilares fundamentales en nuestras vidas. Pero posiblemente, sin ser conscientes, [&hellip;]","og_url":"https:\/\/gabitel.net\/en\/dia-de-la-familia\/","og_site_name":"Gabitel","article_publisher":"https:\/\/www.facebook.com\/gabitelingenieros\/","article_published_time":"2021-05-15T10:18:05+00:00","author":"user.autor","twitter_card":"summary_large_image","twitter_misc":{"Written by":"user.autor","Est. reading time":"1 minute"},"schema":{"@context":"https:\/\/schema.org","@graph":[{"@type":["Article","BlogPosting"],"@id":"https:\/\/gabitel.net\/en\/dia-de-la-familia\/#article","isPartOf":{"@id":"https:\/\/gabitel.net\/en\/dia-de-la-familia\/"},"author":{"name":"user.autor","@id":"https:\/\/gabitel.net\/en\/#\/schema\/person\/37ba53714c3fedb9c7d22f4bc781465c"},"headline":"D\u00eda de la familia","datePublished":"2021-05-15T10:18:05+00:00","mainEntityOfPage":{"@id":"https:\/\/gabitel.net\/en\/dia-de-la-familia\/"},"wordCount":278,"publisher":{"@id":"https:\/\/gabitel.net\/en\/#organization"},"image":{"@id":"https:\/\/gabitel.net\/en\/dia-de-la-familia\/#primaryimage"},"thumbnailUrl":"https:\/\/gabitel.net\/wp-content\/uploads\/2021\/05\/family-day-min.jpg","articleSection":["Off-topic"],"inLanguage":"en-US"},{"@type":"WebPage","@id":"https:\/\/gabitel.net\/en\/dia-de-la-familia\/","url":"https:\/\/gabitel.net\/en\/dia-de-la-familia\/","name":"D\u00eda de la familia - Gabitel","isPartOf":{"@id":"https:\/\/gabitel.net\/en\/#website"},"primaryImageOfPage":{"@id":"https:\/\/gabitel.net\/en\/dia-de-la-familia\/#primaryimage"},"image":{"@id":"https:\/\/gabitel.net\/en\/dia-de-la-familia\/#primaryimage"},"thumbnailUrl":"https:\/\/gabitel.net\/wp-content\/uploads\/2021\/05\/family-day-min.jpg","datePublished":"2021-05-15T10:18:05+00:00","breadcrumb":{"@id":"https:\/\/gabitel.net\/en\/dia-de-la-familia\/#breadcrumb"},"inLanguage":"en-US","potentialAction":[{"@type":"ReadAction","target":["https:\/\/gabitel.net\/en\/dia-de-la-familia\/"]}]},{"@type":"ImageObject","inLanguage":"en-US","@id":"https:\/\/gabitel.net\/en\/dia-de-la-familia\/#primaryimage","url":"https:\/\/gabitel.net\/wp-content\/uploads\/2021\/05\/family-day-min.jpg","contentUrl":"https:\/\/gabitel.net\/wp-content\/uploads\/2021\/05\/family-day-min.jpg","width":2000,"height":2000,"caption":"family-fttp-ftth-ingenieria"},{"@type":"BreadcrumbList","@id":"https:\/\/gabitel.net\/en\/dia-de-la-familia\/#breadcrumb","itemListElement":[{"@type":"ListItem","position":1,"name":"Portada","item":"https:\/\/gabitel.net\/en\/"},{"@type":"ListItem","position":2,"name":"D\u00eda de la familia"}]},{"@type":"WebSite","@id":"https:\/\/gabitel.net\/en\/#website","url":"https:\/\/gabitel.net\/en\/","name":"Gabitel","description":"","publisher":{"@id":"https:\/\/gabitel.net\/en\/#organization"},"potentialAction":[{"@type":"SearchAction","target":{"@type":"EntryPoint","urlTemplate":"https:\/\/gabitel.net\/en\/?s={search_term_string}"},"query-input":{"@type":"PropertyValueSpecification","valueRequired":true,"valueName":"search_term_string"}}],"inLanguage":"en-US"},{"@type":"Organization","@id":"https:\/\/gabitel.net\/en\/#organization","name":"Gabitel","url":"https:\/\/gabitel.net\/en\/","logo":{"@type":"ImageObject","inLanguage":"en-US","@id":"https:\/\/gabitel.net\/en\/#\/schema\/logo\/image\/","url":"https:\/\/gabitel.net\/wp-content\/uploads\/2025\/05\/logo_gabitel.jpg","contentUrl":"https:\/\/gabitel.net\/wp-content\/uploads\/2025\/05\/logo_gabitel.jpg","width":2560,"height":1330,"caption":"Gabitel"},"image":{"@id":"https:\/\/gabitel.net\/en\/#\/schema\/logo\/image\/"},"sameAs":["https:\/\/www.facebook.com\/gabitelingenieros\/","https:\/\/es.linkedin.com\/company\/gabitel-ingenieros"]},{"@type":"Person","@id":"https:\/\/gabitel.net\/en\/#\/schema\/person\/37ba53714c3fedb9c7d22f4bc781465c","name":"user.autor","url":"https:\/\/gabitel.net\/en\/author\/user-autor\/"}]}},"_links":{"self":[{"href":"https:\/\/gabitel.net\/en\/wp-json\/wp\/v2\/posts\/33038","targetHints":{"allow":["GET"]}}],"collection":[{"href":"https:\/\/gabitel.net\/en\/wp-json\/wp\/v2\/posts"}],"about":[{"href":"https:\/\/gabitel.net\/en\/wp-json\/wp\/v2\/types\/post"}],"author":[{"embeddable":true,"href":"https:\/\/gabitel.net\/en\/wp-json\/wp\/v2\/users\/3"}],"replies":[{"embeddable":true,"href":"https:\/\/gabitel.net\/en\/wp-json\/wp\/v2\/comments?post=33038"}],"version-history":[{"count":0,"href":"https:\/\/gabitel.net\/en\/wp-json\/wp\/v2\/posts\/33038\/revisions"}],"wp:featuredmedia":[{"embeddable":true,"href":"https:\/\/gabitel.net\/en\/wp-json\/wp\/v2\/media\/33889"}],"wp:attachment":[{"href":"https:\/\/gabitel.net\/en\/wp-json\/wp\/v2\/media?parent=33038"}],"wp:term":[{"taxonomy":"category","embeddable":true,"href":"https:\/\/gabitel.net\/en\/wp-json\/wp\/v2\/categories?post=33038"},{"taxonomy":"post_tag","embeddable":true,"href":"https:\/\/gabitel.net\/en\/wp-json\/wp\/v2\/tags?post=33038"}],"curies":[{"name":"wp","href":"https:\/\/api.w.org\/{rel}","templated":true}]}}