{"id":33052,"date":"2021-04-30T07:55:15","date_gmt":"2021-04-30T06:55:15","guid":{"rendered":"https:\/\/gabitel.net\/nuestro-equipo-entrevista-a-laura-perogil\/"},"modified":"2021-04-30T07:55:15","modified_gmt":"2021-04-30T06:55:15","slug":"nuestro-equipo-entrevista-a-laura-perogil","status":"publish","type":"post","link":"https:\/\/gabitel.net\/en\/nuestro-equipo-entrevista-a-laura-perogil\/","title":{"rendered":"Nuestro equipo. Entrevista a Laura Perogil"},"content":{"rendered":"<ul>\n<li style=\"text-align: justify;\">\u00bf<strong>Nos podr\u00edas contar en qu\u00e9 consiste tu puesto de trabajo y las principales actividades que desarrollar?<\/strong><\/li>\n<\/ul>\n<p style=\"text-align: justify;\">Actualmente me encuentro dentro del departamento agroalimentario, que dentro del grupo Gabitel es tambi\u00e9n conocido como Realza Ingenieros.<\/p>\n<p style=\"text-align: justify;\">Concretamente me dedico a realizar tramitaciones de medio ambiente que requieren las fincas para su puesta en cultivo, y los elementos que la rodean (nuevas infraestructuras hidr\u00e1ulicas, naves, etc).<\/p>\n<p style=\"text-align: justify;\">Por citar algunos de los trabajos que destacan m\u00e1s: estudios de impacto ambiental de cambios de uso de terrenos forestales a uso agr\u00edcola, estudios de inundaci\u00f3n o cartograf\u00eda en sistemas GIS.<\/p>\n<p style=\"text-align: justify;\">\n<p>&nbsp;<\/p>\n<ul>\n<li style=\"text-align: justify;\"><strong>\u00bfC\u00f3mo fueron tus inicios en Gabitel?<\/strong><\/li>\n<\/ul>\n<p style=\"text-align: justify;\">Comenc\u00e9 a trabajar en Gabitel en 2018 en pr\u00e1cticas gracias al convenio que mantiene la empresa con la Universidad de Huelva. Antes de empezar hab\u00eda perdido un poco la esperanza de trabajar en mi sector, por lo fue una gran alegr\u00eda que me cogieran.<\/p>\n<p style=\"text-align: justify;\">En general, fue una experiencia muy agradable y enriquecedora, sobre todo por la acogida que recib\u00ed por parte de los compa\u00f1eros de los que pude aprender much\u00edsimo tanto a nivel profesional como a nivel personal.<\/p>\n<p style=\"text-align: justify;\">\n<p>&nbsp;<\/p>\n<ul>\n<li style=\"text-align: justify;\">\u00bf<strong>Qu\u00e9 expectativas laborales tienes de desarrollo profesional dentro de Gabitel?<\/strong><\/li>\n<\/ul>\n<p style=\"text-align: justify;\">Mi mayor deseo es principalmente seguir aprendiendo y mejorar la calidad de mi trabajo. Como expectativa quiz\u00e1 ampliar la variedad de sectores para los que realizamos trabajos de medio ambiente, e implicarnos m\u00e1s en el sector de los Sistemas de Gesti\u00f3n Ambiental ya que este fue el tema de mi trabajo de fin grado.<\/p>\n<p style=\"text-align: justify;\">\n<p>&nbsp;<\/p>\n<ul>\n<li style=\"text-align: justify;\"><strong>Para conocerte un poco mejor a nivel personal. \u00bfnos puedes contar cu\u00e1les son tus aficiones?<\/strong><\/li>\n<\/ul>\n<p style=\"text-align: justify;\">Pues soy una persona muy casera y muy friki, me gusta mucho ver pel\u00edculas y series (sobre todo de fantas\u00eda o romanticonas), los juegos de mesa (desde el parch\u00eds hasta las cartas Magic) y jugar un videojuego llamado \u201cWorld of warcarft\u201d. Tambi\u00e9n me gusta mucho leer (tambi\u00e9n fantas\u00eda), pero \u00faltimamente lo hago poco.<\/p>\n<p style=\"text-align: justify;\">Fuera de casa, me encanta ir a la playa (sobre todo con mis sobrinos para revolcarme con ellos por la arena).<\/p>\n<p style=\"text-align: justify;\">\n<p>&nbsp;<\/p>\n<ul>\n<li style=\"text-align: justify;\"><strong>\u00bfQu\u00e9 es lo que m\u00e1s caracter\u00edstico de ti en tu forma de ser?<\/strong><\/li>\n<\/ul>\n<p style=\"text-align: justify;\">Probablemente que soy una persona muy mani\u00e1tica, especialmente cuando se trata del orden, y que me llevo fatal con la tecnolog\u00eda en general.<\/p>\n<p style=\"text-align: justify;\">\n<p>&nbsp;<\/p>\n<ul>\n<li style=\"text-align: justify;\"><strong>Aqu\u00ed va la pregunta que env\u00edo Juanma Mora, que realiz\u00f3 la entrevista anterior: <span style=\"color: #000000;\">Si fueras la persona que decidieras en que nuevo sector invertir \u00bfD\u00f3nde lo har\u00edas y por qu\u00e9?<\/span><\/strong><\/li>\n<\/ul>\n<p style=\"text-align: justify;\">Sin ninguna duda profundizar\u00eda en campo del I+D+I, creando un departamento espec\u00edfico para ello que desarrollara nuevos trabajos constantemente.<\/p>\n<p style=\"text-align: justify;\">En primer lugar, tratar\u00eda de aprovechar los conocimientos que tenemos de los sectores con los trabajamos actualmente, que son bastantes, para desarrollar nuevos m\u00e9todos de trabajo o aplicaciones que podr\u00edan aprovecharse internamente para conseguir una reducci\u00f3n del tiempo de desarrollo de los trabajos o una mejora de la calidad de los mismos, de forma que se consiga un valor a\u00f1adido que aumente su precio de venta. Quiz\u00e1 no se tratar\u00eda del todo de abrirse a un nuevo sector sino de innovar dentro de los que ya conocemos.<\/p>\n<p style=\"text-align: justify;\">En segundo lugar, me abrir\u00eda a un sector totalmente nuevo para la empresa que ser\u00eda el sector de la medicina. Actualmente existe una estrecha colaboraci\u00f3n entre m\u00e9dicos y profesionales de la inform\u00e1tica. Esta relaci\u00f3n est\u00e1 consiguiendo el desarrollo de aplicaciones de control m\u00e9dico y apoyo al diagn\u00f3stico muy potentes y lucrativas. Adem\u00e1s del beneficio econ\u00f3mico que se puedan obtener de estos trabajos, hay que destacar que la mejora social que suponen algunas de ellas no tiene precio, y otorgar\u00edan un gran prestigio a nuestra empresa.<\/p>\n<p style=\"text-align: justify;\">\n<p>&nbsp;<\/p>\n<ul>\n<li style=\"text-align: justify;\"><strong>Env\u00eda una pregunta al pr\u00f3ximo compa\u00f1ero que entrevistaremos en el bolet\u00edn siguiente<\/strong><\/li>\n<\/ul>\n<p style=\"text-align: justify;\">A ra\u00edz que los avances t\u00e9cnicos y los procesos de automatizaci\u00f3n que se van imponiendo d\u00eda a d\u00eda en todos los sectores, \u00bfc\u00f3mo crees que se va a desarrollar tu trabajo dentro de unos a\u00f1os?<\/p>\n","protected":false},"excerpt":{"rendered":"<p>\u00bfNos podr\u00edas contar en qu\u00e9 consiste tu puesto de trabajo y las principales actividades que desarrollar? Actualmente me encuentro dentro del departamento agroalimentario, que dentro del grupo Gabitel es tambi\u00e9n conocido como Realza Ingenieros. Concretamente me dedico a realizar tramitaciones de medio ambiente que requieren las fincas para su puesta en cultivo, y los elementos [&hellip;]<\/p>\n","protected":false},"author":3,"featured_media":33859,"comment_status":"closed","ping_status":"closed","sticky":false,"template":"","format":"standard","meta":{"content-type":"","footnotes":""},"categories":[601],"tags":[],"class_list":["post-33052","post","type-post","status-publish","format-standard","has-post-thumbnail","hentry","category-off-topic-en"],"yoast_head":"<!-- This site is optimized with the Yoast SEO plugin v27.5 - https:\/\/yoast.com\/product\/yoast-seo-wordpress\/ -->\n<title>Nuestro equipo. Entrevista a Laura Perogil - Gabitel<\/title>\n<meta name=\"robots\" content=\"index, follow, max-snippet:-1, max-image-preview:large, max-video-preview:-1\" \/>\n<link rel=\"canonical\" href=\"https:\/\/gabitel.net\/en\/nuestro-equipo-entrevista-a-laura-perogil\/\" \/>\n<meta property=\"og:locale\" content=\"en_US\" \/>\n<meta property=\"og:type\" content=\"article\" \/>\n<meta property=\"og:title\" content=\"Nuestro equipo. Entrevista a Laura Perogil - Gabitel\" \/>\n<meta property=\"og:description\" content=\"\u00bfNos podr\u00edas contar en qu\u00e9 consiste tu puesto de trabajo y las principales actividades que desarrollar? Actualmente me encuentro dentro del departamento agroalimentario, que dentro del grupo Gabitel es tambi\u00e9n conocido como Realza Ingenieros. Concretamente me dedico a realizar tramitaciones de medio ambiente que requieren las fincas para su puesta en cultivo, y los elementos [&hellip;]\" \/>\n<meta property=\"og:url\" content=\"https:\/\/gabitel.net\/en\/nuestro-equipo-entrevista-a-laura-perogil\/\" \/>\n<meta property=\"og:site_name\" content=\"Gabitel\" \/>\n<meta property=\"article:publisher\" content=\"https:\/\/www.facebook.com\/gabitelingenieros\/\" \/>\n<meta property=\"article:published_time\" content=\"2021-04-30T06:55:15+00:00\" \/>\n<meta name=\"author\" content=\"user.autor\" \/>\n<meta name=\"twitter:card\" content=\"summary_large_image\" \/>\n<meta name=\"twitter:label1\" content=\"Written by\" \/>\n\t<meta name=\"twitter:data1\" content=\"user.autor\" \/>\n\t<meta name=\"twitter:label2\" content=\"Est. reading time\" \/>\n\t<meta name=\"twitter:data2\" content=\"4 minutes\" \/>\n<script type=\"application\/ld+json\" class=\"yoast-schema-graph\">{\"@context\":\"https:\\\/\\\/schema.org\",\"@graph\":[{\"@type\":[\"Article\",\"BlogPosting\"],\"@id\":\"https:\\\/\\\/gabitel.net\\\/en\\\/nuestro-equipo-entrevista-a-laura-perogil\\\/#article\",\"isPartOf\":{\"@id\":\"https:\\\/\\\/gabitel.net\\\/en\\\/nuestro-equipo-entrevista-a-laura-perogil\\\/\"},\"author\":{\"name\":\"user.autor\",\"@id\":\"https:\\\/\\\/gabitel.net\\\/en\\\/#\\\/schema\\\/person\\\/37ba53714c3fedb9c7d22f4bc781465c\"},\"headline\":\"Nuestro equipo. Entrevista a Laura Perogil\",\"datePublished\":\"2021-04-30T06:55:15+00:00\",\"mainEntityOfPage\":{\"@id\":\"https:\\\/\\\/gabitel.net\\\/en\\\/nuestro-equipo-entrevista-a-laura-perogil\\\/\"},\"wordCount\":708,\"publisher\":{\"@id\":\"https:\\\/\\\/gabitel.net\\\/en\\\/#organization\"},\"image\":{\"@id\":\"https:\\\/\\\/gabitel.net\\\/en\\\/nuestro-equipo-entrevista-a-laura-perogil\\\/#primaryimage\"},\"thumbnailUrl\":\"https:\\\/\\\/gabitel.net\\\/wp-content\\\/uploads\\\/2021\\\/04\\\/Laura-Perogil-min.png\",\"articleSection\":[\"Off-topic\"],\"inLanguage\":\"en-US\"},{\"@type\":\"WebPage\",\"@id\":\"https:\\\/\\\/gabitel.net\\\/en\\\/nuestro-equipo-entrevista-a-laura-perogil\\\/\",\"url\":\"https:\\\/\\\/gabitel.net\\\/en\\\/nuestro-equipo-entrevista-a-laura-perogil\\\/\",\"name\":\"Nuestro equipo. Entrevista a Laura Perogil - Gabitel\",\"isPartOf\":{\"@id\":\"https:\\\/\\\/gabitel.net\\\/en\\\/#website\"},\"primaryImageOfPage\":{\"@id\":\"https:\\\/\\\/gabitel.net\\\/en\\\/nuestro-equipo-entrevista-a-laura-perogil\\\/#primaryimage\"},\"image\":{\"@id\":\"https:\\\/\\\/gabitel.net\\\/en\\\/nuestro-equipo-entrevista-a-laura-perogil\\\/#primaryimage\"},\"thumbnailUrl\":\"https:\\\/\\\/gabitel.net\\\/wp-content\\\/uploads\\\/2021\\\/04\\\/Laura-Perogil-min.png\",\"datePublished\":\"2021-04-30T06:55:15+00:00\",\"breadcrumb\":{\"@id\":\"https:\\\/\\\/gabitel.net\\\/en\\\/nuestro-equipo-entrevista-a-laura-perogil\\\/#breadcrumb\"},\"inLanguage\":\"en-US\",\"potentialAction\":[{\"@type\":\"ReadAction\",\"target\":[\"https:\\\/\\\/gabitel.net\\\/en\\\/nuestro-equipo-entrevista-a-laura-perogil\\\/\"]}]},{\"@type\":\"ImageObject\",\"inLanguage\":\"en-US\",\"@id\":\"https:\\\/\\\/gabitel.net\\\/en\\\/nuestro-equipo-entrevista-a-laura-perogil\\\/#primaryimage\",\"url\":\"https:\\\/\\\/gabitel.net\\\/wp-content\\\/uploads\\\/2021\\\/04\\\/Laura-Perogil-min.png\",\"contentUrl\":\"https:\\\/\\\/gabitel.net\\\/wp-content\\\/uploads\\\/2021\\\/04\\\/Laura-Perogil-min.png\",\"width\":302,\"height\":371,\"caption\":\"Laura_perogil\"},{\"@type\":\"BreadcrumbList\",\"@id\":\"https:\\\/\\\/gabitel.net\\\/en\\\/nuestro-equipo-entrevista-a-laura-perogil\\\/#breadcrumb\",\"itemListElement\":[{\"@type\":\"ListItem\",\"position\":1,\"name\":\"Portada\",\"item\":\"https:\\\/\\\/gabitel.net\\\/en\\\/\"},{\"@type\":\"ListItem\",\"position\":2,\"name\":\"Nuestro equipo. Entrevista a Laura Perogil\"}]},{\"@type\":\"WebSite\",\"@id\":\"https:\\\/\\\/gabitel.net\\\/en\\\/#website\",\"url\":\"https:\\\/\\\/gabitel.net\\\/en\\\/\",\"name\":\"Gabitel\",\"description\":\"\",\"publisher\":{\"@id\":\"https:\\\/\\\/gabitel.net\\\/en\\\/#organization\"},\"potentialAction\":[{\"@type\":\"SearchAction\",\"target\":{\"@type\":\"EntryPoint\",\"urlTemplate\":\"https:\\\/\\\/gabitel.net\\\/en\\\/?s={search_term_string}\"},\"query-input\":{\"@type\":\"PropertyValueSpecification\",\"valueRequired\":true,\"valueName\":\"search_term_string\"}}],\"inLanguage\":\"en-US\"},{\"@type\":\"Organization\",\"@id\":\"https:\\\/\\\/gabitel.net\\\/en\\\/#organization\",\"name\":\"Gabitel\",\"url\":\"https:\\\/\\\/gabitel.net\\\/en\\\/\",\"logo\":{\"@type\":\"ImageObject\",\"inLanguage\":\"en-US\",\"@id\":\"https:\\\/\\\/gabitel.net\\\/en\\\/#\\\/schema\\\/logo\\\/image\\\/\",\"url\":\"https:\\\/\\\/gabitel.net\\\/wp-content\\\/uploads\\\/2025\\\/05\\\/logo_gabitel.jpg\",\"contentUrl\":\"https:\\\/\\\/gabitel.net\\\/wp-content\\\/uploads\\\/2025\\\/05\\\/logo_gabitel.jpg\",\"width\":2560,\"height\":1330,\"caption\":\"Gabitel\"},\"image\":{\"@id\":\"https:\\\/\\\/gabitel.net\\\/en\\\/#\\\/schema\\\/logo\\\/image\\\/\"},\"sameAs\":[\"https:\\\/\\\/www.facebook.com\\\/gabitelingenieros\\\/\",\"https:\\\/\\\/es.linkedin.com\\\/company\\\/gabitel-ingenieros\"]},{\"@type\":\"Person\",\"@id\":\"https:\\\/\\\/gabitel.net\\\/en\\\/#\\\/schema\\\/person\\\/37ba53714c3fedb9c7d22f4bc781465c\",\"name\":\"user.autor\",\"url\":\"https:\\\/\\\/gabitel.net\\\/en\\\/author\\\/user-autor\\\/\"}]}<\/script>\n<!-- \/ Yoast SEO plugin. -->","yoast_head_json":{"title":"Nuestro equipo. Entrevista a Laura Perogil - Gabitel","robots":{"index":"index","follow":"follow","max-snippet":"max-snippet:-1","max-image-preview":"max-image-preview:large","max-video-preview":"max-video-preview:-1"},"canonical":"https:\/\/gabitel.net\/en\/nuestro-equipo-entrevista-a-laura-perogil\/","og_locale":"en_US","og_type":"article","og_title":"Nuestro equipo. Entrevista a Laura Perogil - Gabitel","og_description":"\u00bfNos podr\u00edas contar en qu\u00e9 consiste tu puesto de trabajo y las principales actividades que desarrollar? Actualmente me encuentro dentro del departamento agroalimentario, que dentro del grupo Gabitel es tambi\u00e9n conocido como Realza Ingenieros. Concretamente me dedico a realizar tramitaciones de medio ambiente que requieren las fincas para su puesta en cultivo, y los elementos [&hellip;]","og_url":"https:\/\/gabitel.net\/en\/nuestro-equipo-entrevista-a-laura-perogil\/","og_site_name":"Gabitel","article_publisher":"https:\/\/www.facebook.com\/gabitelingenieros\/","article_published_time":"2021-04-30T06:55:15+00:00","author":"user.autor","twitter_card":"summary_large_image","twitter_misc":{"Written by":"user.autor","Est. reading time":"4 minutes"},"schema":{"@context":"https:\/\/schema.org","@graph":[{"@type":["Article","BlogPosting"],"@id":"https:\/\/gabitel.net\/en\/nuestro-equipo-entrevista-a-laura-perogil\/#article","isPartOf":{"@id":"https:\/\/gabitel.net\/en\/nuestro-equipo-entrevista-a-laura-perogil\/"},"author":{"name":"user.autor","@id":"https:\/\/gabitel.net\/en\/#\/schema\/person\/37ba53714c3fedb9c7d22f4bc781465c"},"headline":"Nuestro equipo. Entrevista a Laura Perogil","datePublished":"2021-04-30T06:55:15+00:00","mainEntityOfPage":{"@id":"https:\/\/gabitel.net\/en\/nuestro-equipo-entrevista-a-laura-perogil\/"},"wordCount":708,"publisher":{"@id":"https:\/\/gabitel.net\/en\/#organization"},"image":{"@id":"https:\/\/gabitel.net\/en\/nuestro-equipo-entrevista-a-laura-perogil\/#primaryimage"},"thumbnailUrl":"https:\/\/gabitel.net\/wp-content\/uploads\/2021\/04\/Laura-Perogil-min.png","articleSection":["Off-topic"],"inLanguage":"en-US"},{"@type":"WebPage","@id":"https:\/\/gabitel.net\/en\/nuestro-equipo-entrevista-a-laura-perogil\/","url":"https:\/\/gabitel.net\/en\/nuestro-equipo-entrevista-a-laura-perogil\/","name":"Nuestro equipo. Entrevista a Laura Perogil - Gabitel","isPartOf":{"@id":"https:\/\/gabitel.net\/en\/#website"},"primaryImageOfPage":{"@id":"https:\/\/gabitel.net\/en\/nuestro-equipo-entrevista-a-laura-perogil\/#primaryimage"},"image":{"@id":"https:\/\/gabitel.net\/en\/nuestro-equipo-entrevista-a-laura-perogil\/#primaryimage"},"thumbnailUrl":"https:\/\/gabitel.net\/wp-content\/uploads\/2021\/04\/Laura-Perogil-min.png","datePublished":"2021-04-30T06:55:15+00:00","breadcrumb":{"@id":"https:\/\/gabitel.net\/en\/nuestro-equipo-entrevista-a-laura-perogil\/#breadcrumb"},"inLanguage":"en-US","potentialAction":[{"@type":"ReadAction","target":["https:\/\/gabitel.net\/en\/nuestro-equipo-entrevista-a-laura-perogil\/"]}]},{"@type":"ImageObject","inLanguage":"en-US","@id":"https:\/\/gabitel.net\/en\/nuestro-equipo-entrevista-a-laura-perogil\/#primaryimage","url":"https:\/\/gabitel.net\/wp-content\/uploads\/2021\/04\/Laura-Perogil-min.png","contentUrl":"https:\/\/gabitel.net\/wp-content\/uploads\/2021\/04\/Laura-Perogil-min.png","width":302,"height":371,"caption":"Laura_perogil"},{"@type":"BreadcrumbList","@id":"https:\/\/gabitel.net\/en\/nuestro-equipo-entrevista-a-laura-perogil\/#breadcrumb","itemListElement":[{"@type":"ListItem","position":1,"name":"Portada","item":"https:\/\/gabitel.net\/en\/"},{"@type":"ListItem","position":2,"name":"Nuestro equipo. Entrevista a Laura Perogil"}]},{"@type":"WebSite","@id":"https:\/\/gabitel.net\/en\/#website","url":"https:\/\/gabitel.net\/en\/","name":"Gabitel","description":"","publisher":{"@id":"https:\/\/gabitel.net\/en\/#organization"},"potentialAction":[{"@type":"SearchAction","target":{"@type":"EntryPoint","urlTemplate":"https:\/\/gabitel.net\/en\/?s={search_term_string}"},"query-input":{"@type":"PropertyValueSpecification","valueRequired":true,"valueName":"search_term_string"}}],"inLanguage":"en-US"},{"@type":"Organization","@id":"https:\/\/gabitel.net\/en\/#organization","name":"Gabitel","url":"https:\/\/gabitel.net\/en\/","logo":{"@type":"ImageObject","inLanguage":"en-US","@id":"https:\/\/gabitel.net\/en\/#\/schema\/logo\/image\/","url":"https:\/\/gabitel.net\/wp-content\/uploads\/2025\/05\/logo_gabitel.jpg","contentUrl":"https:\/\/gabitel.net\/wp-content\/uploads\/2025\/05\/logo_gabitel.jpg","width":2560,"height":1330,"caption":"Gabitel"},"image":{"@id":"https:\/\/gabitel.net\/en\/#\/schema\/logo\/image\/"},"sameAs":["https:\/\/www.facebook.com\/gabitelingenieros\/","https:\/\/es.linkedin.com\/company\/gabitel-ingenieros"]},{"@type":"Person","@id":"https:\/\/gabitel.net\/en\/#\/schema\/person\/37ba53714c3fedb9c7d22f4bc781465c","name":"user.autor","url":"https:\/\/gabitel.net\/en\/author\/user-autor\/"}]}},"_links":{"self":[{"href":"https:\/\/gabitel.net\/en\/wp-json\/wp\/v2\/posts\/33052","targetHints":{"allow":["GET"]}}],"collection":[{"href":"https:\/\/gabitel.net\/en\/wp-json\/wp\/v2\/posts"}],"about":[{"href":"https:\/\/gabitel.net\/en\/wp-json\/wp\/v2\/types\/post"}],"author":[{"embeddable":true,"href":"https:\/\/gabitel.net\/en\/wp-json\/wp\/v2\/users\/3"}],"replies":[{"embeddable":true,"href":"https:\/\/gabitel.net\/en\/wp-json\/wp\/v2\/comments?post=33052"}],"version-history":[{"count":0,"href":"https:\/\/gabitel.net\/en\/wp-json\/wp\/v2\/posts\/33052\/revisions"}],"wp:featuredmedia":[{"embeddable":true,"href":"https:\/\/gabitel.net\/en\/wp-json\/wp\/v2\/media\/33859"}],"wp:attachment":[{"href":"https:\/\/gabitel.net\/en\/wp-json\/wp\/v2\/media?parent=33052"}],"wp:term":[{"taxonomy":"category","embeddable":true,"href":"https:\/\/gabitel.net\/en\/wp-json\/wp\/v2\/categories?post=33052"},{"taxonomy":"post_tag","embeddable":true,"href":"https:\/\/gabitel.net\/en\/wp-json\/wp\/v2\/tags?post=33052"}],"curies":[{"name":"wp","href":"https:\/\/api.w.org\/{rel}","templated":true}]}}