{"id":33071,"date":"2021-04-08T12:54:37","date_gmt":"2021-04-08T11:54:37","guid":{"rendered":"https:\/\/gabitel.net\/nuestro-equipo-entrevista-a-juanma-mora\/"},"modified":"2021-04-08T12:54:37","modified_gmt":"2021-04-08T11:54:37","slug":"nuestro-equipo-entrevista-a-juanma-mora","status":"publish","type":"post","link":"https:\/\/gabitel.net\/en\/nuestro-equipo-entrevista-a-juanma-mora\/","title":{"rendered":"Nuestro equipo. Entrevista a Juanma Mora"},"content":{"rendered":"<ul>\n<li style=\"text-align: justify;\"><strong>\u00bfPodr\u00edas describirnos c\u00f3mo fue tu llegada a Gabitel?<\/strong><\/li>\n<\/ul>\n<p style=\"text-align: justify;\">Mi primer contacto con Gabitel se remonta a 2007, cuando la oficina estaba\u00a0en Avd. Portugal y el equipo de Gabitel era tremendamente inferior al\u00a0existente hoy d\u00eda. En esa \u00e9poca estuve realizando trabajos de ICT\u00a0(Infraestructura Comunes de Telecomunicaciones) y ac\u00fasticas durante algo m\u00e1s\u00a0de un a\u00f1o, hasta que finalic\u00e9 la primera etapa.<\/p>\n<p style=\"text-align: justify;\">A principios de 2016 regres\u00e9 a Gabitel, y hasta la fecha de hoy. En esta segunda etapa siempre he estado vinculado al proyecto Endesa, inici\u00e1ndome en\u00a0las revisiones peri\u00f3dicas reglamentarias, y pasando por gran variedad de\u00a0trabajos tales como: revisi\u00f3n de BT, termograf\u00edas, toma de cargas de trafos\u00a0MT\/BT, cesi\u00f3n de instalaciones de terceros&#8230;entre otros, hasta llegar al\u00a0departamento de nuevos suministros, donde estaba antes de esta nueva\u00a0andadura profesional.<\/p>\n<p style=\"text-align: justify;\">\n<ul style=\"text-align: justify;\">\n<li><strong>\u00bfQu\u00e9 es lo que m\u00e1s valoras de tu trabajo en Gabitel?<\/strong><\/li>\n<\/ul>\n<p style=\"text-align: justify;\">En mi caso, el poder expresar inquietudes o ideas, y que se escuchen y\u00a0atiendan. Adem\u00e1s de eso, el relacionarse con tantas personas de \u00e1mbitos\u00a0distintos, y poder aprender de cada una de ellas. Son aspectos que considero\u00a0de relevancia para mejorar tanto en el aspecto laboral como personal. Porque\u00a0todo suma.\u00a0 El ambiente de trabajo es muy bueno, y las personas que aqu\u00ed\u00a0trabajan adem\u00e1s de buenos trabajadores, de todas las que conozco, puedo\u00a0decir que son buenas personas. Pero adem\u00e1s existen personas con muchas ganas\u00a0e ilusi\u00f3n, de sumar logros a Gabitel.<\/p>\n<p style=\"text-align: justify;\">\n<ul style=\"text-align: justify;\">\n<li><strong>\u00bfEn qu\u00e9 consiste el proyecto en el qu\u00e9 te encuentras ahora mismo\u00a0en Asturias?<\/strong><\/li>\n<\/ul>\n<p style=\"text-align: justify;\">El proyecto de Asturias lo compone la construcci\u00f3n de 4 parques e\u00f3licos,\u00a0ampliaci\u00f3n de una subestaci\u00f3n existente, y la construcci\u00f3n de 2 nuevas\u00a0subestaciones, cuyo cliente final es Iberdrola Renovables. De la cantidad de\u00a0trabajos que se realizan en este tipo de proyectos, estamos presente en la\u00a0supervisi\u00f3n de la puesta en marcha de todas las ST.\u00a0 Lo que para m\u00ed es una\u00a0de las partes y etapas m\u00e1s bonita del conjunto del proyecto. Ya que el\u00a0momento de la energizaci\u00f3n o producci\u00f3n del 1MW de cada subestaci\u00f3n, ese\u00a0momento recoge todo el esfuerzo, de todos los participantes del proyecto. Y\u00a0un mal dise\u00f1o de ingenier\u00eda, o una mala conexi\u00f3n en obra, deja parada una\u00a0instalaci\u00f3n de un montante econ\u00f3mico elevado.<\/p>\n<p style=\"text-align: justify;\">Los trabajos de puesta en marcha se inicia desde la llegada de\u00a0equipos\/aparamenta a la subestaci\u00f3n, hasta la energizaci\u00f3n, pasando por\u00a0pruebas individuales a cada equipo, configuraci\u00f3n de los mismo, redacci\u00f3n\u00a0protocolos de funcionamientos, coordinaci\u00f3n de trabajos de terceras empresas, pruebas con empresa distribuidora local&#8230;entre otros.<\/p>\n<p style=\"text-align: justify;\">\n<ul style=\"text-align: justify;\">\n<li><strong>Si fu\u00e9semos a Asturias de viaje, \u00bfQu\u00e9 recomendaciones nos har\u00edas?<\/strong><\/li>\n<\/ul>\n<p style=\"text-align: justify;\">Es mal momento de visitar esta preciosa regi\u00f3n, por las restricciones de\u00a0movilidad que existen por COVID.\u00a0 No obstante en cada rinc\u00f3n, en cada curva\u00a0de una peque\u00f1a carretera, en cada sendero&#8230; te depara un paisaje de postal,\u00a0y eso me encanta. Si hablo de la gastronom\u00eda, lo mejor es venir y probarla.\u00a0La zona donde se est\u00e1 ejecutando tal proyecto, pertenece en parte al t\u00e9rmino\u00a0de Villay\u00f3n, muy recomendado por sus paisajes y monumentos naturales y por\u00a0supuesto su comida.<\/p>\n<p style=\"text-align: justify;\">Eso s\u00ed para los que estamos acostumbrado al sol y temperaturas altas, pasar\u00a0un invierno aqu\u00ed en Asturias tiene su m\u00e9rito. Me acordar\u00e9 de Filomena para\u00a0siempre.<\/p>\n<p style=\"text-align: justify;\">\n<ul style=\"text-align: justify;\">\n<li><strong>Con la finalidad de poder conocerte mejor, \u00bfC\u00f3mo crees que\u00a0podr\u00edan definirte tus amigos?<\/strong><\/li>\n<\/ul>\n<p style=\"text-align: justify;\">Esta pregunta siempre es subjetiva si la responde uno mismo, pero me atrevo\u00a0a contestar que me gustar\u00eda que me definieran como una persona franca,\u00a0cercana y con la que se pueda contar. No mentir\u00edan si me definieran como una\u00a0persona que disfruta estando en familia, y cerca de los suyos. Como hobbies\u00a0tengo el deporte y la lectura.<\/p>\n<p style=\"text-align: justify;\">\n<ul style=\"text-align: justify;\">\n<li><strong>La pregunta que te env\u00eda el compa\u00f1ero anterior : \u00bfQu\u00e9 ha sido\u00a0para ti lo m\u00e1s significativo en tu trayectoria profesional en Gabitel?<\/strong><\/li>\n<\/ul>\n<p style=\"text-align: justify;\">Que confiaran\u00a0 y me diera una oportunidad. A m\u00ed me la dieron en su d\u00eda, y no\u00a0era el que m\u00e1s sab\u00eda, no era el que m\u00e1s a\u00f1os de experiencia ten\u00eda&#8230; pero\u00a0confiaron en m\u00ed, con especial menci\u00f3n a Gonzalo. A partir de ah\u00ed, el resto\u00a0es conocido. Todo el mundo necesita de esa oportunidad, y demostrar de lo\u00a0que es capaz.<\/p>\n<p style=\"text-align: justify;\">\n<ul style=\"text-align: justify;\">\n<li><strong>Env\u00eda una pregunta a la pr\u00f3xima persona en ser entrevistada.<\/strong><\/li>\n<\/ul>\n<p style=\"text-align: justify;\">Si fueras la persona que decidieras en que nuevo sector invertir \u00bfD\u00f3nde lo\u00a0har\u00edas y por qu\u00e9?<\/p>\n<p style=\"text-align: justify;\">\n","protected":false},"excerpt":{"rendered":"<p>\u00bfPodr\u00edas describirnos c\u00f3mo fue tu llegada a Gabitel? Mi primer contacto con Gabitel se remonta a 2007, cuando la oficina estaba\u00a0en Avd. Portugal y el equipo de Gabitel era tremendamente inferior al\u00a0existente hoy d\u00eda. En esa \u00e9poca estuve realizando trabajos de ICT\u00a0(Infraestructura Comunes de Telecomunicaciones) y ac\u00fasticas durante algo m\u00e1s\u00a0de un a\u00f1o, hasta que finalic\u00e9 [&hellip;]<\/p>\n","protected":false},"author":3,"featured_media":33841,"comment_status":"closed","ping_status":"closed","sticky":false,"template":"","format":"standard","meta":{"content-type":"","footnotes":""},"categories":[601],"tags":[],"class_list":["post-33071","post","type-post","status-publish","format-standard","has-post-thumbnail","hentry","category-off-topic-en"],"yoast_head":"<!-- This site is optimized with the Yoast SEO plugin v27.5 - https:\/\/yoast.com\/product\/yoast-seo-wordpress\/ -->\n<title>Nuestro equipo. Entrevista a Juanma Mora - Gabitel<\/title>\n<meta name=\"robots\" content=\"index, follow, max-snippet:-1, max-image-preview:large, max-video-preview:-1\" \/>\n<link rel=\"canonical\" href=\"https:\/\/gabitel.net\/en\/nuestro-equipo-entrevista-a-juanma-mora\/\" \/>\n<meta property=\"og:locale\" content=\"en_US\" \/>\n<meta property=\"og:type\" content=\"article\" \/>\n<meta property=\"og:title\" content=\"Nuestro equipo. Entrevista a Juanma Mora - Gabitel\" \/>\n<meta property=\"og:description\" content=\"\u00bfPodr\u00edas describirnos c\u00f3mo fue tu llegada a Gabitel? Mi primer contacto con Gabitel se remonta a 2007, cuando la oficina estaba\u00a0en Avd. Portugal y el equipo de Gabitel era tremendamente inferior al\u00a0existente hoy d\u00eda. En esa \u00e9poca estuve realizando trabajos de ICT\u00a0(Infraestructura Comunes de Telecomunicaciones) y ac\u00fasticas durante algo m\u00e1s\u00a0de un a\u00f1o, hasta que finalic\u00e9 [&hellip;]\" \/>\n<meta property=\"og:url\" content=\"https:\/\/gabitel.net\/en\/nuestro-equipo-entrevista-a-juanma-mora\/\" \/>\n<meta property=\"og:site_name\" content=\"Gabitel\" \/>\n<meta property=\"article:publisher\" content=\"https:\/\/www.facebook.com\/gabitelingenieros\/\" \/>\n<meta property=\"article:published_time\" content=\"2021-04-08T11:54:37+00:00\" \/>\n<meta name=\"author\" content=\"user.autor\" \/>\n<meta name=\"twitter:card\" content=\"summary_large_image\" \/>\n<meta name=\"twitter:label1\" content=\"Written by\" \/>\n\t<meta name=\"twitter:data1\" content=\"user.autor\" \/>\n\t<meta name=\"twitter:label2\" content=\"Est. reading time\" \/>\n\t<meta name=\"twitter:data2\" content=\"4 minutes\" \/>\n<script type=\"application\/ld+json\" class=\"yoast-schema-graph\">{\"@context\":\"https:\\\/\\\/schema.org\",\"@graph\":[{\"@type\":[\"Article\",\"BlogPosting\"],\"@id\":\"https:\\\/\\\/gabitel.net\\\/en\\\/nuestro-equipo-entrevista-a-juanma-mora\\\/#article\",\"isPartOf\":{\"@id\":\"https:\\\/\\\/gabitel.net\\\/en\\\/nuestro-equipo-entrevista-a-juanma-mora\\\/\"},\"author\":{\"name\":\"user.autor\",\"@id\":\"https:\\\/\\\/gabitel.net\\\/en\\\/#\\\/schema\\\/person\\\/37ba53714c3fedb9c7d22f4bc781465c\"},\"headline\":\"Nuestro equipo. Entrevista a Juanma Mora\",\"datePublished\":\"2021-04-08T11:54:37+00:00\",\"mainEntityOfPage\":{\"@id\":\"https:\\\/\\\/gabitel.net\\\/en\\\/nuestro-equipo-entrevista-a-juanma-mora\\\/\"},\"wordCount\":789,\"publisher\":{\"@id\":\"https:\\\/\\\/gabitel.net\\\/en\\\/#organization\"},\"image\":{\"@id\":\"https:\\\/\\\/gabitel.net\\\/en\\\/nuestro-equipo-entrevista-a-juanma-mora\\\/#primaryimage\"},\"thumbnailUrl\":\"https:\\\/\\\/gabitel.net\\\/wp-content\\\/uploads\\\/2021\\\/04\\\/IMG_2021323_092112-min-scaled-1.jpg\",\"articleSection\":[\"Off-topic\"],\"inLanguage\":\"en-US\"},{\"@type\":\"WebPage\",\"@id\":\"https:\\\/\\\/gabitel.net\\\/en\\\/nuestro-equipo-entrevista-a-juanma-mora\\\/\",\"url\":\"https:\\\/\\\/gabitel.net\\\/en\\\/nuestro-equipo-entrevista-a-juanma-mora\\\/\",\"name\":\"Nuestro equipo. Entrevista a Juanma Mora - Gabitel\",\"isPartOf\":{\"@id\":\"https:\\\/\\\/gabitel.net\\\/en\\\/#website\"},\"primaryImageOfPage\":{\"@id\":\"https:\\\/\\\/gabitel.net\\\/en\\\/nuestro-equipo-entrevista-a-juanma-mora\\\/#primaryimage\"},\"image\":{\"@id\":\"https:\\\/\\\/gabitel.net\\\/en\\\/nuestro-equipo-entrevista-a-juanma-mora\\\/#primaryimage\"},\"thumbnailUrl\":\"https:\\\/\\\/gabitel.net\\\/wp-content\\\/uploads\\\/2021\\\/04\\\/IMG_2021323_092112-min-scaled-1.jpg\",\"datePublished\":\"2021-04-08T11:54:37+00:00\",\"breadcrumb\":{\"@id\":\"https:\\\/\\\/gabitel.net\\\/en\\\/nuestro-equipo-entrevista-a-juanma-mora\\\/#breadcrumb\"},\"inLanguage\":\"en-US\",\"potentialAction\":[{\"@type\":\"ReadAction\",\"target\":[\"https:\\\/\\\/gabitel.net\\\/en\\\/nuestro-equipo-entrevista-a-juanma-mora\\\/\"]}]},{\"@type\":\"ImageObject\",\"inLanguage\":\"en-US\",\"@id\":\"https:\\\/\\\/gabitel.net\\\/en\\\/nuestro-equipo-entrevista-a-juanma-mora\\\/#primaryimage\",\"url\":\"https:\\\/\\\/gabitel.net\\\/wp-content\\\/uploads\\\/2021\\\/04\\\/IMG_2021323_092112-min-scaled-1.jpg\",\"contentUrl\":\"https:\\\/\\\/gabitel.net\\\/wp-content\\\/uploads\\\/2021\\\/04\\\/IMG_2021323_092112-min-scaled-1.jpg\",\"width\":2560,\"height\":1769,\"caption\":\"juanma_mora_Gabitel\"},{\"@type\":\"BreadcrumbList\",\"@id\":\"https:\\\/\\\/gabitel.net\\\/en\\\/nuestro-equipo-entrevista-a-juanma-mora\\\/#breadcrumb\",\"itemListElement\":[{\"@type\":\"ListItem\",\"position\":1,\"name\":\"Portada\",\"item\":\"https:\\\/\\\/gabitel.net\\\/en\\\/\"},{\"@type\":\"ListItem\",\"position\":2,\"name\":\"Nuestro equipo. Entrevista a Juanma Mora\"}]},{\"@type\":\"WebSite\",\"@id\":\"https:\\\/\\\/gabitel.net\\\/en\\\/#website\",\"url\":\"https:\\\/\\\/gabitel.net\\\/en\\\/\",\"name\":\"Gabitel\",\"description\":\"\",\"publisher\":{\"@id\":\"https:\\\/\\\/gabitel.net\\\/en\\\/#organization\"},\"potentialAction\":[{\"@type\":\"SearchAction\",\"target\":{\"@type\":\"EntryPoint\",\"urlTemplate\":\"https:\\\/\\\/gabitel.net\\\/en\\\/?s={search_term_string}\"},\"query-input\":{\"@type\":\"PropertyValueSpecification\",\"valueRequired\":true,\"valueName\":\"search_term_string\"}}],\"inLanguage\":\"en-US\"},{\"@type\":\"Organization\",\"@id\":\"https:\\\/\\\/gabitel.net\\\/en\\\/#organization\",\"name\":\"Gabitel\",\"url\":\"https:\\\/\\\/gabitel.net\\\/en\\\/\",\"logo\":{\"@type\":\"ImageObject\",\"inLanguage\":\"en-US\",\"@id\":\"https:\\\/\\\/gabitel.net\\\/en\\\/#\\\/schema\\\/logo\\\/image\\\/\",\"url\":\"https:\\\/\\\/gabitel.net\\\/wp-content\\\/uploads\\\/2025\\\/05\\\/logo_gabitel.jpg\",\"contentUrl\":\"https:\\\/\\\/gabitel.net\\\/wp-content\\\/uploads\\\/2025\\\/05\\\/logo_gabitel.jpg\",\"width\":2560,\"height\":1330,\"caption\":\"Gabitel\"},\"image\":{\"@id\":\"https:\\\/\\\/gabitel.net\\\/en\\\/#\\\/schema\\\/logo\\\/image\\\/\"},\"sameAs\":[\"https:\\\/\\\/www.facebook.com\\\/gabitelingenieros\\\/\",\"https:\\\/\\\/es.linkedin.com\\\/company\\\/gabitel-ingenieros\"]},{\"@type\":\"Person\",\"@id\":\"https:\\\/\\\/gabitel.net\\\/en\\\/#\\\/schema\\\/person\\\/37ba53714c3fedb9c7d22f4bc781465c\",\"name\":\"user.autor\",\"url\":\"https:\\\/\\\/gabitel.net\\\/en\\\/author\\\/user-autor\\\/\"}]}<\/script>\n<!-- \/ Yoast SEO plugin. -->","yoast_head_json":{"title":"Nuestro equipo. Entrevista a Juanma Mora - Gabitel","robots":{"index":"index","follow":"follow","max-snippet":"max-snippet:-1","max-image-preview":"max-image-preview:large","max-video-preview":"max-video-preview:-1"},"canonical":"https:\/\/gabitel.net\/en\/nuestro-equipo-entrevista-a-juanma-mora\/","og_locale":"en_US","og_type":"article","og_title":"Nuestro equipo. Entrevista a Juanma Mora - Gabitel","og_description":"\u00bfPodr\u00edas describirnos c\u00f3mo fue tu llegada a Gabitel? Mi primer contacto con Gabitel se remonta a 2007, cuando la oficina estaba\u00a0en Avd. Portugal y el equipo de Gabitel era tremendamente inferior al\u00a0existente hoy d\u00eda. En esa \u00e9poca estuve realizando trabajos de ICT\u00a0(Infraestructura Comunes de Telecomunicaciones) y ac\u00fasticas durante algo m\u00e1s\u00a0de un a\u00f1o, hasta que finalic\u00e9 [&hellip;]","og_url":"https:\/\/gabitel.net\/en\/nuestro-equipo-entrevista-a-juanma-mora\/","og_site_name":"Gabitel","article_publisher":"https:\/\/www.facebook.com\/gabitelingenieros\/","article_published_time":"2021-04-08T11:54:37+00:00","author":"user.autor","twitter_card":"summary_large_image","twitter_misc":{"Written by":"user.autor","Est. reading time":"4 minutes"},"schema":{"@context":"https:\/\/schema.org","@graph":[{"@type":["Article","BlogPosting"],"@id":"https:\/\/gabitel.net\/en\/nuestro-equipo-entrevista-a-juanma-mora\/#article","isPartOf":{"@id":"https:\/\/gabitel.net\/en\/nuestro-equipo-entrevista-a-juanma-mora\/"},"author":{"name":"user.autor","@id":"https:\/\/gabitel.net\/en\/#\/schema\/person\/37ba53714c3fedb9c7d22f4bc781465c"},"headline":"Nuestro equipo. Entrevista a Juanma Mora","datePublished":"2021-04-08T11:54:37+00:00","mainEntityOfPage":{"@id":"https:\/\/gabitel.net\/en\/nuestro-equipo-entrevista-a-juanma-mora\/"},"wordCount":789,"publisher":{"@id":"https:\/\/gabitel.net\/en\/#organization"},"image":{"@id":"https:\/\/gabitel.net\/en\/nuestro-equipo-entrevista-a-juanma-mora\/#primaryimage"},"thumbnailUrl":"https:\/\/gabitel.net\/wp-content\/uploads\/2021\/04\/IMG_2021323_092112-min-scaled-1.jpg","articleSection":["Off-topic"],"inLanguage":"en-US"},{"@type":"WebPage","@id":"https:\/\/gabitel.net\/en\/nuestro-equipo-entrevista-a-juanma-mora\/","url":"https:\/\/gabitel.net\/en\/nuestro-equipo-entrevista-a-juanma-mora\/","name":"Nuestro equipo. Entrevista a Juanma Mora - Gabitel","isPartOf":{"@id":"https:\/\/gabitel.net\/en\/#website"},"primaryImageOfPage":{"@id":"https:\/\/gabitel.net\/en\/nuestro-equipo-entrevista-a-juanma-mora\/#primaryimage"},"image":{"@id":"https:\/\/gabitel.net\/en\/nuestro-equipo-entrevista-a-juanma-mora\/#primaryimage"},"thumbnailUrl":"https:\/\/gabitel.net\/wp-content\/uploads\/2021\/04\/IMG_2021323_092112-min-scaled-1.jpg","datePublished":"2021-04-08T11:54:37+00:00","breadcrumb":{"@id":"https:\/\/gabitel.net\/en\/nuestro-equipo-entrevista-a-juanma-mora\/#breadcrumb"},"inLanguage":"en-US","potentialAction":[{"@type":"ReadAction","target":["https:\/\/gabitel.net\/en\/nuestro-equipo-entrevista-a-juanma-mora\/"]}]},{"@type":"ImageObject","inLanguage":"en-US","@id":"https:\/\/gabitel.net\/en\/nuestro-equipo-entrevista-a-juanma-mora\/#primaryimage","url":"https:\/\/gabitel.net\/wp-content\/uploads\/2021\/04\/IMG_2021323_092112-min-scaled-1.jpg","contentUrl":"https:\/\/gabitel.net\/wp-content\/uploads\/2021\/04\/IMG_2021323_092112-min-scaled-1.jpg","width":2560,"height":1769,"caption":"juanma_mora_Gabitel"},{"@type":"BreadcrumbList","@id":"https:\/\/gabitel.net\/en\/nuestro-equipo-entrevista-a-juanma-mora\/#breadcrumb","itemListElement":[{"@type":"ListItem","position":1,"name":"Portada","item":"https:\/\/gabitel.net\/en\/"},{"@type":"ListItem","position":2,"name":"Nuestro equipo. Entrevista a Juanma Mora"}]},{"@type":"WebSite","@id":"https:\/\/gabitel.net\/en\/#website","url":"https:\/\/gabitel.net\/en\/","name":"Gabitel","description":"","publisher":{"@id":"https:\/\/gabitel.net\/en\/#organization"},"potentialAction":[{"@type":"SearchAction","target":{"@type":"EntryPoint","urlTemplate":"https:\/\/gabitel.net\/en\/?s={search_term_string}"},"query-input":{"@type":"PropertyValueSpecification","valueRequired":true,"valueName":"search_term_string"}}],"inLanguage":"en-US"},{"@type":"Organization","@id":"https:\/\/gabitel.net\/en\/#organization","name":"Gabitel","url":"https:\/\/gabitel.net\/en\/","logo":{"@type":"ImageObject","inLanguage":"en-US","@id":"https:\/\/gabitel.net\/en\/#\/schema\/logo\/image\/","url":"https:\/\/gabitel.net\/wp-content\/uploads\/2025\/05\/logo_gabitel.jpg","contentUrl":"https:\/\/gabitel.net\/wp-content\/uploads\/2025\/05\/logo_gabitel.jpg","width":2560,"height":1330,"caption":"Gabitel"},"image":{"@id":"https:\/\/gabitel.net\/en\/#\/schema\/logo\/image\/"},"sameAs":["https:\/\/www.facebook.com\/gabitelingenieros\/","https:\/\/es.linkedin.com\/company\/gabitel-ingenieros"]},{"@type":"Person","@id":"https:\/\/gabitel.net\/en\/#\/schema\/person\/37ba53714c3fedb9c7d22f4bc781465c","name":"user.autor","url":"https:\/\/gabitel.net\/en\/author\/user-autor\/"}]}},"_links":{"self":[{"href":"https:\/\/gabitel.net\/en\/wp-json\/wp\/v2\/posts\/33071","targetHints":{"allow":["GET"]}}],"collection":[{"href":"https:\/\/gabitel.net\/en\/wp-json\/wp\/v2\/posts"}],"about":[{"href":"https:\/\/gabitel.net\/en\/wp-json\/wp\/v2\/types\/post"}],"author":[{"embeddable":true,"href":"https:\/\/gabitel.net\/en\/wp-json\/wp\/v2\/users\/3"}],"replies":[{"embeddable":true,"href":"https:\/\/gabitel.net\/en\/wp-json\/wp\/v2\/comments?post=33071"}],"version-history":[{"count":0,"href":"https:\/\/gabitel.net\/en\/wp-json\/wp\/v2\/posts\/33071\/revisions"}],"wp:featuredmedia":[{"embeddable":true,"href":"https:\/\/gabitel.net\/en\/wp-json\/wp\/v2\/media\/33841"}],"wp:attachment":[{"href":"https:\/\/gabitel.net\/en\/wp-json\/wp\/v2\/media?parent=33071"}],"wp:term":[{"taxonomy":"category","embeddable":true,"href":"https:\/\/gabitel.net\/en\/wp-json\/wp\/v2\/categories?post=33071"},{"taxonomy":"post_tag","embeddable":true,"href":"https:\/\/gabitel.net\/en\/wp-json\/wp\/v2\/tags?post=33071"}],"curies":[{"name":"wp","href":"https:\/\/api.w.org\/{rel}","templated":true}]}}