{"id":33085,"date":"2021-03-08T15:50:29","date_gmt":"2021-03-08T14:50:29","guid":{"rendered":"https:\/\/gabitel.net\/8m-dia-de-la-mujer\/"},"modified":"2021-03-08T15:50:29","modified_gmt":"2021-03-08T14:50:29","slug":"8m-dia-de-la-mujer","status":"publish","type":"post","link":"https:\/\/gabitel.net\/en\/8m-dia-de-la-mujer\/","title":{"rendered":"8M. D\u00eda de la Mujer."},"content":{"rendered":"<p><img decoding=\"async\" src=\"https:\/\/gabitelingenieros.com\/wp-content\/uploads\/2021\/03\/8m_diamujer2-min.png\" alt=\"Imagen relacionada con '8M. D\u00eda de la Mujer.' | Gabitel Ingenieros\" \/><\/p>\n<p>Desde nuestros inicios, la pol\u00edtica de Gabitel, ha estado totalmente orientada hacia la igualdad de g\u00e9nero, estableci\u00e9ndose un claro objetivo en b\u00fasqueda de la equidad entre hombres y mujeres. A d\u00eda de hoy, el porcentaje de mujeres que forman parte de Gabitel, asciende a un 40%, rozando pr\u00e1cticamente la igualdad entre ambos sexos y siendo un porcentaje muy superior al de empresas de nuestro sector.<\/p>\n<p>Existen muchos mitos en torno a la trayectoria profesional de la mujer en el \u00e1mbito de la ingenier\u00eda. Partimos de la base, que actualmente, tan solo el 23% las titulaciones t\u00e9cnicas corresponden a mujeres. A su vez, en este recorrido profesional, se tiene la sensaci\u00f3n que el talento femenino se va perdiendo conforme las responsabilidades van creciendo, siendo solo el 11% las mujeres que llegan a desempe\u00f1ar puestos de direcci\u00f3n. Son varias razones las que se consideran como responsables de estas p\u00e9rdidas de talento, por un lado, no disponer de una representaci\u00f3n significativa de la mujer en el sector de la ingenier\u00eda y, otra de las circunstancias, la dificultad de conciliar vida laboral con familiar. Para ello, Gabitel ha tomado medidas que favorezcan esta pr\u00e1ctica, compatibilizar jornada laboral con la vida familiar. Ejemplo de ello, ha sido establecer un horario laboral flexible, buscar medidas que favorezcan el teletrabajo dentro de nuestra jornada laboral, compresi\u00f3n de las horas de trabajo, contrataciones con jornadas adaptadas\u2026. entre muchas otras, para dar respuesta a las demandas sociolaborales actuales, adaptadas al desarrollo y crecimiento profesional.<\/p>\n<p>La misi\u00f3n de Gabitel, es seguir marcando la diferencia, apostando por inclusi\u00f3n de la mujer en el sector de la ingenier\u00eda, a trav\u00e9s de actuaciones que fomenten la igualdad de g\u00e9nero y la conciliaci\u00f3n de la vida personal y laboral.<\/p>\n","protected":false},"excerpt":{"rendered":"<p>Desde nuestros inicios, la pol\u00edtica de Gabitel, ha estado totalmente orientada hacia la igualdad de g\u00e9nero, estableci\u00e9ndose un claro objetivo en b\u00fasqueda de la equidad entre hombres y mujeres. A d\u00eda de hoy, el porcentaje de mujeres que forman parte de Gabitel, asciende a un 40%, rozando pr\u00e1cticamente la igualdad entre ambos sexos y siendo [&hellip;]<\/p>\n","protected":false},"author":3,"featured_media":0,"comment_status":"closed","ping_status":"closed","sticky":false,"template":"","format":"standard","meta":{"content-type":"","footnotes":""},"categories":[601],"tags":[],"class_list":["post-33085","post","type-post","status-publish","format-standard","hentry","category-off-topic-en"],"yoast_head":"<!-- This site is optimized with the Yoast SEO plugin v27.5 - https:\/\/yoast.com\/product\/yoast-seo-wordpress\/ -->\n<title>8M. D\u00eda de la Mujer. - Gabitel<\/title>\n<meta name=\"robots\" content=\"index, follow, max-snippet:-1, max-image-preview:large, max-video-preview:-1\" \/>\n<link rel=\"canonical\" href=\"https:\/\/gabitel.net\/en\/8m-dia-de-la-mujer\/\" \/>\n<meta property=\"og:locale\" content=\"en_US\" \/>\n<meta property=\"og:type\" content=\"article\" \/>\n<meta property=\"og:title\" content=\"8M. D\u00eda de la Mujer. - Gabitel\" \/>\n<meta property=\"og:description\" content=\"Desde nuestros inicios, la pol\u00edtica de Gabitel, ha estado totalmente orientada hacia la igualdad de g\u00e9nero, estableci\u00e9ndose un claro objetivo en b\u00fasqueda de la equidad entre hombres y mujeres. A d\u00eda de hoy, el porcentaje de mujeres que forman parte de Gabitel, asciende a un 40%, rozando pr\u00e1cticamente la igualdad entre ambos sexos y siendo [&hellip;]\" \/>\n<meta property=\"og:url\" content=\"https:\/\/gabitel.net\/en\/8m-dia-de-la-mujer\/\" \/>\n<meta property=\"og:site_name\" content=\"Gabitel\" \/>\n<meta property=\"article:publisher\" content=\"https:\/\/www.facebook.com\/gabitelingenieros\/\" \/>\n<meta property=\"article:published_time\" content=\"2021-03-08T14:50:29+00:00\" \/>\n<meta property=\"og:image\" content=\"https:\/\/gabitelingenieros.com\/wp-content\/uploads\/2021\/03\/8m_diamujer2-min.png\" \/>\n<meta name=\"author\" content=\"user.autor\" \/>\n<meta name=\"twitter:card\" content=\"summary_large_image\" \/>\n<meta name=\"twitter:label1\" content=\"Written by\" \/>\n\t<meta name=\"twitter:data1\" content=\"user.autor\" \/>\n\t<meta name=\"twitter:label2\" content=\"Est. reading time\" \/>\n\t<meta name=\"twitter:data2\" content=\"2 minutes\" \/>\n<script type=\"application\/ld+json\" class=\"yoast-schema-graph\">{\"@context\":\"https:\\\/\\\/schema.org\",\"@graph\":[{\"@type\":[\"Article\",\"BlogPosting\"],\"@id\":\"https:\\\/\\\/gabitel.net\\\/en\\\/8m-dia-de-la-mujer\\\/#article\",\"isPartOf\":{\"@id\":\"https:\\\/\\\/gabitel.net\\\/en\\\/8m-dia-de-la-mujer\\\/\"},\"author\":{\"name\":\"user.autor\",\"@id\":\"https:\\\/\\\/gabitel.net\\\/en\\\/#\\\/schema\\\/person\\\/37ba53714c3fedb9c7d22f4bc781465c\"},\"headline\":\"8M. D\u00eda de la Mujer.\",\"datePublished\":\"2021-03-08T14:50:29+00:00\",\"mainEntityOfPage\":{\"@id\":\"https:\\\/\\\/gabitel.net\\\/en\\\/8m-dia-de-la-mujer\\\/\"},\"wordCount\":310,\"publisher\":{\"@id\":\"https:\\\/\\\/gabitel.net\\\/en\\\/#organization\"},\"image\":{\"@id\":\"https:\\\/\\\/gabitel.net\\\/en\\\/8m-dia-de-la-mujer\\\/#primaryimage\"},\"thumbnailUrl\":\"https:\\\/\\\/gabitelingenieros.com\\\/wp-content\\\/uploads\\\/2021\\\/03\\\/8m_diamujer2-min.png\",\"articleSection\":[\"Off-topic\"],\"inLanguage\":\"en-US\"},{\"@type\":\"WebPage\",\"@id\":\"https:\\\/\\\/gabitel.net\\\/en\\\/8m-dia-de-la-mujer\\\/\",\"url\":\"https:\\\/\\\/gabitel.net\\\/en\\\/8m-dia-de-la-mujer\\\/\",\"name\":\"8M. D\u00eda de la Mujer. - Gabitel\",\"isPartOf\":{\"@id\":\"https:\\\/\\\/gabitel.net\\\/en\\\/#website\"},\"primaryImageOfPage\":{\"@id\":\"https:\\\/\\\/gabitel.net\\\/en\\\/8m-dia-de-la-mujer\\\/#primaryimage\"},\"image\":{\"@id\":\"https:\\\/\\\/gabitel.net\\\/en\\\/8m-dia-de-la-mujer\\\/#primaryimage\"},\"thumbnailUrl\":\"https:\\\/\\\/gabitelingenieros.com\\\/wp-content\\\/uploads\\\/2021\\\/03\\\/8m_diamujer2-min.png\",\"datePublished\":\"2021-03-08T14:50:29+00:00\",\"breadcrumb\":{\"@id\":\"https:\\\/\\\/gabitel.net\\\/en\\\/8m-dia-de-la-mujer\\\/#breadcrumb\"},\"inLanguage\":\"en-US\",\"potentialAction\":[{\"@type\":\"ReadAction\",\"target\":[\"https:\\\/\\\/gabitel.net\\\/en\\\/8m-dia-de-la-mujer\\\/\"]}]},{\"@type\":\"ImageObject\",\"inLanguage\":\"en-US\",\"@id\":\"https:\\\/\\\/gabitel.net\\\/en\\\/8m-dia-de-la-mujer\\\/#primaryimage\",\"url\":\"https:\\\/\\\/gabitelingenieros.com\\\/wp-content\\\/uploads\\\/2021\\\/03\\\/8m_diamujer2-min.png\",\"contentUrl\":\"https:\\\/\\\/gabitelingenieros.com\\\/wp-content\\\/uploads\\\/2021\\\/03\\\/8m_diamujer2-min.png\"},{\"@type\":\"BreadcrumbList\",\"@id\":\"https:\\\/\\\/gabitel.net\\\/en\\\/8m-dia-de-la-mujer\\\/#breadcrumb\",\"itemListElement\":[{\"@type\":\"ListItem\",\"position\":1,\"name\":\"Portada\",\"item\":\"https:\\\/\\\/gabitel.net\\\/en\\\/\"},{\"@type\":\"ListItem\",\"position\":2,\"name\":\"8M. D\u00eda de la Mujer.\"}]},{\"@type\":\"WebSite\",\"@id\":\"https:\\\/\\\/gabitel.net\\\/en\\\/#website\",\"url\":\"https:\\\/\\\/gabitel.net\\\/en\\\/\",\"name\":\"Gabitel\",\"description\":\"\",\"publisher\":{\"@id\":\"https:\\\/\\\/gabitel.net\\\/en\\\/#organization\"},\"potentialAction\":[{\"@type\":\"SearchAction\",\"target\":{\"@type\":\"EntryPoint\",\"urlTemplate\":\"https:\\\/\\\/gabitel.net\\\/en\\\/?s={search_term_string}\"},\"query-input\":{\"@type\":\"PropertyValueSpecification\",\"valueRequired\":true,\"valueName\":\"search_term_string\"}}],\"inLanguage\":\"en-US\"},{\"@type\":\"Organization\",\"@id\":\"https:\\\/\\\/gabitel.net\\\/en\\\/#organization\",\"name\":\"Gabitel\",\"url\":\"https:\\\/\\\/gabitel.net\\\/en\\\/\",\"logo\":{\"@type\":\"ImageObject\",\"inLanguage\":\"en-US\",\"@id\":\"https:\\\/\\\/gabitel.net\\\/en\\\/#\\\/schema\\\/logo\\\/image\\\/\",\"url\":\"https:\\\/\\\/gabitel.net\\\/wp-content\\\/uploads\\\/2025\\\/05\\\/logo_gabitel.jpg\",\"contentUrl\":\"https:\\\/\\\/gabitel.net\\\/wp-content\\\/uploads\\\/2025\\\/05\\\/logo_gabitel.jpg\",\"width\":2560,\"height\":1330,\"caption\":\"Gabitel\"},\"image\":{\"@id\":\"https:\\\/\\\/gabitel.net\\\/en\\\/#\\\/schema\\\/logo\\\/image\\\/\"},\"sameAs\":[\"https:\\\/\\\/www.facebook.com\\\/gabitelingenieros\\\/\",\"https:\\\/\\\/es.linkedin.com\\\/company\\\/gabitel-ingenieros\"]},{\"@type\":\"Person\",\"@id\":\"https:\\\/\\\/gabitel.net\\\/en\\\/#\\\/schema\\\/person\\\/37ba53714c3fedb9c7d22f4bc781465c\",\"name\":\"user.autor\",\"url\":\"https:\\\/\\\/gabitel.net\\\/en\\\/author\\\/user-autor\\\/\"}]}<\/script>\n<!-- \/ Yoast SEO plugin. -->","yoast_head_json":{"title":"8M. D\u00eda de la Mujer. - Gabitel","robots":{"index":"index","follow":"follow","max-snippet":"max-snippet:-1","max-image-preview":"max-image-preview:large","max-video-preview":"max-video-preview:-1"},"canonical":"https:\/\/gabitel.net\/en\/8m-dia-de-la-mujer\/","og_locale":"en_US","og_type":"article","og_title":"8M. D\u00eda de la Mujer. - Gabitel","og_description":"Desde nuestros inicios, la pol\u00edtica de Gabitel, ha estado totalmente orientada hacia la igualdad de g\u00e9nero, estableci\u00e9ndose un claro objetivo en b\u00fasqueda de la equidad entre hombres y mujeres. A d\u00eda de hoy, el porcentaje de mujeres que forman parte de Gabitel, asciende a un 40%, rozando pr\u00e1cticamente la igualdad entre ambos sexos y siendo [&hellip;]","og_url":"https:\/\/gabitel.net\/en\/8m-dia-de-la-mujer\/","og_site_name":"Gabitel","article_publisher":"https:\/\/www.facebook.com\/gabitelingenieros\/","article_published_time":"2021-03-08T14:50:29+00:00","og_image":[{"url":"https:\/\/gabitelingenieros.com\/wp-content\/uploads\/2021\/03\/8m_diamujer2-min.png","type":"","width":"","height":""}],"author":"user.autor","twitter_card":"summary_large_image","twitter_misc":{"Written by":"user.autor","Est. reading time":"2 minutes"},"schema":{"@context":"https:\/\/schema.org","@graph":[{"@type":["Article","BlogPosting"],"@id":"https:\/\/gabitel.net\/en\/8m-dia-de-la-mujer\/#article","isPartOf":{"@id":"https:\/\/gabitel.net\/en\/8m-dia-de-la-mujer\/"},"author":{"name":"user.autor","@id":"https:\/\/gabitel.net\/en\/#\/schema\/person\/37ba53714c3fedb9c7d22f4bc781465c"},"headline":"8M. D\u00eda de la Mujer.","datePublished":"2021-03-08T14:50:29+00:00","mainEntityOfPage":{"@id":"https:\/\/gabitel.net\/en\/8m-dia-de-la-mujer\/"},"wordCount":310,"publisher":{"@id":"https:\/\/gabitel.net\/en\/#organization"},"image":{"@id":"https:\/\/gabitel.net\/en\/8m-dia-de-la-mujer\/#primaryimage"},"thumbnailUrl":"https:\/\/gabitelingenieros.com\/wp-content\/uploads\/2021\/03\/8m_diamujer2-min.png","articleSection":["Off-topic"],"inLanguage":"en-US"},{"@type":"WebPage","@id":"https:\/\/gabitel.net\/en\/8m-dia-de-la-mujer\/","url":"https:\/\/gabitel.net\/en\/8m-dia-de-la-mujer\/","name":"8M. D\u00eda de la Mujer. - Gabitel","isPartOf":{"@id":"https:\/\/gabitel.net\/en\/#website"},"primaryImageOfPage":{"@id":"https:\/\/gabitel.net\/en\/8m-dia-de-la-mujer\/#primaryimage"},"image":{"@id":"https:\/\/gabitel.net\/en\/8m-dia-de-la-mujer\/#primaryimage"},"thumbnailUrl":"https:\/\/gabitelingenieros.com\/wp-content\/uploads\/2021\/03\/8m_diamujer2-min.png","datePublished":"2021-03-08T14:50:29+00:00","breadcrumb":{"@id":"https:\/\/gabitel.net\/en\/8m-dia-de-la-mujer\/#breadcrumb"},"inLanguage":"en-US","potentialAction":[{"@type":"ReadAction","target":["https:\/\/gabitel.net\/en\/8m-dia-de-la-mujer\/"]}]},{"@type":"ImageObject","inLanguage":"en-US","@id":"https:\/\/gabitel.net\/en\/8m-dia-de-la-mujer\/#primaryimage","url":"https:\/\/gabitelingenieros.com\/wp-content\/uploads\/2021\/03\/8m_diamujer2-min.png","contentUrl":"https:\/\/gabitelingenieros.com\/wp-content\/uploads\/2021\/03\/8m_diamujer2-min.png"},{"@type":"BreadcrumbList","@id":"https:\/\/gabitel.net\/en\/8m-dia-de-la-mujer\/#breadcrumb","itemListElement":[{"@type":"ListItem","position":1,"name":"Portada","item":"https:\/\/gabitel.net\/en\/"},{"@type":"ListItem","position":2,"name":"8M. D\u00eda de la Mujer."}]},{"@type":"WebSite","@id":"https:\/\/gabitel.net\/en\/#website","url":"https:\/\/gabitel.net\/en\/","name":"Gabitel","description":"","publisher":{"@id":"https:\/\/gabitel.net\/en\/#organization"},"potentialAction":[{"@type":"SearchAction","target":{"@type":"EntryPoint","urlTemplate":"https:\/\/gabitel.net\/en\/?s={search_term_string}"},"query-input":{"@type":"PropertyValueSpecification","valueRequired":true,"valueName":"search_term_string"}}],"inLanguage":"en-US"},{"@type":"Organization","@id":"https:\/\/gabitel.net\/en\/#organization","name":"Gabitel","url":"https:\/\/gabitel.net\/en\/","logo":{"@type":"ImageObject","inLanguage":"en-US","@id":"https:\/\/gabitel.net\/en\/#\/schema\/logo\/image\/","url":"https:\/\/gabitel.net\/wp-content\/uploads\/2025\/05\/logo_gabitel.jpg","contentUrl":"https:\/\/gabitel.net\/wp-content\/uploads\/2025\/05\/logo_gabitel.jpg","width":2560,"height":1330,"caption":"Gabitel"},"image":{"@id":"https:\/\/gabitel.net\/en\/#\/schema\/logo\/image\/"},"sameAs":["https:\/\/www.facebook.com\/gabitelingenieros\/","https:\/\/es.linkedin.com\/company\/gabitel-ingenieros"]},{"@type":"Person","@id":"https:\/\/gabitel.net\/en\/#\/schema\/person\/37ba53714c3fedb9c7d22f4bc781465c","name":"user.autor","url":"https:\/\/gabitel.net\/en\/author\/user-autor\/"}]}},"_links":{"self":[{"href":"https:\/\/gabitel.net\/en\/wp-json\/wp\/v2\/posts\/33085","targetHints":{"allow":["GET"]}}],"collection":[{"href":"https:\/\/gabitel.net\/en\/wp-json\/wp\/v2\/posts"}],"about":[{"href":"https:\/\/gabitel.net\/en\/wp-json\/wp\/v2\/types\/post"}],"author":[{"embeddable":true,"href":"https:\/\/gabitel.net\/en\/wp-json\/wp\/v2\/users\/3"}],"replies":[{"embeddable":true,"href":"https:\/\/gabitel.net\/en\/wp-json\/wp\/v2\/comments?post=33085"}],"version-history":[{"count":0,"href":"https:\/\/gabitel.net\/en\/wp-json\/wp\/v2\/posts\/33085\/revisions"}],"wp:attachment":[{"href":"https:\/\/gabitel.net\/en\/wp-json\/wp\/v2\/media?parent=33085"}],"wp:term":[{"taxonomy":"category","embeddable":true,"href":"https:\/\/gabitel.net\/en\/wp-json\/wp\/v2\/categories?post=33085"},{"taxonomy":"post_tag","embeddable":true,"href":"https:\/\/gabitel.net\/en\/wp-json\/wp\/v2\/tags?post=33085"}],"curies":[{"name":"wp","href":"https:\/\/api.w.org\/{rel}","templated":true}]}}