{"id":33089,"date":"2021-03-05T12:56:49","date_gmt":"2021-03-05T11:56:49","guid":{"rendered":"https:\/\/gabitel.net\/trayectorias-profesionales-pedro-alcuna\/"},"modified":"2021-03-05T12:56:49","modified_gmt":"2021-03-05T11:56:49","slug":"trayectorias-profesionales-pedro-alcuna","status":"publish","type":"post","link":"https:\/\/gabitel.net\/en\/trayectorias-profesionales-pedro-alcuna\/","title":{"rendered":"Trayectorias Profesionales: Pedro Alcu\u00f1a."},"content":{"rendered":"<p><strong>En este n\u00famero estrenamos una nueva secci\u00f3n en la que poco a poco iremos recogiendo cu\u00e1l ha sido la experiencia laboral de algunos compa\u00f1eros desde que comenzaron a trabajar en Gabitel y de qu\u00e9 forma han ido evolucionando en el desempe\u00f1o de sus funciones. Como siempre decimos: gracias a todos los que particip\u00e1is y ayud\u00e1is a enriquecer cada mes nuestro bolet\u00edn<\/strong><\/p>\n<p style=\"text-align: justify;\">Empec\u00e9 el d\u00eda 5 de febrero del 2018, para el proyecto de TASA (Telef\u00f3nica Argentina), era mi primera experiencia laboral en el sector y, m\u00e1s concretamente, en redes FTTH. El proyecto tuvo una duraci\u00f3n de unos 8 meses aproximadamente, por lo que a final de ese mismo a\u00f1o, me incorpor\u00e9 al proyecto de Polonia en una fase distinta a la actual, pasando antes brevemente, por el proyecto de solicitaciones de SUC de Orange.<\/p>\n<p style=\"text-align: justify;\">\n<p style=\"text-align: justify;\">En Marzo de 2019, me incorpor\u00e9 a un proyecto nuevo con Fusiona e Icono (Proyecto Mira de Lynthia), que durar\u00eda hasta agosto de ese mismo a\u00f1o. En septiembre retom\u00e9 de nuevo el proyecto de Polonia.<\/p>\n<p style=\"text-align: justify;\">\n<p style=\"text-align: justify;\">En febrero de 2020, tuve la oprotunidad de ir a Madrid, junto con otro compa\u00f1ero, para recibir la formaci\u00f3n de una nueva fase dentro nuestro proyecto de Polonia (fase de densificaci\u00f3n), y poder transmit\u00edrla, posteriormente, al resto de compa\u00f1eros.<\/p>\n<p style=\"text-align: justify;\">\n<p style=\"text-align: justify;\">En un primer momento, la carga de trabajo no era intensa, por lo que trabaj\u00e1bamos en ella cuatro compa\u00f1eros. Fue aqu\u00ed cuando, al estar el proyecto en una etapa m\u00e1s tranquila, Mar\u00eda (coordinadora del proyecto por aquel entonces), deleg\u00f3 en mi la comunicaci\u00f3n directa con el cliente. La carga de trabajo fue aumentando progresivamente y con ello el n\u00famero de compa\u00f1eros que form\u00e1bamos el equipo. Se realizar\u00f3n tres procesos de formaci\u00f3n y llegamos a ser hasta diecisiete dise\u00f1adores en total.<\/p>\n<p style=\"text-align: justify;\">\n<p style=\"text-align: justify;\">En octubre de 2020 entregamos satisfactoriamente la \u00faltima gran asignaci\u00f3n de esa fase, y en noviembre de ese mismo a\u00f1o, nos convocaron para la formaci\u00f3n de una nueva fase del proyecto, dise\u00f1o de fase 2 (FDD). En la que actualmente estamos trabajando, es la m\u00e1s compleja y completa hasta el momento, ya que nos basamos en el plano de construcci\u00f3n (CD) para la elaboraci\u00f3n de los dise\u00f1os, por lo que hay que minimizar al m\u00e1ximo los posibles fallos.<\/p>\n<p style=\"text-align: justify;\">\n<p style=\"text-align: justify;\">En diciembre del a\u00f1o pasado, hicimos la primera entrega de esta fase, que nos cost\u00f3 much\u00edsimo esfuerzo, debido en gran parte, a la inexperiencia y el poco rodaje que nos permitieron, en un primer momento.<\/p>\n<p style=\"text-align: justify;\">\n<p style=\"text-align: justify;\">En estos meses de febrero y marzo, se nos presenta otra gran entrega, que esperamos cumplir satisfactoriamente con los objetivos marcados, los cuales, son muy ambiciosos.<\/p>\n<p>&nbsp;<\/p>\n<p style=\"text-align: justify;\">Todo mi recorrido professional como parte de Gabitel en este tiempo, me ha hecho crecer much\u00edsimo a nivel profesional, al tratarse de mi primera experiencia laboral. Pero sobre todo, por la situaci\u00f3n actual, al tener algo m\u00e1s de responsabilidad, me ha proporcionado seguridad y confianza en m\u00ed mismo, adem\u00e1s de la satisfacci\u00f3n por la confianza depositada en mi persona, por parte de la empresa.<\/p>\n","protected":false},"excerpt":{"rendered":"<p>En este n\u00famero estrenamos una nueva secci\u00f3n en la que poco a poco iremos recogiendo cu\u00e1l ha sido la experiencia laboral de algunos compa\u00f1eros desde que comenzaron a trabajar en Gabitel y de qu\u00e9 forma han ido evolucionando en el desempe\u00f1o de sus funciones. Como siempre decimos: gracias a todos los que particip\u00e1is y ayud\u00e1is [&hellip;]<\/p>\n","protected":false},"author":3,"featured_media":0,"comment_status":"closed","ping_status":"closed","sticky":false,"template":"","format":"standard","meta":{"content-type":"","footnotes":""},"categories":[601],"tags":[],"class_list":["post-33089","post","type-post","status-publish","format-standard","hentry","category-off-topic-en"],"yoast_head":"<!-- This site is optimized with the Yoast SEO plugin v27.5 - https:\/\/yoast.com\/product\/yoast-seo-wordpress\/ -->\n<title>Trayectorias Profesionales: Pedro Alcu\u00f1a. - Gabitel<\/title>\n<meta name=\"robots\" content=\"index, follow, max-snippet:-1, max-image-preview:large, max-video-preview:-1\" \/>\n<link rel=\"canonical\" href=\"https:\/\/gabitel.net\/en\/trayectorias-profesionales-pedro-alcuna\/\" \/>\n<meta property=\"og:locale\" content=\"en_US\" \/>\n<meta property=\"og:type\" content=\"article\" \/>\n<meta property=\"og:title\" content=\"Trayectorias Profesionales: Pedro Alcu\u00f1a. - Gabitel\" \/>\n<meta property=\"og:description\" content=\"En este n\u00famero estrenamos una nueva secci\u00f3n en la que poco a poco iremos recogiendo cu\u00e1l ha sido la experiencia laboral de algunos compa\u00f1eros desde que comenzaron a trabajar en Gabitel y de qu\u00e9 forma han ido evolucionando en el desempe\u00f1o de sus funciones. Como siempre decimos: gracias a todos los que particip\u00e1is y ayud\u00e1is [&hellip;]\" \/>\n<meta property=\"og:url\" content=\"https:\/\/gabitel.net\/en\/trayectorias-profesionales-pedro-alcuna\/\" \/>\n<meta property=\"og:site_name\" content=\"Gabitel\" \/>\n<meta property=\"article:publisher\" content=\"https:\/\/www.facebook.com\/gabitelingenieros\/\" \/>\n<meta property=\"article:published_time\" content=\"2021-03-05T11:56:49+00:00\" \/>\n<meta name=\"author\" content=\"user.autor\" \/>\n<meta name=\"twitter:card\" content=\"summary_large_image\" \/>\n<meta name=\"twitter:label1\" content=\"Written by\" \/>\n\t<meta name=\"twitter:data1\" content=\"user.autor\" \/>\n\t<meta name=\"twitter:label2\" content=\"Est. reading time\" \/>\n\t<meta name=\"twitter:data2\" content=\"3 minutes\" \/>\n<script type=\"application\/ld+json\" class=\"yoast-schema-graph\">{\"@context\":\"https:\\\/\\\/schema.org\",\"@graph\":[{\"@type\":[\"Article\",\"BlogPosting\"],\"@id\":\"https:\\\/\\\/gabitel.net\\\/en\\\/trayectorias-profesionales-pedro-alcuna\\\/#article\",\"isPartOf\":{\"@id\":\"https:\\\/\\\/gabitel.net\\\/en\\\/trayectorias-profesionales-pedro-alcuna\\\/\"},\"author\":{\"name\":\"user.autor\",\"@id\":\"https:\\\/\\\/gabitel.net\\\/en\\\/#\\\/schema\\\/person\\\/37ba53714c3fedb9c7d22f4bc781465c\"},\"headline\":\"Trayectorias Profesionales: Pedro Alcu\u00f1a.\",\"datePublished\":\"2021-03-05T11:56:49+00:00\",\"mainEntityOfPage\":{\"@id\":\"https:\\\/\\\/gabitel.net\\\/en\\\/trayectorias-profesionales-pedro-alcuna\\\/\"},\"wordCount\":537,\"publisher\":{\"@id\":\"https:\\\/\\\/gabitel.net\\\/en\\\/#organization\"},\"articleSection\":[\"Off-topic\"],\"inLanguage\":\"en-US\"},{\"@type\":\"WebPage\",\"@id\":\"https:\\\/\\\/gabitel.net\\\/en\\\/trayectorias-profesionales-pedro-alcuna\\\/\",\"url\":\"https:\\\/\\\/gabitel.net\\\/en\\\/trayectorias-profesionales-pedro-alcuna\\\/\",\"name\":\"Trayectorias Profesionales: Pedro Alcu\u00f1a. - Gabitel\",\"isPartOf\":{\"@id\":\"https:\\\/\\\/gabitel.net\\\/en\\\/#website\"},\"datePublished\":\"2021-03-05T11:56:49+00:00\",\"breadcrumb\":{\"@id\":\"https:\\\/\\\/gabitel.net\\\/en\\\/trayectorias-profesionales-pedro-alcuna\\\/#breadcrumb\"},\"inLanguage\":\"en-US\",\"potentialAction\":[{\"@type\":\"ReadAction\",\"target\":[\"https:\\\/\\\/gabitel.net\\\/en\\\/trayectorias-profesionales-pedro-alcuna\\\/\"]}]},{\"@type\":\"BreadcrumbList\",\"@id\":\"https:\\\/\\\/gabitel.net\\\/en\\\/trayectorias-profesionales-pedro-alcuna\\\/#breadcrumb\",\"itemListElement\":[{\"@type\":\"ListItem\",\"position\":1,\"name\":\"Portada\",\"item\":\"https:\\\/\\\/gabitel.net\\\/en\\\/\"},{\"@type\":\"ListItem\",\"position\":2,\"name\":\"Trayectorias Profesionales: Pedro Alcu\u00f1a.\"}]},{\"@type\":\"WebSite\",\"@id\":\"https:\\\/\\\/gabitel.net\\\/en\\\/#website\",\"url\":\"https:\\\/\\\/gabitel.net\\\/en\\\/\",\"name\":\"Gabitel\",\"description\":\"\",\"publisher\":{\"@id\":\"https:\\\/\\\/gabitel.net\\\/en\\\/#organization\"},\"potentialAction\":[{\"@type\":\"SearchAction\",\"target\":{\"@type\":\"EntryPoint\",\"urlTemplate\":\"https:\\\/\\\/gabitel.net\\\/en\\\/?s={search_term_string}\"},\"query-input\":{\"@type\":\"PropertyValueSpecification\",\"valueRequired\":true,\"valueName\":\"search_term_string\"}}],\"inLanguage\":\"en-US\"},{\"@type\":\"Organization\",\"@id\":\"https:\\\/\\\/gabitel.net\\\/en\\\/#organization\",\"name\":\"Gabitel\",\"url\":\"https:\\\/\\\/gabitel.net\\\/en\\\/\",\"logo\":{\"@type\":\"ImageObject\",\"inLanguage\":\"en-US\",\"@id\":\"https:\\\/\\\/gabitel.net\\\/en\\\/#\\\/schema\\\/logo\\\/image\\\/\",\"url\":\"https:\\\/\\\/gabitel.net\\\/wp-content\\\/uploads\\\/2025\\\/05\\\/logo_gabitel.jpg\",\"contentUrl\":\"https:\\\/\\\/gabitel.net\\\/wp-content\\\/uploads\\\/2025\\\/05\\\/logo_gabitel.jpg\",\"width\":2560,\"height\":1330,\"caption\":\"Gabitel\"},\"image\":{\"@id\":\"https:\\\/\\\/gabitel.net\\\/en\\\/#\\\/schema\\\/logo\\\/image\\\/\"},\"sameAs\":[\"https:\\\/\\\/www.facebook.com\\\/gabitelingenieros\\\/\",\"https:\\\/\\\/es.linkedin.com\\\/company\\\/gabitel-ingenieros\"]},{\"@type\":\"Person\",\"@id\":\"https:\\\/\\\/gabitel.net\\\/en\\\/#\\\/schema\\\/person\\\/37ba53714c3fedb9c7d22f4bc781465c\",\"name\":\"user.autor\",\"url\":\"https:\\\/\\\/gabitel.net\\\/en\\\/author\\\/user-autor\\\/\"}]}<\/script>\n<!-- \/ Yoast SEO plugin. -->","yoast_head_json":{"title":"Trayectorias Profesionales: Pedro Alcu\u00f1a. - Gabitel","robots":{"index":"index","follow":"follow","max-snippet":"max-snippet:-1","max-image-preview":"max-image-preview:large","max-video-preview":"max-video-preview:-1"},"canonical":"https:\/\/gabitel.net\/en\/trayectorias-profesionales-pedro-alcuna\/","og_locale":"en_US","og_type":"article","og_title":"Trayectorias Profesionales: Pedro Alcu\u00f1a. - Gabitel","og_description":"En este n\u00famero estrenamos una nueva secci\u00f3n en la que poco a poco iremos recogiendo cu\u00e1l ha sido la experiencia laboral de algunos compa\u00f1eros desde que comenzaron a trabajar en Gabitel y de qu\u00e9 forma han ido evolucionando en el desempe\u00f1o de sus funciones. Como siempre decimos: gracias a todos los que particip\u00e1is y ayud\u00e1is [&hellip;]","og_url":"https:\/\/gabitel.net\/en\/trayectorias-profesionales-pedro-alcuna\/","og_site_name":"Gabitel","article_publisher":"https:\/\/www.facebook.com\/gabitelingenieros\/","article_published_time":"2021-03-05T11:56:49+00:00","author":"user.autor","twitter_card":"summary_large_image","twitter_misc":{"Written by":"user.autor","Est. reading time":"3 minutes"},"schema":{"@context":"https:\/\/schema.org","@graph":[{"@type":["Article","BlogPosting"],"@id":"https:\/\/gabitel.net\/en\/trayectorias-profesionales-pedro-alcuna\/#article","isPartOf":{"@id":"https:\/\/gabitel.net\/en\/trayectorias-profesionales-pedro-alcuna\/"},"author":{"name":"user.autor","@id":"https:\/\/gabitel.net\/en\/#\/schema\/person\/37ba53714c3fedb9c7d22f4bc781465c"},"headline":"Trayectorias Profesionales: Pedro Alcu\u00f1a.","datePublished":"2021-03-05T11:56:49+00:00","mainEntityOfPage":{"@id":"https:\/\/gabitel.net\/en\/trayectorias-profesionales-pedro-alcuna\/"},"wordCount":537,"publisher":{"@id":"https:\/\/gabitel.net\/en\/#organization"},"articleSection":["Off-topic"],"inLanguage":"en-US"},{"@type":"WebPage","@id":"https:\/\/gabitel.net\/en\/trayectorias-profesionales-pedro-alcuna\/","url":"https:\/\/gabitel.net\/en\/trayectorias-profesionales-pedro-alcuna\/","name":"Trayectorias Profesionales: Pedro Alcu\u00f1a. - Gabitel","isPartOf":{"@id":"https:\/\/gabitel.net\/en\/#website"},"datePublished":"2021-03-05T11:56:49+00:00","breadcrumb":{"@id":"https:\/\/gabitel.net\/en\/trayectorias-profesionales-pedro-alcuna\/#breadcrumb"},"inLanguage":"en-US","potentialAction":[{"@type":"ReadAction","target":["https:\/\/gabitel.net\/en\/trayectorias-profesionales-pedro-alcuna\/"]}]},{"@type":"BreadcrumbList","@id":"https:\/\/gabitel.net\/en\/trayectorias-profesionales-pedro-alcuna\/#breadcrumb","itemListElement":[{"@type":"ListItem","position":1,"name":"Portada","item":"https:\/\/gabitel.net\/en\/"},{"@type":"ListItem","position":2,"name":"Trayectorias Profesionales: Pedro Alcu\u00f1a."}]},{"@type":"WebSite","@id":"https:\/\/gabitel.net\/en\/#website","url":"https:\/\/gabitel.net\/en\/","name":"Gabitel","description":"","publisher":{"@id":"https:\/\/gabitel.net\/en\/#organization"},"potentialAction":[{"@type":"SearchAction","target":{"@type":"EntryPoint","urlTemplate":"https:\/\/gabitel.net\/en\/?s={search_term_string}"},"query-input":{"@type":"PropertyValueSpecification","valueRequired":true,"valueName":"search_term_string"}}],"inLanguage":"en-US"},{"@type":"Organization","@id":"https:\/\/gabitel.net\/en\/#organization","name":"Gabitel","url":"https:\/\/gabitel.net\/en\/","logo":{"@type":"ImageObject","inLanguage":"en-US","@id":"https:\/\/gabitel.net\/en\/#\/schema\/logo\/image\/","url":"https:\/\/gabitel.net\/wp-content\/uploads\/2025\/05\/logo_gabitel.jpg","contentUrl":"https:\/\/gabitel.net\/wp-content\/uploads\/2025\/05\/logo_gabitel.jpg","width":2560,"height":1330,"caption":"Gabitel"},"image":{"@id":"https:\/\/gabitel.net\/en\/#\/schema\/logo\/image\/"},"sameAs":["https:\/\/www.facebook.com\/gabitelingenieros\/","https:\/\/es.linkedin.com\/company\/gabitel-ingenieros"]},{"@type":"Person","@id":"https:\/\/gabitel.net\/en\/#\/schema\/person\/37ba53714c3fedb9c7d22f4bc781465c","name":"user.autor","url":"https:\/\/gabitel.net\/en\/author\/user-autor\/"}]}},"_links":{"self":[{"href":"https:\/\/gabitel.net\/en\/wp-json\/wp\/v2\/posts\/33089","targetHints":{"allow":["GET"]}}],"collection":[{"href":"https:\/\/gabitel.net\/en\/wp-json\/wp\/v2\/posts"}],"about":[{"href":"https:\/\/gabitel.net\/en\/wp-json\/wp\/v2\/types\/post"}],"author":[{"embeddable":true,"href":"https:\/\/gabitel.net\/en\/wp-json\/wp\/v2\/users\/3"}],"replies":[{"embeddable":true,"href":"https:\/\/gabitel.net\/en\/wp-json\/wp\/v2\/comments?post=33089"}],"version-history":[{"count":0,"href":"https:\/\/gabitel.net\/en\/wp-json\/wp\/v2\/posts\/33089\/revisions"}],"wp:attachment":[{"href":"https:\/\/gabitel.net\/en\/wp-json\/wp\/v2\/media?parent=33089"}],"wp:term":[{"taxonomy":"category","embeddable":true,"href":"https:\/\/gabitel.net\/en\/wp-json\/wp\/v2\/categories?post=33089"},{"taxonomy":"post_tag","embeddable":true,"href":"https:\/\/gabitel.net\/en\/wp-json\/wp\/v2\/tags?post=33089"}],"curies":[{"name":"wp","href":"https:\/\/api.w.org\/{rel}","templated":true}]}}