{"id":33095,"date":"2021-03-05T09:21:36","date_gmt":"2021-03-05T08:21:36","guid":{"rendered":"https:\/\/gabitel.net\/nuestro-equipo-entrevista-a-genoveva-sanchez\/"},"modified":"2021-03-05T09:21:36","modified_gmt":"2021-03-05T08:21:36","slug":"nuestro-equipo-entrevista-a-genoveva-sanchez","status":"publish","type":"post","link":"https:\/\/gabitel.net\/en\/nuestro-equipo-entrevista-a-genoveva-sanchez\/","title":{"rendered":"Nuestro equipo. Entrevista a Genoveva S\u00e1nchez."},"content":{"rendered":"<ul>\n<li style=\"text-align: justify;\"><strong>\u00bfCu\u00e1l es tu principal misi\u00f3n como parte del Equipo Gabitel?.<\/strong><\/li>\n<\/ul>\n<p style=\"text-align: justify;\">Mi puesto, es responsable del Desarrollo y la Gesti\u00f3n del Talento y mi principal misi\u00f3n es ser la encargada de asegurar la promoci\u00f3n y bienestar del equipo humano de Gabitel. Trabajo directamente con las personas para ayudar en el desarrollo del talento y sacar el m\u00e1ximo potencial humano. Esta labor se va gestionando, especialmente, a trav\u00e9s de la motivaci\u00f3n y el sentimiento de pertenencia, mediante la b\u00fasqueda de objetivos comunes que nos permiten fortalecer la cultura organizacional de la empresa y propiciar un buen clima laboral. En resumidas cuentas, estoy para escucharos y ayudaros en aquello que necesit\u00e9is, ya que Gabitel lo formamos cada uno de nosotros.<\/p>\n<p style=\"text-align: justify;\">\n<ul style=\"text-align: justify;\">\n<li><strong>\u00bfQu\u00e9 es lo que m\u00e1s valoras de Gabitel?.<\/strong><\/li>\n<\/ul>\n<p style=\"text-align: justify;\">En el tiempo que llevo, destacar\u00eda principalmente dos cosas, el buen ambiente de trabajo, algo que no siempre es f\u00e1cil de conseguir, y en especial, tener la oportunidad de poder conciliar mi vida personal con la laboral, de forma REAL. Lo escribo en may\u00fascula, porque es algo que en la teor\u00eda se dice, pero despu\u00e9s de m\u00e1s de diez a\u00f1os de experiencia profesional y tras pasar por otras empresas, donde no llegaba a casa antes de las 20:30H de la tarde (o incluso m\u00e1s), lo ve\u00eda como algo id\u00edlico, y sobre todo en Huelva, mi ciudad. Siempre lo he asociado a compa\u00f1\u00edas de gran \u00edndole nacional e internacional ubicadas en grandes ciudades, hasta que me cruce a Gabitel en mi camino. Es algo que valoro m\u00e1s a\u00fan, debido a mi reciente maternidad, tengo una ni\u00f1a de a\u00f1o y medio, y estar aqu\u00ed me est\u00e1 dando la oportunidad de continuar desarroll\u00e1ndome profesionalmente y dedicarle tiempo a mi peque\u00f1a.<\/p>\n<p style=\"text-align: justify;\">\n<ul style=\"text-align: justify;\">\n<li><strong>\u00bfQu\u00e9 nuevas oportunidades, en tu d\u00eda a d\u00eda, te est\u00e1 aportando este trabajo?<\/strong><\/li>\n<\/ul>\n<p style=\"text-align: justify;\">Como principal reto conocer de lleno un sector que a nivel profesional era desconocido para m\u00ed, a pesar de tener amigos y conocidos del \u00e1mbito de la ingenier\u00eda. Tener, tambi\u00e9n la oportunidad de contribuir desde dentro al crecimiento de Gabitel como compa\u00f1\u00eda es algo muy gratificante, especialmente, con la fuerte apuesta que ya se est\u00e1 llevando a cabo a nivel internacional.<\/p>\n<p style=\"text-align: justify;\">\n<ul style=\"text-align: justify;\">\n<li><strong>Con la intenci\u00f3n de conocerte un poco mejor, \u00bfcuatro adjetivos que te definan?<\/strong><\/li>\n<\/ul>\n<p style=\"text-align: justify;\">Comprometida, responsable, emp\u00e1tica y extrovertida.<\/p>\n<p style=\"text-align: justify;\">\n<ul style=\"text-align: justify;\">\n<li><strong>\u00bfQu\u00e9 tipo de actividades sueles hacer en tu tiempo libre?.<\/strong><\/li>\n<\/ul>\n<p style=\"text-align: justify;\">Me encanta viajar, aunque sea una fugaz escapada de fin de semana, me hace disfrutar mucho. De hecho, tengo una caravana, llevo practicando \u201c<em>caravaning<\/em>\u201d desde hace m\u00e1s de 5 a\u00f1os, lo cual, me ha permitido hacer un tipo de turismo diferente, disfrutando m\u00e1s del contacto con naturaleza y en especial de toda mi familia, al completo, mi marido, mi ni\u00f1a y mis perros, que son mi pasi\u00f3n.<\/p>\n<p style=\"text-align: justify;\">\n<ul style=\"text-align: justify;\">\n<li><strong>Pregunta del anterior compa\u00f1ero: \u00bfC\u00f3mo te gustar\u00eda que fuese tu desarrollo profesional dentro de Gabitel, por qu\u00e9 ruta te gustar\u00eda evolucionar?<\/strong><\/li>\n<\/ul>\n<p style=\"text-align: justify;\">Para empezar, muy largo, debo confesar que desde un primer momento me he sentido muy identificada con el proyecto de Gabitel, encaja contigo a la perfecci\u00f3n, por eso, me gustar\u00eda seguir creciendo como parte de este gran Equipo. Dentro de mi \u00e1rea, seguir centr\u00e1ndome en el desarrollo profesional de todos los compa\u00f1eros y poder alcanzar un prop\u00f3sito conjunto de cara a continuar potenciando el buen clima laboral, la retenci\u00f3n del talento y el trabajo por misiones.<\/p>\n<p style=\"text-align: justify;\">\n<ul style=\"text-align: justify;\">\n<li><strong>Una pregunta para otro compa\u00f1ero:<\/strong><\/li>\n<\/ul>\n<p style=\"text-align: justify;\">\u00bfQu\u00e9 ha sido para ti lo m\u00e1s significativo en tu trayectoria profesional en Gabitel?.<\/p>\n","protected":false},"excerpt":{"rendered":"<p>\u00bfCu\u00e1l es tu principal misi\u00f3n como parte del Equipo Gabitel?. Mi puesto, es responsable del Desarrollo y la Gesti\u00f3n del Talento y mi principal misi\u00f3n es ser la encargada de asegurar la promoci\u00f3n y bienestar del equipo humano de Gabitel. Trabajo directamente con las personas para ayudar en el desarrollo del talento y sacar el [&hellip;]<\/p>\n","protected":false},"author":3,"featured_media":0,"comment_status":"closed","ping_status":"closed","sticky":false,"template":"","format":"standard","meta":{"content-type":"","footnotes":""},"categories":[601],"tags":[],"class_list":["post-33095","post","type-post","status-publish","format-standard","hentry","category-off-topic-en"],"yoast_head":"<!-- This site is optimized with the Yoast SEO plugin v27.5 - https:\/\/yoast.com\/product\/yoast-seo-wordpress\/ -->\n<title>Nuestro equipo. Entrevista a Genoveva S\u00e1nchez. - Gabitel<\/title>\n<meta name=\"robots\" content=\"index, follow, max-snippet:-1, max-image-preview:large, max-video-preview:-1\" \/>\n<link rel=\"canonical\" href=\"https:\/\/gabitel.net\/en\/nuestro-equipo-entrevista-a-genoveva-sanchez\/\" \/>\n<meta property=\"og:locale\" content=\"en_US\" \/>\n<meta property=\"og:type\" content=\"article\" \/>\n<meta property=\"og:title\" content=\"Nuestro equipo. Entrevista a Genoveva S\u00e1nchez. - Gabitel\" \/>\n<meta property=\"og:description\" content=\"\u00bfCu\u00e1l es tu principal misi\u00f3n como parte del Equipo Gabitel?. Mi puesto, es responsable del Desarrollo y la Gesti\u00f3n del Talento y mi principal misi\u00f3n es ser la encargada de asegurar la promoci\u00f3n y bienestar del equipo humano de Gabitel. Trabajo directamente con las personas para ayudar en el desarrollo del talento y sacar el [&hellip;]\" \/>\n<meta property=\"og:url\" content=\"https:\/\/gabitel.net\/en\/nuestro-equipo-entrevista-a-genoveva-sanchez\/\" \/>\n<meta property=\"og:site_name\" content=\"Gabitel\" \/>\n<meta property=\"article:publisher\" content=\"https:\/\/www.facebook.com\/gabitelingenieros\/\" \/>\n<meta property=\"article:published_time\" content=\"2021-03-05T08:21:36+00:00\" \/>\n<meta name=\"author\" content=\"user.autor\" \/>\n<meta name=\"twitter:card\" content=\"summary_large_image\" \/>\n<meta name=\"twitter:label1\" content=\"Written by\" \/>\n\t<meta name=\"twitter:data1\" content=\"user.autor\" \/>\n\t<meta name=\"twitter:label2\" content=\"Est. reading time\" \/>\n\t<meta name=\"twitter:data2\" content=\"3 minutes\" \/>\n<script type=\"application\/ld+json\" class=\"yoast-schema-graph\">{\"@context\":\"https:\\\/\\\/schema.org\",\"@graph\":[{\"@type\":[\"Article\",\"BlogPosting\"],\"@id\":\"https:\\\/\\\/gabitel.net\\\/en\\\/nuestro-equipo-entrevista-a-genoveva-sanchez\\\/#article\",\"isPartOf\":{\"@id\":\"https:\\\/\\\/gabitel.net\\\/en\\\/nuestro-equipo-entrevista-a-genoveva-sanchez\\\/\"},\"author\":{\"name\":\"user.autor\",\"@id\":\"https:\\\/\\\/gabitel.net\\\/en\\\/#\\\/schema\\\/person\\\/37ba53714c3fedb9c7d22f4bc781465c\"},\"headline\":\"Nuestro equipo. Entrevista a Genoveva S\u00e1nchez.\",\"datePublished\":\"2021-03-05T08:21:36+00:00\",\"mainEntityOfPage\":{\"@id\":\"https:\\\/\\\/gabitel.net\\\/en\\\/nuestro-equipo-entrevista-a-genoveva-sanchez\\\/\"},\"wordCount\":625,\"publisher\":{\"@id\":\"https:\\\/\\\/gabitel.net\\\/en\\\/#organization\"},\"articleSection\":[\"Off-topic\"],\"inLanguage\":\"en-US\"},{\"@type\":\"WebPage\",\"@id\":\"https:\\\/\\\/gabitel.net\\\/en\\\/nuestro-equipo-entrevista-a-genoveva-sanchez\\\/\",\"url\":\"https:\\\/\\\/gabitel.net\\\/en\\\/nuestro-equipo-entrevista-a-genoveva-sanchez\\\/\",\"name\":\"Nuestro equipo. Entrevista a Genoveva S\u00e1nchez. - Gabitel\",\"isPartOf\":{\"@id\":\"https:\\\/\\\/gabitel.net\\\/en\\\/#website\"},\"datePublished\":\"2021-03-05T08:21:36+00:00\",\"breadcrumb\":{\"@id\":\"https:\\\/\\\/gabitel.net\\\/en\\\/nuestro-equipo-entrevista-a-genoveva-sanchez\\\/#breadcrumb\"},\"inLanguage\":\"en-US\",\"potentialAction\":[{\"@type\":\"ReadAction\",\"target\":[\"https:\\\/\\\/gabitel.net\\\/en\\\/nuestro-equipo-entrevista-a-genoveva-sanchez\\\/\"]}]},{\"@type\":\"BreadcrumbList\",\"@id\":\"https:\\\/\\\/gabitel.net\\\/en\\\/nuestro-equipo-entrevista-a-genoveva-sanchez\\\/#breadcrumb\",\"itemListElement\":[{\"@type\":\"ListItem\",\"position\":1,\"name\":\"Portada\",\"item\":\"https:\\\/\\\/gabitel.net\\\/en\\\/\"},{\"@type\":\"ListItem\",\"position\":2,\"name\":\"Nuestro equipo. Entrevista a Genoveva S\u00e1nchez.\"}]},{\"@type\":\"WebSite\",\"@id\":\"https:\\\/\\\/gabitel.net\\\/en\\\/#website\",\"url\":\"https:\\\/\\\/gabitel.net\\\/en\\\/\",\"name\":\"Gabitel\",\"description\":\"\",\"publisher\":{\"@id\":\"https:\\\/\\\/gabitel.net\\\/en\\\/#organization\"},\"potentialAction\":[{\"@type\":\"SearchAction\",\"target\":{\"@type\":\"EntryPoint\",\"urlTemplate\":\"https:\\\/\\\/gabitel.net\\\/en\\\/?s={search_term_string}\"},\"query-input\":{\"@type\":\"PropertyValueSpecification\",\"valueRequired\":true,\"valueName\":\"search_term_string\"}}],\"inLanguage\":\"en-US\"},{\"@type\":\"Organization\",\"@id\":\"https:\\\/\\\/gabitel.net\\\/en\\\/#organization\",\"name\":\"Gabitel\",\"url\":\"https:\\\/\\\/gabitel.net\\\/en\\\/\",\"logo\":{\"@type\":\"ImageObject\",\"inLanguage\":\"en-US\",\"@id\":\"https:\\\/\\\/gabitel.net\\\/en\\\/#\\\/schema\\\/logo\\\/image\\\/\",\"url\":\"https:\\\/\\\/gabitel.net\\\/wp-content\\\/uploads\\\/2025\\\/05\\\/logo_gabitel.jpg\",\"contentUrl\":\"https:\\\/\\\/gabitel.net\\\/wp-content\\\/uploads\\\/2025\\\/05\\\/logo_gabitel.jpg\",\"width\":2560,\"height\":1330,\"caption\":\"Gabitel\"},\"image\":{\"@id\":\"https:\\\/\\\/gabitel.net\\\/en\\\/#\\\/schema\\\/logo\\\/image\\\/\"},\"sameAs\":[\"https:\\\/\\\/www.facebook.com\\\/gabitelingenieros\\\/\",\"https:\\\/\\\/es.linkedin.com\\\/company\\\/gabitel-ingenieros\"]},{\"@type\":\"Person\",\"@id\":\"https:\\\/\\\/gabitel.net\\\/en\\\/#\\\/schema\\\/person\\\/37ba53714c3fedb9c7d22f4bc781465c\",\"name\":\"user.autor\",\"url\":\"https:\\\/\\\/gabitel.net\\\/en\\\/author\\\/user-autor\\\/\"}]}<\/script>\n<!-- \/ Yoast SEO plugin. -->","yoast_head_json":{"title":"Nuestro equipo. Entrevista a Genoveva S\u00e1nchez. - Gabitel","robots":{"index":"index","follow":"follow","max-snippet":"max-snippet:-1","max-image-preview":"max-image-preview:large","max-video-preview":"max-video-preview:-1"},"canonical":"https:\/\/gabitel.net\/en\/nuestro-equipo-entrevista-a-genoveva-sanchez\/","og_locale":"en_US","og_type":"article","og_title":"Nuestro equipo. Entrevista a Genoveva S\u00e1nchez. - Gabitel","og_description":"\u00bfCu\u00e1l es tu principal misi\u00f3n como parte del Equipo Gabitel?. Mi puesto, es responsable del Desarrollo y la Gesti\u00f3n del Talento y mi principal misi\u00f3n es ser la encargada de asegurar la promoci\u00f3n y bienestar del equipo humano de Gabitel. Trabajo directamente con las personas para ayudar en el desarrollo del talento y sacar el [&hellip;]","og_url":"https:\/\/gabitel.net\/en\/nuestro-equipo-entrevista-a-genoveva-sanchez\/","og_site_name":"Gabitel","article_publisher":"https:\/\/www.facebook.com\/gabitelingenieros\/","article_published_time":"2021-03-05T08:21:36+00:00","author":"user.autor","twitter_card":"summary_large_image","twitter_misc":{"Written by":"user.autor","Est. reading time":"3 minutes"},"schema":{"@context":"https:\/\/schema.org","@graph":[{"@type":["Article","BlogPosting"],"@id":"https:\/\/gabitel.net\/en\/nuestro-equipo-entrevista-a-genoveva-sanchez\/#article","isPartOf":{"@id":"https:\/\/gabitel.net\/en\/nuestro-equipo-entrevista-a-genoveva-sanchez\/"},"author":{"name":"user.autor","@id":"https:\/\/gabitel.net\/en\/#\/schema\/person\/37ba53714c3fedb9c7d22f4bc781465c"},"headline":"Nuestro equipo. Entrevista a Genoveva S\u00e1nchez.","datePublished":"2021-03-05T08:21:36+00:00","mainEntityOfPage":{"@id":"https:\/\/gabitel.net\/en\/nuestro-equipo-entrevista-a-genoveva-sanchez\/"},"wordCount":625,"publisher":{"@id":"https:\/\/gabitel.net\/en\/#organization"},"articleSection":["Off-topic"],"inLanguage":"en-US"},{"@type":"WebPage","@id":"https:\/\/gabitel.net\/en\/nuestro-equipo-entrevista-a-genoveva-sanchez\/","url":"https:\/\/gabitel.net\/en\/nuestro-equipo-entrevista-a-genoveva-sanchez\/","name":"Nuestro equipo. Entrevista a Genoveva S\u00e1nchez. - Gabitel","isPartOf":{"@id":"https:\/\/gabitel.net\/en\/#website"},"datePublished":"2021-03-05T08:21:36+00:00","breadcrumb":{"@id":"https:\/\/gabitel.net\/en\/nuestro-equipo-entrevista-a-genoveva-sanchez\/#breadcrumb"},"inLanguage":"en-US","potentialAction":[{"@type":"ReadAction","target":["https:\/\/gabitel.net\/en\/nuestro-equipo-entrevista-a-genoveva-sanchez\/"]}]},{"@type":"BreadcrumbList","@id":"https:\/\/gabitel.net\/en\/nuestro-equipo-entrevista-a-genoveva-sanchez\/#breadcrumb","itemListElement":[{"@type":"ListItem","position":1,"name":"Portada","item":"https:\/\/gabitel.net\/en\/"},{"@type":"ListItem","position":2,"name":"Nuestro equipo. Entrevista a Genoveva S\u00e1nchez."}]},{"@type":"WebSite","@id":"https:\/\/gabitel.net\/en\/#website","url":"https:\/\/gabitel.net\/en\/","name":"Gabitel","description":"","publisher":{"@id":"https:\/\/gabitel.net\/en\/#organization"},"potentialAction":[{"@type":"SearchAction","target":{"@type":"EntryPoint","urlTemplate":"https:\/\/gabitel.net\/en\/?s={search_term_string}"},"query-input":{"@type":"PropertyValueSpecification","valueRequired":true,"valueName":"search_term_string"}}],"inLanguage":"en-US"},{"@type":"Organization","@id":"https:\/\/gabitel.net\/en\/#organization","name":"Gabitel","url":"https:\/\/gabitel.net\/en\/","logo":{"@type":"ImageObject","inLanguage":"en-US","@id":"https:\/\/gabitel.net\/en\/#\/schema\/logo\/image\/","url":"https:\/\/gabitel.net\/wp-content\/uploads\/2025\/05\/logo_gabitel.jpg","contentUrl":"https:\/\/gabitel.net\/wp-content\/uploads\/2025\/05\/logo_gabitel.jpg","width":2560,"height":1330,"caption":"Gabitel"},"image":{"@id":"https:\/\/gabitel.net\/en\/#\/schema\/logo\/image\/"},"sameAs":["https:\/\/www.facebook.com\/gabitelingenieros\/","https:\/\/es.linkedin.com\/company\/gabitel-ingenieros"]},{"@type":"Person","@id":"https:\/\/gabitel.net\/en\/#\/schema\/person\/37ba53714c3fedb9c7d22f4bc781465c","name":"user.autor","url":"https:\/\/gabitel.net\/en\/author\/user-autor\/"}]}},"_links":{"self":[{"href":"https:\/\/gabitel.net\/en\/wp-json\/wp\/v2\/posts\/33095","targetHints":{"allow":["GET"]}}],"collection":[{"href":"https:\/\/gabitel.net\/en\/wp-json\/wp\/v2\/posts"}],"about":[{"href":"https:\/\/gabitel.net\/en\/wp-json\/wp\/v2\/types\/post"}],"author":[{"embeddable":true,"href":"https:\/\/gabitel.net\/en\/wp-json\/wp\/v2\/users\/3"}],"replies":[{"embeddable":true,"href":"https:\/\/gabitel.net\/en\/wp-json\/wp\/v2\/comments?post=33095"}],"version-history":[{"count":0,"href":"https:\/\/gabitel.net\/en\/wp-json\/wp\/v2\/posts\/33095\/revisions"}],"wp:attachment":[{"href":"https:\/\/gabitel.net\/en\/wp-json\/wp\/v2\/media?parent=33095"}],"wp:term":[{"taxonomy":"category","embeddable":true,"href":"https:\/\/gabitel.net\/en\/wp-json\/wp\/v2\/categories?post=33095"},{"taxonomy":"post_tag","embeddable":true,"href":"https:\/\/gabitel.net\/en\/wp-json\/wp\/v2\/tags?post=33095"}],"curies":[{"name":"wp","href":"https:\/\/api.w.org\/{rel}","templated":true}]}}