{"id":33127,"date":"2021-01-07T15:54:28","date_gmt":"2021-01-07T14:54:28","guid":{"rendered":"https:\/\/gabitel.net\/ganadores-del-i-concurso-de-fotografia-gabitel\/"},"modified":"2021-01-07T15:54:28","modified_gmt":"2021-01-07T14:54:28","slug":"ganadores-del-i-concurso-de-fotografia-gabitel","status":"publish","type":"post","link":"https:\/\/gabitel.net\/en\/ganadores-del-i-concurso-de-fotografia-gabitel\/","title":{"rendered":"Ganadores del I concurso de fotograf\u00eda Gabitel"},"content":{"rendered":"<p style=\"text-align: justify;\">Estimad@s compa\u00f1er@s,<\/p>\n<p style=\"text-align: justify;\">Desde la Gerencia de Gabitel Ingenieros queremos agradecer la participaci\u00f3n e inter\u00e9s mostrado en el concurso y hacer p\u00fablico a los premiados.<\/p>\n<p style=\"text-align: justify;\"><span style=\"font-size: 18px;\">La deliberaci\u00f3n ha sido muy re\u00f1ida, como pod\u00e9is imaginar dado el alto nivel.<\/span><\/p>\n<p style=\"text-align: justify;\">El jurado compuesto por los compa\u00f1eros Lola Del Pozo, Luz Guti\u00e9rrez, Juan Francisco Navas, Daniel Barba y Marta Alc\u00e1ntara, lo ha tenido francamente complicado debido a la calidad, creatividad e imaginaci\u00f3n que hab\u00e9is demostrado en todas las instant\u00e1neas recibidas .<\/p>\n<p style=\"text-align: justify;\">Los ganadores son:<\/p>\n<p style=\"text-align: center;\">1\u00ba PREMIO,\u00a0agraciado con un tel\u00e9fono IPhone 11: Manuel Vega Pablo, del centro de Sevilla<\/p>\n<p style=\"text-align: center;\">2\u00ba PREMIO, agraciado con un Xiaomi note 8: Antonia Rebollo Vega, del centro de Huelva<\/p>\n<p style=\"text-align: center;\">Entrega del premio a Manolo Vega Pablo<\/p>\n<p style=\"text-align: center;\">Entrega del premio a Antonia Rebollo Vega<\/p>\n<p>Sin m\u00e1s, os animamos a participar en sucesivas convocatorias.<\/p>\n","protected":false},"excerpt":{"rendered":"<p>Estimad@s compa\u00f1er@s, Desde la Gerencia de Gabitel Ingenieros queremos agradecer la participaci\u00f3n e inter\u00e9s mostrado en el concurso y hacer p\u00fablico a los premiados. La deliberaci\u00f3n ha sido muy re\u00f1ida, como pod\u00e9is imaginar dado el alto nivel. El jurado compuesto por los compa\u00f1eros Lola Del Pozo, Luz Guti\u00e9rrez, Juan Francisco Navas, Daniel Barba y Marta [&hellip;]<\/p>\n","protected":false},"author":3,"featured_media":33719,"comment_status":"closed","ping_status":"closed","sticky":false,"template":"","format":"standard","meta":{"content-type":"","footnotes":""},"categories":[601],"tags":[],"class_list":["post-33127","post","type-post","status-publish","format-standard","has-post-thumbnail","hentry","category-off-topic-en"],"yoast_head":"<!-- This site is optimized with the Yoast SEO plugin v27.5 - https:\/\/yoast.com\/product\/yoast-seo-wordpress\/ -->\n<title>Ganadores del I concurso de fotograf\u00eda Gabitel - Gabitel<\/title>\n<meta name=\"robots\" content=\"index, follow, max-snippet:-1, max-image-preview:large, max-video-preview:-1\" \/>\n<link rel=\"canonical\" href=\"https:\/\/gabitel.net\/en\/ganadores-del-i-concurso-de-fotografia-gabitel\/\" \/>\n<meta property=\"og:locale\" content=\"en_US\" \/>\n<meta property=\"og:type\" content=\"article\" \/>\n<meta property=\"og:title\" content=\"Ganadores del I concurso de fotograf\u00eda Gabitel - Gabitel\" \/>\n<meta property=\"og:description\" content=\"Estimad@s compa\u00f1er@s, Desde la Gerencia de Gabitel Ingenieros queremos agradecer la participaci\u00f3n e inter\u00e9s mostrado en el concurso y hacer p\u00fablico a los premiados. La deliberaci\u00f3n ha sido muy re\u00f1ida, como pod\u00e9is imaginar dado el alto nivel. El jurado compuesto por los compa\u00f1eros Lola Del Pozo, Luz Guti\u00e9rrez, Juan Francisco Navas, Daniel Barba y Marta [&hellip;]\" \/>\n<meta property=\"og:url\" content=\"https:\/\/gabitel.net\/en\/ganadores-del-i-concurso-de-fotografia-gabitel\/\" \/>\n<meta property=\"og:site_name\" content=\"Gabitel\" \/>\n<meta property=\"article:publisher\" content=\"https:\/\/www.facebook.com\/gabitelingenieros\/\" \/>\n<meta property=\"article:published_time\" content=\"2021-01-07T14:54:28+00:00\" \/>\n<meta name=\"author\" content=\"user.autor\" \/>\n<meta name=\"twitter:card\" content=\"summary_large_image\" \/>\n<meta name=\"twitter:label1\" content=\"Written by\" \/>\n\t<meta name=\"twitter:data1\" content=\"user.autor\" \/>\n\t<meta name=\"twitter:label2\" content=\"Est. reading time\" \/>\n\t<meta name=\"twitter:data2\" content=\"1 minute\" \/>\n<script type=\"application\/ld+json\" class=\"yoast-schema-graph\">{\"@context\":\"https:\\\/\\\/schema.org\",\"@graph\":[{\"@type\":[\"Article\",\"BlogPosting\"],\"@id\":\"https:\\\/\\\/gabitel.net\\\/en\\\/ganadores-del-i-concurso-de-fotografia-gabitel\\\/#article\",\"isPartOf\":{\"@id\":\"https:\\\/\\\/gabitel.net\\\/en\\\/ganadores-del-i-concurso-de-fotografia-gabitel\\\/\"},\"author\":{\"name\":\"user.autor\",\"@id\":\"https:\\\/\\\/gabitel.net\\\/en\\\/#\\\/schema\\\/person\\\/37ba53714c3fedb9c7d22f4bc781465c\"},\"headline\":\"Ganadores del I concurso de fotograf\u00eda Gabitel\",\"datePublished\":\"2021-01-07T14:54:28+00:00\",\"mainEntityOfPage\":{\"@id\":\"https:\\\/\\\/gabitel.net\\\/en\\\/ganadores-del-i-concurso-de-fotografia-gabitel\\\/\"},\"wordCount\":153,\"publisher\":{\"@id\":\"https:\\\/\\\/gabitel.net\\\/en\\\/#organization\"},\"image\":{\"@id\":\"https:\\\/\\\/gabitel.net\\\/en\\\/ganadores-del-i-concurso-de-fotografia-gabitel\\\/#primaryimage\"},\"thumbnailUrl\":\"https:\\\/\\\/gabitel.net\\\/wp-content\\\/uploads\\\/2021\\\/01\\\/M.VEGA_2-scaled-1.jpg\",\"articleSection\":[\"Off-topic\"],\"inLanguage\":\"en-US\"},{\"@type\":\"WebPage\",\"@id\":\"https:\\\/\\\/gabitel.net\\\/en\\\/ganadores-del-i-concurso-de-fotografia-gabitel\\\/\",\"url\":\"https:\\\/\\\/gabitel.net\\\/en\\\/ganadores-del-i-concurso-de-fotografia-gabitel\\\/\",\"name\":\"Ganadores del I concurso de fotograf\u00eda Gabitel - Gabitel\",\"isPartOf\":{\"@id\":\"https:\\\/\\\/gabitel.net\\\/en\\\/#website\"},\"primaryImageOfPage\":{\"@id\":\"https:\\\/\\\/gabitel.net\\\/en\\\/ganadores-del-i-concurso-de-fotografia-gabitel\\\/#primaryimage\"},\"image\":{\"@id\":\"https:\\\/\\\/gabitel.net\\\/en\\\/ganadores-del-i-concurso-de-fotografia-gabitel\\\/#primaryimage\"},\"thumbnailUrl\":\"https:\\\/\\\/gabitel.net\\\/wp-content\\\/uploads\\\/2021\\\/01\\\/M.VEGA_2-scaled-1.jpg\",\"datePublished\":\"2021-01-07T14:54:28+00:00\",\"breadcrumb\":{\"@id\":\"https:\\\/\\\/gabitel.net\\\/en\\\/ganadores-del-i-concurso-de-fotografia-gabitel\\\/#breadcrumb\"},\"inLanguage\":\"en-US\",\"potentialAction\":[{\"@type\":\"ReadAction\",\"target\":[\"https:\\\/\\\/gabitel.net\\\/en\\\/ganadores-del-i-concurso-de-fotografia-gabitel\\\/\"]}]},{\"@type\":\"ImageObject\",\"inLanguage\":\"en-US\",\"@id\":\"https:\\\/\\\/gabitel.net\\\/en\\\/ganadores-del-i-concurso-de-fotografia-gabitel\\\/#primaryimage\",\"url\":\"https:\\\/\\\/gabitel.net\\\/wp-content\\\/uploads\\\/2021\\\/01\\\/M.VEGA_2-scaled-1.jpg\",\"contentUrl\":\"https:\\\/\\\/gabitel.net\\\/wp-content\\\/uploads\\\/2021\\\/01\\\/M.VEGA_2-scaled-1.jpg\",\"width\":2560,\"height\":1707,\"caption\":\"campo_vega_2\"},{\"@type\":\"BreadcrumbList\",\"@id\":\"https:\\\/\\\/gabitel.net\\\/en\\\/ganadores-del-i-concurso-de-fotografia-gabitel\\\/#breadcrumb\",\"itemListElement\":[{\"@type\":\"ListItem\",\"position\":1,\"name\":\"Portada\",\"item\":\"https:\\\/\\\/gabitel.net\\\/en\\\/\"},{\"@type\":\"ListItem\",\"position\":2,\"name\":\"Ganadores del I concurso de fotograf\u00eda Gabitel\"}]},{\"@type\":\"WebSite\",\"@id\":\"https:\\\/\\\/gabitel.net\\\/en\\\/#website\",\"url\":\"https:\\\/\\\/gabitel.net\\\/en\\\/\",\"name\":\"Gabitel\",\"description\":\"\",\"publisher\":{\"@id\":\"https:\\\/\\\/gabitel.net\\\/en\\\/#organization\"},\"potentialAction\":[{\"@type\":\"SearchAction\",\"target\":{\"@type\":\"EntryPoint\",\"urlTemplate\":\"https:\\\/\\\/gabitel.net\\\/en\\\/?s={search_term_string}\"},\"query-input\":{\"@type\":\"PropertyValueSpecification\",\"valueRequired\":true,\"valueName\":\"search_term_string\"}}],\"inLanguage\":\"en-US\"},{\"@type\":\"Organization\",\"@id\":\"https:\\\/\\\/gabitel.net\\\/en\\\/#organization\",\"name\":\"Gabitel\",\"url\":\"https:\\\/\\\/gabitel.net\\\/en\\\/\",\"logo\":{\"@type\":\"ImageObject\",\"inLanguage\":\"en-US\",\"@id\":\"https:\\\/\\\/gabitel.net\\\/en\\\/#\\\/schema\\\/logo\\\/image\\\/\",\"url\":\"https:\\\/\\\/gabitel.net\\\/wp-content\\\/uploads\\\/2025\\\/05\\\/logo_gabitel.jpg\",\"contentUrl\":\"https:\\\/\\\/gabitel.net\\\/wp-content\\\/uploads\\\/2025\\\/05\\\/logo_gabitel.jpg\",\"width\":2560,\"height\":1330,\"caption\":\"Gabitel\"},\"image\":{\"@id\":\"https:\\\/\\\/gabitel.net\\\/en\\\/#\\\/schema\\\/logo\\\/image\\\/\"},\"sameAs\":[\"https:\\\/\\\/www.facebook.com\\\/gabitelingenieros\\\/\",\"https:\\\/\\\/es.linkedin.com\\\/company\\\/gabitel-ingenieros\"]},{\"@type\":\"Person\",\"@id\":\"https:\\\/\\\/gabitel.net\\\/en\\\/#\\\/schema\\\/person\\\/37ba53714c3fedb9c7d22f4bc781465c\",\"name\":\"user.autor\",\"url\":\"https:\\\/\\\/gabitel.net\\\/en\\\/author\\\/user-autor\\\/\"}]}<\/script>\n<!-- \/ Yoast SEO plugin. -->","yoast_head_json":{"title":"Ganadores del I concurso de fotograf\u00eda Gabitel - Gabitel","robots":{"index":"index","follow":"follow","max-snippet":"max-snippet:-1","max-image-preview":"max-image-preview:large","max-video-preview":"max-video-preview:-1"},"canonical":"https:\/\/gabitel.net\/en\/ganadores-del-i-concurso-de-fotografia-gabitel\/","og_locale":"en_US","og_type":"article","og_title":"Ganadores del I concurso de fotograf\u00eda Gabitel - Gabitel","og_description":"Estimad@s compa\u00f1er@s, Desde la Gerencia de Gabitel Ingenieros queremos agradecer la participaci\u00f3n e inter\u00e9s mostrado en el concurso y hacer p\u00fablico a los premiados. La deliberaci\u00f3n ha sido muy re\u00f1ida, como pod\u00e9is imaginar dado el alto nivel. El jurado compuesto por los compa\u00f1eros Lola Del Pozo, Luz Guti\u00e9rrez, Juan Francisco Navas, Daniel Barba y Marta [&hellip;]","og_url":"https:\/\/gabitel.net\/en\/ganadores-del-i-concurso-de-fotografia-gabitel\/","og_site_name":"Gabitel","article_publisher":"https:\/\/www.facebook.com\/gabitelingenieros\/","article_published_time":"2021-01-07T14:54:28+00:00","author":"user.autor","twitter_card":"summary_large_image","twitter_misc":{"Written by":"user.autor","Est. reading time":"1 minute"},"schema":{"@context":"https:\/\/schema.org","@graph":[{"@type":["Article","BlogPosting"],"@id":"https:\/\/gabitel.net\/en\/ganadores-del-i-concurso-de-fotografia-gabitel\/#article","isPartOf":{"@id":"https:\/\/gabitel.net\/en\/ganadores-del-i-concurso-de-fotografia-gabitel\/"},"author":{"name":"user.autor","@id":"https:\/\/gabitel.net\/en\/#\/schema\/person\/37ba53714c3fedb9c7d22f4bc781465c"},"headline":"Ganadores del I concurso de fotograf\u00eda Gabitel","datePublished":"2021-01-07T14:54:28+00:00","mainEntityOfPage":{"@id":"https:\/\/gabitel.net\/en\/ganadores-del-i-concurso-de-fotografia-gabitel\/"},"wordCount":153,"publisher":{"@id":"https:\/\/gabitel.net\/en\/#organization"},"image":{"@id":"https:\/\/gabitel.net\/en\/ganadores-del-i-concurso-de-fotografia-gabitel\/#primaryimage"},"thumbnailUrl":"https:\/\/gabitel.net\/wp-content\/uploads\/2021\/01\/M.VEGA_2-scaled-1.jpg","articleSection":["Off-topic"],"inLanguage":"en-US"},{"@type":"WebPage","@id":"https:\/\/gabitel.net\/en\/ganadores-del-i-concurso-de-fotografia-gabitel\/","url":"https:\/\/gabitel.net\/en\/ganadores-del-i-concurso-de-fotografia-gabitel\/","name":"Ganadores del I concurso de fotograf\u00eda Gabitel - Gabitel","isPartOf":{"@id":"https:\/\/gabitel.net\/en\/#website"},"primaryImageOfPage":{"@id":"https:\/\/gabitel.net\/en\/ganadores-del-i-concurso-de-fotografia-gabitel\/#primaryimage"},"image":{"@id":"https:\/\/gabitel.net\/en\/ganadores-del-i-concurso-de-fotografia-gabitel\/#primaryimage"},"thumbnailUrl":"https:\/\/gabitel.net\/wp-content\/uploads\/2021\/01\/M.VEGA_2-scaled-1.jpg","datePublished":"2021-01-07T14:54:28+00:00","breadcrumb":{"@id":"https:\/\/gabitel.net\/en\/ganadores-del-i-concurso-de-fotografia-gabitel\/#breadcrumb"},"inLanguage":"en-US","potentialAction":[{"@type":"ReadAction","target":["https:\/\/gabitel.net\/en\/ganadores-del-i-concurso-de-fotografia-gabitel\/"]}]},{"@type":"ImageObject","inLanguage":"en-US","@id":"https:\/\/gabitel.net\/en\/ganadores-del-i-concurso-de-fotografia-gabitel\/#primaryimage","url":"https:\/\/gabitel.net\/wp-content\/uploads\/2021\/01\/M.VEGA_2-scaled-1.jpg","contentUrl":"https:\/\/gabitel.net\/wp-content\/uploads\/2021\/01\/M.VEGA_2-scaled-1.jpg","width":2560,"height":1707,"caption":"campo_vega_2"},{"@type":"BreadcrumbList","@id":"https:\/\/gabitel.net\/en\/ganadores-del-i-concurso-de-fotografia-gabitel\/#breadcrumb","itemListElement":[{"@type":"ListItem","position":1,"name":"Portada","item":"https:\/\/gabitel.net\/en\/"},{"@type":"ListItem","position":2,"name":"Ganadores del I concurso de fotograf\u00eda Gabitel"}]},{"@type":"WebSite","@id":"https:\/\/gabitel.net\/en\/#website","url":"https:\/\/gabitel.net\/en\/","name":"Gabitel","description":"","publisher":{"@id":"https:\/\/gabitel.net\/en\/#organization"},"potentialAction":[{"@type":"SearchAction","target":{"@type":"EntryPoint","urlTemplate":"https:\/\/gabitel.net\/en\/?s={search_term_string}"},"query-input":{"@type":"PropertyValueSpecification","valueRequired":true,"valueName":"search_term_string"}}],"inLanguage":"en-US"},{"@type":"Organization","@id":"https:\/\/gabitel.net\/en\/#organization","name":"Gabitel","url":"https:\/\/gabitel.net\/en\/","logo":{"@type":"ImageObject","inLanguage":"en-US","@id":"https:\/\/gabitel.net\/en\/#\/schema\/logo\/image\/","url":"https:\/\/gabitel.net\/wp-content\/uploads\/2025\/05\/logo_gabitel.jpg","contentUrl":"https:\/\/gabitel.net\/wp-content\/uploads\/2025\/05\/logo_gabitel.jpg","width":2560,"height":1330,"caption":"Gabitel"},"image":{"@id":"https:\/\/gabitel.net\/en\/#\/schema\/logo\/image\/"},"sameAs":["https:\/\/www.facebook.com\/gabitelingenieros\/","https:\/\/es.linkedin.com\/company\/gabitel-ingenieros"]},{"@type":"Person","@id":"https:\/\/gabitel.net\/en\/#\/schema\/person\/37ba53714c3fedb9c7d22f4bc781465c","name":"user.autor","url":"https:\/\/gabitel.net\/en\/author\/user-autor\/"}]}},"_links":{"self":[{"href":"https:\/\/gabitel.net\/en\/wp-json\/wp\/v2\/posts\/33127","targetHints":{"allow":["GET"]}}],"collection":[{"href":"https:\/\/gabitel.net\/en\/wp-json\/wp\/v2\/posts"}],"about":[{"href":"https:\/\/gabitel.net\/en\/wp-json\/wp\/v2\/types\/post"}],"author":[{"embeddable":true,"href":"https:\/\/gabitel.net\/en\/wp-json\/wp\/v2\/users\/3"}],"replies":[{"embeddable":true,"href":"https:\/\/gabitel.net\/en\/wp-json\/wp\/v2\/comments?post=33127"}],"version-history":[{"count":0,"href":"https:\/\/gabitel.net\/en\/wp-json\/wp\/v2\/posts\/33127\/revisions"}],"wp:featuredmedia":[{"embeddable":true,"href":"https:\/\/gabitel.net\/en\/wp-json\/wp\/v2\/media\/33719"}],"wp:attachment":[{"href":"https:\/\/gabitel.net\/en\/wp-json\/wp\/v2\/media?parent=33127"}],"wp:term":[{"taxonomy":"category","embeddable":true,"href":"https:\/\/gabitel.net\/en\/wp-json\/wp\/v2\/categories?post=33127"},{"taxonomy":"post_tag","embeddable":true,"href":"https:\/\/gabitel.net\/en\/wp-json\/wp\/v2\/tags?post=33127"}],"curies":[{"name":"wp","href":"https:\/\/api.w.org\/{rel}","templated":true}]}}