{"id":33131,"date":"2020-12-30T17:59:09","date_gmt":"2020-12-30T16:59:09","guid":{"rendered":"https:\/\/gabitel.net\/nuestro-equipo-entrevista-a-luz-bernal\/"},"modified":"2020-12-30T17:59:09","modified_gmt":"2020-12-30T16:59:09","slug":"nuestro-equipo-entrevista-a-luz-bernal","status":"publish","type":"post","link":"https:\/\/gabitel.net\/en\/nuestro-equipo-entrevista-a-luz-bernal\/","title":{"rendered":"Nuestro equipo. Entrevista a Luz Bernal"},"content":{"rendered":"<ul>\n<li>\u00a0\u00bf<strong>Cu\u00e1nto tiempo llevas trabajando en Gabitel? \u00bfEn qu\u00e9 consiste tu trabajo?<\/strong><\/li>\n<\/ul>\n<p><em>Llevo trabajando en Gabitel desde agosto de 2019, momento en que gan\u00f3 el contrato con Red El\u00e9ctrica de Espa\u00f1a. B\u00e1sicamente consiste en la realizaci\u00f3n de proyectos de Telecomunicaciones para las subestaciones el\u00e9ctricas. Dise\u00f1amos la parte de Telecomunicaciones necesaria para el correcto funcionamiento de las subestaciones el\u00e9ctricas, estos dise\u00f1os incluyen la definici\u00f3n del equipamiento, cableado, tendidos de fibra \u00f3ptica\u2026que se consideren m\u00e1s \u00f3ptimos en cada caso.<\/em><\/p>\n<p><em><\/em><\/p>\n<p><em><\/em><\/p>\n<ul>\n<li><strong>\u00a0\u00bfQu\u00e9 es lo que m\u00e1s valoras de tu trabajo en Gabitel? <\/strong><\/li>\n<\/ul>\n<p><em>La flexibilidad y confianza que han demostrado en m\u00ed desde el principio.<\/em><\/p>\n<p>&nbsp;<\/p>\n<ul>\n<li style=\"text-align: justify;\"><strong>Si tuvieras la opci\u00f3n de elegir otra profesi\u00f3n, \u00bfcu\u00e1l te gustar\u00eda que fuera?<\/strong><\/li>\n<\/ul>\n<p><em>Profesora de Educaci\u00f3n Infantil, siempre me han gustado mucho los ni\u00f1os, me fascina la capacidad de aprendizaje que tienen, su agradecimiento infinito, sus muestras de cari\u00f1o\u2026creo que aportan mucho.<\/em><\/p>\n<p>&nbsp;<\/p>\n<ul>\n<li style=\"text-align: justify;\"><b>\u00bfC\u00f3mo crees que podr\u00edas mejorar\u00a0 tu trabajo desarrollado en Gabitel?<\/b><\/li>\n<\/ul>\n<p><em>Dada mi situaci\u00f3n es una pregunta dif\u00edcil de responder, pero quiz\u00e1 tener una sede en Madrid podr\u00eda ser buena opci\u00f3n.<\/em><\/p>\n<p>&nbsp;<\/p>\n<ul>\n<li style=\"text-align: justify;\"><strong>Para poder conocerte un poquito mejor, nos gustar\u00eda saber un defecto y una virtud.<\/strong><\/li>\n<\/ul>\n<p><em>Un defecto: muy perfeccionista y una virtud: empat\u00eda.<\/em><\/p>\n<p>&nbsp;<\/p>\n<ul>\n<li style=\"text-align: justify;\"><strong>Un reto, \u00bfser\u00edas capaz de describirte con cuatro adjetivos?<\/strong><\/li>\n<\/ul>\n<p><em>Trabajadora, alegre, responsable y proactiva.<\/em><\/p>\n<p>&nbsp;<\/p>\n<ul>\n<li style=\"text-align: justify;\"><strong>\u00bfCu\u00e1l es el \u00faltimo libro que has le\u00eddo y por qu\u00e9 hiciste esa elecci\u00f3n?<\/strong><\/li>\n<\/ul>\n<p><em>La verdad sobre el caso Harry Quebert, por recomendaci\u00f3n de varias personas de mi entorno cercano.<\/em><\/p>\n<p>&nbsp;<\/p>\n<ul>\n<li style=\"text-align: justify;\"><strong>Pregunta que te env\u00eda el compa\u00f1ero anterior: \u00bf<\/strong><strong>Con qu\u00e9 compa\u00f1ero, con el que no hubieras trabajado antes, te gustar\u00eda trabajar? Y \u00bfpor qu\u00e9?<\/strong><\/li>\n<\/ul>\n<p><em>La verdad es que dada mi situaci\u00f3n de teletrabajo en Madrid desde el inicio no he podido conocer a m\u00e1s compa\u00f1eros que los que han trabajado conmigo.<\/em><\/p>\n<p>&nbsp;<\/p>\n<ul>\n<li style=\"text-align: justify;\"><strong>Env\u00eda una pregunta a la pr\u00f3xima persona en ser entrevistada. <\/strong><\/li>\n<\/ul>\n<p><em>\u00bfQu\u00e9 aspectos consideras que debe tener una empresa para que te sientas interesad@ por trabajar en ella? \u00a0\u00a0<\/em><\/p>\n<p><!--  --><\/li>\n<p><!--  --><\/ul>\n<p><!--  --><!--  --><!--  --><!--  --><\/li>\n<p><!--  --><\/ul>\n<p><!--  --><!--  --><!--  --><!--  --><\/li>\n<p><!--  --><\/ul>\n<p><!--  --><!--  --><!--  --><!--  --><!--  --><!--  --><\/p>\n","protected":false},"excerpt":{"rendered":"<p>\u00a0\u00bfCu\u00e1nto tiempo llevas trabajando en Gabitel? \u00bfEn qu\u00e9 consiste tu trabajo? Llevo trabajando en Gabitel desde agosto de 2019, momento en que gan\u00f3 el contrato con Red El\u00e9ctrica de Espa\u00f1a. B\u00e1sicamente consiste en la realizaci\u00f3n de proyectos de Telecomunicaciones para las subestaciones el\u00e9ctricas. Dise\u00f1amos la parte de Telecomunicaciones necesaria para el correcto funcionamiento de las [&hellip;]<\/p>\n","protected":false},"author":3,"featured_media":33691,"comment_status":"closed","ping_status":"closed","sticky":false,"template":"","format":"standard","meta":{"content-type":"","footnotes":""},"categories":[601],"tags":[],"class_list":["post-33131","post","type-post","status-publish","format-standard","has-post-thumbnail","hentry","category-off-topic-en"],"yoast_head":"<!-- This site is optimized with the Yoast SEO plugin v27.5 - https:\/\/yoast.com\/product\/yoast-seo-wordpress\/ -->\n<title>Nuestro equipo. Entrevista a Luz Bernal - Gabitel<\/title>\n<meta name=\"robots\" content=\"index, follow, max-snippet:-1, max-image-preview:large, max-video-preview:-1\" \/>\n<link rel=\"canonical\" href=\"https:\/\/gabitel.net\/en\/nuestro-equipo-entrevista-a-luz-bernal\/\" \/>\n<meta property=\"og:locale\" content=\"en_US\" \/>\n<meta property=\"og:type\" content=\"article\" \/>\n<meta property=\"og:title\" content=\"Nuestro equipo. Entrevista a Luz Bernal - Gabitel\" \/>\n<meta property=\"og:description\" content=\"\u00a0\u00bfCu\u00e1nto tiempo llevas trabajando en Gabitel? \u00bfEn qu\u00e9 consiste tu trabajo? Llevo trabajando en Gabitel desde agosto de 2019, momento en que gan\u00f3 el contrato con Red El\u00e9ctrica de Espa\u00f1a. B\u00e1sicamente consiste en la realizaci\u00f3n de proyectos de Telecomunicaciones para las subestaciones el\u00e9ctricas. Dise\u00f1amos la parte de Telecomunicaciones necesaria para el correcto funcionamiento de las [&hellip;]\" \/>\n<meta property=\"og:url\" content=\"https:\/\/gabitel.net\/en\/nuestro-equipo-entrevista-a-luz-bernal\/\" \/>\n<meta property=\"og:site_name\" content=\"Gabitel\" \/>\n<meta property=\"article:publisher\" content=\"https:\/\/www.facebook.com\/gabitelingenieros\/\" \/>\n<meta property=\"article:published_time\" content=\"2020-12-30T16:59:09+00:00\" \/>\n<meta name=\"author\" content=\"user.autor\" \/>\n<meta name=\"twitter:card\" content=\"summary_large_image\" \/>\n<meta name=\"twitter:label1\" content=\"Written by\" \/>\n\t<meta name=\"twitter:data1\" content=\"user.autor\" \/>\n\t<meta name=\"twitter:label2\" content=\"Est. reading time\" \/>\n\t<meta name=\"twitter:data2\" content=\"2 minutes\" \/>\n<script type=\"application\/ld+json\" class=\"yoast-schema-graph\">{\"@context\":\"https:\\\/\\\/schema.org\",\"@graph\":[{\"@type\":[\"Article\",\"BlogPosting\"],\"@id\":\"https:\\\/\\\/gabitel.net\\\/en\\\/nuestro-equipo-entrevista-a-luz-bernal\\\/#article\",\"isPartOf\":{\"@id\":\"https:\\\/\\\/gabitel.net\\\/en\\\/nuestro-equipo-entrevista-a-luz-bernal\\\/\"},\"author\":{\"name\":\"user.autor\",\"@id\":\"https:\\\/\\\/gabitel.net\\\/en\\\/#\\\/schema\\\/person\\\/37ba53714c3fedb9c7d22f4bc781465c\"},\"headline\":\"Nuestro equipo. Entrevista a Luz Bernal\",\"datePublished\":\"2020-12-30T16:59:09+00:00\",\"mainEntityOfPage\":{\"@id\":\"https:\\\/\\\/gabitel.net\\\/en\\\/nuestro-equipo-entrevista-a-luz-bernal\\\/\"},\"wordCount\":369,\"publisher\":{\"@id\":\"https:\\\/\\\/gabitel.net\\\/en\\\/#organization\"},\"image\":{\"@id\":\"https:\\\/\\\/gabitel.net\\\/en\\\/nuestro-equipo-entrevista-a-luz-bernal\\\/#primaryimage\"},\"thumbnailUrl\":\"https:\\\/\\\/gabitel.net\\\/wp-content\\\/uploads\\\/2020\\\/12\\\/Luz-scaled-1.jpg\",\"articleSection\":[\"Off-topic\"],\"inLanguage\":\"en-US\"},{\"@type\":\"WebPage\",\"@id\":\"https:\\\/\\\/gabitel.net\\\/en\\\/nuestro-equipo-entrevista-a-luz-bernal\\\/\",\"url\":\"https:\\\/\\\/gabitel.net\\\/en\\\/nuestro-equipo-entrevista-a-luz-bernal\\\/\",\"name\":\"Nuestro equipo. Entrevista a Luz Bernal - Gabitel\",\"isPartOf\":{\"@id\":\"https:\\\/\\\/gabitel.net\\\/en\\\/#website\"},\"primaryImageOfPage\":{\"@id\":\"https:\\\/\\\/gabitel.net\\\/en\\\/nuestro-equipo-entrevista-a-luz-bernal\\\/#primaryimage\"},\"image\":{\"@id\":\"https:\\\/\\\/gabitel.net\\\/en\\\/nuestro-equipo-entrevista-a-luz-bernal\\\/#primaryimage\"},\"thumbnailUrl\":\"https:\\\/\\\/gabitel.net\\\/wp-content\\\/uploads\\\/2020\\\/12\\\/Luz-scaled-1.jpg\",\"datePublished\":\"2020-12-30T16:59:09+00:00\",\"breadcrumb\":{\"@id\":\"https:\\\/\\\/gabitel.net\\\/en\\\/nuestro-equipo-entrevista-a-luz-bernal\\\/#breadcrumb\"},\"inLanguage\":\"en-US\",\"potentialAction\":[{\"@type\":\"ReadAction\",\"target\":[\"https:\\\/\\\/gabitel.net\\\/en\\\/nuestro-equipo-entrevista-a-luz-bernal\\\/\"]}]},{\"@type\":\"ImageObject\",\"inLanguage\":\"en-US\",\"@id\":\"https:\\\/\\\/gabitel.net\\\/en\\\/nuestro-equipo-entrevista-a-luz-bernal\\\/#primaryimage\",\"url\":\"https:\\\/\\\/gabitel.net\\\/wp-content\\\/uploads\\\/2020\\\/12\\\/Luz-scaled-1.jpg\",\"contentUrl\":\"https:\\\/\\\/gabitel.net\\\/wp-content\\\/uploads\\\/2020\\\/12\\\/Luz-scaled-1.jpg\",\"width\":2560,\"height\":1881,\"caption\":\"Luz\"},{\"@type\":\"BreadcrumbList\",\"@id\":\"https:\\\/\\\/gabitel.net\\\/en\\\/nuestro-equipo-entrevista-a-luz-bernal\\\/#breadcrumb\",\"itemListElement\":[{\"@type\":\"ListItem\",\"position\":1,\"name\":\"Portada\",\"item\":\"https:\\\/\\\/gabitel.net\\\/en\\\/\"},{\"@type\":\"ListItem\",\"position\":2,\"name\":\"Nuestro equipo. Entrevista a Luz Bernal\"}]},{\"@type\":\"WebSite\",\"@id\":\"https:\\\/\\\/gabitel.net\\\/en\\\/#website\",\"url\":\"https:\\\/\\\/gabitel.net\\\/en\\\/\",\"name\":\"Gabitel\",\"description\":\"\",\"publisher\":{\"@id\":\"https:\\\/\\\/gabitel.net\\\/en\\\/#organization\"},\"potentialAction\":[{\"@type\":\"SearchAction\",\"target\":{\"@type\":\"EntryPoint\",\"urlTemplate\":\"https:\\\/\\\/gabitel.net\\\/en\\\/?s={search_term_string}\"},\"query-input\":{\"@type\":\"PropertyValueSpecification\",\"valueRequired\":true,\"valueName\":\"search_term_string\"}}],\"inLanguage\":\"en-US\"},{\"@type\":\"Organization\",\"@id\":\"https:\\\/\\\/gabitel.net\\\/en\\\/#organization\",\"name\":\"Gabitel\",\"url\":\"https:\\\/\\\/gabitel.net\\\/en\\\/\",\"logo\":{\"@type\":\"ImageObject\",\"inLanguage\":\"en-US\",\"@id\":\"https:\\\/\\\/gabitel.net\\\/en\\\/#\\\/schema\\\/logo\\\/image\\\/\",\"url\":\"https:\\\/\\\/gabitel.net\\\/wp-content\\\/uploads\\\/2025\\\/05\\\/logo_gabitel.jpg\",\"contentUrl\":\"https:\\\/\\\/gabitel.net\\\/wp-content\\\/uploads\\\/2025\\\/05\\\/logo_gabitel.jpg\",\"width\":2560,\"height\":1330,\"caption\":\"Gabitel\"},\"image\":{\"@id\":\"https:\\\/\\\/gabitel.net\\\/en\\\/#\\\/schema\\\/logo\\\/image\\\/\"},\"sameAs\":[\"https:\\\/\\\/www.facebook.com\\\/gabitelingenieros\\\/\",\"https:\\\/\\\/es.linkedin.com\\\/company\\\/gabitel-ingenieros\"]},{\"@type\":\"Person\",\"@id\":\"https:\\\/\\\/gabitel.net\\\/en\\\/#\\\/schema\\\/person\\\/37ba53714c3fedb9c7d22f4bc781465c\",\"name\":\"user.autor\",\"url\":\"https:\\\/\\\/gabitel.net\\\/en\\\/author\\\/user-autor\\\/\"}]}<\/script>\n<!-- \/ Yoast SEO plugin. -->","yoast_head_json":{"title":"Nuestro equipo. Entrevista a Luz Bernal - Gabitel","robots":{"index":"index","follow":"follow","max-snippet":"max-snippet:-1","max-image-preview":"max-image-preview:large","max-video-preview":"max-video-preview:-1"},"canonical":"https:\/\/gabitel.net\/en\/nuestro-equipo-entrevista-a-luz-bernal\/","og_locale":"en_US","og_type":"article","og_title":"Nuestro equipo. Entrevista a Luz Bernal - Gabitel","og_description":"\u00a0\u00bfCu\u00e1nto tiempo llevas trabajando en Gabitel? \u00bfEn qu\u00e9 consiste tu trabajo? Llevo trabajando en Gabitel desde agosto de 2019, momento en que gan\u00f3 el contrato con Red El\u00e9ctrica de Espa\u00f1a. B\u00e1sicamente consiste en la realizaci\u00f3n de proyectos de Telecomunicaciones para las subestaciones el\u00e9ctricas. Dise\u00f1amos la parte de Telecomunicaciones necesaria para el correcto funcionamiento de las [&hellip;]","og_url":"https:\/\/gabitel.net\/en\/nuestro-equipo-entrevista-a-luz-bernal\/","og_site_name":"Gabitel","article_publisher":"https:\/\/www.facebook.com\/gabitelingenieros\/","article_published_time":"2020-12-30T16:59:09+00:00","author":"user.autor","twitter_card":"summary_large_image","twitter_misc":{"Written by":"user.autor","Est. reading time":"2 minutes"},"schema":{"@context":"https:\/\/schema.org","@graph":[{"@type":["Article","BlogPosting"],"@id":"https:\/\/gabitel.net\/en\/nuestro-equipo-entrevista-a-luz-bernal\/#article","isPartOf":{"@id":"https:\/\/gabitel.net\/en\/nuestro-equipo-entrevista-a-luz-bernal\/"},"author":{"name":"user.autor","@id":"https:\/\/gabitel.net\/en\/#\/schema\/person\/37ba53714c3fedb9c7d22f4bc781465c"},"headline":"Nuestro equipo. Entrevista a Luz Bernal","datePublished":"2020-12-30T16:59:09+00:00","mainEntityOfPage":{"@id":"https:\/\/gabitel.net\/en\/nuestro-equipo-entrevista-a-luz-bernal\/"},"wordCount":369,"publisher":{"@id":"https:\/\/gabitel.net\/en\/#organization"},"image":{"@id":"https:\/\/gabitel.net\/en\/nuestro-equipo-entrevista-a-luz-bernal\/#primaryimage"},"thumbnailUrl":"https:\/\/gabitel.net\/wp-content\/uploads\/2020\/12\/Luz-scaled-1.jpg","articleSection":["Off-topic"],"inLanguage":"en-US"},{"@type":"WebPage","@id":"https:\/\/gabitel.net\/en\/nuestro-equipo-entrevista-a-luz-bernal\/","url":"https:\/\/gabitel.net\/en\/nuestro-equipo-entrevista-a-luz-bernal\/","name":"Nuestro equipo. Entrevista a Luz Bernal - Gabitel","isPartOf":{"@id":"https:\/\/gabitel.net\/en\/#website"},"primaryImageOfPage":{"@id":"https:\/\/gabitel.net\/en\/nuestro-equipo-entrevista-a-luz-bernal\/#primaryimage"},"image":{"@id":"https:\/\/gabitel.net\/en\/nuestro-equipo-entrevista-a-luz-bernal\/#primaryimage"},"thumbnailUrl":"https:\/\/gabitel.net\/wp-content\/uploads\/2020\/12\/Luz-scaled-1.jpg","datePublished":"2020-12-30T16:59:09+00:00","breadcrumb":{"@id":"https:\/\/gabitel.net\/en\/nuestro-equipo-entrevista-a-luz-bernal\/#breadcrumb"},"inLanguage":"en-US","potentialAction":[{"@type":"ReadAction","target":["https:\/\/gabitel.net\/en\/nuestro-equipo-entrevista-a-luz-bernal\/"]}]},{"@type":"ImageObject","inLanguage":"en-US","@id":"https:\/\/gabitel.net\/en\/nuestro-equipo-entrevista-a-luz-bernal\/#primaryimage","url":"https:\/\/gabitel.net\/wp-content\/uploads\/2020\/12\/Luz-scaled-1.jpg","contentUrl":"https:\/\/gabitel.net\/wp-content\/uploads\/2020\/12\/Luz-scaled-1.jpg","width":2560,"height":1881,"caption":"Luz"},{"@type":"BreadcrumbList","@id":"https:\/\/gabitel.net\/en\/nuestro-equipo-entrevista-a-luz-bernal\/#breadcrumb","itemListElement":[{"@type":"ListItem","position":1,"name":"Portada","item":"https:\/\/gabitel.net\/en\/"},{"@type":"ListItem","position":2,"name":"Nuestro equipo. Entrevista a Luz Bernal"}]},{"@type":"WebSite","@id":"https:\/\/gabitel.net\/en\/#website","url":"https:\/\/gabitel.net\/en\/","name":"Gabitel","description":"","publisher":{"@id":"https:\/\/gabitel.net\/en\/#organization"},"potentialAction":[{"@type":"SearchAction","target":{"@type":"EntryPoint","urlTemplate":"https:\/\/gabitel.net\/en\/?s={search_term_string}"},"query-input":{"@type":"PropertyValueSpecification","valueRequired":true,"valueName":"search_term_string"}}],"inLanguage":"en-US"},{"@type":"Organization","@id":"https:\/\/gabitel.net\/en\/#organization","name":"Gabitel","url":"https:\/\/gabitel.net\/en\/","logo":{"@type":"ImageObject","inLanguage":"en-US","@id":"https:\/\/gabitel.net\/en\/#\/schema\/logo\/image\/","url":"https:\/\/gabitel.net\/wp-content\/uploads\/2025\/05\/logo_gabitel.jpg","contentUrl":"https:\/\/gabitel.net\/wp-content\/uploads\/2025\/05\/logo_gabitel.jpg","width":2560,"height":1330,"caption":"Gabitel"},"image":{"@id":"https:\/\/gabitel.net\/en\/#\/schema\/logo\/image\/"},"sameAs":["https:\/\/www.facebook.com\/gabitelingenieros\/","https:\/\/es.linkedin.com\/company\/gabitel-ingenieros"]},{"@type":"Person","@id":"https:\/\/gabitel.net\/en\/#\/schema\/person\/37ba53714c3fedb9c7d22f4bc781465c","name":"user.autor","url":"https:\/\/gabitel.net\/en\/author\/user-autor\/"}]}},"_links":{"self":[{"href":"https:\/\/gabitel.net\/en\/wp-json\/wp\/v2\/posts\/33131","targetHints":{"allow":["GET"]}}],"collection":[{"href":"https:\/\/gabitel.net\/en\/wp-json\/wp\/v2\/posts"}],"about":[{"href":"https:\/\/gabitel.net\/en\/wp-json\/wp\/v2\/types\/post"}],"author":[{"embeddable":true,"href":"https:\/\/gabitel.net\/en\/wp-json\/wp\/v2\/users\/3"}],"replies":[{"embeddable":true,"href":"https:\/\/gabitel.net\/en\/wp-json\/wp\/v2\/comments?post=33131"}],"version-history":[{"count":0,"href":"https:\/\/gabitel.net\/en\/wp-json\/wp\/v2\/posts\/33131\/revisions"}],"wp:featuredmedia":[{"embeddable":true,"href":"https:\/\/gabitel.net\/en\/wp-json\/wp\/v2\/media\/33691"}],"wp:attachment":[{"href":"https:\/\/gabitel.net\/en\/wp-json\/wp\/v2\/media?parent=33131"}],"wp:term":[{"taxonomy":"category","embeddable":true,"href":"https:\/\/gabitel.net\/en\/wp-json\/wp\/v2\/categories?post=33131"},{"taxonomy":"post_tag","embeddable":true,"href":"https:\/\/gabitel.net\/en\/wp-json\/wp\/v2\/tags?post=33131"}],"curies":[{"name":"wp","href":"https:\/\/api.w.org\/{rel}","templated":true}]}}