{"id":33141,"date":"2020-12-03T10:49:08","date_gmt":"2020-12-03T09:49:08","guid":{"rendered":"https:\/\/gabitel.net\/nuestro-equipo-entrevista-a-lola-del-pozo\/"},"modified":"2020-12-03T10:49:08","modified_gmt":"2020-12-03T09:49:08","slug":"nuestro-equipo-entrevista-a-lola-del-pozo","status":"publish","type":"post","link":"https:\/\/gabitel.net\/en\/nuestro-equipo-entrevista-a-lola-del-pozo\/","title":{"rendered":"Nuestro equipo. Entrevista a Lola Del Pozo"},"content":{"rendered":"<ul>\n<li>\u00a0<strong>Cu\u00e1nto tiempo llevas trabajando en Gabitel y en que consiste tu trabajo.<\/strong><\/li>\n<\/ul>\n<p><em>Llevo 7 a\u00f1os y medio, y mi trabajo consiste en la Administraci\u00f3n para la UTE.<\/em><\/p>\n<p>&nbsp;<\/p>\n<ul>\n<li><strong>\u00a0\u00bfQue es lo que m\u00e1s valoras de tu trabajo en Gabitel? <\/strong><\/li>\n<\/ul>\n<p><em>Mis compa\u00f1eros y la confianza que ha depositado siempre en mi desde Gabitel.<\/em><\/p>\n<p>&nbsp;<\/p>\n<ul>\n<li style=\"text-align: justify;\"><strong>Si tuvieras la opci\u00f3n de elegir otra profesi\u00f3n, \u00bfcu\u00e1l te gustar\u00eda que fuera?<\/strong><\/li>\n<\/ul>\n<p><em> Tengo el t\u00edtulo de Administrativo Comercial especialista en Relaciones Publica, me gustar\u00eda hacer alg\u00fan trabajito as\u00ed aunque actualmente con mis compa\u00f1eros hago algunas cosillas como organizar comidas, quedadas en el parque, etc\u2026 pues tengo la suerte que siempre me siguen en mis ocurrencias y soy del equipo de bienvenida que es una funci\u00f3n que me encanta.<\/em><\/p>\n<p>&nbsp;<\/p>\n<ul>\n<li style=\"text-align: justify;\"><b>\u00bfC\u00f3mo crees que podr\u00edas mejorar\u00a0 tu trabajo desarrollado en Gabitel?<\/b><\/li>\n<\/ul>\n<p><em>Pues creo que esta va enlazada con la pregunta anterior, me gustar\u00eda realizar cualquier trabajo relacionado con mis estudios.<\/em><\/p>\n<p>&nbsp;<\/p>\n<ul>\n<li style=\"text-align: justify;\"><strong>Para poder conocerte un poquito mejor, nos gustar\u00eda saber un defecto y una virtud.<\/strong><\/li>\n<\/ul>\n<p><em>Un defecto: impaciente, una virtud: resiliencia.<\/em><\/p>\n<p>&nbsp;<\/p>\n<ul>\n<li style=\"text-align: justify;\"><strong>Un reto, \u00bfser\u00edas capaz de describirte con cuatro adjetivos?<\/strong><\/li>\n<\/ul>\n<p><em>Solo en 4?? es broma, sincera, resolutiva, leal y trabajadora.<\/em><\/p>\n<p>&nbsp;<\/p>\n<ul>\n<li style=\"text-align: justify;\"><strong>Cu\u00e1l es el \u00faltimo libro que has le\u00eddo y porque hiciste esa elecci\u00f3n.<\/strong><\/li>\n<\/ul>\n<p>El Ocho, de Katherine Neville, me encantan las novelas de thriller.<\/p>\n<p>&nbsp;<\/p>\n<ul>\n<li style=\"text-align: justify;\"><strong>Pregunta que te env\u00eda el compa\u00f1ero anterior: Si pudieras elegir un \u201csuperpoder\u201d, \u00bfCu\u00e1l elegir\u00edas y por qu\u00e9?<\/strong><\/li>\n<\/ul>\n<p><em>En otro momento hubiera elegido el transportarme porque me encanta viajar, pero en los tiempos que vivimos por culpa de esta pandemia escojo la de curar creo que este seria mas necesario.<\/em><\/p>\n<p>&nbsp;<\/p>\n<ul>\n<li style=\"text-align: justify;\"><strong>Env\u00eda una pregunta a la pr\u00f3xima persona en ser entrevistada.<\/strong><\/li>\n<\/ul>\n<p><em>La pregunta seria \u00bf con que compa\u00f1ero, con el que no hubieras trabajado antes, te gustar\u00eda trabajar y por qu\u00e9?<\/em><\/p>\n","protected":false},"excerpt":{"rendered":"<p>\u00a0Cu\u00e1nto tiempo llevas trabajando en Gabitel y en que consiste tu trabajo. Llevo 7 a\u00f1os y medio, y mi trabajo consiste en la Administraci\u00f3n para la UTE. &nbsp; \u00a0\u00bfQue es lo que m\u00e1s valoras de tu trabajo en Gabitel? Mis compa\u00f1eros y la confianza que ha depositado siempre en mi desde Gabitel. &nbsp; Si tuvieras [&hellip;]<\/p>\n","protected":false},"author":3,"featured_media":33669,"comment_status":"closed","ping_status":"closed","sticky":false,"template":"","format":"standard","meta":{"content-type":"","footnotes":""},"categories":[601],"tags":[],"class_list":["post-33141","post","type-post","status-publish","format-standard","has-post-thumbnail","hentry","category-off-topic-en"],"yoast_head":"<!-- This site is optimized with the Yoast SEO plugin v27.5 - https:\/\/yoast.com\/product\/yoast-seo-wordpress\/ -->\n<title>Nuestro equipo. Entrevista a Lola Del Pozo - Gabitel<\/title>\n<meta name=\"robots\" content=\"index, follow, max-snippet:-1, max-image-preview:large, max-video-preview:-1\" \/>\n<link rel=\"canonical\" href=\"https:\/\/gabitel.net\/en\/nuestro-equipo-entrevista-a-lola-del-pozo\/\" \/>\n<meta property=\"og:locale\" content=\"en_US\" \/>\n<meta property=\"og:type\" content=\"article\" \/>\n<meta property=\"og:title\" content=\"Nuestro equipo. Entrevista a Lola Del Pozo - Gabitel\" \/>\n<meta property=\"og:description\" content=\"\u00a0Cu\u00e1nto tiempo llevas trabajando en Gabitel y en que consiste tu trabajo. Llevo 7 a\u00f1os y medio, y mi trabajo consiste en la Administraci\u00f3n para la UTE. &nbsp; \u00a0\u00bfQue es lo que m\u00e1s valoras de tu trabajo en Gabitel? Mis compa\u00f1eros y la confianza que ha depositado siempre en mi desde Gabitel. &nbsp; Si tuvieras [&hellip;]\" \/>\n<meta property=\"og:url\" content=\"https:\/\/gabitel.net\/en\/nuestro-equipo-entrevista-a-lola-del-pozo\/\" \/>\n<meta property=\"og:site_name\" content=\"Gabitel\" \/>\n<meta property=\"article:publisher\" content=\"https:\/\/www.facebook.com\/gabitelingenieros\/\" \/>\n<meta property=\"article:published_time\" content=\"2020-12-03T09:49:08+00:00\" \/>\n<meta name=\"author\" content=\"user.autor\" \/>\n<meta name=\"twitter:card\" content=\"summary_large_image\" \/>\n<meta name=\"twitter:label1\" content=\"Written by\" \/>\n\t<meta name=\"twitter:data1\" content=\"user.autor\" \/>\n\t<meta name=\"twitter:label2\" content=\"Est. reading time\" \/>\n\t<meta name=\"twitter:data2\" content=\"2 minutes\" \/>\n<script type=\"application\/ld+json\" class=\"yoast-schema-graph\">{\"@context\":\"https:\\\/\\\/schema.org\",\"@graph\":[{\"@type\":[\"Article\",\"BlogPosting\"],\"@id\":\"https:\\\/\\\/gabitel.net\\\/en\\\/nuestro-equipo-entrevista-a-lola-del-pozo\\\/#article\",\"isPartOf\":{\"@id\":\"https:\\\/\\\/gabitel.net\\\/en\\\/nuestro-equipo-entrevista-a-lola-del-pozo\\\/\"},\"author\":{\"name\":\"user.autor\",\"@id\":\"https:\\\/\\\/gabitel.net\\\/en\\\/#\\\/schema\\\/person\\\/37ba53714c3fedb9c7d22f4bc781465c\"},\"headline\":\"Nuestro equipo. Entrevista a Lola Del Pozo\",\"datePublished\":\"2020-12-03T09:49:08+00:00\",\"mainEntityOfPage\":{\"@id\":\"https:\\\/\\\/gabitel.net\\\/en\\\/nuestro-equipo-entrevista-a-lola-del-pozo\\\/\"},\"wordCount\":333,\"publisher\":{\"@id\":\"https:\\\/\\\/gabitel.net\\\/en\\\/#organization\"},\"image\":{\"@id\":\"https:\\\/\\\/gabitel.net\\\/en\\\/nuestro-equipo-entrevista-a-lola-del-pozo\\\/#primaryimage\"},\"thumbnailUrl\":\"https:\\\/\\\/gabitel.net\\\/wp-content\\\/uploads\\\/2020\\\/12\\\/IMG_20201129_113858-min.jpg\",\"articleSection\":[\"Off-topic\"],\"inLanguage\":\"en-US\"},{\"@type\":\"WebPage\",\"@id\":\"https:\\\/\\\/gabitel.net\\\/en\\\/nuestro-equipo-entrevista-a-lola-del-pozo\\\/\",\"url\":\"https:\\\/\\\/gabitel.net\\\/en\\\/nuestro-equipo-entrevista-a-lola-del-pozo\\\/\",\"name\":\"Nuestro equipo. Entrevista a Lola Del Pozo - Gabitel\",\"isPartOf\":{\"@id\":\"https:\\\/\\\/gabitel.net\\\/en\\\/#website\"},\"primaryImageOfPage\":{\"@id\":\"https:\\\/\\\/gabitel.net\\\/en\\\/nuestro-equipo-entrevista-a-lola-del-pozo\\\/#primaryimage\"},\"image\":{\"@id\":\"https:\\\/\\\/gabitel.net\\\/en\\\/nuestro-equipo-entrevista-a-lola-del-pozo\\\/#primaryimage\"},\"thumbnailUrl\":\"https:\\\/\\\/gabitel.net\\\/wp-content\\\/uploads\\\/2020\\\/12\\\/IMG_20201129_113858-min.jpg\",\"datePublished\":\"2020-12-03T09:49:08+00:00\",\"breadcrumb\":{\"@id\":\"https:\\\/\\\/gabitel.net\\\/en\\\/nuestro-equipo-entrevista-a-lola-del-pozo\\\/#breadcrumb\"},\"inLanguage\":\"en-US\",\"potentialAction\":[{\"@type\":\"ReadAction\",\"target\":[\"https:\\\/\\\/gabitel.net\\\/en\\\/nuestro-equipo-entrevista-a-lola-del-pozo\\\/\"]}]},{\"@type\":\"ImageObject\",\"inLanguage\":\"en-US\",\"@id\":\"https:\\\/\\\/gabitel.net\\\/en\\\/nuestro-equipo-entrevista-a-lola-del-pozo\\\/#primaryimage\",\"url\":\"https:\\\/\\\/gabitel.net\\\/wp-content\\\/uploads\\\/2020\\\/12\\\/IMG_20201129_113858-min.jpg\",\"contentUrl\":\"https:\\\/\\\/gabitel.net\\\/wp-content\\\/uploads\\\/2020\\\/12\\\/IMG_20201129_113858-min.jpg\",\"width\":1100,\"height\":1019,\"caption\":\"entrevista_lola_del_pozo\"},{\"@type\":\"BreadcrumbList\",\"@id\":\"https:\\\/\\\/gabitel.net\\\/en\\\/nuestro-equipo-entrevista-a-lola-del-pozo\\\/#breadcrumb\",\"itemListElement\":[{\"@type\":\"ListItem\",\"position\":1,\"name\":\"Portada\",\"item\":\"https:\\\/\\\/gabitel.net\\\/en\\\/\"},{\"@type\":\"ListItem\",\"position\":2,\"name\":\"Nuestro equipo. Entrevista a Lola Del Pozo\"}]},{\"@type\":\"WebSite\",\"@id\":\"https:\\\/\\\/gabitel.net\\\/en\\\/#website\",\"url\":\"https:\\\/\\\/gabitel.net\\\/en\\\/\",\"name\":\"Gabitel\",\"description\":\"\",\"publisher\":{\"@id\":\"https:\\\/\\\/gabitel.net\\\/en\\\/#organization\"},\"potentialAction\":[{\"@type\":\"SearchAction\",\"target\":{\"@type\":\"EntryPoint\",\"urlTemplate\":\"https:\\\/\\\/gabitel.net\\\/en\\\/?s={search_term_string}\"},\"query-input\":{\"@type\":\"PropertyValueSpecification\",\"valueRequired\":true,\"valueName\":\"search_term_string\"}}],\"inLanguage\":\"en-US\"},{\"@type\":\"Organization\",\"@id\":\"https:\\\/\\\/gabitel.net\\\/en\\\/#organization\",\"name\":\"Gabitel\",\"url\":\"https:\\\/\\\/gabitel.net\\\/en\\\/\",\"logo\":{\"@type\":\"ImageObject\",\"inLanguage\":\"en-US\",\"@id\":\"https:\\\/\\\/gabitel.net\\\/en\\\/#\\\/schema\\\/logo\\\/image\\\/\",\"url\":\"https:\\\/\\\/gabitel.net\\\/wp-content\\\/uploads\\\/2025\\\/05\\\/logo_gabitel.jpg\",\"contentUrl\":\"https:\\\/\\\/gabitel.net\\\/wp-content\\\/uploads\\\/2025\\\/05\\\/logo_gabitel.jpg\",\"width\":2560,\"height\":1330,\"caption\":\"Gabitel\"},\"image\":{\"@id\":\"https:\\\/\\\/gabitel.net\\\/en\\\/#\\\/schema\\\/logo\\\/image\\\/\"},\"sameAs\":[\"https:\\\/\\\/www.facebook.com\\\/gabitelingenieros\\\/\",\"https:\\\/\\\/es.linkedin.com\\\/company\\\/gabitel-ingenieros\"]},{\"@type\":\"Person\",\"@id\":\"https:\\\/\\\/gabitel.net\\\/en\\\/#\\\/schema\\\/person\\\/37ba53714c3fedb9c7d22f4bc781465c\",\"name\":\"user.autor\",\"url\":\"https:\\\/\\\/gabitel.net\\\/en\\\/author\\\/user-autor\\\/\"}]}<\/script>\n<!-- \/ Yoast SEO plugin. -->","yoast_head_json":{"title":"Nuestro equipo. Entrevista a Lola Del Pozo - Gabitel","robots":{"index":"index","follow":"follow","max-snippet":"max-snippet:-1","max-image-preview":"max-image-preview:large","max-video-preview":"max-video-preview:-1"},"canonical":"https:\/\/gabitel.net\/en\/nuestro-equipo-entrevista-a-lola-del-pozo\/","og_locale":"en_US","og_type":"article","og_title":"Nuestro equipo. Entrevista a Lola Del Pozo - Gabitel","og_description":"\u00a0Cu\u00e1nto tiempo llevas trabajando en Gabitel y en que consiste tu trabajo. Llevo 7 a\u00f1os y medio, y mi trabajo consiste en la Administraci\u00f3n para la UTE. &nbsp; \u00a0\u00bfQue es lo que m\u00e1s valoras de tu trabajo en Gabitel? Mis compa\u00f1eros y la confianza que ha depositado siempre en mi desde Gabitel. &nbsp; Si tuvieras [&hellip;]","og_url":"https:\/\/gabitel.net\/en\/nuestro-equipo-entrevista-a-lola-del-pozo\/","og_site_name":"Gabitel","article_publisher":"https:\/\/www.facebook.com\/gabitelingenieros\/","article_published_time":"2020-12-03T09:49:08+00:00","author":"user.autor","twitter_card":"summary_large_image","twitter_misc":{"Written by":"user.autor","Est. reading time":"2 minutes"},"schema":{"@context":"https:\/\/schema.org","@graph":[{"@type":["Article","BlogPosting"],"@id":"https:\/\/gabitel.net\/en\/nuestro-equipo-entrevista-a-lola-del-pozo\/#article","isPartOf":{"@id":"https:\/\/gabitel.net\/en\/nuestro-equipo-entrevista-a-lola-del-pozo\/"},"author":{"name":"user.autor","@id":"https:\/\/gabitel.net\/en\/#\/schema\/person\/37ba53714c3fedb9c7d22f4bc781465c"},"headline":"Nuestro equipo. Entrevista a Lola Del Pozo","datePublished":"2020-12-03T09:49:08+00:00","mainEntityOfPage":{"@id":"https:\/\/gabitel.net\/en\/nuestro-equipo-entrevista-a-lola-del-pozo\/"},"wordCount":333,"publisher":{"@id":"https:\/\/gabitel.net\/en\/#organization"},"image":{"@id":"https:\/\/gabitel.net\/en\/nuestro-equipo-entrevista-a-lola-del-pozo\/#primaryimage"},"thumbnailUrl":"https:\/\/gabitel.net\/wp-content\/uploads\/2020\/12\/IMG_20201129_113858-min.jpg","articleSection":["Off-topic"],"inLanguage":"en-US"},{"@type":"WebPage","@id":"https:\/\/gabitel.net\/en\/nuestro-equipo-entrevista-a-lola-del-pozo\/","url":"https:\/\/gabitel.net\/en\/nuestro-equipo-entrevista-a-lola-del-pozo\/","name":"Nuestro equipo. Entrevista a Lola Del Pozo - Gabitel","isPartOf":{"@id":"https:\/\/gabitel.net\/en\/#website"},"primaryImageOfPage":{"@id":"https:\/\/gabitel.net\/en\/nuestro-equipo-entrevista-a-lola-del-pozo\/#primaryimage"},"image":{"@id":"https:\/\/gabitel.net\/en\/nuestro-equipo-entrevista-a-lola-del-pozo\/#primaryimage"},"thumbnailUrl":"https:\/\/gabitel.net\/wp-content\/uploads\/2020\/12\/IMG_20201129_113858-min.jpg","datePublished":"2020-12-03T09:49:08+00:00","breadcrumb":{"@id":"https:\/\/gabitel.net\/en\/nuestro-equipo-entrevista-a-lola-del-pozo\/#breadcrumb"},"inLanguage":"en-US","potentialAction":[{"@type":"ReadAction","target":["https:\/\/gabitel.net\/en\/nuestro-equipo-entrevista-a-lola-del-pozo\/"]}]},{"@type":"ImageObject","inLanguage":"en-US","@id":"https:\/\/gabitel.net\/en\/nuestro-equipo-entrevista-a-lola-del-pozo\/#primaryimage","url":"https:\/\/gabitel.net\/wp-content\/uploads\/2020\/12\/IMG_20201129_113858-min.jpg","contentUrl":"https:\/\/gabitel.net\/wp-content\/uploads\/2020\/12\/IMG_20201129_113858-min.jpg","width":1100,"height":1019,"caption":"entrevista_lola_del_pozo"},{"@type":"BreadcrumbList","@id":"https:\/\/gabitel.net\/en\/nuestro-equipo-entrevista-a-lola-del-pozo\/#breadcrumb","itemListElement":[{"@type":"ListItem","position":1,"name":"Portada","item":"https:\/\/gabitel.net\/en\/"},{"@type":"ListItem","position":2,"name":"Nuestro equipo. Entrevista a Lola Del Pozo"}]},{"@type":"WebSite","@id":"https:\/\/gabitel.net\/en\/#website","url":"https:\/\/gabitel.net\/en\/","name":"Gabitel","description":"","publisher":{"@id":"https:\/\/gabitel.net\/en\/#organization"},"potentialAction":[{"@type":"SearchAction","target":{"@type":"EntryPoint","urlTemplate":"https:\/\/gabitel.net\/en\/?s={search_term_string}"},"query-input":{"@type":"PropertyValueSpecification","valueRequired":true,"valueName":"search_term_string"}}],"inLanguage":"en-US"},{"@type":"Organization","@id":"https:\/\/gabitel.net\/en\/#organization","name":"Gabitel","url":"https:\/\/gabitel.net\/en\/","logo":{"@type":"ImageObject","inLanguage":"en-US","@id":"https:\/\/gabitel.net\/en\/#\/schema\/logo\/image\/","url":"https:\/\/gabitel.net\/wp-content\/uploads\/2025\/05\/logo_gabitel.jpg","contentUrl":"https:\/\/gabitel.net\/wp-content\/uploads\/2025\/05\/logo_gabitel.jpg","width":2560,"height":1330,"caption":"Gabitel"},"image":{"@id":"https:\/\/gabitel.net\/en\/#\/schema\/logo\/image\/"},"sameAs":["https:\/\/www.facebook.com\/gabitelingenieros\/","https:\/\/es.linkedin.com\/company\/gabitel-ingenieros"]},{"@type":"Person","@id":"https:\/\/gabitel.net\/en\/#\/schema\/person\/37ba53714c3fedb9c7d22f4bc781465c","name":"user.autor","url":"https:\/\/gabitel.net\/en\/author\/user-autor\/"}]}},"_links":{"self":[{"href":"https:\/\/gabitel.net\/en\/wp-json\/wp\/v2\/posts\/33141","targetHints":{"allow":["GET"]}}],"collection":[{"href":"https:\/\/gabitel.net\/en\/wp-json\/wp\/v2\/posts"}],"about":[{"href":"https:\/\/gabitel.net\/en\/wp-json\/wp\/v2\/types\/post"}],"author":[{"embeddable":true,"href":"https:\/\/gabitel.net\/en\/wp-json\/wp\/v2\/users\/3"}],"replies":[{"embeddable":true,"href":"https:\/\/gabitel.net\/en\/wp-json\/wp\/v2\/comments?post=33141"}],"version-history":[{"count":0,"href":"https:\/\/gabitel.net\/en\/wp-json\/wp\/v2\/posts\/33141\/revisions"}],"wp:featuredmedia":[{"embeddable":true,"href":"https:\/\/gabitel.net\/en\/wp-json\/wp\/v2\/media\/33669"}],"wp:attachment":[{"href":"https:\/\/gabitel.net\/en\/wp-json\/wp\/v2\/media?parent=33141"}],"wp:term":[{"taxonomy":"category","embeddable":true,"href":"https:\/\/gabitel.net\/en\/wp-json\/wp\/v2\/categories?post=33141"},{"taxonomy":"post_tag","embeddable":true,"href":"https:\/\/gabitel.net\/en\/wp-json\/wp\/v2\/tags?post=33141"}],"curies":[{"name":"wp","href":"https:\/\/api.w.org\/{rel}","templated":true}]}}