{"id":33161,"date":"2020-11-05T15:27:05","date_gmt":"2020-11-05T14:27:05","guid":{"rendered":"https:\/\/gabitel.net\/i-concurso-fotografia-gabitel\/"},"modified":"2020-11-05T15:27:05","modified_gmt":"2020-11-05T14:27:05","slug":"i-concurso-fotografia-gabitel","status":"publish","type":"post","link":"https:\/\/gabitel.net\/en\/i-concurso-fotografia-gabitel\/","title":{"rendered":"I Concurso de Fotograf\u00eda Gabitel"},"content":{"rendered":"<p style=\"text-align: justify;\"><em>\u00a0Estimad@s compa\u00f1er@s,<\/em><em>\u00a0<\/em><\/p>\n<p>&nbsp;<\/p>\n<p><em>Desde la Direcci\u00f3n de GABITEL os proponemos esta nueva iniciativa, a la cual pueden sumarse \u00a0tambi\u00e9n los compa\u00f1eros de IM3 que participan en la UTE.<\/em><em>\u00a0<\/em><\/p>\n<p>&nbsp;<\/p>\n<p><em>Como pod\u00e9is comprobar, estamos renovando la Web de GABITEL (a\u00fan en construcci\u00f3n), as\u00ed como los documentos corporativos: Dossier de presentaci\u00f3n, listados de referencias, etc. Por ello, nos gustar\u00eda contar con im\u00e1genes de alta calidad relacionados con el \u00e1mbito de nuestra actividad, las cuales pueden ser desde im\u00e1genes de nuestras propias oficinas y compa\u00f1eros trabajando, hasta im\u00e1genes de obras, instalaciones tipo sobre las que trabajamos (torres el\u00e9ctricas, zanjas de fibra \u00f3ptica, estaciones de telefon\u00eda m\u00f3vil,\u2026), etc.<\/em><em>\u00a0<\/em><\/p>\n<p><em>Este tipo de concursos se realizar\u00e1n todos los a\u00f1os, as\u00ed que os recomendamos que de aqu\u00ed en adelante os acord\u00e9is de tomar buenas fotograf\u00edas de aquellas visitas a obras, reuniones, eventos de la empresa, etc. en las que vay\u00e1is participando.<\/em><\/p>\n<p><em><\/em><\/p>\n<p>&nbsp;<\/p>\n<p><em>PREMIO:<\/em><\/p>\n<ul>\n<li>1er Premio: IPHONE 11<\/li>\n<li>2do Premio: \u00a0XIAOMI REDMI NOTE 9<\/li>\n<\/ul>\n<p>&nbsp;<\/p>\n<p><em style=\"font-size: 18px;\">BASES DEL CONCURSO:<\/em><em style=\"font-size: 18px;\">\u00a0<\/em><\/p>\n<ul>\n<li>Las fotograf\u00edas pueden enviarse en cualquier momento, pero siempre antes del 15 de noviembre.<\/li>\n<li>Para mandar tu foto debes hacer dos cosas: en primer lugar, sube la foto a una de nuestras redes sociales, LinkedIn, Twitter o Facebook, etiquetar el perfil de Gabitel Ingenieros (escribe @Gabitel en la publicaci\u00f3n y la propia red te lo sugiere). Adem\u00e1s, env\u00eda el archivo en un correo electr\u00f3nico a nuestra direcci\u00f3n boletin.gabitel@gabitelingenieros.com.<\/li>\n<li>Las fotograf\u00edas deber\u00e1n tomarse en alta calidad, formato .JPEG o .BMP, con un tama\u00f1o m\u00ednimo de 2 Mb o alternativamente 4496 x 3000 p\u00edxeles (\u00a1Ojo! las fotograf\u00edas enviadas por Whatsapp no tienen resoluci\u00f3n suficiente).<\/li>\n<li>Es puntuable, aunque no obligatorio, que en las fotograf\u00edas aparezca de alguna forma el logotipo de Gabitel, o que de otra forma pueda identificarse que se trata de im\u00e1genes propias: compa\u00f1er@s con el chaleco reflectante\/casco de Gabitel, coches con el logo, logos que hay en las oficinas, carpetas, etc. Lo dejamos a vuestra imaginaci\u00f3n.<\/li>\n<li>En las im\u00e1genes de personal en obras, l@s compa\u00f1er@s que aparezcan deber\u00e1n ir provistos de TODOS los EPIs necesarios.<\/li>\n<li>No se podr\u00e1n tomar fotograf\u00edas del interior de las instalaciones de los clientes sin su autorizaci\u00f3n por escrito.<\/li>\n<li>No habr\u00e1 limitaci\u00f3n en cuanto al n\u00famero de fotograf\u00edas por cada participante y se admiten fotograf\u00edas tomadas en el pasado, as\u00ed pues, pod\u00e9is buscar en vuestros archivos fotogr\u00e1ficos.<\/li>\n<li>Adem\u00e1s de las fotograf\u00edas ganadoras, todas las fotos enviadas para participar en el concurso podr\u00e1n aparecer en la Web, dossier, referencias, etc. Para ello, se deber\u00e1 contar con la autorizaci\u00f3n de las personas que aparezcan en las fotograf\u00edas y que sean claramente reconocibles.<\/li>\n<li>No se admitir\u00e1n im\u00e1genes de archivos\/ bancos de im\u00e1genes o im\u00e1genes tomadas por terceros.<\/li>\n<\/ul>\n<p>&nbsp;<\/p>\n<p><em>JURADO:<\/em><\/p>\n<ul>\n<li>Estar\u00e1 compuesto por los siguientes miembros del WWT: Rosa Moreno, Marta Alc\u00e1ntara, Lola del Pozo, Daniel Barba y Juan Francisco Navas.<\/li>\n<\/ul>\n<p>&nbsp;<\/p>\n<p><em style=\"font-size: 18px;\">\u00a0\u00a1\u00a1<\/em><em style=\"font-size: 18px;\">Esperamos vuestra participaci\u00f3n!!<\/em><em style=\"font-size: 18px;\">\u00a0<\/em><\/p>\n<p>&nbsp;<\/p>\n<p><em>Un saludo,<\/em><\/p>\n","protected":false},"excerpt":{"rendered":"<p>\u00a0Estimad@s compa\u00f1er@s,\u00a0 &nbsp; Desde la Direcci\u00f3n de GABITEL os proponemos esta nueva iniciativa, a la cual pueden sumarse \u00a0tambi\u00e9n los compa\u00f1eros de IM3 que participan en la UTE.\u00a0 &nbsp; Como pod\u00e9is comprobar, estamos renovando la Web de GABITEL (a\u00fan en construcci\u00f3n), as\u00ed como los documentos corporativos: Dossier de presentaci\u00f3n, listados de referencias, etc. Por ello, [&hellip;]<\/p>\n","protected":false},"author":3,"featured_media":33637,"comment_status":"closed","ping_status":"closed","sticky":false,"template":"","format":"standard","meta":{"content-type":"","footnotes":""},"categories":[601],"tags":[],"class_list":["post-33161","post","type-post","status-publish","format-standard","has-post-thumbnail","hentry","category-off-topic-en"],"yoast_head":"<!-- This site is optimized with the Yoast SEO plugin v27.5 - https:\/\/yoast.com\/product\/yoast-seo-wordpress\/ -->\n<title>I Concurso de Fotograf\u00eda Gabitel - Gabitel<\/title>\n<meta name=\"robots\" content=\"index, follow, max-snippet:-1, max-image-preview:large, max-video-preview:-1\" \/>\n<link rel=\"canonical\" href=\"https:\/\/gabitel.net\/en\/i-concurso-fotografia-gabitel\/\" \/>\n<meta property=\"og:locale\" content=\"en_US\" \/>\n<meta property=\"og:type\" content=\"article\" \/>\n<meta property=\"og:title\" content=\"I Concurso de Fotograf\u00eda Gabitel - Gabitel\" \/>\n<meta property=\"og:description\" content=\"\u00a0Estimad@s compa\u00f1er@s,\u00a0 &nbsp; Desde la Direcci\u00f3n de GABITEL os proponemos esta nueva iniciativa, a la cual pueden sumarse \u00a0tambi\u00e9n los compa\u00f1eros de IM3 que participan en la UTE.\u00a0 &nbsp; Como pod\u00e9is comprobar, estamos renovando la Web de GABITEL (a\u00fan en construcci\u00f3n), as\u00ed como los documentos corporativos: Dossier de presentaci\u00f3n, listados de referencias, etc. Por ello, [&hellip;]\" \/>\n<meta property=\"og:url\" content=\"https:\/\/gabitel.net\/en\/i-concurso-fotografia-gabitel\/\" \/>\n<meta property=\"og:site_name\" content=\"Gabitel\" \/>\n<meta property=\"article:publisher\" content=\"https:\/\/www.facebook.com\/gabitelingenieros\/\" \/>\n<meta property=\"article:published_time\" content=\"2020-11-05T14:27:05+00:00\" \/>\n<meta name=\"author\" content=\"user.autor\" \/>\n<meta name=\"twitter:card\" content=\"summary_large_image\" \/>\n<meta name=\"twitter:label1\" content=\"Written by\" \/>\n\t<meta name=\"twitter:data1\" content=\"user.autor\" \/>\n\t<meta name=\"twitter:label2\" content=\"Est. reading time\" \/>\n\t<meta name=\"twitter:data2\" content=\"3 minutes\" \/>\n<script type=\"application\/ld+json\" class=\"yoast-schema-graph\">{\"@context\":\"https:\\\/\\\/schema.org\",\"@graph\":[{\"@type\":[\"Article\",\"BlogPosting\"],\"@id\":\"https:\\\/\\\/gabitel.net\\\/en\\\/i-concurso-fotografia-gabitel\\\/#article\",\"isPartOf\":{\"@id\":\"https:\\\/\\\/gabitel.net\\\/en\\\/i-concurso-fotografia-gabitel\\\/\"},\"author\":{\"name\":\"user.autor\",\"@id\":\"https:\\\/\\\/gabitel.net\\\/en\\\/#\\\/schema\\\/person\\\/37ba53714c3fedb9c7d22f4bc781465c\"},\"headline\":\"I Concurso de Fotograf\u00eda Gabitel\",\"datePublished\":\"2020-11-05T14:27:05+00:00\",\"mainEntityOfPage\":{\"@id\":\"https:\\\/\\\/gabitel.net\\\/en\\\/i-concurso-fotografia-gabitel\\\/\"},\"wordCount\":538,\"publisher\":{\"@id\":\"https:\\\/\\\/gabitel.net\\\/en\\\/#organization\"},\"image\":{\"@id\":\"https:\\\/\\\/gabitel.net\\\/en\\\/i-concurso-fotografia-gabitel\\\/#primaryimage\"},\"thumbnailUrl\":\"https:\\\/\\\/gabitel.net\\\/wp-content\\\/uploads\\\/2020\\\/10\\\/camera-lens-min-scaled-1.jpg\",\"articleSection\":[\"Off-topic\"],\"inLanguage\":\"en-US\"},{\"@type\":\"WebPage\",\"@id\":\"https:\\\/\\\/gabitel.net\\\/en\\\/i-concurso-fotografia-gabitel\\\/\",\"url\":\"https:\\\/\\\/gabitel.net\\\/en\\\/i-concurso-fotografia-gabitel\\\/\",\"name\":\"I Concurso de Fotograf\u00eda Gabitel - Gabitel\",\"isPartOf\":{\"@id\":\"https:\\\/\\\/gabitel.net\\\/en\\\/#website\"},\"primaryImageOfPage\":{\"@id\":\"https:\\\/\\\/gabitel.net\\\/en\\\/i-concurso-fotografia-gabitel\\\/#primaryimage\"},\"image\":{\"@id\":\"https:\\\/\\\/gabitel.net\\\/en\\\/i-concurso-fotografia-gabitel\\\/#primaryimage\"},\"thumbnailUrl\":\"https:\\\/\\\/gabitel.net\\\/wp-content\\\/uploads\\\/2020\\\/10\\\/camera-lens-min-scaled-1.jpg\",\"datePublished\":\"2020-11-05T14:27:05+00:00\",\"breadcrumb\":{\"@id\":\"https:\\\/\\\/gabitel.net\\\/en\\\/i-concurso-fotografia-gabitel\\\/#breadcrumb\"},\"inLanguage\":\"en-US\",\"potentialAction\":[{\"@type\":\"ReadAction\",\"target\":[\"https:\\\/\\\/gabitel.net\\\/en\\\/i-concurso-fotografia-gabitel\\\/\"]}]},{\"@type\":\"ImageObject\",\"inLanguage\":\"en-US\",\"@id\":\"https:\\\/\\\/gabitel.net\\\/en\\\/i-concurso-fotografia-gabitel\\\/#primaryimage\",\"url\":\"https:\\\/\\\/gabitel.net\\\/wp-content\\\/uploads\\\/2020\\\/10\\\/camera-lens-min-scaled-1.jpg\",\"contentUrl\":\"https:\\\/\\\/gabitel.net\\\/wp-content\\\/uploads\\\/2020\\\/10\\\/camera-lens-min-scaled-1.jpg\",\"width\":2560,\"height\":1709,\"caption\":\"cabecera_concurso_fotograf\u00eda\"},{\"@type\":\"BreadcrumbList\",\"@id\":\"https:\\\/\\\/gabitel.net\\\/en\\\/i-concurso-fotografia-gabitel\\\/#breadcrumb\",\"itemListElement\":[{\"@type\":\"ListItem\",\"position\":1,\"name\":\"Portada\",\"item\":\"https:\\\/\\\/gabitel.net\\\/en\\\/\"},{\"@type\":\"ListItem\",\"position\":2,\"name\":\"I Concurso de Fotograf\u00eda Gabitel\"}]},{\"@type\":\"WebSite\",\"@id\":\"https:\\\/\\\/gabitel.net\\\/en\\\/#website\",\"url\":\"https:\\\/\\\/gabitel.net\\\/en\\\/\",\"name\":\"Gabitel\",\"description\":\"\",\"publisher\":{\"@id\":\"https:\\\/\\\/gabitel.net\\\/en\\\/#organization\"},\"potentialAction\":[{\"@type\":\"SearchAction\",\"target\":{\"@type\":\"EntryPoint\",\"urlTemplate\":\"https:\\\/\\\/gabitel.net\\\/en\\\/?s={search_term_string}\"},\"query-input\":{\"@type\":\"PropertyValueSpecification\",\"valueRequired\":true,\"valueName\":\"search_term_string\"}}],\"inLanguage\":\"en-US\"},{\"@type\":\"Organization\",\"@id\":\"https:\\\/\\\/gabitel.net\\\/en\\\/#organization\",\"name\":\"Gabitel\",\"url\":\"https:\\\/\\\/gabitel.net\\\/en\\\/\",\"logo\":{\"@type\":\"ImageObject\",\"inLanguage\":\"en-US\",\"@id\":\"https:\\\/\\\/gabitel.net\\\/en\\\/#\\\/schema\\\/logo\\\/image\\\/\",\"url\":\"https:\\\/\\\/gabitel.net\\\/wp-content\\\/uploads\\\/2025\\\/05\\\/logo_gabitel.jpg\",\"contentUrl\":\"https:\\\/\\\/gabitel.net\\\/wp-content\\\/uploads\\\/2025\\\/05\\\/logo_gabitel.jpg\",\"width\":2560,\"height\":1330,\"caption\":\"Gabitel\"},\"image\":{\"@id\":\"https:\\\/\\\/gabitel.net\\\/en\\\/#\\\/schema\\\/logo\\\/image\\\/\"},\"sameAs\":[\"https:\\\/\\\/www.facebook.com\\\/gabitelingenieros\\\/\",\"https:\\\/\\\/es.linkedin.com\\\/company\\\/gabitel-ingenieros\"]},{\"@type\":\"Person\",\"@id\":\"https:\\\/\\\/gabitel.net\\\/en\\\/#\\\/schema\\\/person\\\/37ba53714c3fedb9c7d22f4bc781465c\",\"name\":\"user.autor\",\"url\":\"https:\\\/\\\/gabitel.net\\\/en\\\/author\\\/user-autor\\\/\"}]}<\/script>\n<!-- \/ Yoast SEO plugin. -->","yoast_head_json":{"title":"I Concurso de Fotograf\u00eda Gabitel - Gabitel","robots":{"index":"index","follow":"follow","max-snippet":"max-snippet:-1","max-image-preview":"max-image-preview:large","max-video-preview":"max-video-preview:-1"},"canonical":"https:\/\/gabitel.net\/en\/i-concurso-fotografia-gabitel\/","og_locale":"en_US","og_type":"article","og_title":"I Concurso de Fotograf\u00eda Gabitel - Gabitel","og_description":"\u00a0Estimad@s compa\u00f1er@s,\u00a0 &nbsp; Desde la Direcci\u00f3n de GABITEL os proponemos esta nueva iniciativa, a la cual pueden sumarse \u00a0tambi\u00e9n los compa\u00f1eros de IM3 que participan en la UTE.\u00a0 &nbsp; Como pod\u00e9is comprobar, estamos renovando la Web de GABITEL (a\u00fan en construcci\u00f3n), as\u00ed como los documentos corporativos: Dossier de presentaci\u00f3n, listados de referencias, etc. Por ello, [&hellip;]","og_url":"https:\/\/gabitel.net\/en\/i-concurso-fotografia-gabitel\/","og_site_name":"Gabitel","article_publisher":"https:\/\/www.facebook.com\/gabitelingenieros\/","article_published_time":"2020-11-05T14:27:05+00:00","author":"user.autor","twitter_card":"summary_large_image","twitter_misc":{"Written by":"user.autor","Est. reading time":"3 minutes"},"schema":{"@context":"https:\/\/schema.org","@graph":[{"@type":["Article","BlogPosting"],"@id":"https:\/\/gabitel.net\/en\/i-concurso-fotografia-gabitel\/#article","isPartOf":{"@id":"https:\/\/gabitel.net\/en\/i-concurso-fotografia-gabitel\/"},"author":{"name":"user.autor","@id":"https:\/\/gabitel.net\/en\/#\/schema\/person\/37ba53714c3fedb9c7d22f4bc781465c"},"headline":"I Concurso de Fotograf\u00eda Gabitel","datePublished":"2020-11-05T14:27:05+00:00","mainEntityOfPage":{"@id":"https:\/\/gabitel.net\/en\/i-concurso-fotografia-gabitel\/"},"wordCount":538,"publisher":{"@id":"https:\/\/gabitel.net\/en\/#organization"},"image":{"@id":"https:\/\/gabitel.net\/en\/i-concurso-fotografia-gabitel\/#primaryimage"},"thumbnailUrl":"https:\/\/gabitel.net\/wp-content\/uploads\/2020\/10\/camera-lens-min-scaled-1.jpg","articleSection":["Off-topic"],"inLanguage":"en-US"},{"@type":"WebPage","@id":"https:\/\/gabitel.net\/en\/i-concurso-fotografia-gabitel\/","url":"https:\/\/gabitel.net\/en\/i-concurso-fotografia-gabitel\/","name":"I Concurso de Fotograf\u00eda Gabitel - Gabitel","isPartOf":{"@id":"https:\/\/gabitel.net\/en\/#website"},"primaryImageOfPage":{"@id":"https:\/\/gabitel.net\/en\/i-concurso-fotografia-gabitel\/#primaryimage"},"image":{"@id":"https:\/\/gabitel.net\/en\/i-concurso-fotografia-gabitel\/#primaryimage"},"thumbnailUrl":"https:\/\/gabitel.net\/wp-content\/uploads\/2020\/10\/camera-lens-min-scaled-1.jpg","datePublished":"2020-11-05T14:27:05+00:00","breadcrumb":{"@id":"https:\/\/gabitel.net\/en\/i-concurso-fotografia-gabitel\/#breadcrumb"},"inLanguage":"en-US","potentialAction":[{"@type":"ReadAction","target":["https:\/\/gabitel.net\/en\/i-concurso-fotografia-gabitel\/"]}]},{"@type":"ImageObject","inLanguage":"en-US","@id":"https:\/\/gabitel.net\/en\/i-concurso-fotografia-gabitel\/#primaryimage","url":"https:\/\/gabitel.net\/wp-content\/uploads\/2020\/10\/camera-lens-min-scaled-1.jpg","contentUrl":"https:\/\/gabitel.net\/wp-content\/uploads\/2020\/10\/camera-lens-min-scaled-1.jpg","width":2560,"height":1709,"caption":"cabecera_concurso_fotograf\u00eda"},{"@type":"BreadcrumbList","@id":"https:\/\/gabitel.net\/en\/i-concurso-fotografia-gabitel\/#breadcrumb","itemListElement":[{"@type":"ListItem","position":1,"name":"Portada","item":"https:\/\/gabitel.net\/en\/"},{"@type":"ListItem","position":2,"name":"I Concurso de Fotograf\u00eda Gabitel"}]},{"@type":"WebSite","@id":"https:\/\/gabitel.net\/en\/#website","url":"https:\/\/gabitel.net\/en\/","name":"Gabitel","description":"","publisher":{"@id":"https:\/\/gabitel.net\/en\/#organization"},"potentialAction":[{"@type":"SearchAction","target":{"@type":"EntryPoint","urlTemplate":"https:\/\/gabitel.net\/en\/?s={search_term_string}"},"query-input":{"@type":"PropertyValueSpecification","valueRequired":true,"valueName":"search_term_string"}}],"inLanguage":"en-US"},{"@type":"Organization","@id":"https:\/\/gabitel.net\/en\/#organization","name":"Gabitel","url":"https:\/\/gabitel.net\/en\/","logo":{"@type":"ImageObject","inLanguage":"en-US","@id":"https:\/\/gabitel.net\/en\/#\/schema\/logo\/image\/","url":"https:\/\/gabitel.net\/wp-content\/uploads\/2025\/05\/logo_gabitel.jpg","contentUrl":"https:\/\/gabitel.net\/wp-content\/uploads\/2025\/05\/logo_gabitel.jpg","width":2560,"height":1330,"caption":"Gabitel"},"image":{"@id":"https:\/\/gabitel.net\/en\/#\/schema\/logo\/image\/"},"sameAs":["https:\/\/www.facebook.com\/gabitelingenieros\/","https:\/\/es.linkedin.com\/company\/gabitel-ingenieros"]},{"@type":"Person","@id":"https:\/\/gabitel.net\/en\/#\/schema\/person\/37ba53714c3fedb9c7d22f4bc781465c","name":"user.autor","url":"https:\/\/gabitel.net\/en\/author\/user-autor\/"}]}},"_links":{"self":[{"href":"https:\/\/gabitel.net\/en\/wp-json\/wp\/v2\/posts\/33161","targetHints":{"allow":["GET"]}}],"collection":[{"href":"https:\/\/gabitel.net\/en\/wp-json\/wp\/v2\/posts"}],"about":[{"href":"https:\/\/gabitel.net\/en\/wp-json\/wp\/v2\/types\/post"}],"author":[{"embeddable":true,"href":"https:\/\/gabitel.net\/en\/wp-json\/wp\/v2\/users\/3"}],"replies":[{"embeddable":true,"href":"https:\/\/gabitel.net\/en\/wp-json\/wp\/v2\/comments?post=33161"}],"version-history":[{"count":0,"href":"https:\/\/gabitel.net\/en\/wp-json\/wp\/v2\/posts\/33161\/revisions"}],"wp:featuredmedia":[{"embeddable":true,"href":"https:\/\/gabitel.net\/en\/wp-json\/wp\/v2\/media\/33637"}],"wp:attachment":[{"href":"https:\/\/gabitel.net\/en\/wp-json\/wp\/v2\/media?parent=33161"}],"wp:term":[{"taxonomy":"category","embeddable":true,"href":"https:\/\/gabitel.net\/en\/wp-json\/wp\/v2\/categories?post=33161"},{"taxonomy":"post_tag","embeddable":true,"href":"https:\/\/gabitel.net\/en\/wp-json\/wp\/v2\/tags?post=33161"}],"curies":[{"name":"wp","href":"https:\/\/api.w.org\/{rel}","templated":true}]}}