{"id":33165,"date":"2020-11-05T12:57:28","date_gmt":"2020-11-05T11:57:28","guid":{"rendered":"https:\/\/gabitel.net\/plan-igualdad\/"},"modified":"2020-11-05T12:57:28","modified_gmt":"2020-11-05T11:57:28","slug":"plan-igualdad","status":"publish","type":"post","link":"https:\/\/gabitel.net\/en\/plan-igualdad\/","title":{"rendered":"Plan de Igualdad"},"content":{"rendered":"<p style=\"text-align: justify;\">Desde Gabitel Solutions hemos implantado el Plan de Igualdad de Gabitel y hemos realizado su inscripci\u00f3n en el REGCON, del que recientemente hemos recibido notificaci\u00f3n del Ministerio de su formalizaci\u00f3n conforme a la legislaci\u00f3n actual.<\/p>\n<p style=\"text-align: justify;\">Seg\u00fan el Real Decreto-ley 6\/2019, por el que se ha introducido la obligaci\u00f3n de\u00a0elaborar y aplicar planes de igualdad en empresas de m\u00e1s de 50 empleados.<\/p>\n<p style=\"text-align: justify;\">Hasta ahora, solo las empresas de m\u00e1s de 250 trabajadores ten\u00edan obligaci\u00f3n de tener estos planes.<\/p>\n<p style=\"text-align: justify;\">Desde marzo 2020, aquellas compa\u00f1\u00edas con m\u00e1s de 150 trabajadores deber\u00e1n tener implementado un plan de igualdad. Las empresas de\u00a0entre 100 y 150 empleados tendr\u00e1n un a\u00f1o m\u00e1s de plazo\u00a0para hacerlo, mientras que las que tengan entre 50 y 100 estar\u00e1n obligadas a partir de marzo de 2022.<\/p>\n<p style=\"text-align: justify;\">El incumplimiento de esta norma<strong>\u00a0<\/strong>supondr\u00eda sanciones graves para las empresas. Adem\u00e1s, aquellas empresas que participen en procesos de contrataci\u00f3n con las administraciones p\u00fablicas deber\u00e1n prestar especial atenci\u00f3n, puesto que el incumplimiento de esta obligaci\u00f3n por aquellas empresas sujetas a la misma, puede afectar negativamente a su capacidad para concurrir a dichos concursos p\u00fablicos.<\/p>\n<p>\u00bfC\u00f3mo es nuestro plan de igualdad?<\/p>\n<p><em>En el diagn\u00f3stico previo fue importante realizar un estudio en profundidad de la situaci\u00f3n de GABITEL, con datos que permitieron detectar los problemas y necesidades de la plantilla, definir objetivos realistas y concretos e idear las propuestas.<\/em><\/p>\n<p><em>El diagnostico trat\u00f3 los siguientes temas: procesos de selecci\u00f3n y contrataci\u00f3n, clasificaci\u00f3n profesional, formaci\u00f3n, promoci\u00f3n profesional, condiciones de trabajo, ejercicio corresponsable de los derechos de la vida personal, familiar y laboral, infrarrepresentaci\u00f3n femenina, retribuciones y prevenci\u00f3n del acoso sexual y por raz\u00f3n de sexo. A ra\u00edz de este diagn\u00f3stico, se elabor\u00f3 nuestro plan de igualdad con las medidas para cada una de las \u00e1reas, seguido de la fase de implantaci\u00f3n de dichas acciones y un proceso de seguimiento de la aplicaci\u00f3n de las mismas.<\/em><\/p>\n<p>Nuestro plan de igualdad se encuentra registrado en el Registro de convenios y acuerdos colectivos de trabajo: REGCON, el cual es de acceso p\u00fablico.<\/p>\n<p>Pod\u00e9is descargaros el plan a trav\u00e9s del siguiente enlace:<\/p>\n<p style=\"text-align: justify;\"><a href=\"https:\/\/gabitelingenieros.com\/sistema-integrado-de-gestion\/#politicadeigualdad\">Plan de Igualdad Rev 2 feb 2020<\/a><\/p>\n","protected":false},"excerpt":{"rendered":"<p>Desde Gabitel Solutions hemos implantado el Plan de Igualdad de Gabitel y hemos realizado su inscripci\u00f3n en el REGCON, del que recientemente hemos recibido notificaci\u00f3n del Ministerio de su formalizaci\u00f3n conforme a la legislaci\u00f3n actual. Seg\u00fan el Real Decreto-ley 6\/2019, por el que se ha introducido la obligaci\u00f3n de\u00a0elaborar y aplicar planes de igualdad en [&hellip;]<\/p>\n","protected":false},"author":3,"featured_media":33603,"comment_status":"closed","ping_status":"closed","sticky":false,"template":"","format":"standard","meta":{"content-type":"","footnotes":""},"categories":[601],"tags":[],"class_list":["post-33165","post","type-post","status-publish","format-standard","has-post-thumbnail","hentry","category-off-topic-en"],"yoast_head":"<!-- This site is optimized with the Yoast SEO plugin v27.5 - https:\/\/yoast.com\/product\/yoast-seo-wordpress\/ -->\n<title>Plan de Igualdad - Gabitel<\/title>\n<meta name=\"robots\" content=\"index, follow, max-snippet:-1, max-image-preview:large, max-video-preview:-1\" \/>\n<link rel=\"canonical\" href=\"https:\/\/gabitel.net\/en\/plan-igualdad\/\" \/>\n<meta property=\"og:locale\" content=\"en_US\" \/>\n<meta property=\"og:type\" content=\"article\" \/>\n<meta property=\"og:title\" content=\"Plan de Igualdad - Gabitel\" \/>\n<meta property=\"og:description\" content=\"Desde Gabitel Solutions hemos implantado el Plan de Igualdad de Gabitel y hemos realizado su inscripci\u00f3n en el REGCON, del que recientemente hemos recibido notificaci\u00f3n del Ministerio de su formalizaci\u00f3n conforme a la legislaci\u00f3n actual. Seg\u00fan el Real Decreto-ley 6\/2019, por el que se ha introducido la obligaci\u00f3n de\u00a0elaborar y aplicar planes de igualdad en [&hellip;]\" \/>\n<meta property=\"og:url\" content=\"https:\/\/gabitel.net\/en\/plan-igualdad\/\" \/>\n<meta property=\"og:site_name\" content=\"Gabitel\" \/>\n<meta property=\"article:publisher\" content=\"https:\/\/www.facebook.com\/gabitelingenieros\/\" \/>\n<meta property=\"article:published_time\" content=\"2020-11-05T11:57:28+00:00\" \/>\n<meta name=\"author\" content=\"user.autor\" \/>\n<meta name=\"twitter:card\" content=\"summary_large_image\" \/>\n<meta name=\"twitter:label1\" content=\"Written by\" \/>\n\t<meta name=\"twitter:data1\" content=\"user.autor\" \/>\n\t<meta name=\"twitter:label2\" content=\"Est. reading time\" \/>\n\t<meta name=\"twitter:data2\" content=\"2 minutes\" \/>\n<script type=\"application\/ld+json\" class=\"yoast-schema-graph\">{\"@context\":\"https:\\\/\\\/schema.org\",\"@graph\":[{\"@type\":[\"Article\",\"BlogPosting\"],\"@id\":\"https:\\\/\\\/gabitel.net\\\/en\\\/plan-igualdad\\\/#article\",\"isPartOf\":{\"@id\":\"https:\\\/\\\/gabitel.net\\\/en\\\/plan-igualdad\\\/\"},\"author\":{\"name\":\"user.autor\",\"@id\":\"https:\\\/\\\/gabitel.net\\\/en\\\/#\\\/schema\\\/person\\\/37ba53714c3fedb9c7d22f4bc781465c\"},\"headline\":\"Plan de Igualdad\",\"datePublished\":\"2020-11-05T11:57:28+00:00\",\"mainEntityOfPage\":{\"@id\":\"https:\\\/\\\/gabitel.net\\\/en\\\/plan-igualdad\\\/\"},\"wordCount\":383,\"publisher\":{\"@id\":\"https:\\\/\\\/gabitel.net\\\/en\\\/#organization\"},\"image\":{\"@id\":\"https:\\\/\\\/gabitel.net\\\/en\\\/plan-igualdad\\\/#primaryimage\"},\"thumbnailUrl\":\"https:\\\/\\\/gabitel.net\\\/wp-content\\\/uploads\\\/2019\\\/10\\\/gabitel.jpg\",\"articleSection\":[\"Off-topic\"],\"inLanguage\":\"en-US\"},{\"@type\":\"WebPage\",\"@id\":\"https:\\\/\\\/gabitel.net\\\/en\\\/plan-igualdad\\\/\",\"url\":\"https:\\\/\\\/gabitel.net\\\/en\\\/plan-igualdad\\\/\",\"name\":\"Plan de Igualdad - Gabitel\",\"isPartOf\":{\"@id\":\"https:\\\/\\\/gabitel.net\\\/en\\\/#website\"},\"primaryImageOfPage\":{\"@id\":\"https:\\\/\\\/gabitel.net\\\/en\\\/plan-igualdad\\\/#primaryimage\"},\"image\":{\"@id\":\"https:\\\/\\\/gabitel.net\\\/en\\\/plan-igualdad\\\/#primaryimage\"},\"thumbnailUrl\":\"https:\\\/\\\/gabitel.net\\\/wp-content\\\/uploads\\\/2019\\\/10\\\/gabitel.jpg\",\"datePublished\":\"2020-11-05T11:57:28+00:00\",\"breadcrumb\":{\"@id\":\"https:\\\/\\\/gabitel.net\\\/en\\\/plan-igualdad\\\/#breadcrumb\"},\"inLanguage\":\"en-US\",\"potentialAction\":[{\"@type\":\"ReadAction\",\"target\":[\"https:\\\/\\\/gabitel.net\\\/en\\\/plan-igualdad\\\/\"]}]},{\"@type\":\"ImageObject\",\"inLanguage\":\"en-US\",\"@id\":\"https:\\\/\\\/gabitel.net\\\/en\\\/plan-igualdad\\\/#primaryimage\",\"url\":\"https:\\\/\\\/gabitel.net\\\/wp-content\\\/uploads\\\/2019\\\/10\\\/gabitel.jpg\",\"contentUrl\":\"https:\\\/\\\/gabitel.net\\\/wp-content\\\/uploads\\\/2019\\\/10\\\/gabitel.jpg\",\"width\":533,\"height\":355,\"caption\":\"cabecera_gabitel\"},{\"@type\":\"BreadcrumbList\",\"@id\":\"https:\\\/\\\/gabitel.net\\\/en\\\/plan-igualdad\\\/#breadcrumb\",\"itemListElement\":[{\"@type\":\"ListItem\",\"position\":1,\"name\":\"Portada\",\"item\":\"https:\\\/\\\/gabitel.net\\\/en\\\/\"},{\"@type\":\"ListItem\",\"position\":2,\"name\":\"Plan de Igualdad\"}]},{\"@type\":\"WebSite\",\"@id\":\"https:\\\/\\\/gabitel.net\\\/en\\\/#website\",\"url\":\"https:\\\/\\\/gabitel.net\\\/en\\\/\",\"name\":\"Gabitel\",\"description\":\"\",\"publisher\":{\"@id\":\"https:\\\/\\\/gabitel.net\\\/en\\\/#organization\"},\"potentialAction\":[{\"@type\":\"SearchAction\",\"target\":{\"@type\":\"EntryPoint\",\"urlTemplate\":\"https:\\\/\\\/gabitel.net\\\/en\\\/?s={search_term_string}\"},\"query-input\":{\"@type\":\"PropertyValueSpecification\",\"valueRequired\":true,\"valueName\":\"search_term_string\"}}],\"inLanguage\":\"en-US\"},{\"@type\":\"Organization\",\"@id\":\"https:\\\/\\\/gabitel.net\\\/en\\\/#organization\",\"name\":\"Gabitel\",\"url\":\"https:\\\/\\\/gabitel.net\\\/en\\\/\",\"logo\":{\"@type\":\"ImageObject\",\"inLanguage\":\"en-US\",\"@id\":\"https:\\\/\\\/gabitel.net\\\/en\\\/#\\\/schema\\\/logo\\\/image\\\/\",\"url\":\"https:\\\/\\\/gabitel.net\\\/wp-content\\\/uploads\\\/2025\\\/05\\\/logo_gabitel.jpg\",\"contentUrl\":\"https:\\\/\\\/gabitel.net\\\/wp-content\\\/uploads\\\/2025\\\/05\\\/logo_gabitel.jpg\",\"width\":2560,\"height\":1330,\"caption\":\"Gabitel\"},\"image\":{\"@id\":\"https:\\\/\\\/gabitel.net\\\/en\\\/#\\\/schema\\\/logo\\\/image\\\/\"},\"sameAs\":[\"https:\\\/\\\/www.facebook.com\\\/gabitelingenieros\\\/\",\"https:\\\/\\\/es.linkedin.com\\\/company\\\/gabitel-ingenieros\"]},{\"@type\":\"Person\",\"@id\":\"https:\\\/\\\/gabitel.net\\\/en\\\/#\\\/schema\\\/person\\\/37ba53714c3fedb9c7d22f4bc781465c\",\"name\":\"user.autor\",\"url\":\"https:\\\/\\\/gabitel.net\\\/en\\\/author\\\/user-autor\\\/\"}]}<\/script>\n<!-- \/ Yoast SEO plugin. -->","yoast_head_json":{"title":"Plan de Igualdad - Gabitel","robots":{"index":"index","follow":"follow","max-snippet":"max-snippet:-1","max-image-preview":"max-image-preview:large","max-video-preview":"max-video-preview:-1"},"canonical":"https:\/\/gabitel.net\/en\/plan-igualdad\/","og_locale":"en_US","og_type":"article","og_title":"Plan de Igualdad - Gabitel","og_description":"Desde Gabitel Solutions hemos implantado el Plan de Igualdad de Gabitel y hemos realizado su inscripci\u00f3n en el REGCON, del que recientemente hemos recibido notificaci\u00f3n del Ministerio de su formalizaci\u00f3n conforme a la legislaci\u00f3n actual. Seg\u00fan el Real Decreto-ley 6\/2019, por el que se ha introducido la obligaci\u00f3n de\u00a0elaborar y aplicar planes de igualdad en [&hellip;]","og_url":"https:\/\/gabitel.net\/en\/plan-igualdad\/","og_site_name":"Gabitel","article_publisher":"https:\/\/www.facebook.com\/gabitelingenieros\/","article_published_time":"2020-11-05T11:57:28+00:00","author":"user.autor","twitter_card":"summary_large_image","twitter_misc":{"Written by":"user.autor","Est. reading time":"2 minutes"},"schema":{"@context":"https:\/\/schema.org","@graph":[{"@type":["Article","BlogPosting"],"@id":"https:\/\/gabitel.net\/en\/plan-igualdad\/#article","isPartOf":{"@id":"https:\/\/gabitel.net\/en\/plan-igualdad\/"},"author":{"name":"user.autor","@id":"https:\/\/gabitel.net\/en\/#\/schema\/person\/37ba53714c3fedb9c7d22f4bc781465c"},"headline":"Plan de Igualdad","datePublished":"2020-11-05T11:57:28+00:00","mainEntityOfPage":{"@id":"https:\/\/gabitel.net\/en\/plan-igualdad\/"},"wordCount":383,"publisher":{"@id":"https:\/\/gabitel.net\/en\/#organization"},"image":{"@id":"https:\/\/gabitel.net\/en\/plan-igualdad\/#primaryimage"},"thumbnailUrl":"https:\/\/gabitel.net\/wp-content\/uploads\/2019\/10\/gabitel.jpg","articleSection":["Off-topic"],"inLanguage":"en-US"},{"@type":"WebPage","@id":"https:\/\/gabitel.net\/en\/plan-igualdad\/","url":"https:\/\/gabitel.net\/en\/plan-igualdad\/","name":"Plan de Igualdad - Gabitel","isPartOf":{"@id":"https:\/\/gabitel.net\/en\/#website"},"primaryImageOfPage":{"@id":"https:\/\/gabitel.net\/en\/plan-igualdad\/#primaryimage"},"image":{"@id":"https:\/\/gabitel.net\/en\/plan-igualdad\/#primaryimage"},"thumbnailUrl":"https:\/\/gabitel.net\/wp-content\/uploads\/2019\/10\/gabitel.jpg","datePublished":"2020-11-05T11:57:28+00:00","breadcrumb":{"@id":"https:\/\/gabitel.net\/en\/plan-igualdad\/#breadcrumb"},"inLanguage":"en-US","potentialAction":[{"@type":"ReadAction","target":["https:\/\/gabitel.net\/en\/plan-igualdad\/"]}]},{"@type":"ImageObject","inLanguage":"en-US","@id":"https:\/\/gabitel.net\/en\/plan-igualdad\/#primaryimage","url":"https:\/\/gabitel.net\/wp-content\/uploads\/2019\/10\/gabitel.jpg","contentUrl":"https:\/\/gabitel.net\/wp-content\/uploads\/2019\/10\/gabitel.jpg","width":533,"height":355,"caption":"cabecera_gabitel"},{"@type":"BreadcrumbList","@id":"https:\/\/gabitel.net\/en\/plan-igualdad\/#breadcrumb","itemListElement":[{"@type":"ListItem","position":1,"name":"Portada","item":"https:\/\/gabitel.net\/en\/"},{"@type":"ListItem","position":2,"name":"Plan de Igualdad"}]},{"@type":"WebSite","@id":"https:\/\/gabitel.net\/en\/#website","url":"https:\/\/gabitel.net\/en\/","name":"Gabitel","description":"","publisher":{"@id":"https:\/\/gabitel.net\/en\/#organization"},"potentialAction":[{"@type":"SearchAction","target":{"@type":"EntryPoint","urlTemplate":"https:\/\/gabitel.net\/en\/?s={search_term_string}"},"query-input":{"@type":"PropertyValueSpecification","valueRequired":true,"valueName":"search_term_string"}}],"inLanguage":"en-US"},{"@type":"Organization","@id":"https:\/\/gabitel.net\/en\/#organization","name":"Gabitel","url":"https:\/\/gabitel.net\/en\/","logo":{"@type":"ImageObject","inLanguage":"en-US","@id":"https:\/\/gabitel.net\/en\/#\/schema\/logo\/image\/","url":"https:\/\/gabitel.net\/wp-content\/uploads\/2025\/05\/logo_gabitel.jpg","contentUrl":"https:\/\/gabitel.net\/wp-content\/uploads\/2025\/05\/logo_gabitel.jpg","width":2560,"height":1330,"caption":"Gabitel"},"image":{"@id":"https:\/\/gabitel.net\/en\/#\/schema\/logo\/image\/"},"sameAs":["https:\/\/www.facebook.com\/gabitelingenieros\/","https:\/\/es.linkedin.com\/company\/gabitel-ingenieros"]},{"@type":"Person","@id":"https:\/\/gabitel.net\/en\/#\/schema\/person\/37ba53714c3fedb9c7d22f4bc781465c","name":"user.autor","url":"https:\/\/gabitel.net\/en\/author\/user-autor\/"}]}},"_links":{"self":[{"href":"https:\/\/gabitel.net\/en\/wp-json\/wp\/v2\/posts\/33165","targetHints":{"allow":["GET"]}}],"collection":[{"href":"https:\/\/gabitel.net\/en\/wp-json\/wp\/v2\/posts"}],"about":[{"href":"https:\/\/gabitel.net\/en\/wp-json\/wp\/v2\/types\/post"}],"author":[{"embeddable":true,"href":"https:\/\/gabitel.net\/en\/wp-json\/wp\/v2\/users\/3"}],"replies":[{"embeddable":true,"href":"https:\/\/gabitel.net\/en\/wp-json\/wp\/v2\/comments?post=33165"}],"version-history":[{"count":0,"href":"https:\/\/gabitel.net\/en\/wp-json\/wp\/v2\/posts\/33165\/revisions"}],"wp:featuredmedia":[{"embeddable":true,"href":"https:\/\/gabitel.net\/en\/wp-json\/wp\/v2\/media\/33603"}],"wp:attachment":[{"href":"https:\/\/gabitel.net\/en\/wp-json\/wp\/v2\/media?parent=33165"}],"wp:term":[{"taxonomy":"category","embeddable":true,"href":"https:\/\/gabitel.net\/en\/wp-json\/wp\/v2\/categories?post=33165"},{"taxonomy":"post_tag","embeddable":true,"href":"https:\/\/gabitel.net\/en\/wp-json\/wp\/v2\/tags?post=33165"}],"curies":[{"name":"wp","href":"https:\/\/api.w.org\/{rel}","templated":true}]}}