{"id":33171,"date":"2020-10-24T11:50:35","date_gmt":"2020-10-24T10:50:35","guid":{"rendered":"https:\/\/gabitel.net\/entrevista-cambio-climatico\/"},"modified":"2020-10-24T11:50:35","modified_gmt":"2020-10-24T10:50:35","slug":"entrevista-cambio-climatico","status":"publish","type":"post","link":"https:\/\/gabitel.net\/en\/entrevista-cambio-climatico\/","title":{"rendered":"Entrevista Departamento Medio Ambiente"},"content":{"rendered":"<p style=\"text-align: justify;\"><strong>\u00bfQu\u00e9 significa para vosotras trabajar en el Dpto de MA?<\/strong><\/p>\n<p style=\"text-align: justify;\">Creo que nuestro trabajo es todo a lo que podr\u00eda aspirar un estudiante de Ciencias Ambientales como nosotras, y tras licenciarnos es un sue\u00f1o hecho realidad. Supone altos niveles de realizaci\u00f3n profesional cada d\u00eda ya que en la empresa tenemos la oportunidad de seguir form\u00e1ndonos constantemente.<\/p>\n<p style=\"text-align: justify;\">Adem\u00e1s de vez en cuando nos permite visitar lugares inaccesibles para mucha gente que es un placer visitar.<\/p>\n<p style=\"text-align: justify;\"><strong>\u00bfQu\u00e9 est\u00e1 haciendo actualmente Gabitel en este sentido (MA, sostenibilidad\u2026)?<\/strong><\/p>\n<p style=\"text-align: justify;\">La empresa se ha tomado la molestia de analizar a fondo sus actividades y desarrollar un Sistema de Gesti\u00f3n Ambiental, que adem\u00e1s ha sido certificado.<\/p>\n<p style=\"text-align: justify;\">Este a\u00f1o concretamente se est\u00e1 actuando en la optimizaci\u00f3n del consumo energ\u00e9tico cambiando la iluminaci\u00f3n y el sistema de climatizaci\u00f3n de la oficina para reducir el impacto asociado a este consumo energ\u00e9tico.<\/p>\n<p style=\"text-align: justify;\">Con respectos a los proyectos que se realizan en la empresa estos se centran en dos sectores fundamentales: agricultura y energ\u00eda. Evaluamos los proyectos que llegan a la empresa y se nos permite proponer modificaciones y medidas ambientales que hacen m\u00e1s sostenibles estos proyectos.<\/p>\n<p style=\"text-align: justify;\"><strong>\u00bfCrees que la sociedad actual est\u00e1 concienciada con el MA?<\/strong><\/p>\n<p style=\"text-align: justify;\">Creemos que poco a poco se van implementando conductas m\u00e1s sostenibles en base a las normativas que se desarrollan, pero no se ha llegado a interiorizar el concepto de sostenibilidad.<\/p>\n<p style=\"text-align: justify;\">De forma general, se sacan e imponen normas tanto para la poblaci\u00f3n general como para los promotores de grandes proyectos (como el reciclaje o pagar las bolsas de pl\u00e1stico por parte de los ciudadanos, o las autorizaciones ambientales en el caso de los promotores) exponiendo gen\u00e9ricamente que es para ayudar a conservar el medio ambiente, pero no se llega a explicar bien los beneficios de esas acciones ni los problemas que se evitan.<\/p>\n<p style=\"text-align: justify;\"><strong>Y por \u00faltimo, una recomendaci\u00f3n para ser m\u00e1s sostenibles y ayudar contra el cambio clim\u00e1tico.<\/strong><\/p>\n<p style=\"text-align: justify;\">Pues aparte de las que ya estamos cansados de o\u00edr en los medios como evitar los pl\u00e1sticos de un solo uso o usar el transporte p\u00fablico en vez del coche.; a\u00f1adir\u00eda una un poco m\u00e1s desconocida y que en estos tiempo tan dif\u00edciles vendr\u00e1 muy bien: siempre que sea posible consumir productos locales.<\/p>\n","protected":false},"excerpt":{"rendered":"<p>\u00bfQu\u00e9 significa para vosotras trabajar en el Dpto de MA? Creo que nuestro trabajo es todo a lo que podr\u00eda aspirar un estudiante de Ciencias Ambientales como nosotras, y tras licenciarnos es un sue\u00f1o hecho realidad. Supone altos niveles de realizaci\u00f3n profesional cada d\u00eda ya que en la empresa tenemos la oportunidad de seguir form\u00e1ndonos [&hellip;]<\/p>\n","protected":false},"author":3,"featured_media":33641,"comment_status":"closed","ping_status":"closed","sticky":false,"template":"","format":"standard","meta":{"content-type":"","footnotes":""},"categories":[601],"tags":[],"class_list":["post-33171","post","type-post","status-publish","format-standard","has-post-thumbnail","hentry","category-off-topic-en"],"yoast_head":"<!-- This site is optimized with the Yoast SEO plugin v27.5 - https:\/\/yoast.com\/product\/yoast-seo-wordpress\/ -->\n<title>Entrevista Departamento Medio Ambiente - Gabitel<\/title>\n<meta name=\"robots\" content=\"index, follow, max-snippet:-1, max-image-preview:large, max-video-preview:-1\" \/>\n<link rel=\"canonical\" href=\"https:\/\/gabitel.net\/en\/entrevista-cambio-climatico\/\" \/>\n<meta property=\"og:locale\" content=\"en_US\" \/>\n<meta property=\"og:type\" content=\"article\" \/>\n<meta property=\"og:title\" content=\"Entrevista Departamento Medio Ambiente - Gabitel\" \/>\n<meta property=\"og:description\" content=\"\u00bfQu\u00e9 significa para vosotras trabajar en el Dpto de MA? Creo que nuestro trabajo es todo a lo que podr\u00eda aspirar un estudiante de Ciencias Ambientales como nosotras, y tras licenciarnos es un sue\u00f1o hecho realidad. Supone altos niveles de realizaci\u00f3n profesional cada d\u00eda ya que en la empresa tenemos la oportunidad de seguir form\u00e1ndonos [&hellip;]\" \/>\n<meta property=\"og:url\" content=\"https:\/\/gabitel.net\/en\/entrevista-cambio-climatico\/\" \/>\n<meta property=\"og:site_name\" content=\"Gabitel\" \/>\n<meta property=\"article:publisher\" content=\"https:\/\/www.facebook.com\/gabitelingenieros\/\" \/>\n<meta property=\"article:published_time\" content=\"2020-10-24T10:50:35+00:00\" \/>\n<meta name=\"author\" content=\"user.autor\" \/>\n<meta name=\"twitter:card\" content=\"summary_large_image\" \/>\n<meta name=\"twitter:label1\" content=\"Written by\" \/>\n\t<meta name=\"twitter:data1\" content=\"user.autor\" \/>\n\t<meta name=\"twitter:label2\" content=\"Est. reading time\" \/>\n\t<meta name=\"twitter:data2\" content=\"2 minutes\" \/>\n<script type=\"application\/ld+json\" class=\"yoast-schema-graph\">{\"@context\":\"https:\\\/\\\/schema.org\",\"@graph\":[{\"@type\":[\"Article\",\"BlogPosting\"],\"@id\":\"https:\\\/\\\/gabitel.net\\\/en\\\/entrevista-cambio-climatico\\\/#article\",\"isPartOf\":{\"@id\":\"https:\\\/\\\/gabitel.net\\\/en\\\/entrevista-cambio-climatico\\\/\"},\"author\":{\"name\":\"user.autor\",\"@id\":\"https:\\\/\\\/gabitel.net\\\/en\\\/#\\\/schema\\\/person\\\/37ba53714c3fedb9c7d22f4bc781465c\"},\"headline\":\"Entrevista Departamento Medio Ambiente\",\"datePublished\":\"2020-10-24T10:50:35+00:00\",\"mainEntityOfPage\":{\"@id\":\"https:\\\/\\\/gabitel.net\\\/en\\\/entrevista-cambio-climatico\\\/\"},\"wordCount\":400,\"publisher\":{\"@id\":\"https:\\\/\\\/gabitel.net\\\/en\\\/#organization\"},\"image\":{\"@id\":\"https:\\\/\\\/gabitel.net\\\/en\\\/entrevista-cambio-climatico\\\/#primaryimage\"},\"thumbnailUrl\":\"https:\\\/\\\/gabitel.net\\\/wp-content\\\/uploads\\\/2020\\\/10\\\/entrevista-cambio-climatico.jpg\",\"articleSection\":[\"Off-topic\"],\"inLanguage\":\"en-US\"},{\"@type\":\"WebPage\",\"@id\":\"https:\\\/\\\/gabitel.net\\\/en\\\/entrevista-cambio-climatico\\\/\",\"url\":\"https:\\\/\\\/gabitel.net\\\/en\\\/entrevista-cambio-climatico\\\/\",\"name\":\"Entrevista Departamento Medio Ambiente - Gabitel\",\"isPartOf\":{\"@id\":\"https:\\\/\\\/gabitel.net\\\/en\\\/#website\"},\"primaryImageOfPage\":{\"@id\":\"https:\\\/\\\/gabitel.net\\\/en\\\/entrevista-cambio-climatico\\\/#primaryimage\"},\"image\":{\"@id\":\"https:\\\/\\\/gabitel.net\\\/en\\\/entrevista-cambio-climatico\\\/#primaryimage\"},\"thumbnailUrl\":\"https:\\\/\\\/gabitel.net\\\/wp-content\\\/uploads\\\/2020\\\/10\\\/entrevista-cambio-climatico.jpg\",\"datePublished\":\"2020-10-24T10:50:35+00:00\",\"breadcrumb\":{\"@id\":\"https:\\\/\\\/gabitel.net\\\/en\\\/entrevista-cambio-climatico\\\/#breadcrumb\"},\"inLanguage\":\"en-US\",\"potentialAction\":[{\"@type\":\"ReadAction\",\"target\":[\"https:\\\/\\\/gabitel.net\\\/en\\\/entrevista-cambio-climatico\\\/\"]}]},{\"@type\":\"ImageObject\",\"inLanguage\":\"en-US\",\"@id\":\"https:\\\/\\\/gabitel.net\\\/en\\\/entrevista-cambio-climatico\\\/#primaryimage\",\"url\":\"https:\\\/\\\/gabitel.net\\\/wp-content\\\/uploads\\\/2020\\\/10\\\/entrevista-cambio-climatico.jpg\",\"contentUrl\":\"https:\\\/\\\/gabitel.net\\\/wp-content\\\/uploads\\\/2020\\\/10\\\/entrevista-cambio-climatico.jpg\",\"width\":1280,\"height\":960,\"caption\":\"entrevista_cambio_clim\u00e1tico\"},{\"@type\":\"BreadcrumbList\",\"@id\":\"https:\\\/\\\/gabitel.net\\\/en\\\/entrevista-cambio-climatico\\\/#breadcrumb\",\"itemListElement\":[{\"@type\":\"ListItem\",\"position\":1,\"name\":\"Portada\",\"item\":\"https:\\\/\\\/gabitel.net\\\/en\\\/\"},{\"@type\":\"ListItem\",\"position\":2,\"name\":\"Entrevista Departamento Medio Ambiente\"}]},{\"@type\":\"WebSite\",\"@id\":\"https:\\\/\\\/gabitel.net\\\/en\\\/#website\",\"url\":\"https:\\\/\\\/gabitel.net\\\/en\\\/\",\"name\":\"Gabitel\",\"description\":\"\",\"publisher\":{\"@id\":\"https:\\\/\\\/gabitel.net\\\/en\\\/#organization\"},\"potentialAction\":[{\"@type\":\"SearchAction\",\"target\":{\"@type\":\"EntryPoint\",\"urlTemplate\":\"https:\\\/\\\/gabitel.net\\\/en\\\/?s={search_term_string}\"},\"query-input\":{\"@type\":\"PropertyValueSpecification\",\"valueRequired\":true,\"valueName\":\"search_term_string\"}}],\"inLanguage\":\"en-US\"},{\"@type\":\"Organization\",\"@id\":\"https:\\\/\\\/gabitel.net\\\/en\\\/#organization\",\"name\":\"Gabitel\",\"url\":\"https:\\\/\\\/gabitel.net\\\/en\\\/\",\"logo\":{\"@type\":\"ImageObject\",\"inLanguage\":\"en-US\",\"@id\":\"https:\\\/\\\/gabitel.net\\\/en\\\/#\\\/schema\\\/logo\\\/image\\\/\",\"url\":\"https:\\\/\\\/gabitel.net\\\/wp-content\\\/uploads\\\/2025\\\/05\\\/logo_gabitel.jpg\",\"contentUrl\":\"https:\\\/\\\/gabitel.net\\\/wp-content\\\/uploads\\\/2025\\\/05\\\/logo_gabitel.jpg\",\"width\":2560,\"height\":1330,\"caption\":\"Gabitel\"},\"image\":{\"@id\":\"https:\\\/\\\/gabitel.net\\\/en\\\/#\\\/schema\\\/logo\\\/image\\\/\"},\"sameAs\":[\"https:\\\/\\\/www.facebook.com\\\/gabitelingenieros\\\/\",\"https:\\\/\\\/es.linkedin.com\\\/company\\\/gabitel-ingenieros\"]},{\"@type\":\"Person\",\"@id\":\"https:\\\/\\\/gabitel.net\\\/en\\\/#\\\/schema\\\/person\\\/37ba53714c3fedb9c7d22f4bc781465c\",\"name\":\"user.autor\",\"url\":\"https:\\\/\\\/gabitel.net\\\/en\\\/author\\\/user-autor\\\/\"}]}<\/script>\n<!-- \/ Yoast SEO plugin. -->","yoast_head_json":{"title":"Entrevista Departamento Medio Ambiente - Gabitel","robots":{"index":"index","follow":"follow","max-snippet":"max-snippet:-1","max-image-preview":"max-image-preview:large","max-video-preview":"max-video-preview:-1"},"canonical":"https:\/\/gabitel.net\/en\/entrevista-cambio-climatico\/","og_locale":"en_US","og_type":"article","og_title":"Entrevista Departamento Medio Ambiente - Gabitel","og_description":"\u00bfQu\u00e9 significa para vosotras trabajar en el Dpto de MA? Creo que nuestro trabajo es todo a lo que podr\u00eda aspirar un estudiante de Ciencias Ambientales como nosotras, y tras licenciarnos es un sue\u00f1o hecho realidad. Supone altos niveles de realizaci\u00f3n profesional cada d\u00eda ya que en la empresa tenemos la oportunidad de seguir form\u00e1ndonos [&hellip;]","og_url":"https:\/\/gabitel.net\/en\/entrevista-cambio-climatico\/","og_site_name":"Gabitel","article_publisher":"https:\/\/www.facebook.com\/gabitelingenieros\/","article_published_time":"2020-10-24T10:50:35+00:00","author":"user.autor","twitter_card":"summary_large_image","twitter_misc":{"Written by":"user.autor","Est. reading time":"2 minutes"},"schema":{"@context":"https:\/\/schema.org","@graph":[{"@type":["Article","BlogPosting"],"@id":"https:\/\/gabitel.net\/en\/entrevista-cambio-climatico\/#article","isPartOf":{"@id":"https:\/\/gabitel.net\/en\/entrevista-cambio-climatico\/"},"author":{"name":"user.autor","@id":"https:\/\/gabitel.net\/en\/#\/schema\/person\/37ba53714c3fedb9c7d22f4bc781465c"},"headline":"Entrevista Departamento Medio Ambiente","datePublished":"2020-10-24T10:50:35+00:00","mainEntityOfPage":{"@id":"https:\/\/gabitel.net\/en\/entrevista-cambio-climatico\/"},"wordCount":400,"publisher":{"@id":"https:\/\/gabitel.net\/en\/#organization"},"image":{"@id":"https:\/\/gabitel.net\/en\/entrevista-cambio-climatico\/#primaryimage"},"thumbnailUrl":"https:\/\/gabitel.net\/wp-content\/uploads\/2020\/10\/entrevista-cambio-climatico.jpg","articleSection":["Off-topic"],"inLanguage":"en-US"},{"@type":"WebPage","@id":"https:\/\/gabitel.net\/en\/entrevista-cambio-climatico\/","url":"https:\/\/gabitel.net\/en\/entrevista-cambio-climatico\/","name":"Entrevista Departamento Medio Ambiente - Gabitel","isPartOf":{"@id":"https:\/\/gabitel.net\/en\/#website"},"primaryImageOfPage":{"@id":"https:\/\/gabitel.net\/en\/entrevista-cambio-climatico\/#primaryimage"},"image":{"@id":"https:\/\/gabitel.net\/en\/entrevista-cambio-climatico\/#primaryimage"},"thumbnailUrl":"https:\/\/gabitel.net\/wp-content\/uploads\/2020\/10\/entrevista-cambio-climatico.jpg","datePublished":"2020-10-24T10:50:35+00:00","breadcrumb":{"@id":"https:\/\/gabitel.net\/en\/entrevista-cambio-climatico\/#breadcrumb"},"inLanguage":"en-US","potentialAction":[{"@type":"ReadAction","target":["https:\/\/gabitel.net\/en\/entrevista-cambio-climatico\/"]}]},{"@type":"ImageObject","inLanguage":"en-US","@id":"https:\/\/gabitel.net\/en\/entrevista-cambio-climatico\/#primaryimage","url":"https:\/\/gabitel.net\/wp-content\/uploads\/2020\/10\/entrevista-cambio-climatico.jpg","contentUrl":"https:\/\/gabitel.net\/wp-content\/uploads\/2020\/10\/entrevista-cambio-climatico.jpg","width":1280,"height":960,"caption":"entrevista_cambio_clim\u00e1tico"},{"@type":"BreadcrumbList","@id":"https:\/\/gabitel.net\/en\/entrevista-cambio-climatico\/#breadcrumb","itemListElement":[{"@type":"ListItem","position":1,"name":"Portada","item":"https:\/\/gabitel.net\/en\/"},{"@type":"ListItem","position":2,"name":"Entrevista Departamento Medio Ambiente"}]},{"@type":"WebSite","@id":"https:\/\/gabitel.net\/en\/#website","url":"https:\/\/gabitel.net\/en\/","name":"Gabitel","description":"","publisher":{"@id":"https:\/\/gabitel.net\/en\/#organization"},"potentialAction":[{"@type":"SearchAction","target":{"@type":"EntryPoint","urlTemplate":"https:\/\/gabitel.net\/en\/?s={search_term_string}"},"query-input":{"@type":"PropertyValueSpecification","valueRequired":true,"valueName":"search_term_string"}}],"inLanguage":"en-US"},{"@type":"Organization","@id":"https:\/\/gabitel.net\/en\/#organization","name":"Gabitel","url":"https:\/\/gabitel.net\/en\/","logo":{"@type":"ImageObject","inLanguage":"en-US","@id":"https:\/\/gabitel.net\/en\/#\/schema\/logo\/image\/","url":"https:\/\/gabitel.net\/wp-content\/uploads\/2025\/05\/logo_gabitel.jpg","contentUrl":"https:\/\/gabitel.net\/wp-content\/uploads\/2025\/05\/logo_gabitel.jpg","width":2560,"height":1330,"caption":"Gabitel"},"image":{"@id":"https:\/\/gabitel.net\/en\/#\/schema\/logo\/image\/"},"sameAs":["https:\/\/www.facebook.com\/gabitelingenieros\/","https:\/\/es.linkedin.com\/company\/gabitel-ingenieros"]},{"@type":"Person","@id":"https:\/\/gabitel.net\/en\/#\/schema\/person\/37ba53714c3fedb9c7d22f4bc781465c","name":"user.autor","url":"https:\/\/gabitel.net\/en\/author\/user-autor\/"}]}},"_links":{"self":[{"href":"https:\/\/gabitel.net\/en\/wp-json\/wp\/v2\/posts\/33171","targetHints":{"allow":["GET"]}}],"collection":[{"href":"https:\/\/gabitel.net\/en\/wp-json\/wp\/v2\/posts"}],"about":[{"href":"https:\/\/gabitel.net\/en\/wp-json\/wp\/v2\/types\/post"}],"author":[{"embeddable":true,"href":"https:\/\/gabitel.net\/en\/wp-json\/wp\/v2\/users\/3"}],"replies":[{"embeddable":true,"href":"https:\/\/gabitel.net\/en\/wp-json\/wp\/v2\/comments?post=33171"}],"version-history":[{"count":0,"href":"https:\/\/gabitel.net\/en\/wp-json\/wp\/v2\/posts\/33171\/revisions"}],"wp:featuredmedia":[{"embeddable":true,"href":"https:\/\/gabitel.net\/en\/wp-json\/wp\/v2\/media\/33641"}],"wp:attachment":[{"href":"https:\/\/gabitel.net\/en\/wp-json\/wp\/v2\/media?parent=33171"}],"wp:term":[{"taxonomy":"category","embeddable":true,"href":"https:\/\/gabitel.net\/en\/wp-json\/wp\/v2\/categories?post=33171"},{"taxonomy":"post_tag","embeddable":true,"href":"https:\/\/gabitel.net\/en\/wp-json\/wp\/v2\/tags?post=33171"}],"curies":[{"name":"wp","href":"https:\/\/api.w.org\/{rel}","templated":true}]}}