{"id":33209,"date":"2019-03-25T15:00:22","date_gmt":"2019-03-25T14:00:22","guid":{"rendered":"https:\/\/gabitel.net\/gabitel-ingenieros-receives-the-ethical-and-socially-responsible-management-certification\/"},"modified":"2019-03-25T15:00:22","modified_gmt":"2019-03-25T14:00:22","slug":"gabitel-ingenieros-receives-the-ethical-and-socially-responsible-management-certification","status":"publish","type":"post","link":"https:\/\/gabitel.net\/en\/gabitel-ingenieros-receives-the-ethical-and-socially-responsible-management-certification\/","title":{"rendered":"Gabitel Ingenieros receives the ethical and socially responsible management certification"},"content":{"rendered":"<p style=\"text-align: justify;\">Last Thursday 14th March, Juan Ignacio Herr\u00e1n Cuesta, Commercial Director of Certification, presented, on behalf of <span style=\"color: #99cc00;\">SGS<\/span>, the certificate that accredits Gabitel Soluciones T\u00e9cnicas as a company certified in the SGE21 standard.<\/p>\n<p style=\"text-align: justify;\">This standard is the first at European level that allows to implement, audit and certify an ethical and socially responsible management system and develops the requirements that allow to establish, implement and evaluate in organizations, the Ethical and Socially Responsible Management System proposed by the Certification Body (<span style=\"color: #99cc00;\">For\u00e9tica<\/span>) and becomes an indispensable tool for the integration of environmental, social and good governance aspects.<\/p>\n<p style=\"text-align: justify;\">Gabitel Ingenieros, the first company in its sector to be certified in this standard in Spain, thus demonstrating its capacity to generate responsible leadership and its commitment to develop a different way of doing business and to collaborate in the creation of a more egalitarian, responsible and fair society.<\/p>\n<p style=\"text-align: justify;\">El d\u00eda 25 de noviembre se celebra el D\u00eda Internacional contra la Violencia de G\u00e9nero y, conmemorando esta fecha, se ha presentado en la sede de Huelva de Gabitel Ingenieros la exposici\u00f3n &#8220;Practica la igualdad, marca la diferencia&#8221;, enmarcada en una campa\u00f1a de sensibilizaci\u00f3n promovida por la Fundaci\u00f3n <a href=\"http:\/\/cepaim.org\/\">CEPAIM<\/a> a trav\u00e9s de su programa &#8220;Adelante&#8221;.<\/p>\n<p style=\"text-align: justify;\">Este programa, financiado por el Fondo Social Europeo, busca aumentar la integraci\u00f3n socio-laboral de las mujeres que se encuentran en colectivos m\u00e1s vulnerables, a trav\u00e9s de actuaciones que fomenten la igualdad de genero y la conciliaci\u00f3n de la vida personal y laboral, y evitando la discriminaci\u00f3n m\u00faltiple. Una de estas acciones es la exposici\u00f3n itinerante que se ha instalado en las oficinas de Gabitel, en la que se presentan 18 paneles principalmente dirigidos al p\u00fablico masculino, en los que se trata de llegar al espectador y plantear una reflexi\u00f3n sobre los roles y actitudes adquiridas principalmente por la herencia cultural.<\/p>\n<p style=\"text-align: justify;\">Durante la inauguraci\u00f3n de la exposici\u00f3n se anim\u00f3 a los presentes a abrir sus mentes, cambiar la perspectiva y romper con las ideas preconcebidas que marcan las diferencias de g\u00e9nero presentes en nuestra sociedad.<\/p>\n<p style=\"text-align: justify;\">En Gabitel pensamos que muestras como esta, que podr\u00e1 visitarse durante los d\u00edas 27, 28 y 29 de noviembre, colaboran en la creaci\u00f3n de una sociedad m\u00e1s igualitaria y mejor para todos, y queremos agradecer a <a href=\"http:\/\/cepaim.org\/\">CEPAIM<\/a> la labor que desarrollan para que esto sea posible.<\/p>\n<p><img decoding=\"async\" src=\"https:\/\/gabitelingenieros.com\/wp-content\/uploads\/2018\/11\/IMG_20181127_160004.jpg\" alt=\"Gabitel Ingenieros receives the | Gabitel Ingenieros\" \/><\/p>\n<p><img decoding=\"async\" src=\"https:\/\/gabitelingenieros.com\/wp-content\/uploads\/2018\/11\/IMG_20181127_163934.jpg\" alt=\"Gabitel Ingenieros receives the | Gabitel Ingenieros\" \/><\/p>\n<p><img decoding=\"async\" src=\"https:\/\/gabitelingenieros.com\/wp-content\/uploads\/2018\/11\/IMG_20181127_155651.jpg\" alt=\"Gabitel Ingenieros receives the | Gabitel Ingenieros\" \/><\/p>\n<p><img decoding=\"async\" src=\"https:\/\/gabitelingenieros.com\/wp-content\/uploads\/2018\/11\/IMG-20181127-WA0017-mod.jpg\" alt=\"Gabitel Ingenieros receives the | Gabitel Ingenieros\" \/><\/p>\n<p style=\"text-align: justify;\">Durante la ma\u00f1ana del jueves 24 de enero, se ha celebr\u00f3 en la sede de Gabitel Ingenieros, mediante la convocatoria de la Asociaci\u00f3n de Directivos de Andaluc\u00eda, Ceuta y Melilla (ADACEM), un desayuno-coloquio que reuni\u00f3 a importantes personalidades del mundo empresarial onubense, entre las que estuvieron el Concejal de Urbanismo, Manuel G\u00f3mez M\u00e1rquez, y Jos\u00e9 Luis Ramos, Presidente del Puerto de Huelva quien habl\u00f3 sobre las \u201cOportunidades de negocio surgidas al amparo del plan estrat\u00e9gico del Puerto\u201d.<\/p>\n<p style=\"text-align: justify;\">El acto, al que asistieron un gran n\u00famero de directivos de distintas empresas de la provincia, comenz\u00f3 con las palabras de Rodrigo Delgado, director t\u00e9cnico de Gabitel Ingenieros, quien agradeci\u00f3 la presencia de todos los asistentes y en especial la de los ponentes: Luis Miguel Mart\u00edn, presidente de ADACEM; Manuel G\u00f3mez, y Jos\u00e9 Luis Ramos.<\/p>\n<p style=\"text-align: justify;\">Tras la bienvenida tom\u00f3 la palabra Luis Miguel Mart\u00edn, que en representaci\u00f3n de la asociaci\u00f3n que preside, agradeci\u00f3 a nuestra empresa la organizaci\u00f3n del evento y destac\u00f3 la importancia de este tipo de encuentros que permiten compartir experiencias y utilizar la inteligencia social. Estas iniciativas, entre otras muchas, son las que ADACEM pone a disposici\u00f3n de sus m\u00e1s de 300 directivos asociados distribuidos por toda Andaluc\u00eda, Ceuta y Melilla. A continuaci\u00f3n fue Manuel G\u00f3mez el encargado de presentar al ponente del acto, elogiando el entusiasmo y el compromiso con el que Jos\u00e9 Luis Ramos desarrolla su labor.<\/p>\n<p style=\"text-align: justify;\">El presidente de la Autoridad Portuaria quiso destacar especialmente que un acto de estas caracter\u00edsticas se celebrara en la sede de una empresa como Gabitel Ingenieros, que, seg\u00fan sus palabras, hab\u00eda sido punta de lanza del desarrollo industrial y tecnol\u00f3gico onubense, y comenz\u00f3 su ponencia hablando del importante proceso de transformaci\u00f3n que est\u00e1 sufriendo el Puerto de Huelva, un desarrollo sin precedentes que lo ha convertido en el sexto puerto m\u00e1s importante del pa\u00eds y el segundo que m\u00e1s ha crecido en Europa en la \u00faltima d\u00e9cada y que suponen un gran posicionamiento de partida.<\/p>\n<p style=\"text-align: justify;\">Jos\u00e9 Luis Ramos subray\u00f3 los cuatro grandes pilares de la estrategia portuaria: diversificaci\u00f3n, integraci\u00f3n con el entorno, sostenibilidad y competitividad. En este \u00faltimo punto, concretamente en cuanto a la innovaci\u00f3n, es en el que destac\u00f3 que pueden existir grandes oportunidades de negocio en 2019, ya que para este gran desarrollo es necesario modificar el modelo de negocio y encaminarse a cumplir con las exigencias de los puertos 4.0, lo que implica pasar de Smart Port a Puerto Interconectado, en el que tener la capacidad para gestionar, administrar datos y crear modelos predictivos que permitan obtener procesos m\u00e1s eficientes.<\/p>\n<p style=\"text-align: justify;\">Para finalizar, el presidente del Puerto incidi\u00f3 en los grandes proyectos que van a ejecutarse en los pr\u00f3ximos meses y que parten de un presupuesto de 130 millones de euros. Estas intervenciones se dividen en cuatro grandes actuaciones:<\/p>\n<ul style=\"text-align: justify;\">\n<li>Operaci\u00f3n Muelle de Levante.<\/li>\n<li>Puerto Exterior y Muelles<\/li>\n<li>Zona de Actividades Log\u00edsticas.<\/li>\n<li>Actuaciones fuera de la zona de servicio.<\/li>\n<\/ul>\n<p style=\"text-align: justify;\">Adem\u00e1s, en la apuesta del Puerto de Huelva por la sostenibilidad y el Medioambiente, hay previstas inversiones por valor de 40 M\u20ac, desarrollando una pol\u00edtica proactiva en esta materia que pretende ser referente para otros puertos espa\u00f1oles y europeos.<\/p>\n<p style=\"text-align: justify;\">Para finalizar se dio paso a un turno de preguntas en el que algunos de los asistentes trasladaron al Presidente del Puerto, sus opiniones sobre la estrategia que est\u00e1 desarrollando el puerto, y en todo caso, transmiti\u00e9ndole sus felicitaciones por lo interesante de la ponencia y por los grandes n\u00fameros que est\u00e1 arrojando su gesti\u00f3n.<\/p>\n<p style=\"text-align: justify;\">Los asistentes quedaron muy satisfechos con el desarrollo del evento, lo que para nosotros es un gran orgullo que queremos compartir, como no pod\u00eda ser de otra forma, con <a href=\"https:\/\/www.linkedin.com\/in\/asociaciondedirectivosadacem\/?originalSubdomain=es\">ADACEM<\/a> y con el catering <a href=\"http:\/\/consumogustohuelva.org\/\">Consumo Gusto<\/a>, que se encarg\u00f3 de servir un desayuno de gran calidad.<\/p>\n<p><img decoding=\"async\" src=\"https:\/\/gabitelingenieros.com\/wp-content\/uploads\/2019\/01\/IMG_20190124_102248-mod.jpg\" alt=\"Gabitel Ingenieros receives the | Gabitel Ingenieros\" \/><\/p>\n<p><img decoding=\"async\" src=\"https:\/\/gabitelingenieros.com\/wp-content\/uploads\/2019\/01\/IMG_20190124_084422-mod.jpg\" alt=\"Gabitel Ingenieros receives the | Gabitel Ingenieros\" \/><\/p>\n<p style=\"text-align: justify;\">El d\u00eda 25 de noviembre se celebra el D\u00eda Internacional contra la Violencia de G\u00e9nero y, conmemorando esta fecha, se ha presentado en la sede de Huelva de Gabitel Ingenieros la exposici\u00f3n &#8220;Practica la igualdad, marca la diferencia&#8221;, enmarcada en una campa\u00f1a de sensibilizaci\u00f3n promovida por la Fundaci\u00f3n <a href=\"http:\/\/cepaim.org\/\">CEPAIM<\/a> a trav\u00e9s de su programa &#8220;Adelante&#8221;.<\/p>\n<p style=\"text-align: justify;\">Este programa, financiado por el Fondo Social Europeo, busca aumentar la integraci\u00f3n socio-laboral de las mujeres que se encuentran en colectivos m\u00e1s vulnerables, a trav\u00e9s de actuaciones que fomenten la igualdad de genero y la conciliaci\u00f3n de la vida personal y laboral, y evitando la discriminaci\u00f3n m\u00faltiple. Una de estas acciones es la exposici\u00f3n itinerante que se ha instalado en las oficinas de Gabitel, en la que se presentan 18 paneles principalmente dirigidos al p\u00fablico masculino, en los que se trata de llegar al espectador y plantear una reflexi\u00f3n sobre los roles y actitudes adquiridas principalmente por la herencia cultural.<\/p>\n<p style=\"text-align: justify;\">Durante la inauguraci\u00f3n de la exposici\u00f3n se anim\u00f3 a los presentes a abrir sus mentes, cambiar la perspectiva y romper con las ideas preconcebidas que marcan las diferencias de g\u00e9nero presentes en nuestra sociedad.<\/p>\n<p style=\"text-align: justify;\">En Gabitel pensamos que muestras como esta, que podr\u00e1 visitarse durante los d\u00edas 27, 28 y 29 de noviembre, colaboran en la creaci\u00f3n de una sociedad m\u00e1s igualitaria y mejor para todos, y queremos agradecer a <a href=\"http:\/\/cepaim.org\/\">CEPAIM<\/a> la labor que desarrollan para que esto sea posible.<\/p>\n<p><img decoding=\"async\" src=\"https:\/\/gabitelingenieros.com\/wp-content\/uploads\/2018\/11\/IMG_20181127_160004.jpg\" alt=\"Gabitel Ingenieros receives the | Gabitel Ingenieros\" \/><\/p>\n<p><img decoding=\"async\" src=\"https:\/\/gabitelingenieros.com\/wp-content\/uploads\/2018\/11\/IMG_20181127_163934.jpg\" alt=\"Gabitel Ingenieros receives the | Gabitel Ingenieros\" \/><\/p>\n<p><img decoding=\"async\" src=\"https:\/\/gabitelingenieros.com\/wp-content\/uploads\/2018\/11\/IMG_20181127_155651.jpg\" alt=\"Gabitel Ingenieros receives the | Gabitel Ingenieros\" \/><\/p>\n<p><img decoding=\"async\" src=\"https:\/\/gabitelingenieros.com\/wp-content\/uploads\/2018\/11\/IMG-20181127-WA0017-mod.jpg\" alt=\"Gabitel Ingenieros receives the | Gabitel Ingenieros\" \/><\/p>\n<p style=\"text-align: justify;\">Una vez m\u00e1s Gabitel Ingenieros ha acudido al evento que celebra anualmente el <a href=\"https:\/\/www.ftthconference.eu\/home\">FTTH Council Europe<\/a> y en el que se re\u00fanen un gran n\u00famero de empresas el objetivo de compartir conocimientos que permitan acelerar el despliegue de fibra \u00f3ptica en Europa y mejorar la conectividad en todo el territorio.<\/p>\n<p style=\"text-align: justify;\">Durante los d\u00edas 12, 13 y 14 de Marzo se congregaron, en esta ocasi\u00f3n en \u00c1msterdam, unos 3000 delegados procedentes de 96 pa\u00edses. En los numerosos talleres, coloquios y charlas que han tenido lugar durante la conferencia se han tratado temas de gran inter\u00e9s, como los distintos modelos de despliegue que se est\u00e1n desarrollando en Europa, la conectividad de las \u00e1reas rurales o las regulaci\u00f3n de la fibra \u00f3ptica en los distintos pa\u00edses. En estos espacios participaron m\u00e1s de 150 ponentes de empresas l\u00edderes en el sector de la fibra \u00f3ptica, como Telefonica, Cityfibre, Siro y Open Fiber entre otras.<\/p>\n<p style=\"text-align: justify;\">Para Gabitel Ingenieros ha sido de nuevo una experiencia enriquecedora tener la oportunidad de compartir nuestros conocimientos en este campo con otros profesionales y queremos agradecer a todas las personas con las que nos hemos reunido en estos d\u00edas su amabilidad y el inter\u00e9s que han demostrado en nuestra empresa. Estamos seguros de que en estos d\u00edas hemos dado s\u00f3lo el primer paso para hacer grandes cosas juntos.<\/p>\n<p style=\"text-align: justify;\">El d\u00eda 25 de noviembre se celebra el D\u00eda Internacional contra la Violencia de G\u00e9nero y, conmemorando esta fecha, se ha presentado en la sede de Huelva de Gabitel Ingenieros la exposici\u00f3n &#8220;Practica la igualdad, marca la diferencia&#8221;, enmarcada en una campa\u00f1a de sensibilizaci\u00f3n promovida por la Fundaci\u00f3n <a href=\"http:\/\/cepaim.org\/\">CEPAIM<\/a> a trav\u00e9s de su programa &#8220;Adelante&#8221;.<\/p>\n<p style=\"text-align: justify;\">Este programa, financiado por el Fondo Social Europeo, busca aumentar la integraci\u00f3n socio-laboral de las mujeres que se encuentran en colectivos m\u00e1s vulnerables, a trav\u00e9s de actuaciones que fomenten la igualdad de genero y la conciliaci\u00f3n de la vida personal y laboral, y evitando la discriminaci\u00f3n m\u00faltiple. Una de estas acciones es la exposici\u00f3n itinerante que se ha instalado en las oficinas de Gabitel, en la que se presentan 18 paneles principalmente dirigidos al p\u00fablico masculino, en los que se trata de llegar al espectador y plantear una reflexi\u00f3n sobre los roles y actitudes adquiridas principalmente por la herencia cultural.<\/p>\n<p style=\"text-align: justify;\">Durante la inauguraci\u00f3n de la exposici\u00f3n se anim\u00f3 a los presentes a abrir sus mentes, cambiar la perspectiva y romper con las ideas preconcebidas que marcan las diferencias de g\u00e9nero presentes en nuestra sociedad.<\/p>\n<p style=\"text-align: justify;\">En Gabitel pensamos que muestras como esta, que podr\u00e1 visitarse durante los d\u00edas 27, 28 y 29 de noviembre, colaboran en la creaci\u00f3n de una sociedad m\u00e1s igualitaria y mejor para todos, y queremos agradecer a <a href=\"http:\/\/cepaim.org\/\">CEPAIM<\/a> la labor que desarrollan para que esto sea posible.<\/p>\n<p><img decoding=\"async\" src=\"https:\/\/gabitelingenieros.com\/wp-content\/uploads\/2018\/11\/IMG_20181127_160004.jpg\" alt=\"Gabitel Ingenieros receives the | Gabitel Ingenieros\" \/><\/p>\n<p><img decoding=\"async\" src=\"https:\/\/gabitelingenieros.com\/wp-content\/uploads\/2018\/11\/IMG_20181127_163934.jpg\" alt=\"Gabitel Ingenieros receives the | Gabitel Ingenieros\" \/><\/p>\n<p><img decoding=\"async\" src=\"https:\/\/gabitelingenieros.com\/wp-content\/uploads\/2018\/11\/IMG_20181127_155651.jpg\" alt=\"Gabitel Ingenieros receives the | Gabitel Ingenieros\" \/><\/p>\n<p><img decoding=\"async\" src=\"https:\/\/gabitelingenieros.com\/wp-content\/uploads\/2018\/11\/IMG-20181127-WA0017-mod.jpg\" alt=\"Gabitel Ingenieros receives the | Gabitel Ingenieros\" \/><\/p>\n<p style=\"text-align: justify;\">Durante la ma\u00f1ana del jueves 24 de enero, se ha celebr\u00f3 en la sede de Gabitel Ingenieros, mediante la convocatoria de la Asociaci\u00f3n de Directivos de Andaluc\u00eda, Ceuta y Melilla (ADACEM), un desayuno-coloquio que reuni\u00f3 a importantes personalidades del mundo empresarial onubense, entre las que estuvieron el Concejal de Urbanismo, Manuel G\u00f3mez M\u00e1rquez, y Jos\u00e9 Luis Ramos, Presidente del Puerto de Huelva quien habl\u00f3 sobre las \u201cOportunidades de negocio surgidas al amparo del plan estrat\u00e9gico del Puerto\u201d.<\/p>\n<p style=\"text-align: justify;\">El acto, al que asistieron un gran n\u00famero de directivos de distintas empresas de la provincia, comenz\u00f3 con las palabras de Rodrigo Delgado, director t\u00e9cnico de Gabitel Ingenieros, quien agradeci\u00f3 la presencia de todos los asistentes y en especial la de los ponentes: Luis Miguel Mart\u00edn, presidente de ADACEM; Manuel G\u00f3mez, y Jos\u00e9 Luis Ramos.<\/p>\n<p style=\"text-align: justify;\">Tras la bienvenida tom\u00f3 la palabra Luis Miguel Mart\u00edn, que en representaci\u00f3n de la asociaci\u00f3n que preside, agradeci\u00f3 a nuestra empresa la organizaci\u00f3n del evento y destac\u00f3 la importancia de este tipo de encuentros que permiten compartir experiencias y utilizar la inteligencia social. Estas iniciativas, entre otras muchas, son las que ADACEM pone a disposici\u00f3n de sus m\u00e1s de 300 directivos asociados distribuidos por toda Andaluc\u00eda, Ceuta y Melilla. A continuaci\u00f3n fue Manuel G\u00f3mez el encargado de presentar al ponente del acto, elogiando el entusiasmo y el compromiso con el que Jos\u00e9 Luis Ramos desarrolla su labor.<\/p>\n<p style=\"text-align: justify;\">El presidente de la Autoridad Portuaria quiso destacar especialmente que un acto de estas caracter\u00edsticas se celebrara en la sede de una empresa como Gabitel Ingenieros, que, seg\u00fan sus palabras, hab\u00eda sido punta de lanza del desarrollo industrial y tecnol\u00f3gico onubense, y comenz\u00f3 su ponencia hablando del importante proceso de transformaci\u00f3n que est\u00e1 sufriendo el Puerto de Huelva, un desarrollo sin precedentes que lo ha convertido en el sexto puerto m\u00e1s importante del pa\u00eds y el segundo que m\u00e1s ha crecido en Europa en la \u00faltima d\u00e9cada y que suponen un gran posicionamiento de partida.<\/p>\n<p style=\"text-align: justify;\">Jos\u00e9 Luis Ramos subray\u00f3 los cuatro grandes pilares de la estrategia portuaria: diversificaci\u00f3n, integraci\u00f3n con el entorno, sostenibilidad y competitividad. En este \u00faltimo punto, concretamente en cuanto a la innovaci\u00f3n, es en el que destac\u00f3 que pueden existir grandes oportunidades de negocio en 2019, ya que para este gran desarrollo es necesario modificar el modelo de negocio y encaminarse a cumplir con las exigencias de los puertos 4.0, lo que implica pasar de Smart Port a Puerto Interconectado, en el que tener la capacidad para gestionar, administrar datos y crear modelos predictivos que permitan obtener procesos m\u00e1s eficientes.<\/p>\n<p style=\"text-align: justify;\">Para finalizar, el presidente del Puerto incidi\u00f3 en los grandes proyectos que van a ejecutarse en los pr\u00f3ximos meses y que parten de un presupuesto de 130 millones de euros. Estas intervenciones se dividen en cuatro grandes actuaciones:<\/p>\n<ul style=\"text-align: justify;\">\n<li>Operaci\u00f3n Muelle de Levante.<\/li>\n<li>Puerto Exterior y Muelles<\/li>\n<li>Zona de Actividades Log\u00edsticas.<\/li>\n<li>Actuaciones fuera de la zona de servicio.<\/li>\n<\/ul>\n<p style=\"text-align: justify;\">Adem\u00e1s, en la apuesta del Puerto de Huelva por la sostenibilidad y el Medioambiente, hay previstas inversiones por valor de 40 M\u20ac, desarrollando una pol\u00edtica proactiva en esta materia que pretende ser referente para otros puertos espa\u00f1oles y europeos.<\/p>\n<p style=\"text-align: justify;\">Para finalizar se dio paso a un turno de preguntas en el que algunos de los asistentes trasladaron al Presidente del Puerto, sus opiniones sobre la estrategia que est\u00e1 desarrollando el puerto, y en todo caso, transmiti\u00e9ndole sus felicitaciones por lo interesante de la ponencia y por los grandes n\u00fameros que est\u00e1 arrojando su gesti\u00f3n.<\/p>\n<p style=\"text-align: justify;\">Los asistentes quedaron muy satisfechos con el desarrollo del evento, lo que para nosotros es un gran orgullo que queremos compartir, como no pod\u00eda ser de otra forma, con <a href=\"https:\/\/www.linkedin.com\/in\/asociaciondedirectivosadacem\/?originalSubdomain=es\">ADACEM<\/a> y con el catering <a href=\"http:\/\/consumogustohuelva.org\/\">Consumo Gusto<\/a>, que se encarg\u00f3 de servir un desayuno de gran calidad.<\/p>\n<p><img decoding=\"async\" src=\"https:\/\/gabitelingenieros.com\/wp-content\/uploads\/2019\/01\/IMG_20190124_102248-mod.jpg\" alt=\"Gabitel Ingenieros receives the | Gabitel Ingenieros\" \/><\/p>\n<p><img decoding=\"async\" src=\"https:\/\/gabitelingenieros.com\/wp-content\/uploads\/2019\/01\/IMG_20190124_084422-mod.jpg\" alt=\"Gabitel Ingenieros receives the | Gabitel Ingenieros\" \/><\/p>\n<p style=\"text-align: justify;\">El d\u00eda 25 de noviembre se celebra el D\u00eda Internacional contra la Violencia de G\u00e9nero y, conmemorando esta fecha, se ha presentado en la sede de Huelva de Gabitel Ingenieros la exposici\u00f3n &#8220;Practica la igualdad, marca la diferencia&#8221;, enmarcada en una campa\u00f1a de sensibilizaci\u00f3n promovida por la Fundaci\u00f3n <a href=\"http:\/\/cepaim.org\/\">CEPAIM<\/a> a trav\u00e9s de su programa &#8220;Adelante&#8221;.<\/p>\n<p style=\"text-align: justify;\">Este programa, financiado por el Fondo Social Europeo, busca aumentar la integraci\u00f3n socio-laboral de las mujeres que se encuentran en colectivos m\u00e1s vulnerables, a trav\u00e9s de actuaciones que fomenten la igualdad de genero y la conciliaci\u00f3n de la vida personal y laboral, y evitando la discriminaci\u00f3n m\u00faltiple. Una de estas acciones es la exposici\u00f3n itinerante que se ha instalado en las oficinas de Gabitel, en la que se presentan 18 paneles principalmente dirigidos al p\u00fablico masculino, en los que se trata de llegar al espectador y plantear una reflexi\u00f3n sobre los roles y actitudes adquiridas principalmente por la herencia cultural.<\/p>\n<p style=\"text-align: justify;\">Durante la inauguraci\u00f3n de la exposici\u00f3n se anim\u00f3 a los presentes a abrir sus mentes, cambiar la perspectiva y romper con las ideas preconcebidas que marcan las diferencias de g\u00e9nero presentes en nuestra sociedad.<\/p>\n<p style=\"text-align: justify;\">En Gabitel pensamos que muestras como esta, que podr\u00e1 visitarse durante los d\u00edas 27, 28 y 29 de noviembre, colaboran en la creaci\u00f3n de una sociedad m\u00e1s igualitaria y mejor para todos, y queremos agradecer a <a href=\"http:\/\/cepaim.org\/\">CEPAIM<\/a> la labor que desarrollan para que esto sea posible.<\/p>\n<p><img decoding=\"async\" src=\"https:\/\/gabitelingenieros.com\/wp-content\/uploads\/2018\/11\/IMG_20181127_160004.jpg\" alt=\"Gabitel Ingenieros receives the | Gabitel Ingenieros\" \/><\/p>\n<p><img decoding=\"async\" src=\"https:\/\/gabitelingenieros.com\/wp-content\/uploads\/2018\/11\/IMG_20181127_163934.jpg\" alt=\"Gabitel Ingenieros receives the | Gabitel Ingenieros\" \/><\/p>\n<p><img decoding=\"async\" src=\"https:\/\/gabitelingenieros.com\/wp-content\/uploads\/2018\/11\/IMG_20181127_155651.jpg\" alt=\"Gabitel Ingenieros receives the | Gabitel Ingenieros\" \/><\/p>\n<p><img decoding=\"async\" src=\"https:\/\/gabitelingenieros.com\/wp-content\/uploads\/2018\/11\/IMG-20181127-WA0017-mod.jpg\" alt=\"Gabitel Ingenieros receives the | Gabitel Ingenieros\" \/><\/p>\n","protected":false},"excerpt":{"rendered":"<p>Last Thursday 14th March, Juan Ignacio Herr\u00e1n Cuesta, Commercial Director of Certification, presented, on behalf of SGS, the certificate that accredits Gabitel Soluciones T\u00e9cnicas as a company certified in the SGE21 standard. This standard is the first at European level that allows to implement, audit and certify an ethical and socially responsible management system and [&hellip;]<\/p>\n","protected":false},"author":3,"featured_media":33593,"comment_status":"closed","ping_status":"closed","sticky":false,"template":"","format":"standard","meta":{"content-type":"","footnotes":""},"categories":[601],"tags":[],"class_list":["post-33209","post","type-post","status-publish","format-standard","has-post-thumbnail","hentry","category-off-topic-en"],"yoast_head":"<!-- This site is optimized with the Yoast SEO plugin v27.5 - https:\/\/yoast.com\/product\/yoast-seo-wordpress\/ -->\n<title>Gabitel Ingenieros receives the ethical and socially responsible management certification - Gabitel<\/title>\n<meta name=\"robots\" content=\"index, follow, max-snippet:-1, max-image-preview:large, max-video-preview:-1\" \/>\n<link rel=\"canonical\" href=\"https:\/\/gabitel.net\/en\/gabitel-ingenieros-receives-the-ethical-and-socially-responsible-management-certification\/\" \/>\n<meta property=\"og:locale\" content=\"en_US\" \/>\n<meta property=\"og:type\" content=\"article\" \/>\n<meta property=\"og:title\" content=\"Gabitel Ingenieros receives the ethical and socially responsible management certification - Gabitel\" \/>\n<meta property=\"og:description\" content=\"Last Thursday 14th March, Juan Ignacio Herr\u00e1n Cuesta, Commercial Director of Certification, presented, on behalf of SGS, the certificate that accredits Gabitel Soluciones T\u00e9cnicas as a company certified in the SGE21 standard. This standard is the first at European level that allows to implement, audit and certify an ethical and socially responsible management system and [&hellip;]\" \/>\n<meta property=\"og:url\" content=\"https:\/\/gabitel.net\/en\/gabitel-ingenieros-receives-the-ethical-and-socially-responsible-management-certification\/\" \/>\n<meta property=\"og:site_name\" content=\"Gabitel\" \/>\n<meta property=\"article:publisher\" content=\"https:\/\/www.facebook.com\/gabitelingenieros\/\" \/>\n<meta property=\"article:published_time\" content=\"2019-03-25T14:00:22+00:00\" \/>\n<meta property=\"og:image\" content=\"https:\/\/gabitelingenieros.com\/wp-content\/uploads\/2018\/11\/IMG_20181127_160004.jpg\" \/>\n<meta name=\"author\" content=\"user.autor\" \/>\n<meta name=\"twitter:card\" content=\"summary_large_image\" \/>\n<meta name=\"twitter:label1\" content=\"Written by\" \/>\n\t<meta name=\"twitter:data1\" content=\"user.autor\" \/>\n\t<meta name=\"twitter:label2\" content=\"Est. reading time\" \/>\n\t<meta name=\"twitter:data2\" content=\"13 minutes\" \/>\n<script type=\"application\/ld+json\" class=\"yoast-schema-graph\">{\"@context\":\"https:\\\/\\\/schema.org\",\"@graph\":[{\"@type\":[\"Article\",\"BlogPosting\"],\"@id\":\"https:\\\/\\\/gabitel.net\\\/en\\\/gabitel-ingenieros-receives-the-ethical-and-socially-responsible-management-certification\\\/#article\",\"isPartOf\":{\"@id\":\"https:\\\/\\\/gabitel.net\\\/en\\\/gabitel-ingenieros-receives-the-ethical-and-socially-responsible-management-certification\\\/\"},\"author\":{\"name\":\"user.autor\",\"@id\":\"https:\\\/\\\/gabitel.net\\\/en\\\/#\\\/schema\\\/person\\\/37ba53714c3fedb9c7d22f4bc781465c\"},\"headline\":\"Gabitel Ingenieros receives the ethical and socially responsible management certification\",\"datePublished\":\"2019-03-25T14:00:22+00:00\",\"mainEntityOfPage\":{\"@id\":\"https:\\\/\\\/gabitel.net\\\/en\\\/gabitel-ingenieros-receives-the-ethical-and-socially-responsible-management-certification\\\/\"},\"wordCount\":2707,\"publisher\":{\"@id\":\"https:\\\/\\\/gabitel.net\\\/en\\\/#organization\"},\"image\":{\"@id\":\"https:\\\/\\\/gabitel.net\\\/en\\\/gabitel-ingenieros-receives-the-ethical-and-socially-responsible-management-certification\\\/#primaryimage\"},\"thumbnailUrl\":\"https:\\\/\\\/gabitel.net\\\/wp-content\\\/uploads\\\/2019\\\/03\\\/IMG-20190314-WA0004-2.jpg\",\"articleSection\":[\"Off-topic\"],\"inLanguage\":\"en-US\"},{\"@type\":\"WebPage\",\"@id\":\"https:\\\/\\\/gabitel.net\\\/en\\\/gabitel-ingenieros-receives-the-ethical-and-socially-responsible-management-certification\\\/\",\"url\":\"https:\\\/\\\/gabitel.net\\\/en\\\/gabitel-ingenieros-receives-the-ethical-and-socially-responsible-management-certification\\\/\",\"name\":\"Gabitel Ingenieros receives the ethical and socially responsible management certification - Gabitel\",\"isPartOf\":{\"@id\":\"https:\\\/\\\/gabitel.net\\\/en\\\/#website\"},\"primaryImageOfPage\":{\"@id\":\"https:\\\/\\\/gabitel.net\\\/en\\\/gabitel-ingenieros-receives-the-ethical-and-socially-responsible-management-certification\\\/#primaryimage\"},\"image\":{\"@id\":\"https:\\\/\\\/gabitel.net\\\/en\\\/gabitel-ingenieros-receives-the-ethical-and-socially-responsible-management-certification\\\/#primaryimage\"},\"thumbnailUrl\":\"https:\\\/\\\/gabitel.net\\\/wp-content\\\/uploads\\\/2019\\\/03\\\/IMG-20190314-WA0004-2.jpg\",\"datePublished\":\"2019-03-25T14:00:22+00:00\",\"breadcrumb\":{\"@id\":\"https:\\\/\\\/gabitel.net\\\/en\\\/gabitel-ingenieros-receives-the-ethical-and-socially-responsible-management-certification\\\/#breadcrumb\"},\"inLanguage\":\"en-US\",\"potentialAction\":[{\"@type\":\"ReadAction\",\"target\":[\"https:\\\/\\\/gabitel.net\\\/en\\\/gabitel-ingenieros-receives-the-ethical-and-socially-responsible-management-certification\\\/\"]}]},{\"@type\":\"ImageObject\",\"inLanguage\":\"en-US\",\"@id\":\"https:\\\/\\\/gabitel.net\\\/en\\\/gabitel-ingenieros-receives-the-ethical-and-socially-responsible-management-certification\\\/#primaryimage\",\"url\":\"https:\\\/\\\/gabitel.net\\\/wp-content\\\/uploads\\\/2019\\\/03\\\/IMG-20190314-WA0004-2.jpg\",\"contentUrl\":\"https:\\\/\\\/gabitel.net\\\/wp-content\\\/uploads\\\/2019\\\/03\\\/IMG-20190314-WA0004-2.jpg\",\"width\":1597,\"height\":898,\"caption\":\"Certificado_gesti\u00f3n_\u00e9tica_responsable\"},{\"@type\":\"BreadcrumbList\",\"@id\":\"https:\\\/\\\/gabitel.net\\\/en\\\/gabitel-ingenieros-receives-the-ethical-and-socially-responsible-management-certification\\\/#breadcrumb\",\"itemListElement\":[{\"@type\":\"ListItem\",\"position\":1,\"name\":\"Portada\",\"item\":\"https:\\\/\\\/gabitel.net\\\/en\\\/\"},{\"@type\":\"ListItem\",\"position\":2,\"name\":\"Gabitel Ingenieros receives the ethical and socially responsible management certification\"}]},{\"@type\":\"WebSite\",\"@id\":\"https:\\\/\\\/gabitel.net\\\/en\\\/#website\",\"url\":\"https:\\\/\\\/gabitel.net\\\/en\\\/\",\"name\":\"Gabitel\",\"description\":\"\",\"publisher\":{\"@id\":\"https:\\\/\\\/gabitel.net\\\/en\\\/#organization\"},\"potentialAction\":[{\"@type\":\"SearchAction\",\"target\":{\"@type\":\"EntryPoint\",\"urlTemplate\":\"https:\\\/\\\/gabitel.net\\\/en\\\/?s={search_term_string}\"},\"query-input\":{\"@type\":\"PropertyValueSpecification\",\"valueRequired\":true,\"valueName\":\"search_term_string\"}}],\"inLanguage\":\"en-US\"},{\"@type\":\"Organization\",\"@id\":\"https:\\\/\\\/gabitel.net\\\/en\\\/#organization\",\"name\":\"Gabitel\",\"url\":\"https:\\\/\\\/gabitel.net\\\/en\\\/\",\"logo\":{\"@type\":\"ImageObject\",\"inLanguage\":\"en-US\",\"@id\":\"https:\\\/\\\/gabitel.net\\\/en\\\/#\\\/schema\\\/logo\\\/image\\\/\",\"url\":\"https:\\\/\\\/gabitel.net\\\/wp-content\\\/uploads\\\/2025\\\/05\\\/logo_gabitel.jpg\",\"contentUrl\":\"https:\\\/\\\/gabitel.net\\\/wp-content\\\/uploads\\\/2025\\\/05\\\/logo_gabitel.jpg\",\"width\":2560,\"height\":1330,\"caption\":\"Gabitel\"},\"image\":{\"@id\":\"https:\\\/\\\/gabitel.net\\\/en\\\/#\\\/schema\\\/logo\\\/image\\\/\"},\"sameAs\":[\"https:\\\/\\\/www.facebook.com\\\/gabitelingenieros\\\/\",\"https:\\\/\\\/es.linkedin.com\\\/company\\\/gabitel-ingenieros\"]},{\"@type\":\"Person\",\"@id\":\"https:\\\/\\\/gabitel.net\\\/en\\\/#\\\/schema\\\/person\\\/37ba53714c3fedb9c7d22f4bc781465c\",\"name\":\"user.autor\",\"url\":\"https:\\\/\\\/gabitel.net\\\/en\\\/author\\\/user-autor\\\/\"}]}<\/script>\n<!-- \/ Yoast SEO plugin. -->","yoast_head_json":{"title":"Gabitel Ingenieros receives the ethical and socially responsible management certification - Gabitel","robots":{"index":"index","follow":"follow","max-snippet":"max-snippet:-1","max-image-preview":"max-image-preview:large","max-video-preview":"max-video-preview:-1"},"canonical":"https:\/\/gabitel.net\/en\/gabitel-ingenieros-receives-the-ethical-and-socially-responsible-management-certification\/","og_locale":"en_US","og_type":"article","og_title":"Gabitel Ingenieros receives the ethical and socially responsible management certification - Gabitel","og_description":"Last Thursday 14th March, Juan Ignacio Herr\u00e1n Cuesta, Commercial Director of Certification, presented, on behalf of SGS, the certificate that accredits Gabitel Soluciones T\u00e9cnicas as a company certified in the SGE21 standard. This standard is the first at European level that allows to implement, audit and certify an ethical and socially responsible management system and [&hellip;]","og_url":"https:\/\/gabitel.net\/en\/gabitel-ingenieros-receives-the-ethical-and-socially-responsible-management-certification\/","og_site_name":"Gabitel","article_publisher":"https:\/\/www.facebook.com\/gabitelingenieros\/","article_published_time":"2019-03-25T14:00:22+00:00","og_image":[{"url":"https:\/\/gabitelingenieros.com\/wp-content\/uploads\/2018\/11\/IMG_20181127_160004.jpg","type":"","width":"","height":""}],"author":"user.autor","twitter_card":"summary_large_image","twitter_misc":{"Written by":"user.autor","Est. reading time":"13 minutes"},"schema":{"@context":"https:\/\/schema.org","@graph":[{"@type":["Article","BlogPosting"],"@id":"https:\/\/gabitel.net\/en\/gabitel-ingenieros-receives-the-ethical-and-socially-responsible-management-certification\/#article","isPartOf":{"@id":"https:\/\/gabitel.net\/en\/gabitel-ingenieros-receives-the-ethical-and-socially-responsible-management-certification\/"},"author":{"name":"user.autor","@id":"https:\/\/gabitel.net\/en\/#\/schema\/person\/37ba53714c3fedb9c7d22f4bc781465c"},"headline":"Gabitel Ingenieros receives the ethical and socially responsible management certification","datePublished":"2019-03-25T14:00:22+00:00","mainEntityOfPage":{"@id":"https:\/\/gabitel.net\/en\/gabitel-ingenieros-receives-the-ethical-and-socially-responsible-management-certification\/"},"wordCount":2707,"publisher":{"@id":"https:\/\/gabitel.net\/en\/#organization"},"image":{"@id":"https:\/\/gabitel.net\/en\/gabitel-ingenieros-receives-the-ethical-and-socially-responsible-management-certification\/#primaryimage"},"thumbnailUrl":"https:\/\/gabitel.net\/wp-content\/uploads\/2019\/03\/IMG-20190314-WA0004-2.jpg","articleSection":["Off-topic"],"inLanguage":"en-US"},{"@type":"WebPage","@id":"https:\/\/gabitel.net\/en\/gabitel-ingenieros-receives-the-ethical-and-socially-responsible-management-certification\/","url":"https:\/\/gabitel.net\/en\/gabitel-ingenieros-receives-the-ethical-and-socially-responsible-management-certification\/","name":"Gabitel Ingenieros receives the ethical and socially responsible management certification - Gabitel","isPartOf":{"@id":"https:\/\/gabitel.net\/en\/#website"},"primaryImageOfPage":{"@id":"https:\/\/gabitel.net\/en\/gabitel-ingenieros-receives-the-ethical-and-socially-responsible-management-certification\/#primaryimage"},"image":{"@id":"https:\/\/gabitel.net\/en\/gabitel-ingenieros-receives-the-ethical-and-socially-responsible-management-certification\/#primaryimage"},"thumbnailUrl":"https:\/\/gabitel.net\/wp-content\/uploads\/2019\/03\/IMG-20190314-WA0004-2.jpg","datePublished":"2019-03-25T14:00:22+00:00","breadcrumb":{"@id":"https:\/\/gabitel.net\/en\/gabitel-ingenieros-receives-the-ethical-and-socially-responsible-management-certification\/#breadcrumb"},"inLanguage":"en-US","potentialAction":[{"@type":"ReadAction","target":["https:\/\/gabitel.net\/en\/gabitel-ingenieros-receives-the-ethical-and-socially-responsible-management-certification\/"]}]},{"@type":"ImageObject","inLanguage":"en-US","@id":"https:\/\/gabitel.net\/en\/gabitel-ingenieros-receives-the-ethical-and-socially-responsible-management-certification\/#primaryimage","url":"https:\/\/gabitel.net\/wp-content\/uploads\/2019\/03\/IMG-20190314-WA0004-2.jpg","contentUrl":"https:\/\/gabitel.net\/wp-content\/uploads\/2019\/03\/IMG-20190314-WA0004-2.jpg","width":1597,"height":898,"caption":"Certificado_gesti\u00f3n_\u00e9tica_responsable"},{"@type":"BreadcrumbList","@id":"https:\/\/gabitel.net\/en\/gabitel-ingenieros-receives-the-ethical-and-socially-responsible-management-certification\/#breadcrumb","itemListElement":[{"@type":"ListItem","position":1,"name":"Portada","item":"https:\/\/gabitel.net\/en\/"},{"@type":"ListItem","position":2,"name":"Gabitel Ingenieros receives the ethical and socially responsible management certification"}]},{"@type":"WebSite","@id":"https:\/\/gabitel.net\/en\/#website","url":"https:\/\/gabitel.net\/en\/","name":"Gabitel","description":"","publisher":{"@id":"https:\/\/gabitel.net\/en\/#organization"},"potentialAction":[{"@type":"SearchAction","target":{"@type":"EntryPoint","urlTemplate":"https:\/\/gabitel.net\/en\/?s={search_term_string}"},"query-input":{"@type":"PropertyValueSpecification","valueRequired":true,"valueName":"search_term_string"}}],"inLanguage":"en-US"},{"@type":"Organization","@id":"https:\/\/gabitel.net\/en\/#organization","name":"Gabitel","url":"https:\/\/gabitel.net\/en\/","logo":{"@type":"ImageObject","inLanguage":"en-US","@id":"https:\/\/gabitel.net\/en\/#\/schema\/logo\/image\/","url":"https:\/\/gabitel.net\/wp-content\/uploads\/2025\/05\/logo_gabitel.jpg","contentUrl":"https:\/\/gabitel.net\/wp-content\/uploads\/2025\/05\/logo_gabitel.jpg","width":2560,"height":1330,"caption":"Gabitel"},"image":{"@id":"https:\/\/gabitel.net\/en\/#\/schema\/logo\/image\/"},"sameAs":["https:\/\/www.facebook.com\/gabitelingenieros\/","https:\/\/es.linkedin.com\/company\/gabitel-ingenieros"]},{"@type":"Person","@id":"https:\/\/gabitel.net\/en\/#\/schema\/person\/37ba53714c3fedb9c7d22f4bc781465c","name":"user.autor","url":"https:\/\/gabitel.net\/en\/author\/user-autor\/"}]}},"_links":{"self":[{"href":"https:\/\/gabitel.net\/en\/wp-json\/wp\/v2\/posts\/33209","targetHints":{"allow":["GET"]}}],"collection":[{"href":"https:\/\/gabitel.net\/en\/wp-json\/wp\/v2\/posts"}],"about":[{"href":"https:\/\/gabitel.net\/en\/wp-json\/wp\/v2\/types\/post"}],"author":[{"embeddable":true,"href":"https:\/\/gabitel.net\/en\/wp-json\/wp\/v2\/users\/3"}],"replies":[{"embeddable":true,"href":"https:\/\/gabitel.net\/en\/wp-json\/wp\/v2\/comments?post=33209"}],"version-history":[{"count":0,"href":"https:\/\/gabitel.net\/en\/wp-json\/wp\/v2\/posts\/33209\/revisions"}],"wp:featuredmedia":[{"embeddable":true,"href":"https:\/\/gabitel.net\/en\/wp-json\/wp\/v2\/media\/33593"}],"wp:attachment":[{"href":"https:\/\/gabitel.net\/en\/wp-json\/wp\/v2\/media?parent=33209"}],"wp:term":[{"taxonomy":"category","embeddable":true,"href":"https:\/\/gabitel.net\/en\/wp-json\/wp\/v2\/categories?post=33209"},{"taxonomy":"post_tag","embeddable":true,"href":"https:\/\/gabitel.net\/en\/wp-json\/wp\/v2\/tags?post=33209"}],"curies":[{"name":"wp","href":"https:\/\/api.w.org\/{rel}","templated":true}]}}