{"id":33215,"date":"2019-01-25T14:00:30","date_gmt":"2019-01-25T13:00:30","guid":{"rendered":"https:\/\/gabitel.net\/adacem-presents-itself-in-huelva-with-a-breakfast-colloquium-held-in-gabitel-ingenieros\/"},"modified":"2019-01-25T14:00:30","modified_gmt":"2019-01-25T13:00:30","slug":"adacem-presents-itself-in-huelva-with-a-breakfast-colloquium-held-in-gabitel-ingenieros","status":"publish","type":"post","link":"https:\/\/gabitel.net\/en\/adacem-presents-itself-in-huelva-with-a-breakfast-colloquium-held-in-gabitel-ingenieros\/","title":{"rendered":"ADACEM presents itself in Huelva with a breakfast-colloquium held in Gabitel Ingenieros"},"content":{"rendered":"<p style=\"text-align: justify;\">During the morning of Thursday 24 January, a breakfast-colloquium was held at the headquarters of Gabitel Ingenieros, at the invitation of the Association of Directors of Andalusia, Ceuta and Melilla (ADACEM), which brought together important personalities from the business world of Huelva, including the Councillor for Urban Planning, Manuel G\u00f3mez M\u00e1rquez, and Jos\u00e9 Luis Ramos, President of the Port of Huelva, who spoke about the &#8220;Business opportunities arising under the strategic plan of the Port&#8221;.<\/p>\n<p style=\"text-align: justify;\">The event, which was attended by a large number of executives from different companies in the province, began with the words of Rodrigo Delgado, technical director of Gabitel Ingenieros, who thanked all the attendees and especially the speakers for their presence: Luis Miguel Mart\u00edn, president of ADACEM; Manuel G\u00f3mez, and Jos\u00e9 Luis Ramos.<\/p>\n<p style=\"text-align: justify;\">After the welcome, Luis Miguel Mart\u00edn took the floor on behalf of the association he presides, thanked our company for organising the event and highlighted the importance of this type of meeting, which allows for the sharing of experiences and the use of social intelligence. These initiatives, among many others, are the ones that ADACEM makes available to its more than 300 associated managers distributed throughout Andalusia, Ceuta and Melilla. Manuel G\u00f3mez was then in charge of introducing the speaker at the event, praising the enthusiasm and commitment with which Jos\u00e9 Luis Ramos carries out his work.<\/p>\n<p style=\"text-align: justify;\">The president of the Port Authority wanted to highlight the fact that an event of these characteristics was held at the headquarters of a company such as Gabitel Ingenieros, which, in his words, had been the spearhead of the industrial and technological development of Huelva, and began his speech by talking about the important transformation process that the Port of Huelva is undergoing, an unprecedented development that has made it the sixth most important port in the country and the second fastest growing in Europe in the last decade and which represents a great starting position.<\/p>\n<p style=\"text-align: justify;\">Jos\u00e9 Luis Ramos underlined the four main pillars of the port strategy: diversification, integration with the environment, sustainability and competitiveness. On this last point, specifically in terms of innovation, is where he highlighted that there may be great business opportunities in 2019, as for this great development it is necessary to modify the business model and move towards meeting the demands of ports 4.0, which implies moving from Smart Port to Interconnected Port, in which having the capacity to manage, administer data and create predictive models that allow more efficient processes to be obtained.<\/p>\n<p style=\"text-align: justify;\">To conclude, the President of the Port emphasised the major projects which will be executed in the coming months and which have a budget of 130 million euros. These interventions are divided into four major actions:<\/p>\n<ul style=\"text-align: justify;\">\n<li>Levante Quay Operation..<\/li>\n<li>Outer harbour and docks<\/li>\n<li>Logistics Activities Zone.<\/li>\n<li>Actions outside the service area.<\/li>\n<\/ul>\n<p style=\"text-align: justify;\">Furthermore, in the Port of Huelva&#8217;s commitment to sustainability and the environment, investments of \u20ac40 million are planned, developing a proactive policy in this area that aims to be a benchmark for other Spanish and European ports.<\/p>\n<p style=\"text-align: justify;\">Finally, there was a question and answer session in which some of the attendees gave the President of the Port their opinions on the strategy being developed by the port, and in any case, congratulated him for the interesting presentation and for the great figures that his management is producing.<\/p>\n<p style=\"text-align: justify;\">The attendees were very satisfied with the development of the event, which for us is a great pride that we want to share, as it could not be otherwise, with <span style=\"color: #00ccff;\"><span style=\"color: #99cc00;\">ADACEM<\/span> <\/span>and with the catering company <span style=\"color: #99cc00;\">Consumo Gusto<\/span>, which was in charge of serving a high quality breakfast.<\/p>\n<p><img decoding=\"async\" src=\"https:\/\/gabitelingenieros.com\/wp-content\/uploads\/2019\/01\/IMG_20190124_102248-mod.jpg\" alt=\"ADACEM presents itself in | Gabitel Ingenieros\" \/> <\/p>\n<p><img decoding=\"async\" src=\"https:\/\/gabitelingenieros.com\/wp-content\/uploads\/2019\/01\/IMG_20190124_084422-mod.jpg\" alt=\"ADACEM presents itself in | Gabitel Ingenieros\" \/> <\/p>\n<p style=\"text-align: justify;\">El d\u00eda 25 de noviembre se celebra el D\u00eda Internacional contra la Violencia de G\u00e9nero y, conmemorando esta fecha, se ha presentado en la sede de Huelva de Gabitel Ingenieros la exposici\u00f3n &#8220;Practica la igualdad, marca la diferencia&#8221;, enmarcada en una campa\u00f1a de sensibilizaci\u00f3n promovida por la Fundaci\u00f3n <a href=\"http:\/\/cepaim.org\/\">CEPAIM<\/a> a trav\u00e9s de su programa &#8220;Adelante&#8221;.<\/p>\n<p style=\"text-align: justify;\">Este programa, financiado por el Fondo Social Europeo, busca aumentar la integraci\u00f3n socio-laboral de las mujeres que se encuentran en colectivos m\u00e1s vulnerables, a trav\u00e9s de actuaciones que fomenten la igualdad de genero y la conciliaci\u00f3n de la vida personal y laboral, y evitando la discriminaci\u00f3n m\u00faltiple. Una de estas acciones es la exposici\u00f3n itinerante que se ha instalado en las oficinas de Gabitel, en la que se presentan 18 paneles principalmente dirigidos al p\u00fablico masculino, en los que se trata de llegar al espectador y plantear una reflexi\u00f3n sobre los roles y actitudes adquiridas principalmente por la herencia cultural.<\/p>\n<p style=\"text-align: justify;\">Durante la inauguraci\u00f3n de la exposici\u00f3n se anim\u00f3 a los presentes a abrir sus mentes, cambiar la perspectiva y romper con las ideas preconcebidas que marcan las diferencias de g\u00e9nero presentes en nuestra sociedad.<\/p>\n<p style=\"text-align: justify;\">En Gabitel pensamos que muestras como esta, que podr\u00e1 visitarse durante los d\u00edas 27, 28 y 29 de noviembre, colaboran en la creaci\u00f3n de una sociedad m\u00e1s igualitaria y mejor para todos, y queremos agradecer a <a href=\"http:\/\/cepaim.org\/\">CEPAIM<\/a> la labor que desarrollan para que esto sea posible.<\/p>\n<p><img decoding=\"async\" src=\"https:\/\/gabitelingenieros.com\/wp-content\/uploads\/2018\/11\/IMG_20181127_160004.jpg\" alt=\"ADACEM presents itself in | Gabitel Ingenieros\" \/> <\/p>\n<p><img decoding=\"async\" src=\"https:\/\/gabitelingenieros.com\/wp-content\/uploads\/2018\/11\/IMG_20181127_163934.jpg\" alt=\"ADACEM presents itself in | Gabitel Ingenieros\" \/> <\/p>\n<p><img decoding=\"async\" src=\"https:\/\/gabitelingenieros.com\/wp-content\/uploads\/2018\/11\/IMG_20181127_155651.jpg\" alt=\"ADACEM presents itself in | Gabitel Ingenieros\" \/> <\/p>\n<p><img decoding=\"async\" src=\"https:\/\/gabitelingenieros.com\/wp-content\/uploads\/2018\/11\/IMG-20181127-WA0017-mod.jpg\" alt=\"ADACEM presents itself in | Gabitel Ingenieros\" \/> <\/p>\n","protected":false},"excerpt":{"rendered":"<p>During the morning of Thursday 24 January, a breakfast-colloquium was held at the headquarters of Gabitel Ingenieros, at the invitation of the Association of Directors of Andalusia, Ceuta and Melilla (ADACEM), which brought together important personalities from the business world of Huelva, including the Councillor for Urban Planning, Manuel G\u00f3mez M\u00e1rquez, and Jos\u00e9 Luis Ramos, [&hellip;]<\/p>\n","protected":false},"author":3,"featured_media":33583,"comment_status":"closed","ping_status":"closed","sticky":false,"template":"","format":"standard","meta":{"content-type":"","footnotes":""},"categories":[601],"tags":[],"class_list":["post-33215","post","type-post","status-publish","format-standard","has-post-thumbnail","hentry","category-off-topic-en"],"yoast_head":"<!-- This site is optimized with the Yoast SEO plugin v27.5 - https:\/\/yoast.com\/product\/yoast-seo-wordpress\/ -->\n<title>ADACEM presents itself in Huelva with a breakfast-colloquium held in Gabitel Ingenieros - Gabitel<\/title>\n<meta name=\"robots\" content=\"index, follow, max-snippet:-1, max-image-preview:large, max-video-preview:-1\" \/>\n<link rel=\"canonical\" href=\"https:\/\/gabitel.net\/en\/adacem-presents-itself-in-huelva-with-a-breakfast-colloquium-held-in-gabitel-ingenieros\/\" \/>\n<meta property=\"og:locale\" content=\"en_US\" \/>\n<meta property=\"og:type\" content=\"article\" \/>\n<meta property=\"og:title\" content=\"ADACEM presents itself in Huelva with a breakfast-colloquium held in Gabitel Ingenieros - Gabitel\" \/>\n<meta property=\"og:description\" content=\"During the morning of Thursday 24 January, a breakfast-colloquium was held at the headquarters of Gabitel Ingenieros, at the invitation of the Association of Directors of Andalusia, Ceuta and Melilla (ADACEM), which brought together important personalities from the business world of Huelva, including the Councillor for Urban Planning, Manuel G\u00f3mez M\u00e1rquez, and Jos\u00e9 Luis Ramos, [&hellip;]\" \/>\n<meta property=\"og:url\" content=\"https:\/\/gabitel.net\/en\/adacem-presents-itself-in-huelva-with-a-breakfast-colloquium-held-in-gabitel-ingenieros\/\" \/>\n<meta property=\"og:site_name\" content=\"Gabitel\" \/>\n<meta property=\"article:publisher\" content=\"https:\/\/www.facebook.com\/gabitelingenieros\/\" \/>\n<meta property=\"article:published_time\" content=\"2019-01-25T13:00:30+00:00\" \/>\n<meta property=\"og:image\" content=\"https:\/\/gabitelingenieros.com\/wp-content\/uploads\/2019\/01\/IMG_20190124_102248-mod.jpg\" \/>\n<meta name=\"author\" content=\"user.autor\" \/>\n<meta name=\"twitter:card\" content=\"summary_large_image\" \/>\n<meta name=\"twitter:label1\" content=\"Written by\" \/>\n\t<meta name=\"twitter:data1\" content=\"user.autor\" \/>\n\t<meta name=\"twitter:label2\" content=\"Est. reading time\" \/>\n\t<meta name=\"twitter:data2\" content=\"4 minutes\" \/>\n<script type=\"application\/ld+json\" class=\"yoast-schema-graph\">{\"@context\":\"https:\\\/\\\/schema.org\",\"@graph\":[{\"@type\":[\"Article\",\"BlogPosting\"],\"@id\":\"https:\\\/\\\/gabitel.net\\\/en\\\/adacem-presents-itself-in-huelva-with-a-breakfast-colloquium-held-in-gabitel-ingenieros\\\/#article\",\"isPartOf\":{\"@id\":\"https:\\\/\\\/gabitel.net\\\/en\\\/adacem-presents-itself-in-huelva-with-a-breakfast-colloquium-held-in-gabitel-ingenieros\\\/\"},\"author\":{\"name\":\"user.autor\",\"@id\":\"https:\\\/\\\/gabitel.net\\\/en\\\/#\\\/schema\\\/person\\\/37ba53714c3fedb9c7d22f4bc781465c\"},\"headline\":\"ADACEM presents itself in Huelva with a breakfast-colloquium held in Gabitel Ingenieros\",\"datePublished\":\"2019-01-25T13:00:30+00:00\",\"mainEntityOfPage\":{\"@id\":\"https:\\\/\\\/gabitel.net\\\/en\\\/adacem-presents-itself-in-huelva-with-a-breakfast-colloquium-held-in-gabitel-ingenieros\\\/\"},\"wordCount\":867,\"publisher\":{\"@id\":\"https:\\\/\\\/gabitel.net\\\/en\\\/#organization\"},\"image\":{\"@id\":\"https:\\\/\\\/gabitel.net\\\/en\\\/adacem-presents-itself-in-huelva-with-a-breakfast-colloquium-held-in-gabitel-ingenieros\\\/#primaryimage\"},\"thumbnailUrl\":\"https:\\\/\\\/gabitel.net\\\/wp-content\\\/uploads\\\/2019\\\/01\\\/IMG-20190125-WA0013.jpg\",\"articleSection\":[\"Off-topic\"],\"inLanguage\":\"en-US\"},{\"@type\":\"WebPage\",\"@id\":\"https:\\\/\\\/gabitel.net\\\/en\\\/adacem-presents-itself-in-huelva-with-a-breakfast-colloquium-held-in-gabitel-ingenieros\\\/\",\"url\":\"https:\\\/\\\/gabitel.net\\\/en\\\/adacem-presents-itself-in-huelva-with-a-breakfast-colloquium-held-in-gabitel-ingenieros\\\/\",\"name\":\"ADACEM presents itself in Huelva with a breakfast-colloquium held in Gabitel Ingenieros - Gabitel\",\"isPartOf\":{\"@id\":\"https:\\\/\\\/gabitel.net\\\/en\\\/#website\"},\"primaryImageOfPage\":{\"@id\":\"https:\\\/\\\/gabitel.net\\\/en\\\/adacem-presents-itself-in-huelva-with-a-breakfast-colloquium-held-in-gabitel-ingenieros\\\/#primaryimage\"},\"image\":{\"@id\":\"https:\\\/\\\/gabitel.net\\\/en\\\/adacem-presents-itself-in-huelva-with-a-breakfast-colloquium-held-in-gabitel-ingenieros\\\/#primaryimage\"},\"thumbnailUrl\":\"https:\\\/\\\/gabitel.net\\\/wp-content\\\/uploads\\\/2019\\\/01\\\/IMG-20190125-WA0013.jpg\",\"datePublished\":\"2019-01-25T13:00:30+00:00\",\"breadcrumb\":{\"@id\":\"https:\\\/\\\/gabitel.net\\\/en\\\/adacem-presents-itself-in-huelva-with-a-breakfast-colloquium-held-in-gabitel-ingenieros\\\/#breadcrumb\"},\"inLanguage\":\"en-US\",\"potentialAction\":[{\"@type\":\"ReadAction\",\"target\":[\"https:\\\/\\\/gabitel.net\\\/en\\\/adacem-presents-itself-in-huelva-with-a-breakfast-colloquium-held-in-gabitel-ingenieros\\\/\"]}]},{\"@type\":\"ImageObject\",\"inLanguage\":\"en-US\",\"@id\":\"https:\\\/\\\/gabitel.net\\\/en\\\/adacem-presents-itself-in-huelva-with-a-breakfast-colloquium-held-in-gabitel-ingenieros\\\/#primaryimage\",\"url\":\"https:\\\/\\\/gabitel.net\\\/wp-content\\\/uploads\\\/2019\\\/01\\\/IMG-20190125-WA0013.jpg\",\"contentUrl\":\"https:\\\/\\\/gabitel.net\\\/wp-content\\\/uploads\\\/2019\\\/01\\\/IMG-20190125-WA0013.jpg\",\"width\":1024,\"height\":768,\"caption\":\"ADACEM_desayuno_coloquio\"},{\"@type\":\"BreadcrumbList\",\"@id\":\"https:\\\/\\\/gabitel.net\\\/en\\\/adacem-presents-itself-in-huelva-with-a-breakfast-colloquium-held-in-gabitel-ingenieros\\\/#breadcrumb\",\"itemListElement\":[{\"@type\":\"ListItem\",\"position\":1,\"name\":\"Portada\",\"item\":\"https:\\\/\\\/gabitel.net\\\/en\\\/\"},{\"@type\":\"ListItem\",\"position\":2,\"name\":\"ADACEM presents itself in Huelva with a breakfast-colloquium held in Gabitel Ingenieros\"}]},{\"@type\":\"WebSite\",\"@id\":\"https:\\\/\\\/gabitel.net\\\/en\\\/#website\",\"url\":\"https:\\\/\\\/gabitel.net\\\/en\\\/\",\"name\":\"Gabitel\",\"description\":\"\",\"publisher\":{\"@id\":\"https:\\\/\\\/gabitel.net\\\/en\\\/#organization\"},\"potentialAction\":[{\"@type\":\"SearchAction\",\"target\":{\"@type\":\"EntryPoint\",\"urlTemplate\":\"https:\\\/\\\/gabitel.net\\\/en\\\/?s={search_term_string}\"},\"query-input\":{\"@type\":\"PropertyValueSpecification\",\"valueRequired\":true,\"valueName\":\"search_term_string\"}}],\"inLanguage\":\"en-US\"},{\"@type\":\"Organization\",\"@id\":\"https:\\\/\\\/gabitel.net\\\/en\\\/#organization\",\"name\":\"Gabitel\",\"url\":\"https:\\\/\\\/gabitel.net\\\/en\\\/\",\"logo\":{\"@type\":\"ImageObject\",\"inLanguage\":\"en-US\",\"@id\":\"https:\\\/\\\/gabitel.net\\\/en\\\/#\\\/schema\\\/logo\\\/image\\\/\",\"url\":\"https:\\\/\\\/gabitel.net\\\/wp-content\\\/uploads\\\/2025\\\/05\\\/logo_gabitel.jpg\",\"contentUrl\":\"https:\\\/\\\/gabitel.net\\\/wp-content\\\/uploads\\\/2025\\\/05\\\/logo_gabitel.jpg\",\"width\":2560,\"height\":1330,\"caption\":\"Gabitel\"},\"image\":{\"@id\":\"https:\\\/\\\/gabitel.net\\\/en\\\/#\\\/schema\\\/logo\\\/image\\\/\"},\"sameAs\":[\"https:\\\/\\\/www.facebook.com\\\/gabitelingenieros\\\/\",\"https:\\\/\\\/es.linkedin.com\\\/company\\\/gabitel-ingenieros\"]},{\"@type\":\"Person\",\"@id\":\"https:\\\/\\\/gabitel.net\\\/en\\\/#\\\/schema\\\/person\\\/37ba53714c3fedb9c7d22f4bc781465c\",\"name\":\"user.autor\",\"url\":\"https:\\\/\\\/gabitel.net\\\/en\\\/author\\\/user-autor\\\/\"}]}<\/script>\n<!-- \/ Yoast SEO plugin. -->","yoast_head_json":{"title":"ADACEM presents itself in Huelva with a breakfast-colloquium held in Gabitel Ingenieros - Gabitel","robots":{"index":"index","follow":"follow","max-snippet":"max-snippet:-1","max-image-preview":"max-image-preview:large","max-video-preview":"max-video-preview:-1"},"canonical":"https:\/\/gabitel.net\/en\/adacem-presents-itself-in-huelva-with-a-breakfast-colloquium-held-in-gabitel-ingenieros\/","og_locale":"en_US","og_type":"article","og_title":"ADACEM presents itself in Huelva with a breakfast-colloquium held in Gabitel Ingenieros - Gabitel","og_description":"During the morning of Thursday 24 January, a breakfast-colloquium was held at the headquarters of Gabitel Ingenieros, at the invitation of the Association of Directors of Andalusia, Ceuta and Melilla (ADACEM), which brought together important personalities from the business world of Huelva, including the Councillor for Urban Planning, Manuel G\u00f3mez M\u00e1rquez, and Jos\u00e9 Luis Ramos, [&hellip;]","og_url":"https:\/\/gabitel.net\/en\/adacem-presents-itself-in-huelva-with-a-breakfast-colloquium-held-in-gabitel-ingenieros\/","og_site_name":"Gabitel","article_publisher":"https:\/\/www.facebook.com\/gabitelingenieros\/","article_published_time":"2019-01-25T13:00:30+00:00","og_image":[{"url":"https:\/\/gabitelingenieros.com\/wp-content\/uploads\/2019\/01\/IMG_20190124_102248-mod.jpg","type":"","width":"","height":""}],"author":"user.autor","twitter_card":"summary_large_image","twitter_misc":{"Written by":"user.autor","Est. reading time":"4 minutes"},"schema":{"@context":"https:\/\/schema.org","@graph":[{"@type":["Article","BlogPosting"],"@id":"https:\/\/gabitel.net\/en\/adacem-presents-itself-in-huelva-with-a-breakfast-colloquium-held-in-gabitel-ingenieros\/#article","isPartOf":{"@id":"https:\/\/gabitel.net\/en\/adacem-presents-itself-in-huelva-with-a-breakfast-colloquium-held-in-gabitel-ingenieros\/"},"author":{"name":"user.autor","@id":"https:\/\/gabitel.net\/en\/#\/schema\/person\/37ba53714c3fedb9c7d22f4bc781465c"},"headline":"ADACEM presents itself in Huelva with a breakfast-colloquium held in Gabitel Ingenieros","datePublished":"2019-01-25T13:00:30+00:00","mainEntityOfPage":{"@id":"https:\/\/gabitel.net\/en\/adacem-presents-itself-in-huelva-with-a-breakfast-colloquium-held-in-gabitel-ingenieros\/"},"wordCount":867,"publisher":{"@id":"https:\/\/gabitel.net\/en\/#organization"},"image":{"@id":"https:\/\/gabitel.net\/en\/adacem-presents-itself-in-huelva-with-a-breakfast-colloquium-held-in-gabitel-ingenieros\/#primaryimage"},"thumbnailUrl":"https:\/\/gabitel.net\/wp-content\/uploads\/2019\/01\/IMG-20190125-WA0013.jpg","articleSection":["Off-topic"],"inLanguage":"en-US"},{"@type":"WebPage","@id":"https:\/\/gabitel.net\/en\/adacem-presents-itself-in-huelva-with-a-breakfast-colloquium-held-in-gabitel-ingenieros\/","url":"https:\/\/gabitel.net\/en\/adacem-presents-itself-in-huelva-with-a-breakfast-colloquium-held-in-gabitel-ingenieros\/","name":"ADACEM presents itself in Huelva with a breakfast-colloquium held in Gabitel Ingenieros - Gabitel","isPartOf":{"@id":"https:\/\/gabitel.net\/en\/#website"},"primaryImageOfPage":{"@id":"https:\/\/gabitel.net\/en\/adacem-presents-itself-in-huelva-with-a-breakfast-colloquium-held-in-gabitel-ingenieros\/#primaryimage"},"image":{"@id":"https:\/\/gabitel.net\/en\/adacem-presents-itself-in-huelva-with-a-breakfast-colloquium-held-in-gabitel-ingenieros\/#primaryimage"},"thumbnailUrl":"https:\/\/gabitel.net\/wp-content\/uploads\/2019\/01\/IMG-20190125-WA0013.jpg","datePublished":"2019-01-25T13:00:30+00:00","breadcrumb":{"@id":"https:\/\/gabitel.net\/en\/adacem-presents-itself-in-huelva-with-a-breakfast-colloquium-held-in-gabitel-ingenieros\/#breadcrumb"},"inLanguage":"en-US","potentialAction":[{"@type":"ReadAction","target":["https:\/\/gabitel.net\/en\/adacem-presents-itself-in-huelva-with-a-breakfast-colloquium-held-in-gabitel-ingenieros\/"]}]},{"@type":"ImageObject","inLanguage":"en-US","@id":"https:\/\/gabitel.net\/en\/adacem-presents-itself-in-huelva-with-a-breakfast-colloquium-held-in-gabitel-ingenieros\/#primaryimage","url":"https:\/\/gabitel.net\/wp-content\/uploads\/2019\/01\/IMG-20190125-WA0013.jpg","contentUrl":"https:\/\/gabitel.net\/wp-content\/uploads\/2019\/01\/IMG-20190125-WA0013.jpg","width":1024,"height":768,"caption":"ADACEM_desayuno_coloquio"},{"@type":"BreadcrumbList","@id":"https:\/\/gabitel.net\/en\/adacem-presents-itself-in-huelva-with-a-breakfast-colloquium-held-in-gabitel-ingenieros\/#breadcrumb","itemListElement":[{"@type":"ListItem","position":1,"name":"Portada","item":"https:\/\/gabitel.net\/en\/"},{"@type":"ListItem","position":2,"name":"ADACEM presents itself in Huelva with a breakfast-colloquium held in Gabitel Ingenieros"}]},{"@type":"WebSite","@id":"https:\/\/gabitel.net\/en\/#website","url":"https:\/\/gabitel.net\/en\/","name":"Gabitel","description":"","publisher":{"@id":"https:\/\/gabitel.net\/en\/#organization"},"potentialAction":[{"@type":"SearchAction","target":{"@type":"EntryPoint","urlTemplate":"https:\/\/gabitel.net\/en\/?s={search_term_string}"},"query-input":{"@type":"PropertyValueSpecification","valueRequired":true,"valueName":"search_term_string"}}],"inLanguage":"en-US"},{"@type":"Organization","@id":"https:\/\/gabitel.net\/en\/#organization","name":"Gabitel","url":"https:\/\/gabitel.net\/en\/","logo":{"@type":"ImageObject","inLanguage":"en-US","@id":"https:\/\/gabitel.net\/en\/#\/schema\/logo\/image\/","url":"https:\/\/gabitel.net\/wp-content\/uploads\/2025\/05\/logo_gabitel.jpg","contentUrl":"https:\/\/gabitel.net\/wp-content\/uploads\/2025\/05\/logo_gabitel.jpg","width":2560,"height":1330,"caption":"Gabitel"},"image":{"@id":"https:\/\/gabitel.net\/en\/#\/schema\/logo\/image\/"},"sameAs":["https:\/\/www.facebook.com\/gabitelingenieros\/","https:\/\/es.linkedin.com\/company\/gabitel-ingenieros"]},{"@type":"Person","@id":"https:\/\/gabitel.net\/en\/#\/schema\/person\/37ba53714c3fedb9c7d22f4bc781465c","name":"user.autor","url":"https:\/\/gabitel.net\/en\/author\/user-autor\/"}]}},"_links":{"self":[{"href":"https:\/\/gabitel.net\/en\/wp-json\/wp\/v2\/posts\/33215","targetHints":{"allow":["GET"]}}],"collection":[{"href":"https:\/\/gabitel.net\/en\/wp-json\/wp\/v2\/posts"}],"about":[{"href":"https:\/\/gabitel.net\/en\/wp-json\/wp\/v2\/types\/post"}],"author":[{"embeddable":true,"href":"https:\/\/gabitel.net\/en\/wp-json\/wp\/v2\/users\/3"}],"replies":[{"embeddable":true,"href":"https:\/\/gabitel.net\/en\/wp-json\/wp\/v2\/comments?post=33215"}],"version-history":[{"count":0,"href":"https:\/\/gabitel.net\/en\/wp-json\/wp\/v2\/posts\/33215\/revisions"}],"wp:featuredmedia":[{"embeddable":true,"href":"https:\/\/gabitel.net\/en\/wp-json\/wp\/v2\/media\/33583"}],"wp:attachment":[{"href":"https:\/\/gabitel.net\/en\/wp-json\/wp\/v2\/media?parent=33215"}],"wp:term":[{"taxonomy":"category","embeddable":true,"href":"https:\/\/gabitel.net\/en\/wp-json\/wp\/v2\/categories?post=33215"},{"taxonomy":"post_tag","embeddable":true,"href":"https:\/\/gabitel.net\/en\/wp-json\/wp\/v2\/tags?post=33215"}],"curies":[{"name":"wp","href":"https:\/\/api.w.org\/{rel}","templated":true}]}}