{"id":33235,"date":"2016-12-15T16:32:57","date_gmt":"2016-12-15T15:32:57","guid":{"rendered":"https:\/\/gabitel.net\/jornadas-coaching-intensivo\/"},"modified":"2016-12-15T16:32:57","modified_gmt":"2016-12-15T15:32:57","slug":"jornadas-coaching-intensivo","status":"publish","type":"post","link":"https:\/\/gabitel.net\/en\/jornadas-coaching-intensivo\/","title":{"rendered":"Jornadas de <i>coaching<\/i> intensivo"},"content":{"rendered":"<p style=\"text-align: justify;\" data-mce-style=\"text-align: justify;\">El coaching profesional consiste en una relaci\u00f3n que se establece con la intenci\u00f3n de obtener resultados extraordinarios de uno mismo, tanto en el aspecto profesional como en otros \u00e1mbitos de la vida. Es un instrumento que se utiliza para profundizar en el conocimiento, aumentar el rendimiento y en definitiva mejorar la calidad de vida.<\/p>\n<p style=\"text-align: justify;\" data-mce-style=\"text-align: justify;\">El coaching debe estar basado en el respeto al otro, dejando espacio para que se pueda desarrollar personalmente seg\u00fan sus necesidades, pero buscando siempre mejorar la comunicaci\u00f3n y fomentar el autoconocimiento.<\/p>\n<p style=\"text-align: justify;\" data-mce-style=\"text-align: justify;\">Como siempre decimos, una de las bases para el funcionamiento de nuestra empresa es la confianza en nuestro equipo, en las personas que lo componen y en las relaciones que existen entre ellos, por eso consideramos que una sesi\u00f3n de coaching intensivo pod\u00eda ser una actividad enriquecedora para todos y servirnos para afianzar esos cimientos, y est\u00e1bamos en lo correcto.<\/p>\n<p style=\"text-align: justify;\" data-mce-style=\"text-align: justify;\">El jueves 11 de noviembre a las 8 de la ma\u00f1ana citamos a un grupo de 22 personas, entre los que estaban gerentes, coordinadores y jefes de proyecto de nuestra empresa, que se pusieron ciegamente en manos de Jes\u00fas Pelayo, Lola Pelayo y <a data-mce-href=\"https:\/\/www.facebook.com\/cambiarcrecer\/?fref=ts\" href=\"https:\/\/www.facebook.com\/cambiarcrecer\/?fref=ts\">Cambiar para crecer<\/a> para dos d\u00edas de Outdoor Training, y decimos \u201cciegamente\u201d no s\u00f3lo porque pusieran toda su confianza en su gran profesionalidad, sino porque s\u00f3lo sab\u00edan la hora de salida, la vestimenta que deb\u00edan llevar y que pasar\u00edan 2 d\u00edas fuera de su rutina habitual, sin estar al tanto del destino y el tipo de actividades que se iban a realizar.<\/p>\n<p style=\"text-align: justify;\" data-mce-style=\"text-align: justify;\">Las experiencias vividas estos d\u00edas fueron&nbsp;tan enriquecedoras y tanto recomendamos su pr\u00e1ctica, que no vamos a entrar a describir en detalle las din\u00e1micas llevadas a cabo para no da\u00f1ar ese halo de ilusi\u00f3n y nerviosismo ante lo desconocido que envolv\u00eda a nuestros compa\u00f1eros en los d\u00edas previos a la salida, pero sin profundizar no podemos dejar de mencionar al maravilloso personal de <a data-mce-href=\"http:\/\/www.andevaloaventura.com\/\" href=\"http:\/\/www.andevaloaventura.com\/\">And\u00e9valo Aventura<\/a> que tanto se han implicado en que nuestros compa\u00f1eros pudieran aprovechar al m\u00e1ximo estos momentos.<\/p>\n<p style=\"text-align: justify;\" data-mce-style=\"text-align: justify;\">Gracias a este entrenamiento, nuestro equipo:<\/p>\n<ul style=\"text-align: justify;\" data-mce-style=\"text-align: justify;\">\n<li>Ha trabajado el sentido de pertenencia, vinculando el sentimiento de equipo a la identidad de cada miembro.<\/li>\n<li>Ha conseguido superar sus miedos personales, apoy\u00e1ndose para ello en la confianza despositada en el resto de compa\u00f1eros.<\/li>\n<li>Ha aprendido la importancia que tiene una comunicaci\u00f3n fluida y positiva en el desempe\u00f1o del trabajo y la productividad.<\/li>\n<li>Ha entendido que los errores son una parte de cualquier proceso y que son una oportunidad m\u00e1s para el aprendizaje.<\/li>\n<li>Ha comprendido la necesidad de entablar un di\u00e1logo constructivo entre sus miembros.<\/li>\n<li>Ha observado como existen diversos tipos de liderazgo, que deben ser asumidos para cada etapa de un proceso.<\/li>\n<\/ul>\n<p style=\"text-align: justify;\" data-mce-style=\"text-align: justify;\">Como resumen de todo esto podemos decir que todos nuestros compa\u00f1eros reforzaron en estos d\u00edas&nbsp;el esp\u00edritu de equipo existente, experimentaron que el esfuerzo colectivo es mucho m\u00e1s efectivo que el individual y que, como dijo Alejandro Magno, \u201cde la conducta de cada uno depende el destino de todos\u201d.<\/p>\n","protected":false},"excerpt":{"rendered":"<p>El coaching profesional consiste en una relaci\u00f3n que se establece con la intenci\u00f3n de obtener resultados extraordinarios de uno mismo, tanto en el aspecto profesional como en otros \u00e1mbitos de la vida. Es un instrumento que se utiliza para profundizar en el conocimiento, aumentar el rendimiento y en definitiva mejorar la calidad de vida. El [&hellip;]<\/p>\n","protected":false},"author":3,"featured_media":33415,"comment_status":"closed","ping_status":"closed","sticky":false,"template":"","format":"standard","meta":{"content-type":"","footnotes":""},"categories":[601],"tags":[],"class_list":["post-33235","post","type-post","status-publish","format-standard","has-post-thumbnail","hentry","category-off-topic-en"],"yoast_head":"<!-- This site is optimized with the Yoast SEO plugin v27.5 - https:\/\/yoast.com\/product\/yoast-seo-wordpress\/ -->\n<title>Jornadas de coaching intensivo - Gabitel<\/title>\n<meta name=\"robots\" content=\"index, follow, max-snippet:-1, max-image-preview:large, max-video-preview:-1\" \/>\n<link rel=\"canonical\" href=\"https:\/\/gabitel.net\/en\/jornadas-coaching-intensivo\/\" \/>\n<meta property=\"og:locale\" content=\"en_US\" \/>\n<meta property=\"og:type\" content=\"article\" \/>\n<meta property=\"og:title\" content=\"Jornadas de coaching intensivo - Gabitel\" \/>\n<meta property=\"og:description\" content=\"El coaching profesional consiste en una relaci\u00f3n que se establece con la intenci\u00f3n de obtener resultados extraordinarios de uno mismo, tanto en el aspecto profesional como en otros \u00e1mbitos de la vida. Es un instrumento que se utiliza para profundizar en el conocimiento, aumentar el rendimiento y en definitiva mejorar la calidad de vida. El [&hellip;]\" \/>\n<meta property=\"og:url\" content=\"https:\/\/gabitel.net\/en\/jornadas-coaching-intensivo\/\" \/>\n<meta property=\"og:site_name\" content=\"Gabitel\" \/>\n<meta property=\"article:publisher\" content=\"https:\/\/www.facebook.com\/gabitelingenieros\/\" \/>\n<meta property=\"article:published_time\" content=\"2016-12-15T15:32:57+00:00\" \/>\n<meta name=\"author\" content=\"user.autor\" \/>\n<meta name=\"twitter:card\" content=\"summary_large_image\" \/>\n<meta name=\"twitter:label1\" content=\"Written by\" \/>\n\t<meta name=\"twitter:data1\" content=\"user.autor\" \/>\n\t<meta name=\"twitter:label2\" content=\"Est. reading time\" \/>\n\t<meta name=\"twitter:data2\" content=\"3 minutes\" \/>\n<script type=\"application\/ld+json\" class=\"yoast-schema-graph\">{\"@context\":\"https:\\\/\\\/schema.org\",\"@graph\":[{\"@type\":[\"Article\",\"BlogPosting\"],\"@id\":\"https:\\\/\\\/gabitel.net\\\/en\\\/jornadas-coaching-intensivo\\\/#article\",\"isPartOf\":{\"@id\":\"https:\\\/\\\/gabitel.net\\\/en\\\/jornadas-coaching-intensivo\\\/\"},\"author\":{\"name\":\"user.autor\",\"@id\":\"https:\\\/\\\/gabitel.net\\\/en\\\/#\\\/schema\\\/person\\\/37ba53714c3fedb9c7d22f4bc781465c\"},\"headline\":\"Jornadas de coaching intensivo\",\"datePublished\":\"2016-12-15T15:32:57+00:00\",\"mainEntityOfPage\":{\"@id\":\"https:\\\/\\\/gabitel.net\\\/en\\\/jornadas-coaching-intensivo\\\/\"},\"wordCount\":528,\"publisher\":{\"@id\":\"https:\\\/\\\/gabitel.net\\\/en\\\/#organization\"},\"image\":{\"@id\":\"https:\\\/\\\/gabitel.net\\\/en\\\/jornadas-coaching-intensivo\\\/#primaryimage\"},\"thumbnailUrl\":\"https:\\\/\\\/gabitel.net\\\/wp-content\\\/uploads\\\/2016\\\/11\\\/14990895_1133074510095217_7885269185482088856_o.jpg\",\"articleSection\":[\"Off-topic\"],\"inLanguage\":\"en-US\"},{\"@type\":\"WebPage\",\"@id\":\"https:\\\/\\\/gabitel.net\\\/en\\\/jornadas-coaching-intensivo\\\/\",\"url\":\"https:\\\/\\\/gabitel.net\\\/en\\\/jornadas-coaching-intensivo\\\/\",\"name\":\"Jornadas de coaching intensivo - Gabitel\",\"isPartOf\":{\"@id\":\"https:\\\/\\\/gabitel.net\\\/en\\\/#website\"},\"primaryImageOfPage\":{\"@id\":\"https:\\\/\\\/gabitel.net\\\/en\\\/jornadas-coaching-intensivo\\\/#primaryimage\"},\"image\":{\"@id\":\"https:\\\/\\\/gabitel.net\\\/en\\\/jornadas-coaching-intensivo\\\/#primaryimage\"},\"thumbnailUrl\":\"https:\\\/\\\/gabitel.net\\\/wp-content\\\/uploads\\\/2016\\\/11\\\/14990895_1133074510095217_7885269185482088856_o.jpg\",\"datePublished\":\"2016-12-15T15:32:57+00:00\",\"breadcrumb\":{\"@id\":\"https:\\\/\\\/gabitel.net\\\/en\\\/jornadas-coaching-intensivo\\\/#breadcrumb\"},\"inLanguage\":\"en-US\",\"potentialAction\":[{\"@type\":\"ReadAction\",\"target\":[\"https:\\\/\\\/gabitel.net\\\/en\\\/jornadas-coaching-intensivo\\\/\"]}]},{\"@type\":\"ImageObject\",\"inLanguage\":\"en-US\",\"@id\":\"https:\\\/\\\/gabitel.net\\\/en\\\/jornadas-coaching-intensivo\\\/#primaryimage\",\"url\":\"https:\\\/\\\/gabitel.net\\\/wp-content\\\/uploads\\\/2016\\\/11\\\/14990895_1133074510095217_7885269185482088856_o.jpg\",\"contentUrl\":\"https:\\\/\\\/gabitel.net\\\/wp-content\\\/uploads\\\/2016\\\/11\\\/14990895_1133074510095217_7885269185482088856_o.jpg\",\"width\":2048,\"height\":1365,\"caption\":\"gabitel_jornada_coaching\"},{\"@type\":\"BreadcrumbList\",\"@id\":\"https:\\\/\\\/gabitel.net\\\/en\\\/jornadas-coaching-intensivo\\\/#breadcrumb\",\"itemListElement\":[{\"@type\":\"ListItem\",\"position\":1,\"name\":\"Portada\",\"item\":\"https:\\\/\\\/gabitel.net\\\/en\\\/\"},{\"@type\":\"ListItem\",\"position\":2,\"name\":\"Jornadas de coaching intensivo\"}]},{\"@type\":\"WebSite\",\"@id\":\"https:\\\/\\\/gabitel.net\\\/en\\\/#website\",\"url\":\"https:\\\/\\\/gabitel.net\\\/en\\\/\",\"name\":\"Gabitel\",\"description\":\"\",\"publisher\":{\"@id\":\"https:\\\/\\\/gabitel.net\\\/en\\\/#organization\"},\"potentialAction\":[{\"@type\":\"SearchAction\",\"target\":{\"@type\":\"EntryPoint\",\"urlTemplate\":\"https:\\\/\\\/gabitel.net\\\/en\\\/?s={search_term_string}\"},\"query-input\":{\"@type\":\"PropertyValueSpecification\",\"valueRequired\":true,\"valueName\":\"search_term_string\"}}],\"inLanguage\":\"en-US\"},{\"@type\":\"Organization\",\"@id\":\"https:\\\/\\\/gabitel.net\\\/en\\\/#organization\",\"name\":\"Gabitel\",\"url\":\"https:\\\/\\\/gabitel.net\\\/en\\\/\",\"logo\":{\"@type\":\"ImageObject\",\"inLanguage\":\"en-US\",\"@id\":\"https:\\\/\\\/gabitel.net\\\/en\\\/#\\\/schema\\\/logo\\\/image\\\/\",\"url\":\"https:\\\/\\\/gabitel.net\\\/wp-content\\\/uploads\\\/2025\\\/05\\\/logo_gabitel.jpg\",\"contentUrl\":\"https:\\\/\\\/gabitel.net\\\/wp-content\\\/uploads\\\/2025\\\/05\\\/logo_gabitel.jpg\",\"width\":2560,\"height\":1330,\"caption\":\"Gabitel\"},\"image\":{\"@id\":\"https:\\\/\\\/gabitel.net\\\/en\\\/#\\\/schema\\\/logo\\\/image\\\/\"},\"sameAs\":[\"https:\\\/\\\/www.facebook.com\\\/gabitelingenieros\\\/\",\"https:\\\/\\\/es.linkedin.com\\\/company\\\/gabitel-ingenieros\"]},{\"@type\":\"Person\",\"@id\":\"https:\\\/\\\/gabitel.net\\\/en\\\/#\\\/schema\\\/person\\\/37ba53714c3fedb9c7d22f4bc781465c\",\"name\":\"user.autor\",\"url\":\"https:\\\/\\\/gabitel.net\\\/en\\\/author\\\/user-autor\\\/\"}]}<\/script>\n<!-- \/ Yoast SEO plugin. -->","yoast_head_json":{"title":"Jornadas de coaching intensivo - Gabitel","robots":{"index":"index","follow":"follow","max-snippet":"max-snippet:-1","max-image-preview":"max-image-preview:large","max-video-preview":"max-video-preview:-1"},"canonical":"https:\/\/gabitel.net\/en\/jornadas-coaching-intensivo\/","og_locale":"en_US","og_type":"article","og_title":"Jornadas de coaching intensivo - Gabitel","og_description":"El coaching profesional consiste en una relaci\u00f3n que se establece con la intenci\u00f3n de obtener resultados extraordinarios de uno mismo, tanto en el aspecto profesional como en otros \u00e1mbitos de la vida. Es un instrumento que se utiliza para profundizar en el conocimiento, aumentar el rendimiento y en definitiva mejorar la calidad de vida. El [&hellip;]","og_url":"https:\/\/gabitel.net\/en\/jornadas-coaching-intensivo\/","og_site_name":"Gabitel","article_publisher":"https:\/\/www.facebook.com\/gabitelingenieros\/","article_published_time":"2016-12-15T15:32:57+00:00","author":"user.autor","twitter_card":"summary_large_image","twitter_misc":{"Written by":"user.autor","Est. reading time":"3 minutes"},"schema":{"@context":"https:\/\/schema.org","@graph":[{"@type":["Article","BlogPosting"],"@id":"https:\/\/gabitel.net\/en\/jornadas-coaching-intensivo\/#article","isPartOf":{"@id":"https:\/\/gabitel.net\/en\/jornadas-coaching-intensivo\/"},"author":{"name":"user.autor","@id":"https:\/\/gabitel.net\/en\/#\/schema\/person\/37ba53714c3fedb9c7d22f4bc781465c"},"headline":"Jornadas de coaching intensivo","datePublished":"2016-12-15T15:32:57+00:00","mainEntityOfPage":{"@id":"https:\/\/gabitel.net\/en\/jornadas-coaching-intensivo\/"},"wordCount":528,"publisher":{"@id":"https:\/\/gabitel.net\/en\/#organization"},"image":{"@id":"https:\/\/gabitel.net\/en\/jornadas-coaching-intensivo\/#primaryimage"},"thumbnailUrl":"https:\/\/gabitel.net\/wp-content\/uploads\/2016\/11\/14990895_1133074510095217_7885269185482088856_o.jpg","articleSection":["Off-topic"],"inLanguage":"en-US"},{"@type":"WebPage","@id":"https:\/\/gabitel.net\/en\/jornadas-coaching-intensivo\/","url":"https:\/\/gabitel.net\/en\/jornadas-coaching-intensivo\/","name":"Jornadas de coaching intensivo - Gabitel","isPartOf":{"@id":"https:\/\/gabitel.net\/en\/#website"},"primaryImageOfPage":{"@id":"https:\/\/gabitel.net\/en\/jornadas-coaching-intensivo\/#primaryimage"},"image":{"@id":"https:\/\/gabitel.net\/en\/jornadas-coaching-intensivo\/#primaryimage"},"thumbnailUrl":"https:\/\/gabitel.net\/wp-content\/uploads\/2016\/11\/14990895_1133074510095217_7885269185482088856_o.jpg","datePublished":"2016-12-15T15:32:57+00:00","breadcrumb":{"@id":"https:\/\/gabitel.net\/en\/jornadas-coaching-intensivo\/#breadcrumb"},"inLanguage":"en-US","potentialAction":[{"@type":"ReadAction","target":["https:\/\/gabitel.net\/en\/jornadas-coaching-intensivo\/"]}]},{"@type":"ImageObject","inLanguage":"en-US","@id":"https:\/\/gabitel.net\/en\/jornadas-coaching-intensivo\/#primaryimage","url":"https:\/\/gabitel.net\/wp-content\/uploads\/2016\/11\/14990895_1133074510095217_7885269185482088856_o.jpg","contentUrl":"https:\/\/gabitel.net\/wp-content\/uploads\/2016\/11\/14990895_1133074510095217_7885269185482088856_o.jpg","width":2048,"height":1365,"caption":"gabitel_jornada_coaching"},{"@type":"BreadcrumbList","@id":"https:\/\/gabitel.net\/en\/jornadas-coaching-intensivo\/#breadcrumb","itemListElement":[{"@type":"ListItem","position":1,"name":"Portada","item":"https:\/\/gabitel.net\/en\/"},{"@type":"ListItem","position":2,"name":"Jornadas de coaching intensivo"}]},{"@type":"WebSite","@id":"https:\/\/gabitel.net\/en\/#website","url":"https:\/\/gabitel.net\/en\/","name":"Gabitel","description":"","publisher":{"@id":"https:\/\/gabitel.net\/en\/#organization"},"potentialAction":[{"@type":"SearchAction","target":{"@type":"EntryPoint","urlTemplate":"https:\/\/gabitel.net\/en\/?s={search_term_string}"},"query-input":{"@type":"PropertyValueSpecification","valueRequired":true,"valueName":"search_term_string"}}],"inLanguage":"en-US"},{"@type":"Organization","@id":"https:\/\/gabitel.net\/en\/#organization","name":"Gabitel","url":"https:\/\/gabitel.net\/en\/","logo":{"@type":"ImageObject","inLanguage":"en-US","@id":"https:\/\/gabitel.net\/en\/#\/schema\/logo\/image\/","url":"https:\/\/gabitel.net\/wp-content\/uploads\/2025\/05\/logo_gabitel.jpg","contentUrl":"https:\/\/gabitel.net\/wp-content\/uploads\/2025\/05\/logo_gabitel.jpg","width":2560,"height":1330,"caption":"Gabitel"},"image":{"@id":"https:\/\/gabitel.net\/en\/#\/schema\/logo\/image\/"},"sameAs":["https:\/\/www.facebook.com\/gabitelingenieros\/","https:\/\/es.linkedin.com\/company\/gabitel-ingenieros"]},{"@type":"Person","@id":"https:\/\/gabitel.net\/en\/#\/schema\/person\/37ba53714c3fedb9c7d22f4bc781465c","name":"user.autor","url":"https:\/\/gabitel.net\/en\/author\/user-autor\/"}]}},"_links":{"self":[{"href":"https:\/\/gabitel.net\/en\/wp-json\/wp\/v2\/posts\/33235","targetHints":{"allow":["GET"]}}],"collection":[{"href":"https:\/\/gabitel.net\/en\/wp-json\/wp\/v2\/posts"}],"about":[{"href":"https:\/\/gabitel.net\/en\/wp-json\/wp\/v2\/types\/post"}],"author":[{"embeddable":true,"href":"https:\/\/gabitel.net\/en\/wp-json\/wp\/v2\/users\/3"}],"replies":[{"embeddable":true,"href":"https:\/\/gabitel.net\/en\/wp-json\/wp\/v2\/comments?post=33235"}],"version-history":[{"count":0,"href":"https:\/\/gabitel.net\/en\/wp-json\/wp\/v2\/posts\/33235\/revisions"}],"wp:featuredmedia":[{"embeddable":true,"href":"https:\/\/gabitel.net\/en\/wp-json\/wp\/v2\/media\/33415"}],"wp:attachment":[{"href":"https:\/\/gabitel.net\/en\/wp-json\/wp\/v2\/media?parent=33235"}],"wp:term":[{"taxonomy":"category","embeddable":true,"href":"https:\/\/gabitel.net\/en\/wp-json\/wp\/v2\/categories?post=33235"},{"taxonomy":"post_tag","embeddable":true,"href":"https:\/\/gabitel.net\/en\/wp-json\/wp\/v2\/tags?post=33235"}],"curies":[{"name":"wp","href":"https:\/\/api.w.org\/{rel}","templated":true}]}}