{"id":33241,"date":"2016-10-13T11:42:45","date_gmt":"2016-10-13T10:42:45","guid":{"rendered":"https:\/\/gabitel.net\/jornadas-familiares-2016\/"},"modified":"2016-10-13T11:42:45","modified_gmt":"2016-10-13T10:42:45","slug":"jornadas-familiares-2016","status":"publish","type":"post","link":"https:\/\/gabitel.net\/en\/jornadas-familiares-2016\/","title":{"rendered":"Jornadas Familiares de Gabitel Ingenieros 2016"},"content":{"rendered":"<p style=\"text-align: justify;\">Aunque la predicci\u00f3n meteorol\u00f3gica no era muy optimista, \u00e9sta no fue suficiente para evitar que unas 200 personas, entre trabajadores y familiares de Gabitel, <a href=\"http:\/\/web.pronamic.net\/\">Pronamic<\/a>, <a href=\"http:\/\/realza.es\/\">Realza<\/a> y Estudio Vel\u00f3dromo, se reunieran en el <a href=\"http:\/\/www.centrohipicomarianoorta.es\/\">Centro H\u00edpico Mariano Orta<\/a>, aprovechando la festividad del 12 de Octubre.<\/p>\n<p style=\"text-align: justify;\">La direcci\u00f3n de la empresa hab\u00eda convocado a todos los que quisieran asistir, a partir de las 11 de la ma\u00f1ana, para disfrutar de un d\u00eda de ocio compartido con los compa\u00f1eros de trabajo. Fue a esta hora a la que llegaron los m\u00e1s madrugadores, dispuestos a realizar una ruta de senderismo por la ribera del Tinto.&nbsp;Mientras en el Centro H\u00edpico la organizaci\u00f3n iba preparando comida y bebida para que, conforme iban llegando todos los asistentes, estuvieran bien atendidos.&nbsp;<\/p>\n<p>&nbsp;<\/p>\n<p><img decoding=\"async\" src=\"https:\/\/gabitelingenieros.com\/wp-content\/uploads\/2016\/10\/IMG_1792.jpg\" alt=\"Jornadas Familiares de | Gabitel Ingenieros\" \/> <img decoding=\"async\" src=\"https:\/\/gabitelingenieros.com\/wp-content\/uploads\/2016\/10\/IMG_1787.jpg\" alt=\"Jornadas Familiares de | Gabitel Ingenieros\" \/> <\/p>\n<p style=\"text-align: justify;\">Los m\u00e1s peque\u00f1os estaban perfectamente organizados por edades, cada grupo acompa\u00f1ado por su monitor, que se encargaba de que no desaprovecharan ni un segundo: visita a los animales del centro, paseos a caballos, gynkanas, deportes \u00a1y un mont\u00f3n de manualidades! Gracias a\u00a0las actividades organizadas por <a href=\"http:\/\/equinoterapia-ehh.blogspot.com.es\/\">Aotana<\/a>, los ni\u00f1os se olvidaron de los mayores pr\u00e1cticamente desde su llegada para pasar un d\u00eda maravilloso y hacer nuevas amistades.\u00a0Por su parte\u00a0los adultos disfrutaban de los deliciosos aperitivos del catering de Horno San Ram\u00f3n y hablaban con los compa\u00f1eros\u00a0en un ambiente muy distendido, fuera de las paredes de la oficina entre las que est\u00e1n acostumbrados a relacionarse.<\/p>\n<p>\u00a0<\/p>\n<p><img decoding=\"async\" src=\"https:\/\/gabitelingenieros.com\/wp-content\/uploads\/2016\/10\/IMG_1828_mod.jpg\" alt=\"Jornadas Familiares de | Gabitel Ingenieros\" \/> <img decoding=\"async\" src=\"https:\/\/gabitelingenieros.com\/wp-content\/uploads\/2016\/10\/IMG_20161012_151005_mod.jpg\" alt=\"Jornadas Familiares de | Gabitel Ingenieros\" \/> <\/p>\n<p style=\"text-align: justify;\">En torno a las 14h, aunque el cielo todav\u00eda respetaba nuestra jornada, empez\u00f3 a desarrollarse en el interior de la nave la gynkana por parejas, sin duda uno de los momentos m\u00e1s divertidos del d\u00eda: muchas carreras, tirachinas, saltos y algunas ca\u00eddas, despu\u00e9s de que todos los participantes se esforzaran por llevarse el premio se publicaron los ganadores en las redes sociales, los resultados fueron:&nbsp;<\/p>\n<p style=\"text-align: justify;\">En quinta posici\u00f3n&#8230; Migue y Antonio con 4&#8217;25&#8221;<br \/>En cuarta posici\u00f3n&#8230; Alfonso y Juanjo con 4&#8217;20&#8221;&nbsp;<br \/>En tercera posici\u00f3n&#8230; \u00c1ngela y Carlos con 4&#8217;19&#8221;<br \/>En segunda posici\u00f3n&#8230; Crist\u00f3bal y Araceli con 4&#8217;06&#8221;<span class=\"text_exposed_show\"><br \/>\u00a1Y en primera posici\u00f3n&#8230; Laura y Javi&nbsp;con 4&#8217;03&#8221;!<\/span><\/p>\n<p style=\"text-align: justify;\">Tras el esfuerzo hecho hab\u00eda que reponer fuerzas, nos esperaba una estupenda comida con postre incluido, todo para chuparse los dedos.&nbsp;<\/p>\n<p><img decoding=\"async\" src=\"https:\/\/gabitelingenieros.com\/wp-content\/uploads\/2016\/10\/IMG_1813-e1476353727866.jpg\" alt=\"Jornadas Familiares de | Gabitel Ingenieros\" \/> <img decoding=\"async\" src=\"https:\/\/gabitelingenieros.com\/wp-content\/uploads\/2016\/10\/IMG_20161012_142100.jpg\" alt=\"Jornadas Familiares de | Gabitel Ingenieros\" \/> <\/p>\n<p style=\"text-align: justify;\" data-mce-style=\"text-align: justify;\">Y para terminar el d\u00eda <a href=\"http:\/\/antiheroesrb.com\/\">&#8220;Los antih\u00e9roes&#8221;<\/a> estuvieron amenizando la tarde con sus versiones rockeras de los 80 y tambi\u00e9n con su humor, \u00bfpor qu\u00e9 no decirlo? Incluso nuestro compa\u00f1ero \u00c1ngel se uni\u00f3 con ellos en algunos temas, todo un derroche de talento que se extendi\u00f3 hasta las 19h.<\/p>\n<p style=\"text-align: justify;\" data-mce-style=\"text-align: justify;\">En resumen, una jornada maravillosa en la que todo sali\u00f3 a pedir de boca, ya que al final, excepto algunas gotas que sirvieron para asentar el albero,&nbsp;incluso las condiciones meteorol\u00f3gicas nos acompa\u00f1aron.<\/p>\n<p style=\"text-align: justify;\" data-mce-style=\"text-align: justify;\">No podemos terminar esta cr\u00f3nica sin expresar nuestra gratitud&nbsp;a toda la organizaci\u00f3n de <a href=\"http:\/\/www.centrohipicomarianoorta.es\/\">Centro H\u00edpico Mariano Orta<\/a> y <a href=\"http:\/\/equinoterapia-ehh.blogspot.com.es\/\">Aotana<\/a>, que se volc\u00f3 para que todos los presentes&nbsp;disfrutaran del d\u00eda al 100%, estamos deseando volver. Y por supuesto dar las gracias a todos los asistentes, en Gabitel consideramos este tipo de eventos fundamentales para el buen desarrollo de la empresa, como dice una de nuestras citas preferidas <em>&#8220;si pod\u00e9is re\u00edr juntos, pod\u00e9is trabajar juntos&#8221;<\/em>,&nbsp;y precisamente el objetivo de estos encuentros es poner en valor&nbsp;el equipo humano que conforma Gabitel Ingenieros y del que tan orgullosos nos sentimos.<\/p>\n<p><img decoding=\"async\" src=\"https:\/\/gabitelingenieros.com\/wp-content\/uploads\/2016\/10\/IMG_1885.jpg\" alt=\"Jornadas Familiares de | Gabitel Ingenieros\" \/> <\/p>\n","protected":false},"excerpt":{"rendered":"<p>Aunque la predicci\u00f3n meteorol\u00f3gica no era muy optimista, \u00e9sta no fue suficiente para evitar que unas 200 personas, entre trabajadores y familiares de Gabitel, Pronamic, Realza y Estudio Vel\u00f3dromo, se reunieran en el Centro H\u00edpico Mariano Orta, aprovechando la festividad del 12 de Octubre. La direcci\u00f3n de la empresa hab\u00eda convocado a todos los que [&hellip;]<\/p>\n","protected":false},"author":3,"featured_media":33395,"comment_status":"closed","ping_status":"closed","sticky":false,"template":"","format":"standard","meta":{"content-type":"","footnotes":""},"categories":[601],"tags":[],"class_list":["post-33241","post","type-post","status-publish","format-standard","has-post-thumbnail","hentry","category-off-topic-en"],"yoast_head":"<!-- This site is optimized with the Yoast SEO plugin v27.5 - https:\/\/yoast.com\/product\/yoast-seo-wordpress\/ -->\n<title>Jornadas Familiares de Gabitel Ingenieros 2016 - Gabitel<\/title>\n<meta name=\"robots\" content=\"index, follow, max-snippet:-1, max-image-preview:large, max-video-preview:-1\" \/>\n<link rel=\"canonical\" href=\"https:\/\/gabitel.net\/en\/jornadas-familiares-2016\/\" \/>\n<meta property=\"og:locale\" content=\"en_US\" \/>\n<meta property=\"og:type\" content=\"article\" \/>\n<meta property=\"og:title\" content=\"Jornadas Familiares de Gabitel Ingenieros 2016 - Gabitel\" \/>\n<meta property=\"og:description\" content=\"Aunque la predicci\u00f3n meteorol\u00f3gica no era muy optimista, \u00e9sta no fue suficiente para evitar que unas 200 personas, entre trabajadores y familiares de Gabitel, Pronamic, Realza y Estudio Vel\u00f3dromo, se reunieran en el Centro H\u00edpico Mariano Orta, aprovechando la festividad del 12 de Octubre. La direcci\u00f3n de la empresa hab\u00eda convocado a todos los que [&hellip;]\" \/>\n<meta property=\"og:url\" content=\"https:\/\/gabitel.net\/en\/jornadas-familiares-2016\/\" \/>\n<meta property=\"og:site_name\" content=\"Gabitel\" \/>\n<meta property=\"article:publisher\" content=\"https:\/\/www.facebook.com\/gabitelingenieros\/\" \/>\n<meta property=\"article:published_time\" content=\"2016-10-13T10:42:45+00:00\" \/>\n<meta property=\"og:image\" content=\"https:\/\/gabitelingenieros.com\/wp-content\/uploads\/2016\/10\/IMG_1792.jpg\" \/>\n<meta name=\"author\" content=\"user.autor\" \/>\n<meta name=\"twitter:card\" content=\"summary_large_image\" \/>\n<meta name=\"twitter:label1\" content=\"Written by\" \/>\n\t<meta name=\"twitter:data1\" content=\"user.autor\" \/>\n\t<meta name=\"twitter:label2\" content=\"Est. reading time\" \/>\n\t<meta name=\"twitter:data2\" content=\"3 minutes\" \/>\n<script type=\"application\/ld+json\" class=\"yoast-schema-graph\">{\"@context\":\"https:\\\/\\\/schema.org\",\"@graph\":[{\"@type\":[\"Article\",\"BlogPosting\"],\"@id\":\"https:\\\/\\\/gabitel.net\\\/en\\\/jornadas-familiares-2016\\\/#article\",\"isPartOf\":{\"@id\":\"https:\\\/\\\/gabitel.net\\\/en\\\/jornadas-familiares-2016\\\/\"},\"author\":{\"name\":\"user.autor\",\"@id\":\"https:\\\/\\\/gabitel.net\\\/en\\\/#\\\/schema\\\/person\\\/37ba53714c3fedb9c7d22f4bc781465c\"},\"headline\":\"Jornadas Familiares de Gabitel Ingenieros 2016\",\"datePublished\":\"2016-10-13T10:42:45+00:00\",\"mainEntityOfPage\":{\"@id\":\"https:\\\/\\\/gabitel.net\\\/en\\\/jornadas-familiares-2016\\\/\"},\"wordCount\":594,\"publisher\":{\"@id\":\"https:\\\/\\\/gabitel.net\\\/en\\\/#organization\"},\"image\":{\"@id\":\"https:\\\/\\\/gabitel.net\\\/en\\\/jornadas-familiares-2016\\\/#primaryimage\"},\"thumbnailUrl\":\"https:\\\/\\\/gabitel.net\\\/wp-content\\\/uploads\\\/2016\\\/10\\\/IMG_1826-scaled.jpg\",\"articleSection\":[\"Off-topic\"],\"inLanguage\":\"en-US\"},{\"@type\":\"WebPage\",\"@id\":\"https:\\\/\\\/gabitel.net\\\/en\\\/jornadas-familiares-2016\\\/\",\"url\":\"https:\\\/\\\/gabitel.net\\\/en\\\/jornadas-familiares-2016\\\/\",\"name\":\"Jornadas Familiares de Gabitel Ingenieros 2016 - Gabitel\",\"isPartOf\":{\"@id\":\"https:\\\/\\\/gabitel.net\\\/en\\\/#website\"},\"primaryImageOfPage\":{\"@id\":\"https:\\\/\\\/gabitel.net\\\/en\\\/jornadas-familiares-2016\\\/#primaryimage\"},\"image\":{\"@id\":\"https:\\\/\\\/gabitel.net\\\/en\\\/jornadas-familiares-2016\\\/#primaryimage\"},\"thumbnailUrl\":\"https:\\\/\\\/gabitel.net\\\/wp-content\\\/uploads\\\/2016\\\/10\\\/IMG_1826-scaled.jpg\",\"datePublished\":\"2016-10-13T10:42:45+00:00\",\"breadcrumb\":{\"@id\":\"https:\\\/\\\/gabitel.net\\\/en\\\/jornadas-familiares-2016\\\/#breadcrumb\"},\"inLanguage\":\"en-US\",\"potentialAction\":[{\"@type\":\"ReadAction\",\"target\":[\"https:\\\/\\\/gabitel.net\\\/en\\\/jornadas-familiares-2016\\\/\"]}]},{\"@type\":\"ImageObject\",\"inLanguage\":\"en-US\",\"@id\":\"https:\\\/\\\/gabitel.net\\\/en\\\/jornadas-familiares-2016\\\/#primaryimage\",\"url\":\"https:\\\/\\\/gabitel.net\\\/wp-content\\\/uploads\\\/2016\\\/10\\\/IMG_1826-scaled.jpg\",\"contentUrl\":\"https:\\\/\\\/gabitel.net\\\/wp-content\\\/uploads\\\/2016\\\/10\\\/IMG_1826-scaled.jpg\",\"width\":2560,\"height\":1920,\"caption\":\"jornada_familiar_2016_Gabitel\"},{\"@type\":\"BreadcrumbList\",\"@id\":\"https:\\\/\\\/gabitel.net\\\/en\\\/jornadas-familiares-2016\\\/#breadcrumb\",\"itemListElement\":[{\"@type\":\"ListItem\",\"position\":1,\"name\":\"Portada\",\"item\":\"https:\\\/\\\/gabitel.net\\\/en\\\/\"},{\"@type\":\"ListItem\",\"position\":2,\"name\":\"Jornadas Familiares de Gabitel Ingenieros 2016\"}]},{\"@type\":\"WebSite\",\"@id\":\"https:\\\/\\\/gabitel.net\\\/en\\\/#website\",\"url\":\"https:\\\/\\\/gabitel.net\\\/en\\\/\",\"name\":\"Gabitel\",\"description\":\"\",\"publisher\":{\"@id\":\"https:\\\/\\\/gabitel.net\\\/en\\\/#organization\"},\"potentialAction\":[{\"@type\":\"SearchAction\",\"target\":{\"@type\":\"EntryPoint\",\"urlTemplate\":\"https:\\\/\\\/gabitel.net\\\/en\\\/?s={search_term_string}\"},\"query-input\":{\"@type\":\"PropertyValueSpecification\",\"valueRequired\":true,\"valueName\":\"search_term_string\"}}],\"inLanguage\":\"en-US\"},{\"@type\":\"Organization\",\"@id\":\"https:\\\/\\\/gabitel.net\\\/en\\\/#organization\",\"name\":\"Gabitel\",\"url\":\"https:\\\/\\\/gabitel.net\\\/en\\\/\",\"logo\":{\"@type\":\"ImageObject\",\"inLanguage\":\"en-US\",\"@id\":\"https:\\\/\\\/gabitel.net\\\/en\\\/#\\\/schema\\\/logo\\\/image\\\/\",\"url\":\"https:\\\/\\\/gabitel.net\\\/wp-content\\\/uploads\\\/2025\\\/05\\\/logo_gabitel.jpg\",\"contentUrl\":\"https:\\\/\\\/gabitel.net\\\/wp-content\\\/uploads\\\/2025\\\/05\\\/logo_gabitel.jpg\",\"width\":2560,\"height\":1330,\"caption\":\"Gabitel\"},\"image\":{\"@id\":\"https:\\\/\\\/gabitel.net\\\/en\\\/#\\\/schema\\\/logo\\\/image\\\/\"},\"sameAs\":[\"https:\\\/\\\/www.facebook.com\\\/gabitelingenieros\\\/\",\"https:\\\/\\\/es.linkedin.com\\\/company\\\/gabitel-ingenieros\"]},{\"@type\":\"Person\",\"@id\":\"https:\\\/\\\/gabitel.net\\\/en\\\/#\\\/schema\\\/person\\\/37ba53714c3fedb9c7d22f4bc781465c\",\"name\":\"user.autor\",\"url\":\"https:\\\/\\\/gabitel.net\\\/en\\\/author\\\/user-autor\\\/\"}]}<\/script>\n<!-- \/ Yoast SEO plugin. -->","yoast_head_json":{"title":"Jornadas Familiares de Gabitel Ingenieros 2016 - Gabitel","robots":{"index":"index","follow":"follow","max-snippet":"max-snippet:-1","max-image-preview":"max-image-preview:large","max-video-preview":"max-video-preview:-1"},"canonical":"https:\/\/gabitel.net\/en\/jornadas-familiares-2016\/","og_locale":"en_US","og_type":"article","og_title":"Jornadas Familiares de Gabitel Ingenieros 2016 - Gabitel","og_description":"Aunque la predicci\u00f3n meteorol\u00f3gica no era muy optimista, \u00e9sta no fue suficiente para evitar que unas 200 personas, entre trabajadores y familiares de Gabitel, Pronamic, Realza y Estudio Vel\u00f3dromo, se reunieran en el Centro H\u00edpico Mariano Orta, aprovechando la festividad del 12 de Octubre. La direcci\u00f3n de la empresa hab\u00eda convocado a todos los que [&hellip;]","og_url":"https:\/\/gabitel.net\/en\/jornadas-familiares-2016\/","og_site_name":"Gabitel","article_publisher":"https:\/\/www.facebook.com\/gabitelingenieros\/","article_published_time":"2016-10-13T10:42:45+00:00","og_image":[{"url":"https:\/\/gabitelingenieros.com\/wp-content\/uploads\/2016\/10\/IMG_1792.jpg","type":"","width":"","height":""}],"author":"user.autor","twitter_card":"summary_large_image","twitter_misc":{"Written by":"user.autor","Est. reading time":"3 minutes"},"schema":{"@context":"https:\/\/schema.org","@graph":[{"@type":["Article","BlogPosting"],"@id":"https:\/\/gabitel.net\/en\/jornadas-familiares-2016\/#article","isPartOf":{"@id":"https:\/\/gabitel.net\/en\/jornadas-familiares-2016\/"},"author":{"name":"user.autor","@id":"https:\/\/gabitel.net\/en\/#\/schema\/person\/37ba53714c3fedb9c7d22f4bc781465c"},"headline":"Jornadas Familiares de Gabitel Ingenieros 2016","datePublished":"2016-10-13T10:42:45+00:00","mainEntityOfPage":{"@id":"https:\/\/gabitel.net\/en\/jornadas-familiares-2016\/"},"wordCount":594,"publisher":{"@id":"https:\/\/gabitel.net\/en\/#organization"},"image":{"@id":"https:\/\/gabitel.net\/en\/jornadas-familiares-2016\/#primaryimage"},"thumbnailUrl":"https:\/\/gabitel.net\/wp-content\/uploads\/2016\/10\/IMG_1826-scaled.jpg","articleSection":["Off-topic"],"inLanguage":"en-US"},{"@type":"WebPage","@id":"https:\/\/gabitel.net\/en\/jornadas-familiares-2016\/","url":"https:\/\/gabitel.net\/en\/jornadas-familiares-2016\/","name":"Jornadas Familiares de Gabitel Ingenieros 2016 - Gabitel","isPartOf":{"@id":"https:\/\/gabitel.net\/en\/#website"},"primaryImageOfPage":{"@id":"https:\/\/gabitel.net\/en\/jornadas-familiares-2016\/#primaryimage"},"image":{"@id":"https:\/\/gabitel.net\/en\/jornadas-familiares-2016\/#primaryimage"},"thumbnailUrl":"https:\/\/gabitel.net\/wp-content\/uploads\/2016\/10\/IMG_1826-scaled.jpg","datePublished":"2016-10-13T10:42:45+00:00","breadcrumb":{"@id":"https:\/\/gabitel.net\/en\/jornadas-familiares-2016\/#breadcrumb"},"inLanguage":"en-US","potentialAction":[{"@type":"ReadAction","target":["https:\/\/gabitel.net\/en\/jornadas-familiares-2016\/"]}]},{"@type":"ImageObject","inLanguage":"en-US","@id":"https:\/\/gabitel.net\/en\/jornadas-familiares-2016\/#primaryimage","url":"https:\/\/gabitel.net\/wp-content\/uploads\/2016\/10\/IMG_1826-scaled.jpg","contentUrl":"https:\/\/gabitel.net\/wp-content\/uploads\/2016\/10\/IMG_1826-scaled.jpg","width":2560,"height":1920,"caption":"jornada_familiar_2016_Gabitel"},{"@type":"BreadcrumbList","@id":"https:\/\/gabitel.net\/en\/jornadas-familiares-2016\/#breadcrumb","itemListElement":[{"@type":"ListItem","position":1,"name":"Portada","item":"https:\/\/gabitel.net\/en\/"},{"@type":"ListItem","position":2,"name":"Jornadas Familiares de Gabitel Ingenieros 2016"}]},{"@type":"WebSite","@id":"https:\/\/gabitel.net\/en\/#website","url":"https:\/\/gabitel.net\/en\/","name":"Gabitel","description":"","publisher":{"@id":"https:\/\/gabitel.net\/en\/#organization"},"potentialAction":[{"@type":"SearchAction","target":{"@type":"EntryPoint","urlTemplate":"https:\/\/gabitel.net\/en\/?s={search_term_string}"},"query-input":{"@type":"PropertyValueSpecification","valueRequired":true,"valueName":"search_term_string"}}],"inLanguage":"en-US"},{"@type":"Organization","@id":"https:\/\/gabitel.net\/en\/#organization","name":"Gabitel","url":"https:\/\/gabitel.net\/en\/","logo":{"@type":"ImageObject","inLanguage":"en-US","@id":"https:\/\/gabitel.net\/en\/#\/schema\/logo\/image\/","url":"https:\/\/gabitel.net\/wp-content\/uploads\/2025\/05\/logo_gabitel.jpg","contentUrl":"https:\/\/gabitel.net\/wp-content\/uploads\/2025\/05\/logo_gabitel.jpg","width":2560,"height":1330,"caption":"Gabitel"},"image":{"@id":"https:\/\/gabitel.net\/en\/#\/schema\/logo\/image\/"},"sameAs":["https:\/\/www.facebook.com\/gabitelingenieros\/","https:\/\/es.linkedin.com\/company\/gabitel-ingenieros"]},{"@type":"Person","@id":"https:\/\/gabitel.net\/en\/#\/schema\/person\/37ba53714c3fedb9c7d22f4bc781465c","name":"user.autor","url":"https:\/\/gabitel.net\/en\/author\/user-autor\/"}]}},"_links":{"self":[{"href":"https:\/\/gabitel.net\/en\/wp-json\/wp\/v2\/posts\/33241","targetHints":{"allow":["GET"]}}],"collection":[{"href":"https:\/\/gabitel.net\/en\/wp-json\/wp\/v2\/posts"}],"about":[{"href":"https:\/\/gabitel.net\/en\/wp-json\/wp\/v2\/types\/post"}],"author":[{"embeddable":true,"href":"https:\/\/gabitel.net\/en\/wp-json\/wp\/v2\/users\/3"}],"replies":[{"embeddable":true,"href":"https:\/\/gabitel.net\/en\/wp-json\/wp\/v2\/comments?post=33241"}],"version-history":[{"count":0,"href":"https:\/\/gabitel.net\/en\/wp-json\/wp\/v2\/posts\/33241\/revisions"}],"wp:featuredmedia":[{"embeddable":true,"href":"https:\/\/gabitel.net\/en\/wp-json\/wp\/v2\/media\/33395"}],"wp:attachment":[{"href":"https:\/\/gabitel.net\/en\/wp-json\/wp\/v2\/media?parent=33241"}],"wp:term":[{"taxonomy":"category","embeddable":true,"href":"https:\/\/gabitel.net\/en\/wp-json\/wp\/v2\/categories?post=33241"},{"taxonomy":"post_tag","embeddable":true,"href":"https:\/\/gabitel.net\/en\/wp-json\/wp\/v2\/tags?post=33241"}],"curies":[{"name":"wp","href":"https:\/\/api.w.org\/{rel}","templated":true}]}}